{"id":163292,"date":"2026-09-05T18:13:03","date_gmt":"2026-09-05T21:13:03","guid":{"rendered":"https:\/\/infoecos.com.ar\/?p=163292"},"modified":"2026-09-05T18:13:03","modified_gmt":"2026-09-05T21:13:03","slug":"kicillof-en-pigue-a-quienes-sostienen-que-hay-que-destruir-al-estado-porque-no-sirve-no-llega-o-es-ineficiente-respondemos-con-hechos-concretos","status":"publish","type":"post","link":"https:\/\/infoecos.com.ar\/index.php\/kicillof-en-pigue-a-quienes-sostienen-que-hay-que-destruir-al-estado-porque-no-sirve-no-llega-o-es-ineficiente-respondemos-con-hechos-concretos\/","title":{"rendered":"#Kicillof en Pig\u00fc\u00e9: \u00abA quienes sostienen que hay que destruir al Estado porque no sirve, no llega o es ineficiente, respondemos con hechos concretos\u00bb"},"content":{"rendered":"\n<figure class=\"wp-block-image size-full\"><img loading=\"lazy\" decoding=\"async\" width=\"1000\" height=\"667\" src=\"https:\/\/infoecos.com.ar\/wp-content\/uploads\/2026\/09\/image-44.png\" alt=\"\" class=\"wp-image-163293\" srcset=\"https:\/\/infoecos.com.ar\/wp-content\/uploads\/2026\/09\/image-44.png 1000w, https:\/\/infoecos.com.ar\/wp-content\/uploads\/2026\/09\/image-44-800x534.png 800w, https:\/\/infoecos.com.ar\/wp-content\/uploads\/2026\/09\/image-44-768x512.png 768w\" sizes=\"auto, (max-width: 1000px) 100vw, 1000px\" \/><\/figure>\n\n\n\n<p class=\"wp-block-paragraph\">El gobernador de la provincia de Buenos Aires, Axel Kicillof, encabez\u00f3 el acto de inauguraci\u00f3n formal de la nueva Casa de la Provincia en el municipio de Saavedra, junto al intendente local, Mat\u00edas Nebot. Adem\u00e1s, puso en funcionamiento la ampliaci\u00f3n del Centro Integrador Comunitario Pig\u00fc\u00e9.\u00a0<\/p>\n\n\n\n<p class=\"wp-block-paragraph\">En ese marco, Kicillof afirm\u00f3: \u00abMientras el Gobierno nacional decidi\u00f3 paralizar toda la obra p\u00fablica en el pa\u00eds, nosotros venimos a Saavedra a demostrar que aqu\u00ed sin inversi\u00f3n p\u00fablica no hay derechos, no hay inclusi\u00f3n y no hay dignidad para nuestro pueblo\u201d. \u201cSomos la provincia m\u00e1s grande de la Argentina y necesitamos tener presencia en cada uno de los 135 distritos para acercar las pol\u00edticas, las decisiones y los tr\u00e1mites a los 17 millones de bonaerenses\u201d, agreg\u00f3.<\/p>\n\n\n\n<p class=\"wp-block-paragraph\">\u00abFrente a quienes sostienen que hay que destruir al Estado porque supuestamente no sirve, no llega o es ineficiente, les respondemos con hechos concretos: el Estado es esta nueva Casa de la Provincia en Pig\u00fc\u00e9\u201d, sostuvo el Gobernador, y a\u00f1adi\u00f3: \u201cEs un orgullo estar en cada municipio acercando respuestas: somos una gesti\u00f3n federal que trabaja para igualar oportunidades y traer bienestar a todos los vecinos y vecinas del interior\u00bb.<\/p>\n\n\n\n<p class=\"wp-block-paragraph\">A partir de una inversi\u00f3n de $2.773 millones, la Casa de la Provincia ya est\u00e1 en funcionamiento y permite brindar una atenci\u00f3n m\u00e1s eficiente al centralizar los tr\u00e1mites y prestaciones de ARBA, IOMA, el Registro Provincial de las Personas y el Instituto de Previsi\u00f3n Social (IPS). Adem\u00e1s, cuenta con sedes de los ministerios de Trabajo, Mujeres y Diversidad, y Desarrollo Agrario; en tanto posee una terminal de Provincia Net para el pago de impuestos y servicios.<\/p>\n\n\n\n<figure class=\"wp-block-image size-full\"><img loading=\"lazy\" decoding=\"async\" width=\"1000\" height=\"667\" src=\"https:\/\/infoecos.com.ar\/wp-content\/uploads\/2026\/09\/image-45.png\" alt=\"\" class=\"wp-image-163294\" srcset=\"https:\/\/infoecos.com.ar\/wp-content\/uploads\/2026\/09\/image-45.png 1000w, https:\/\/infoecos.com.ar\/wp-content\/uploads\/2026\/09\/image-45-800x534.png 800w, https:\/\/infoecos.com.ar\/wp-content\/uploads\/2026\/09\/image-45-768x512.png 768w\" sizes=\"auto, (max-width: 1000px) 100vw, 1000px\" \/><\/figure>\n\n\n\n<p class=\"wp-block-paragraph\">Durante la jornada, en el marco del programa Impulso Cooperativo, Kicillof y el presidente del Instituto Provincial de Asociativismo y Cooperativismo (IPAC), Gildo Onorato, entregaron certificados de reconocimiento a seis cooperativas locales que realizaron obras de infraestructura y adquirieron nuevo equipamiento mediante subsidios del organismo.<\/p>\n\n\n\n<p class=\"wp-block-paragraph\">Por \u00faltimo, Kicillof afirm\u00f3: \u00abEn la provincia de Buenos Aires las cooperativas cumplen un rol econ\u00f3mico y social verdaderamente fundamental: mientras Javier Milei las ataca, nosotros las acompa\u00f1amos porque son sin\u00f3nimo de organizaci\u00f3n y lucha\u201d. \u00abFrente al individualismo y los discursos de odio que se promueven a nivel nacional, los bonaerenses ratificamos nuestra vocaci\u00f3n solidaria: vamos a seguir trabajando para ampliar derechos y llevar esperanza a cada rinc\u00f3n de nuestra provincia\u201d, concluy\u00f3.<\/p>\n\n\n\n<figure class=\"wp-block-gallery has-nested-images columns-default is-cropped wp-block-gallery-1 is-layout-flex wp-block-gallery-is-layout-flex\">\n<figure class=\"wp-block-image size-large\"><img loading=\"lazy\" decoding=\"async\" width=\"1000\" height=\"667\" data-id=\"163297\" src=\"https:\/\/infoecos.com.ar\/wp-content\/uploads\/2026\/09\/200455_54_dsc5937.jpg.jpg_1000.jpg\" alt=\"\" class=\"wp-image-163297\" srcset=\"https:\/\/infoecos.com.ar\/wp-content\/uploads\/2026\/09\/200455_54_dsc5937.jpg.jpg_1000.jpg 1000w, https:\/\/infoecos.com.ar\/wp-content\/uploads\/2026\/09\/200455_54_dsc5937.jpg.jpg_1000-800x534.jpg 800w, https:\/\/infoecos.com.ar\/wp-content\/uploads\/2026\/09\/200455_54_dsc5937.jpg.jpg_1000-768x512.jpg 768w\" sizes=\"auto, (max-width: 1000px) 100vw, 1000px\" \/><\/figure>\n\n\n\n<figure class=\"wp-block-image size-large\"><img loading=\"lazy\" decoding=\"async\" width=\"1000\" height=\"667\" data-id=\"163298\" src=\"https:\/\/infoecos.com.ar\/wp-content\/uploads\/2026\/09\/200455_66_dsc5197.jpg_1000.jpg\" alt=\"\" class=\"wp-image-163298\" srcset=\"https:\/\/infoecos.com.ar\/wp-content\/uploads\/2026\/09\/200455_66_dsc5197.jpg_1000.jpg 1000w, https:\/\/infoecos.com.ar\/wp-content\/uploads\/2026\/09\/200455_66_dsc5197.jpg_1000-800x534.jpg 800w, https:\/\/infoecos.com.ar\/wp-content\/uploads\/2026\/09\/200455_66_dsc5197.jpg_1000-768x512.jpg 768w\" sizes=\"auto, (max-width: 1000px) 100vw, 1000px\" \/><\/figure>\n\n\n\n<figure class=\"wp-block-image size-large\"><img loading=\"lazy\" decoding=\"async\" width=\"1000\" height=\"667\" data-id=\"163295\" src=\"https:\/\/infoecos.com.ar\/wp-content\/uploads\/2026\/09\/200455_68_dsc6000.jpg.jpg_1000.jpg\" alt=\"\" class=\"wp-image-163295\"\/><\/figure>\n\n\n\n<figure class=\"wp-block-image size-large\"><img loading=\"lazy\" decoding=\"async\" width=\"1000\" height=\"667\" data-id=\"163296\" src=\"https:\/\/infoecos.com.ar\/wp-content\/uploads\/2026\/09\/200455_95_dsc5627.jpg.jpg_1000.jpg\" alt=\"\" class=\"wp-image-163296\" srcset=\"https:\/\/infoecos.com.ar\/wp-content\/uploads\/2026\/09\/200455_95_dsc5627.jpg.jpg_1000.jpg 1000w, https:\/\/infoecos.com.ar\/wp-content\/uploads\/2026\/09\/200455_95_dsc5627.jpg.jpg_1000-800x534.jpg 800w, https:\/\/infoecos.com.ar\/wp-content\/uploads\/2026\/09\/200455_95_dsc5627.jpg.jpg_1000-768x512.jpg 768w\" sizes=\"auto, (max-width: 1000px) 100vw, 1000px\" \/><\/figure>\n<\/figure>\n\n\n\n<p class=\"wp-block-paragraph\">Estuvieron presentes tambi\u00e9n el ministro de Infraestructura y Servicios P\u00fablicos, Gabriel Katopodis; la directora general de Cultura y Educaci\u00f3n, Flavia Terigi; el director Ejecutivo de ARBA, Cristian Girard; el director provincial de Coordinaci\u00f3n Interior Sur de la Jefatura de Asesores del Gobernador, Gabriel Godoy; el director vocal del Organismo de Control de Energ\u00eda El\u00e9ctrica provincial (OCEBA), Osvaldo Barcelona; la senadora provincial Ayel\u00e9n Dur\u00e1n; el diputado provincial Alejandro Acerbo; los intendentes de Coronel Rosales, Rodrigo Aristimu\u00f1o; de Coronel Su\u00e1rez, Ricardo Moccero; de Salliquel\u00f3, Ariel Succurro; la dirigenta Marisol Merquel; y la secretaria de Desarrollo Social y Comunitario y encargada del CIC, Mar\u00eda Cecilia Solay.<\/p>\n","protected":false},"excerpt":{"rendered":"<p>El gobernador de la provincia de Buenos Aires, Axel Kicillof, encabez\u00f3 el acto de inauguraci\u00f3n&#8230;<\/p>\n","protected":false},"author":2,"featured_media":163297,"comment_status":"closed","ping_status":"open","sticky":false,"template":"","format":"standard","meta":{"footnotes":""},"categories":[1612],"tags":[10298],"class_list":["post-163292","post","type-post","status-publish","format-standard","has-post-thumbnail","hentry","category-noticia-principal","tag-bloque-inferior"],"featured_image_urls":{"full":["https:\/\/infoecos.com.ar\/wp-content\/uploads\/2026\/09\/200455_54_dsc5937.jpg.jpg_1000.jpg",1000,667,false],"thumbnail":["https:\/\/infoecos.com.ar\/wp-content\/uploads\/2026\/09\/200455_54_dsc5937.jpg.jpg_1000.jpg",225,150,false],"medium":["https:\/\/infoecos.com.ar\/wp-content\/uploads\/2026\/09\/200455_54_dsc5937.jpg.jpg_1000-800x534.jpg",800,534,true],"medium_large":["https:\/\/infoecos.com.ar\/wp-content\/uploads\/2026\/09\/200455_54_dsc5937.jpg.jpg_1000-768x512.jpg",640,427,true],"large":["https:\/\/infoecos.com.ar\/wp-content\/uploads\/2026\/09\/200455_54_dsc5937.jpg.jpg_1000.jpg",640,427,false],"1536x1536":["https:\/\/infoecos.com.ar\/wp-content\/uploads\/2026\/09\/200455_54_dsc5937.jpg.jpg_1000.jpg",1000,667,false],"2048x2048":["https:\/\/infoecos.com.ar\/wp-content\/uploads\/2026\/09\/200455_54_dsc5937.jpg.jpg_1000.jpg",1000,667,false],"covernews-slider-full":["https:\/\/infoecos.com.ar\/wp-content\/uploads\/2026\/09\/200455_54_dsc5937.jpg.jpg_1000.jpg",1000,667,false],"covernews-slider-center":["https:\/\/infoecos.com.ar\/wp-content\/uploads\/2026\/09\/200455_54_dsc5937.jpg.jpg_1000-800x500.jpg",800,500,true],"covernews-featured":["https:\/\/infoecos.com.ar\/wp-content\/uploads\/2026\/09\/200455_54_dsc5937.jpg.jpg_1000.jpg",1000,667,false],"covernews-medium":["https:\/\/infoecos.com.ar\/wp-content\/uploads\/2026\/09\/200455_54_dsc5937.jpg.jpg_1000-540x340.jpg",540,340,true],"covernews-medium-square":["https:\/\/infoecos.com.ar\/wp-content\/uploads\/2026\/09\/200455_54_dsc5937.jpg.jpg_1000-400x250.jpg",400,250,true]},"author_info":{"info":["Jorge Matheus"]},"category_info":"<a href=\"https:\/\/infoecos.com.ar\/index.php\/category\/noticia-principal\/\" rel=\"category tag\">Noticia Principal<\/a>","tag_info":"Noticia Principal","comment_count":"0","_links":{"self":[{"href":"https:\/\/infoecos.com.ar\/index.php\/wp-json\/wp\/v2\/posts\/163292","targetHints":{"allow":["GET"]}}],"collection":[{"href":"https:\/\/infoecos.com.ar\/index.php\/wp-json\/wp\/v2\/posts"}],"about":[{"href":"https:\/\/infoecos.com.ar\/index.php\/wp-json\/wp\/v2\/types\/post"}],"author":[{"embeddable":true,"href":"https:\/\/infoecos.com.ar\/index.php\/wp-json\/wp\/v2\/users\/2"}],"replies":[{"embeddable":true,"href":"https:\/\/infoecos.com.ar\/index.php\/wp-json\/wp\/v2\/comments?post=163292"}],"version-history":[{"count":1,"href":"https:\/\/infoecos.com.ar\/index.php\/wp-json\/wp\/v2\/posts\/163292\/revisions"}],"predecessor-version":[{"id":163299,"href":"https:\/\/infoecos.com.ar\/index.php\/wp-json\/wp\/v2\/posts\/163292\/revisions\/163299"}],"wp:featuredmedia":[{"embeddable":true,"href":"https:\/\/infoecos.com.ar\/index.php\/wp-json\/wp\/v2\/media\/163297"}],"wp:attachment":[{"href":"https:\/\/infoecos.com.ar\/index.php\/wp-json\/wp\/v2\/media?parent=163292"}],"wp:term":[{"taxonomy":"category","embeddable":true,"href":"https:\/\/infoecos.com.ar\/index.php\/wp-json\/wp\/v2\/categories?post=163292"},{"taxonomy":"post_tag","embeddable":true,"href":"https:\/\/infoecos.com.ar\/index.php\/wp-json\/wp\/v2\/tags?post=163292"}],"curies":[{"name":"wp","href":"https:\/\/api.w.org\/{rel}","templated":true}]}}