{"id":163300,"date":"2026-09-05T18:31:31","date_gmt":"2026-09-05T21:31:31","guid":{"rendered":"https:\/\/infoecos.com.ar\/?p=163300"},"modified":"2026-09-05T18:31:31","modified_gmt":"2026-09-05T21:31:31","slug":"despues-del-granizo-y-el-graupel-este-domingo-continuara-haciendo-frio-en-bahia-blanca","status":"publish","type":"post","link":"https:\/\/infoecos.com.ar\/index.php\/despues-del-granizo-y-el-graupel-este-domingo-continuara-haciendo-frio-en-bahia-blanca\/","title":{"rendered":"#Despu\u00e9s del granizo y el graupel: Este domingo continuar\u00e1 haciendo fr\u00edo en Bah\u00eda Blanca"},"content":{"rendered":"\n<figure class=\"wp-block-image size-full\"><img loading=\"lazy\" decoding=\"async\" width=\"980\" height=\"654\" src=\"https:\/\/infoecos.com.ar\/wp-content\/uploads\/2026\/09\/image-46.png\" alt=\"\" class=\"wp-image-163301\" srcset=\"https:\/\/infoecos.com.ar\/wp-content\/uploads\/2026\/09\/image-46.png 980w, https:\/\/infoecos.com.ar\/wp-content\/uploads\/2026\/09\/image-46-800x534.png 800w, https:\/\/infoecos.com.ar\/wp-content\/uploads\/2026\/09\/image-46-767x512.png 767w\" sizes=\"auto, (max-width: 980px) 100vw, 980px\" \/><\/figure>\n\n\n\n<p class=\"wp-block-paragraph\">Para este domingo se espera un escenario m\u00e1s estable, con alternancia de nubes y momentos de sol, sin lluvias significativas. De todos modos, seguir\u00e1 haciendo fr\u00edo: la temperatura m\u00ednima estar\u00e1 cerca de los 0 grados y la m\u00e1xima rondar\u00e1 los 12.<\/p>\n\n\n\n<p class=\"wp-block-paragraph\">El marcado descenso t\u00e9rmico llega despu\u00e9s de una jornada de viernes en la que Bah\u00eda Blanca registr\u00f3 episodios de granizo y graupel que llegaron a cubrir de blanco distintos sectores de la ciudad.<\/p>\n\n\n\n<figure class=\"wp-block-image size-full\"><img loading=\"lazy\" decoding=\"async\" width=\"807\" height=\"454\" src=\"https:\/\/infoecos.com.ar\/wp-content\/uploads\/2026\/09\/image-47.png\" alt=\"\" class=\"wp-image-163302\" srcset=\"https:\/\/infoecos.com.ar\/wp-content\/uploads\/2026\/09\/image-47.png 807w, https:\/\/infoecos.com.ar\/wp-content\/uploads\/2026\/09\/image-47-800x450.png 800w, https:\/\/infoecos.com.ar\/wp-content\/uploads\/2026\/09\/image-47-768x432.png 768w\" sizes=\"auto, (max-width: 807px) 100vw, 807px\" \/><\/figure>\n\n\n\n<p class=\"wp-block-paragraph\">(Graupel: tambi\u00e9n conocido como nieve granulada o granizo blando. Se trata de un tipo de precipitaci\u00f3n que puede aparecer cuando\u00a0se combinan temperaturas muy bajas y determinadas condiciones de humedad e inestabilidad atmosf\u00e9rica)<\/p>\n","protected":false},"excerpt":{"rendered":"<p>Para este domingo se espera un escenario m\u00e1s estable, con alternancia de nubes y momentos&#8230;<\/p>\n","protected":false},"author":2,"featured_media":163302,"comment_status":"closed","ping_status":"open","sticky":false,"template":"","format":"standard","meta":{"footnotes":""},"categories":[1613],"tags":[10298],"class_list":["post-163300","post","type-post","status-publish","format-standard","has-post-thumbnail","hentry","category-noticia-secundaria","tag-bloque-inferior"],"featured_image_urls":{"full":["https:\/\/infoecos.com.ar\/wp-content\/uploads\/2026\/09\/image-47.png",807,454,false],"thumbnail":["https:\/\/infoecos.com.ar\/wp-content\/uploads\/2026\/09\/image-47-300x150.png",300,150,true],"medium":["https:\/\/infoecos.com.ar\/wp-content\/uploads\/2026\/09\/image-47-800x450.png",800,450,true],"medium_large":["https:\/\/infoecos.com.ar\/wp-content\/uploads\/2026\/09\/image-47-768x432.png",640,360,true],"large":["https:\/\/infoecos.com.ar\/wp-content\/uploads\/2026\/09\/image-47.png",640,360,false],"1536x1536":["https:\/\/infoecos.com.ar\/wp-content\/uploads\/2026\/09\/image-47.png",807,454,false],"2048x2048":["https:\/\/infoecos.com.ar\/wp-content\/uploads\/2026\/09\/image-47.png",807,454,false],"covernews-slider-full":["https:\/\/infoecos.com.ar\/wp-content\/uploads\/2026\/09\/image-47.png",807,454,false],"covernews-slider-center":["https:\/\/infoecos.com.ar\/wp-content\/uploads\/2026\/09\/image-47-800x454.png",800,454,true],"covernews-featured":["https:\/\/infoecos.com.ar\/wp-content\/uploads\/2026\/09\/image-47.png",807,454,false],"covernews-medium":["https:\/\/infoecos.com.ar\/wp-content\/uploads\/2026\/09\/image-47-540x340.png",540,340,true],"covernews-medium-square":["https:\/\/infoecos.com.ar\/wp-content\/uploads\/2026\/09\/image-47-400x250.png",400,250,true]},"author_info":{"info":["Jorge Matheus"]},"category_info":"<a href=\"https:\/\/infoecos.com.ar\/index.php\/category\/noticia-secundaria\/\" rel=\"category tag\">Noticia Secundaria<\/a>","tag_info":"Noticia Secundaria","comment_count":"0","_links":{"self":[{"href":"https:\/\/infoecos.com.ar\/index.php\/wp-json\/wp\/v2\/posts\/163300","targetHints":{"allow":["GET"]}}],"collection":[{"href":"https:\/\/infoecos.com.ar\/index.php\/wp-json\/wp\/v2\/posts"}],"about":[{"href":"https:\/\/infoecos.com.ar\/index.php\/wp-json\/wp\/v2\/types\/post"}],"author":[{"embeddable":true,"href":"https:\/\/infoecos.com.ar\/index.php\/wp-json\/wp\/v2\/users\/2"}],"replies":[{"embeddable":true,"href":"https:\/\/infoecos.com.ar\/index.php\/wp-json\/wp\/v2\/comments?post=163300"}],"version-history":[{"count":1,"href":"https:\/\/infoecos.com.ar\/index.php\/wp-json\/wp\/v2\/posts\/163300\/revisions"}],"predecessor-version":[{"id":163303,"href":"https:\/\/infoecos.com.ar\/index.php\/wp-json\/wp\/v2\/posts\/163300\/revisions\/163303"}],"wp:featuredmedia":[{"embeddable":true,"href":"https:\/\/infoecos.com.ar\/index.php\/wp-json\/wp\/v2\/media\/163302"}],"wp:attachment":[{"href":"https:\/\/infoecos.com.ar\/index.php\/wp-json\/wp\/v2\/media?parent=163300"}],"wp:term":[{"taxonomy":"category","embeddable":true,"href":"https:\/\/infoecos.com.ar\/index.php\/wp-json\/wp\/v2\/categories?post=163300"},{"taxonomy":"post_tag","embeddable":true,"href":"https:\/\/infoecos.com.ar\/index.php\/wp-json\/wp\/v2\/tags?post=163300"}],"curies":[{"name":"wp","href":"https:\/\/api.w.org\/{rel}","templated":true}]}}