{"id":163307,"date":"2026-09-05T18:42:38","date_gmt":"2026-09-05T21:42:38","guid":{"rendered":"https:\/\/infoecos.com.ar\/?p=163307"},"modified":"2026-09-05T18:42:38","modified_gmt":"2026-09-05T21:42:38","slug":"solo-trenque-participacion-de-profesionales-locales-en-el-congreso-argentino-de-salud-mental-2026","status":"publish","type":"post","link":"https:\/\/infoecos.com.ar\/index.php\/solo-trenque-participacion-de-profesionales-locales-en-el-congreso-argentino-de-salud-mental-2026\/","title":{"rendered":"#Solo Trenque: Participaci\u00f3n de profesionales locales en el Congreso Argentino de Salud Mental 2026"},"content":{"rendered":"\n<p class=\"wp-block-paragraph\">El Servicio de Salud Mental de adultos del Hospital Municipal \u201cDr. Pedro T. Orellana\u201d, a cargo del Dr. Juan Chirol\u00edas y parte del equipo de trabajo del \u00e1rea, participaron del Congreso Argentino de Salud Mental 2026 de la AASM, que se desarroll\u00f3 en la Ciudad Aut\u00f3noma de Buenos Aires bajo el lema \u201cSubjetividad, algoritmos y violencia simb\u00f3lica\u201d.<\/p>\n\n\n\n<p class=\"wp-block-paragraph\">En el encuentro, que cont\u00f3 con la participaci\u00f3n de especialistas de distintos puntos del pa\u00eds, el equipo local present\u00f3 una ponencia que gir\u00f3 en torno al tema: \u201cDel Algoritmo al post humano,&nbsp; subjetividad, deseo y violencia simb\u00f3lica en el \u00e1rea transhumanista\u201d.<\/p>\n\n\n\n<p class=\"wp-block-paragraph\">El Congreso fue organizado por la Asociaci\u00f3n Argentina de Salud Mental con el fin de generar un espacio de reflexi\u00f3n cr\u00edtica, debate interdisciplinario y construcci\u00f3n colectiva de respuestas.<\/p>\n\n\n\n<p class=\"wp-block-paragraph\">La convocatoria incluy\u00f3 a profesionales, educadores, investigadores, comunicadores, activistas, responsables pol\u00edticos, legisladores, organismos de derechos humanos, usuarios y familiares.<\/p>\n\n\n\n<p class=\"wp-block-paragraph\">\u201cPensar lo digital es hoy una tarea ineludible para quienes trabajamos en salud mental\u201d, se\u00f1alaron. En el encuentro se plante\u00f3 la importancia de \u201cpensar c\u00f3mo intervenir desde la cl\u00ednica, la comunidad, la prevenci\u00f3n, la comunicaci\u00f3n y los sistemas de apoyo\u201d.<\/p>\n\n\n\n<p class=\"wp-block-paragraph\"><strong>La informaci\u00f3n que se publica en estas columnas es oficial del municipio de Trenque Lauquen<\/strong><\/p>\n\n\n\n<figure class=\"wp-block-image size-full\"><img loading=\"lazy\" decoding=\"async\" width=\"1200\" height=\"1600\" src=\"https:\/\/infoecos.com.ar\/wp-content\/uploads\/2026\/09\/Congreso-de-Salud-Mental.jpeg\" alt=\"\" class=\"wp-image-163308\" srcset=\"https:\/\/infoecos.com.ar\/wp-content\/uploads\/2026\/09\/Congreso-de-Salud-Mental.jpeg 1200w, https:\/\/infoecos.com.ar\/wp-content\/uploads\/2026\/09\/Congreso-de-Salud-Mental-768x1024.jpeg 768w, https:\/\/infoecos.com.ar\/wp-content\/uploads\/2026\/09\/Congreso-de-Salud-Mental-600x800.jpeg 600w, https:\/\/infoecos.com.ar\/wp-content\/uploads\/2026\/09\/Congreso-de-Salud-Mental-1152x1536.jpeg 1152w, https:\/\/infoecos.com.ar\/wp-content\/uploads\/2026\/09\/Congreso-de-Salud-Mental-1024x1365.jpeg 1024w\" sizes=\"auto, (max-width: 1200px) 100vw, 1200px\" \/><\/figure>\n","protected":false},"excerpt":{"rendered":"<p>El Servicio de Salud Mental de adultos del Hospital Municipal \u201cDr. Pedro T. Orellana\u201d, a&#8230;<\/p>\n","protected":false},"author":2,"featured_media":163308,"comment_status":"closed","ping_status":"open","sticky":false,"template":"","format":"standard","meta":{"footnotes":""},"categories":[1],"tags":[156],"class_list":["post-163307","post","type-post","status-publish","format-standard","has-post-thumbnail","hentry","category-sin-categoria","tag-salud"],"featured_image_urls":{"full":["https:\/\/infoecos.com.ar\/wp-content\/uploads\/2026\/09\/Congreso-de-Salud-Mental.jpeg",1200,1600,false],"thumbnail":["https:\/\/infoecos.com.ar\/wp-content\/uploads\/2026\/09\/Congreso-de-Salud-Mental-300x150.jpeg",300,150,true],"medium":["https:\/\/infoecos.com.ar\/wp-content\/uploads\/2026\/09\/Congreso-de-Salud-Mental-600x800.jpeg",600,800,true],"medium_large":["https:\/\/infoecos.com.ar\/wp-content\/uploads\/2026\/09\/Congreso-de-Salud-Mental-768x1024.jpeg",640,853,true],"large":["https:\/\/infoecos.com.ar\/wp-content\/uploads\/2026\/09\/Congreso-de-Salud-Mental.jpeg",640,853,false],"1536x1536":["https:\/\/infoecos.com.ar\/wp-content\/uploads\/2026\/09\/Congreso-de-Salud-Mental-1152x1536.jpeg",1152,1536,true],"2048x2048":["https:\/\/infoecos.com.ar\/wp-content\/uploads\/2026\/09\/Congreso-de-Salud-Mental.jpeg",1200,1600,false],"covernews-slider-full":["https:\/\/infoecos.com.ar\/wp-content\/uploads\/2026\/09\/Congreso-de-Salud-Mental-1115x715.jpeg",1115,715,true],"covernews-slider-center":["https:\/\/infoecos.com.ar\/wp-content\/uploads\/2026\/09\/Congreso-de-Salud-Mental-800x500.jpeg",800,500,true],"covernews-featured":["https:\/\/infoecos.com.ar\/wp-content\/uploads\/2026\/09\/Congreso-de-Salud-Mental-1024x1365.jpeg",1024,1365,true],"covernews-medium":["https:\/\/infoecos.com.ar\/wp-content\/uploads\/2026\/09\/Congreso-de-Salud-Mental-540x340.jpeg",540,340,true],"covernews-medium-square":["https:\/\/infoecos.com.ar\/wp-content\/uploads\/2026\/09\/Congreso-de-Salud-Mental-400x250.jpeg",400,250,true]},"author_info":{"info":["Jorge Matheus"]},"category_info":"<a href=\"https:\/\/infoecos.com.ar\/index.php\/category\/sin-categoria\/\" rel=\"category tag\">Sin categor\u00eda<\/a>","tag_info":"Sin categor\u00eda","comment_count":"0","_links":{"self":[{"href":"https:\/\/infoecos.com.ar\/index.php\/wp-json\/wp\/v2\/posts\/163307","targetHints":{"allow":["GET"]}}],"collection":[{"href":"https:\/\/infoecos.com.ar\/index.php\/wp-json\/wp\/v2\/posts"}],"about":[{"href":"https:\/\/infoecos.com.ar\/index.php\/wp-json\/wp\/v2\/types\/post"}],"author":[{"embeddable":true,"href":"https:\/\/infoecos.com.ar\/index.php\/wp-json\/wp\/v2\/users\/2"}],"replies":[{"embeddable":true,"href":"https:\/\/infoecos.com.ar\/index.php\/wp-json\/wp\/v2\/comments?post=163307"}],"version-history":[{"count":1,"href":"https:\/\/infoecos.com.ar\/index.php\/wp-json\/wp\/v2\/posts\/163307\/revisions"}],"predecessor-version":[{"id":163309,"href":"https:\/\/infoecos.com.ar\/index.php\/wp-json\/wp\/v2\/posts\/163307\/revisions\/163309"}],"wp:featuredmedia":[{"embeddable":true,"href":"https:\/\/infoecos.com.ar\/index.php\/wp-json\/wp\/v2\/media\/163308"}],"wp:attachment":[{"href":"https:\/\/infoecos.com.ar\/index.php\/wp-json\/wp\/v2\/media?parent=163307"}],"wp:term":[{"taxonomy":"category","embeddable":true,"href":"https:\/\/infoecos.com.ar\/index.php\/wp-json\/wp\/v2\/categories?post=163307"},{"taxonomy":"post_tag","embeddable":true,"href":"https:\/\/infoecos.com.ar\/index.php\/wp-json\/wp\/v2\/tags?post=163307"}],"curies":[{"name":"wp","href":"https:\/\/api.w.org\/{rel}","templated":true}]}}