{"id":163310,"date":"2026-09-05T18:46:26","date_gmt":"2026-09-05T21:46:26","guid":{"rendered":"https:\/\/infoecos.com.ar\/?p=163310"},"modified":"2026-09-05T18:46:31","modified_gmt":"2026-09-05T21:46:31","slug":"solo-trenque-se-realizara-en-el-teatro-espanol-un-conversatorio-denominado-acompanar-a-los-adolescentes-hoy-un-desafio","status":"publish","type":"post","link":"https:\/\/infoecos.com.ar\/index.php\/solo-trenque-se-realizara-en-el-teatro-espanol-un-conversatorio-denominado-acompanar-a-los-adolescentes-hoy-un-desafio\/","title":{"rendered":"#Solo Trenque: Se realizar\u00e1 en el Teatro Espa\u00f1ol, un Conversatorio denominado \u201cAcompa\u00f1ar a los adolescentes hoy: un desaf\u00edo\u201d."},"content":{"rendered":"\n<figure class=\"wp-block-image size-full\"><img loading=\"lazy\" decoding=\"async\" width=\"1103\" height=\"1350\" src=\"https:\/\/infoecos.com.ar\/wp-content\/uploads\/2026\/09\/Conversatorio-adolescentes.jpeg\" alt=\"\" class=\"wp-image-163311\" srcset=\"https:\/\/infoecos.com.ar\/wp-content\/uploads\/2026\/09\/Conversatorio-adolescentes.jpeg 1103w, https:\/\/infoecos.com.ar\/wp-content\/uploads\/2026\/09\/Conversatorio-adolescentes-654x800.jpeg 654w, https:\/\/infoecos.com.ar\/wp-content\/uploads\/2026\/09\/Conversatorio-adolescentes-767x939.jpeg 767w, https:\/\/infoecos.com.ar\/wp-content\/uploads\/2026\/09\/Conversatorio-adolescentes-1024x1253.jpeg 1024w\" sizes=\"auto, (max-width: 1103px) 100vw, 1103px\" \/><\/figure>\n\n\n\n<p class=\"wp-block-paragraph\">Con el acompa\u00f1amiento de la Municipalidad de Trenque Lauquen a trav\u00e9s de la Oficina de Juventudes, y la organizaci\u00f3n de \u201cDi\u00e1logos Cl\u00ednicos, espacio de intercambio psicoanal\u00edtico\u201d, se realizar\u00e1 en el Teatro Espa\u00f1ol, un Conversatorio denominado \u201cAcompa\u00f1ar a los adolescentes hoy: un desaf\u00edo\u201d.<\/p>\n\n\n\n<p class=\"wp-block-paragraph\">El evento ser\u00e1 el s\u00e1bado 19 de septiembre, a las 16 h y contar\u00e1 con la participaci\u00f3n de los Psiquiatras y Psicoanalistas invitados: Dra. M\u00f3nica Arias y Dr. Nicol\u00e1s Touloupas.<\/p>\n\n\n\n<p class=\"wp-block-paragraph\">Las entradas est\u00e1n a la venta y se pueden adquirir comunic\u00e1ndose al 2392 \u2013 401875.<\/p>\n\n\n\n<p class=\"wp-block-paragraph\">El Espacio de intercambio psicoanal\u00edtico Di\u00e1logos Cl\u00ednicos est\u00e1 a cargo de las Licenciadas Carolina Regina Angelucci y Vanesa Bonavita y desde all\u00ed indicaron que el conversatorio est\u00e1 dirigido a la comunidad en general, con el objetivo de generar un intercambio entre los presentes y los profesionales, abordando el rol del adulto en relaci\u00f3n con el adolescente.<\/p>\n\n\n\n<p class=\"wp-block-paragraph\">Vanesa Bonavita se\u00f1al\u00f3 que \u201cEste ser\u00e1 el quinto encuentro del Ciclo de Jornadas Cl\u00ednicas 2026 para profesionales de la Salud, que se viene realizando desde mayo y que estuvo dirigido espec\u00edficamente a profesionales de la salud. Pero en esta oportunidad se busca brindar a la comunidad este espacio de intercambio sobre el tema\u201d.<\/p>\n\n\n\n<p class=\"wp-block-paragraph\">Familias, docentes, profesionales y no profesionales encontrar\u00e1n en esta propuesta un espacio para pensar en la adolescencia actual y el rol de los adultos.<\/p>\n","protected":false},"excerpt":{"rendered":"<p>Con el acompa\u00f1amiento de la Municipalidad de Trenque Lauquen a trav\u00e9s de la Oficina de&#8230;<\/p>\n","protected":false},"author":2,"featured_media":163311,"comment_status":"closed","ping_status":"open","sticky":false,"template":"","format":"standard","meta":{"footnotes":""},"categories":[1],"tags":[10298,156],"class_list":["post-163310","post","type-post","status-publish","format-standard","has-post-thumbnail","hentry","category-sin-categoria","tag-bloque-inferior","tag-salud"],"featured_image_urls":{"full":["https:\/\/infoecos.com.ar\/wp-content\/uploads\/2026\/09\/Conversatorio-adolescentes.jpeg",1103,1350,false],"thumbnail":["https:\/\/infoecos.com.ar\/wp-content\/uploads\/2026\/09\/Conversatorio-adolescentes-300x150.jpeg",300,150,true],"medium":["https:\/\/infoecos.com.ar\/wp-content\/uploads\/2026\/09\/Conversatorio-adolescentes-654x800.jpeg",654,800,true],"medium_large":["https:\/\/infoecos.com.ar\/wp-content\/uploads\/2026\/09\/Conversatorio-adolescentes-767x939.jpeg",640,784,true],"large":["https:\/\/infoecos.com.ar\/wp-content\/uploads\/2026\/09\/Conversatorio-adolescentes.jpeg",640,783,false],"1536x1536":["https:\/\/infoecos.com.ar\/wp-content\/uploads\/2026\/09\/Conversatorio-adolescentes.jpeg",1103,1350,false],"2048x2048":["https:\/\/infoecos.com.ar\/wp-content\/uploads\/2026\/09\/Conversatorio-adolescentes.jpeg",1103,1350,false],"covernews-slider-full":["https:\/\/infoecos.com.ar\/wp-content\/uploads\/2026\/09\/Conversatorio-adolescentes-1103x715.jpeg",1103,715,true],"covernews-slider-center":["https:\/\/infoecos.com.ar\/wp-content\/uploads\/2026\/09\/Conversatorio-adolescentes-800x500.jpeg",800,500,true],"covernews-featured":["https:\/\/infoecos.com.ar\/wp-content\/uploads\/2026\/09\/Conversatorio-adolescentes-1024x1253.jpeg",1024,1253,true],"covernews-medium":["https:\/\/infoecos.com.ar\/wp-content\/uploads\/2026\/09\/Conversatorio-adolescentes-540x340.jpeg",540,340,true],"covernews-medium-square":["https:\/\/infoecos.com.ar\/wp-content\/uploads\/2026\/09\/Conversatorio-adolescentes-400x250.jpeg",400,250,true]},"author_info":{"info":["Jorge Matheus"]},"category_info":"<a href=\"https:\/\/infoecos.com.ar\/index.php\/category\/sin-categoria\/\" rel=\"category tag\">Sin categor\u00eda<\/a>","tag_info":"Sin categor\u00eda","comment_count":"0","_links":{"self":[{"href":"https:\/\/infoecos.com.ar\/index.php\/wp-json\/wp\/v2\/posts\/163310","targetHints":{"allow":["GET"]}}],"collection":[{"href":"https:\/\/infoecos.com.ar\/index.php\/wp-json\/wp\/v2\/posts"}],"about":[{"href":"https:\/\/infoecos.com.ar\/index.php\/wp-json\/wp\/v2\/types\/post"}],"author":[{"embeddable":true,"href":"https:\/\/infoecos.com.ar\/index.php\/wp-json\/wp\/v2\/users\/2"}],"replies":[{"embeddable":true,"href":"https:\/\/infoecos.com.ar\/index.php\/wp-json\/wp\/v2\/comments?post=163310"}],"version-history":[{"count":1,"href":"https:\/\/infoecos.com.ar\/index.php\/wp-json\/wp\/v2\/posts\/163310\/revisions"}],"predecessor-version":[{"id":163312,"href":"https:\/\/infoecos.com.ar\/index.php\/wp-json\/wp\/v2\/posts\/163310\/revisions\/163312"}],"wp:featuredmedia":[{"embeddable":true,"href":"https:\/\/infoecos.com.ar\/index.php\/wp-json\/wp\/v2\/media\/163311"}],"wp:attachment":[{"href":"https:\/\/infoecos.com.ar\/index.php\/wp-json\/wp\/v2\/media?parent=163310"}],"wp:term":[{"taxonomy":"category","embeddable":true,"href":"https:\/\/infoecos.com.ar\/index.php\/wp-json\/wp\/v2\/categories?post=163310"},{"taxonomy":"post_tag","embeddable":true,"href":"https:\/\/infoecos.com.ar\/index.php\/wp-json\/wp\/v2\/tags?post=163310"}],"curies":[{"name":"wp","href":"https:\/\/api.w.org\/{rel}","templated":true}]}}