{"id":163315,"date":"2026-09-05T18:50:52","date_gmt":"2026-09-05T21:50:52","guid":{"rendered":"https:\/\/infoecos.com.ar\/?p=163315"},"modified":"2026-09-05T18:50:59","modified_gmt":"2026-09-05T21:50:59","slug":"solo-trenque-el-domingo-13-a-partir-de-las-14-30-h-en-la-plaza-san-martin-tendra-lugar-la-tercera-edicion-de-cafe-a-la-plaza","status":"publish","type":"post","link":"https:\/\/infoecos.com.ar\/index.php\/solo-trenque-el-domingo-13-a-partir-de-las-14-30-h-en-la-plaza-san-martin-tendra-lugar-la-tercera-edicion-de-cafe-a-la-plaza\/","title":{"rendered":"#Solo Trenque: El domingo 13, a partir de las 14.30 hs en la Plaza San Mart\u00edn tendr\u00e1 lugar la tercera edici\u00f3n de \u201cCaf\u00e9 a la Plaza\u201d"},"content":{"rendered":"\n<p class=\"wp-block-paragraph\">El domingo 13, a partir de las 14.30 h en la Plaza San Mart\u00edn tendr\u00e1 lugar la tercera edici\u00f3n de \u201cCaf\u00e9 a la Plaza\u201d, una actividad para compartir en familia y con amigos que contar\u00e1 con la participaci\u00f3n de confiter\u00edas de Trenque Lauquen y Beruti, y que es impulsada por la subsecretar\u00eda de Desarrollo Econ\u00f3mico y Productivo, a trav\u00e9s de la oficina de Promoci\u00f3n Tur\u00edstica Municipal.<\/p>\n\n\n\n<p class=\"wp-block-paragraph\">Durante la jornada habr\u00e1 alrededor de 20 stands de distintos comercios con propuestas variadas, en su mayor\u00eda dulces, algunas opciones saladas, productos sin TACC, elaboraciones sin gluten y productos para diab\u00e9ticos.<\/p>\n\n\n\n<p class=\"wp-block-paragraph\">Tambi\u00e9n estar\u00e1 presente el Taller Cocineritos, que se dicta en la Escuela Municipal de Trenque Lauquen, con un stand para los chicos quienes estar\u00e1n decorando alfajores y galletitas, y se sumar\u00e1 el \u00e1rea de Zoonosis para concientizar sobre la tenencia responsable de las mascotas. La jornada contar\u00e1 tambi\u00e9n con actividades recreativas para los m\u00e1s chicos.<\/p>\n\n\n\n<p class=\"wp-block-paragraph\">\u201cEs una propuesta que se hace una vez al a\u00f1o y que est\u00e1 pensada para aquellas personas que tienen un comercio, un local a la calle, y que se complementa con otros emprendedores que se suman con distintos productos a este gran paseo gastron\u00f3mico\u201d, coment\u00f3 la coordinadora de la oficina de Promoci\u00f3n Tur\u00edstica, Mercedes de Castro.<\/p>\n\n\n\n<p class=\"wp-block-paragraph\">Durante la tarde habr\u00e1 un tr\u00edo de jazz acompa\u00f1ando el evento, integrado por Mauro Caracotche, Gonzalo Mart\u00ednez y Emilio Ocampo.<\/p>\n\n\n\n<p class=\"wp-block-paragraph\">\u201cLa idea es compartir en familia y con amigos, todos pueden llevar su reposera aunque habr\u00e1 mesas y sillas preparadas para disfrutar de esta gran confiter\u00eda a cielo abierto\u201d, se\u00f1al\u00f3.<\/p>\n\n\n\n<p class=\"wp-block-paragraph\">&nbsp;\u201cA partir de las 14.30 van a estar los stands abiertos para que toda la gente venga y pueda disfrutar de una propuesta variada, que en principio se extender\u00e1 hasta aproximadamente las 18.30 h\u201d, coment\u00f3, y agreg\u00f3: \u201cEs la opci\u00f3n ideal para aquellos que quieren ir a buscar el postre o ir a disfrutar de una rica merienda en la Plaza san Mart\u00edn\u201d.<\/p>\n","protected":false},"excerpt":{"rendered":"<p>El domingo 13, a partir de las 14.30 h en la Plaza San Mart\u00edn tendr\u00e1&#8230;<\/p>\n","protected":false},"author":2,"featured_media":144971,"comment_status":"closed","ping_status":"open","sticky":false,"template":"","format":"standard","meta":{"footnotes":""},"categories":[1],"tags":[10298,156],"class_list":["post-163315","post","type-post","status-publish","format-standard","has-post-thumbnail","hentry","category-sin-categoria","tag-bloque-inferior","tag-salud"],"featured_image_urls":{"full":["https:\/\/infoecos.com.ar\/wp-content\/uploads\/2025\/08\/Plaza-San-Martin.jpeg",1599,899,false],"thumbnail":["https:\/\/infoecos.com.ar\/wp-content\/uploads\/2025\/08\/Plaza-San-Martin-300x150.jpeg",300,150,true],"medium":["https:\/\/infoecos.com.ar\/wp-content\/uploads\/2025\/08\/Plaza-San-Martin-800x450.jpeg",800,450,true],"medium_large":["https:\/\/infoecos.com.ar\/wp-content\/uploads\/2025\/08\/Plaza-San-Martin-768x432.jpeg",640,360,true],"large":["https:\/\/infoecos.com.ar\/wp-content\/uploads\/2025\/08\/Plaza-San-Martin.jpeg",640,360,false],"1536x1536":["https:\/\/infoecos.com.ar\/wp-content\/uploads\/2025\/08\/Plaza-San-Martin-1536x864.jpeg",1536,864,true],"2048x2048":["https:\/\/infoecos.com.ar\/wp-content\/uploads\/2025\/08\/Plaza-San-Martin.jpeg",1599,899,false],"covernews-slider-full":["https:\/\/infoecos.com.ar\/wp-content\/uploads\/2025\/08\/Plaza-San-Martin-1115x715.jpeg",1115,715,true],"covernews-slider-center":["https:\/\/infoecos.com.ar\/wp-content\/uploads\/2025\/08\/Plaza-San-Martin-800x500.jpeg",800,500,true],"covernews-featured":["https:\/\/infoecos.com.ar\/wp-content\/uploads\/2025\/08\/Plaza-San-Martin-1024x576.jpeg",1024,576,true],"covernews-medium":["https:\/\/infoecos.com.ar\/wp-content\/uploads\/2025\/08\/Plaza-San-Martin-540x340.jpeg",540,340,true],"covernews-medium-square":["https:\/\/infoecos.com.ar\/wp-content\/uploads\/2025\/08\/Plaza-San-Martin-400x250.jpeg",400,250,true]},"author_info":{"info":["Jorge Matheus"]},"category_info":"<a href=\"https:\/\/infoecos.com.ar\/index.php\/category\/sin-categoria\/\" rel=\"category tag\">Sin categor\u00eda<\/a>","tag_info":"Sin categor\u00eda","comment_count":"0","_links":{"self":[{"href":"https:\/\/infoecos.com.ar\/index.php\/wp-json\/wp\/v2\/posts\/163315","targetHints":{"allow":["GET"]}}],"collection":[{"href":"https:\/\/infoecos.com.ar\/index.php\/wp-json\/wp\/v2\/posts"}],"about":[{"href":"https:\/\/infoecos.com.ar\/index.php\/wp-json\/wp\/v2\/types\/post"}],"author":[{"embeddable":true,"href":"https:\/\/infoecos.com.ar\/index.php\/wp-json\/wp\/v2\/users\/2"}],"replies":[{"embeddable":true,"href":"https:\/\/infoecos.com.ar\/index.php\/wp-json\/wp\/v2\/comments?post=163315"}],"version-history":[{"count":2,"href":"https:\/\/infoecos.com.ar\/index.php\/wp-json\/wp\/v2\/posts\/163315\/revisions"}],"predecessor-version":[{"id":163317,"href":"https:\/\/infoecos.com.ar\/index.php\/wp-json\/wp\/v2\/posts\/163315\/revisions\/163317"}],"wp:featuredmedia":[{"embeddable":true,"href":"https:\/\/infoecos.com.ar\/index.php\/wp-json\/wp\/v2\/media\/144971"}],"wp:attachment":[{"href":"https:\/\/infoecos.com.ar\/index.php\/wp-json\/wp\/v2\/media?parent=163315"}],"wp:term":[{"taxonomy":"category","embeddable":true,"href":"https:\/\/infoecos.com.ar\/index.php\/wp-json\/wp\/v2\/categories?post=163315"},{"taxonomy":"post_tag","embeddable":true,"href":"https:\/\/infoecos.com.ar\/index.php\/wp-json\/wp\/v2\/tags?post=163315"}],"curies":[{"name":"wp","href":"https:\/\/api.w.org\/{rel}","templated":true}]}}