{"id":163318,"date":"2026-09-05T19:12:18","date_gmt":"2026-09-05T22:12:18","guid":{"rendered":"https:\/\/infoecos.com.ar\/?p=163318"},"modified":"2026-09-05T19:13:02","modified_gmt":"2026-09-05T22:13:02","slug":"solo-trenque-dia-no-laborable-el-proximo-martes-15-de-septiembre","status":"publish","type":"post","link":"https:\/\/infoecos.com.ar\/index.php\/solo-trenque-dia-no-laborable-el-proximo-martes-15-de-septiembre\/","title":{"rendered":"#Solo Trenque: D\u00eda no Laborable el pr\u00f3ximo martes 15 de septiembre"},"content":{"rendered":"\n<p class=\"wp-block-paragraph\">A trav\u00e9s del Decreto 2336\/\/2026, y como es tradicional el Departamento Ejecutivo decret\u00f3 d\u00eda no laborable para la administraci\u00f3n p\u00fablica municipal y feriado optativo para la industria, comercio y otras actividades para el pr\u00f3ximo martes 15 de septiembre, con motivo de celebrarse las Fiestas Patronales por el D\u00eda de la Virgen Nuestra Se\u00f1ora de los Dolores.<\/p>\n\n\n\n<p class=\"wp-block-paragraph\">Por lo tanto, no habr\u00e1 atenci\u00f3n al p\u00fablico en las distintas oficinas y dependencias municipales. De todas maneras, el Municipio garantiza la Guardia m\u00e9dica de urgencia y tambi\u00e9n mantendr\u00e1 la recolecci\u00f3n de residuos urbanos como es habitual y el normal funcionamiento de la Estaci\u00f3n de Transferencia de Residuos en el Polo Ambiental.<\/p>\n\n\n\n<p class=\"wp-block-paragraph\">El Decreto se\u00f1ala que el 15 de septiembre es una fecha festiva para la comunidad cat\u00f3lica de Trenque Lauquen y por tal motivo se realizar\u00e1 la tradicional recorrida por las distintas capillas de la ciudad.<\/p>\n\n\n\n<p class=\"wp-block-paragraph\">En el mismo Decreto se pone de manifiesto que mediante Resoluci\u00f3n n\u00ba 418\/2026, dictada por el Poder Ejecutivo de la provincia de Buenos Aires, se declara no laborable para la Administraci\u00f3n P\u00fablica y el Banco de la Provincia de Buenos Aires y feriado operativo para el resto de las actividades.<\/p>\n","protected":false},"excerpt":{"rendered":"<p>A trav\u00e9s del Decreto 2336\/\/2026, y como es tradicional el Departamento Ejecutivo decret\u00f3 d\u00eda no&#8230;<\/p>\n","protected":false},"author":2,"featured_media":139017,"comment_status":"closed","ping_status":"open","sticky":false,"template":"","format":"standard","meta":{"footnotes":""},"categories":[1],"tags":[155],"class_list":["post-163318","post","type-post","status-publish","format-standard","has-post-thumbnail","hentry","category-sin-categoria","tag-politica"],"featured_image_urls":{"full":["https:\/\/infoecos.com.ar\/wp-content\/uploads\/2025\/03\/IGLESIA-DE-TRENQUE-LAUQUEN.jpg",526,701,false],"thumbnail":["https:\/\/infoecos.com.ar\/wp-content\/uploads\/2025\/03\/IGLESIA-DE-TRENQUE-LAUQUEN-300x150.jpg",300,150,true],"medium":["https:\/\/infoecos.com.ar\/wp-content\/uploads\/2025\/03\/IGLESIA-DE-TRENQUE-LAUQUEN.jpg",526,701,false],"medium_large":["https:\/\/infoecos.com.ar\/wp-content\/uploads\/2025\/03\/IGLESIA-DE-TRENQUE-LAUQUEN.jpg",526,701,false],"large":["https:\/\/infoecos.com.ar\/wp-content\/uploads\/2025\/03\/IGLESIA-DE-TRENQUE-LAUQUEN.jpg",526,701,false],"1536x1536":["https:\/\/infoecos.com.ar\/wp-content\/uploads\/2025\/03\/IGLESIA-DE-TRENQUE-LAUQUEN.jpg",526,701,false],"2048x2048":["https:\/\/infoecos.com.ar\/wp-content\/uploads\/2025\/03\/IGLESIA-DE-TRENQUE-LAUQUEN.jpg",526,701,false],"covernews-slider-full":["https:\/\/infoecos.com.ar\/wp-content\/uploads\/2025\/03\/IGLESIA-DE-TRENQUE-LAUQUEN.jpg",526,701,false],"covernews-slider-center":["https:\/\/infoecos.com.ar\/wp-content\/uploads\/2025\/03\/IGLESIA-DE-TRENQUE-LAUQUEN-526x500.jpg",526,500,true],"covernews-featured":["https:\/\/infoecos.com.ar\/wp-content\/uploads\/2025\/03\/IGLESIA-DE-TRENQUE-LAUQUEN.jpg",526,701,false],"covernews-medium":["https:\/\/infoecos.com.ar\/wp-content\/uploads\/2025\/03\/IGLESIA-DE-TRENQUE-LAUQUEN-526x340.jpg",526,340,true],"covernews-medium-square":["https:\/\/infoecos.com.ar\/wp-content\/uploads\/2025\/03\/IGLESIA-DE-TRENQUE-LAUQUEN-400x250.jpg",400,250,true]},"author_info":{"info":["Jorge Matheus"]},"category_info":"<a href=\"https:\/\/infoecos.com.ar\/index.php\/category\/sin-categoria\/\" rel=\"category tag\">Sin categor\u00eda<\/a>","tag_info":"Sin categor\u00eda","comment_count":"0","_links":{"self":[{"href":"https:\/\/infoecos.com.ar\/index.php\/wp-json\/wp\/v2\/posts\/163318","targetHints":{"allow":["GET"]}}],"collection":[{"href":"https:\/\/infoecos.com.ar\/index.php\/wp-json\/wp\/v2\/posts"}],"about":[{"href":"https:\/\/infoecos.com.ar\/index.php\/wp-json\/wp\/v2\/types\/post"}],"author":[{"embeddable":true,"href":"https:\/\/infoecos.com.ar\/index.php\/wp-json\/wp\/v2\/users\/2"}],"replies":[{"embeddable":true,"href":"https:\/\/infoecos.com.ar\/index.php\/wp-json\/wp\/v2\/comments?post=163318"}],"version-history":[{"count":1,"href":"https:\/\/infoecos.com.ar\/index.php\/wp-json\/wp\/v2\/posts\/163318\/revisions"}],"predecessor-version":[{"id":163319,"href":"https:\/\/infoecos.com.ar\/index.php\/wp-json\/wp\/v2\/posts\/163318\/revisions\/163319"}],"wp:featuredmedia":[{"embeddable":true,"href":"https:\/\/infoecos.com.ar\/index.php\/wp-json\/wp\/v2\/media\/139017"}],"wp:attachment":[{"href":"https:\/\/infoecos.com.ar\/index.php\/wp-json\/wp\/v2\/media?parent=163318"}],"wp:term":[{"taxonomy":"category","embeddable":true,"href":"https:\/\/infoecos.com.ar\/index.php\/wp-json\/wp\/v2\/categories?post=163318"},{"taxonomy":"post_tag","embeddable":true,"href":"https:\/\/infoecos.com.ar\/index.php\/wp-json\/wp\/v2\/tags?post=163318"}],"curies":[{"name":"wp","href":"https:\/\/api.w.org\/{rel}","templated":true}]}}