{"id":163320,"date":"2026-09-05T19:16:34","date_gmt":"2026-09-05T22:16:34","guid":{"rendered":"https:\/\/infoecos.com.ar\/?p=163320"},"modified":"2026-09-05T19:16:43","modified_gmt":"2026-09-05T22:16:43","slug":"solo-trenque-la-compania-opera-joven-llegara-a-trenque-lauquen-para-presentar-su-espectaculo-la-solterona-y-el-ladron","status":"publish","type":"post","link":"https:\/\/infoecos.com.ar\/index.php\/solo-trenque-la-compania-opera-joven-llegara-a-trenque-lauquen-para-presentar-su-espectaculo-la-solterona-y-el-ladron\/","title":{"rendered":"#Solo Trenque: La compa\u00f1\u00eda \u201c\u00d3pera Joven\u201d, llegar\u00e1 a Trenque Lauquen para presentar su espect\u00e1culo \u00abLa solterona y el ladr\u00f3n\u00bb"},"content":{"rendered":"\n<p class=\"wp-block-paragraph\">La compa\u00f1\u00eda \u201c\u00d3pera Joven\u201d, llega a Trenque Lauquen para presentar su espect\u00e1culo \u00abLa solterona y el ladr\u00f3n\u00bb, la aclamada \u00f3pera c\u00f3mica de Gian Carlo Menotti.<\/p>\n\n\n\n<p class=\"wp-block-paragraph\">El espect\u00e1culo tendr\u00e1 lugar el s\u00e1bado 27 de septiembre, a las 20.30 h en el Teatro Espa\u00f1ol. Las entradas anticipadas estar\u00e1n a la venta en la direcci\u00f3n de Cultura, de lunes a viernes de 7 a 13 h.<\/p>\n\n\n\n<p class=\"wp-block-paragraph\">Esta nueva producci\u00f3n, cuenta con la direcci\u00f3n musical del trenquelauquense Fernando Angulo, direcci\u00f3n esc\u00e9nica de Jos\u00e9 Manuel Mancera y direcci\u00f3n general de Marta Blanco.<\/p>\n\n\n\n<p class=\"wp-block-paragraph\">La producci\u00f3n de \u00d3pera Joven presenta un elenco de talentosos solistas argentinos, integrantes del Teatro Col\u00f3n y Teatro Argentino de La Plata.<\/p>\n\n\n\n<p class=\"wp-block-paragraph\">\u00d3pera Joven es una compa\u00f1\u00eda dedicada a la difusi\u00f3n y promoci\u00f3n de la \u00f3pera, con un enfoque en producciones accesibles y relevantes para el p\u00fablico. Fue creada en 1994 con la finalidad de insertar a los estudiantes de canto al trabajo oper\u00edstico, Han presentado 28 \u00f3peras y participaron 198 cantantes en todas sus producciones, siendo un semillero de talentos que hoy ocupan los principales escenarios nacionales e internacionales.<\/p>\n\n\n\n<p class=\"wp-block-paragraph\">Esta propuesta cuenta con el acompa\u00f1amiento de la direcci\u00f3n de Cultura de la Municipalidad de Trenque Lauquen.<\/p>\n\n\n\n<p class=\"wp-block-paragraph\"><\/p>\n","protected":false},"excerpt":{"rendered":"<p>La compa\u00f1\u00eda \u201c\u00d3pera Joven\u201d, llega a Trenque Lauquen para presentar su espect\u00e1culo \u00abLa solterona y&#8230;<\/p>\n","protected":false},"author":2,"featured_media":134482,"comment_status":"closed","ping_status":"open","sticky":false,"template":"","format":"standard","meta":{"footnotes":""},"categories":[1],"tags":[155],"class_list":["post-163320","post","type-post","status-publish","format-standard","has-post-thumbnail","hentry","category-sin-categoria","tag-politica"],"featured_image_urls":{"full":["https:\/\/infoecos.com.ar\/wp-content\/uploads\/2024\/12\/image-201.png",428,283,false],"thumbnail":["https:\/\/infoecos.com.ar\/wp-content\/uploads\/2024\/12\/image-201-300x150.png",300,150,true],"medium":["https:\/\/infoecos.com.ar\/wp-content\/uploads\/2024\/12\/image-201.png",428,283,false],"medium_large":["https:\/\/infoecos.com.ar\/wp-content\/uploads\/2024\/12\/image-201.png",428,283,false],"large":["https:\/\/infoecos.com.ar\/wp-content\/uploads\/2024\/12\/image-201.png",428,283,false],"1536x1536":["https:\/\/infoecos.com.ar\/wp-content\/uploads\/2024\/12\/image-201.png",428,283,false],"2048x2048":["https:\/\/infoecos.com.ar\/wp-content\/uploads\/2024\/12\/image-201.png",428,283,false],"covernews-slider-full":["https:\/\/infoecos.com.ar\/wp-content\/uploads\/2024\/12\/image-201.png",428,283,false],"covernews-slider-center":["https:\/\/infoecos.com.ar\/wp-content\/uploads\/2024\/12\/image-201.png",428,283,false],"covernews-featured":["https:\/\/infoecos.com.ar\/wp-content\/uploads\/2024\/12\/image-201.png",428,283,false],"covernews-medium":["https:\/\/infoecos.com.ar\/wp-content\/uploads\/2024\/12\/image-201.png",428,283,false],"covernews-medium-square":["https:\/\/infoecos.com.ar\/wp-content\/uploads\/2024\/12\/image-201-400x250.png",400,250,true]},"author_info":{"info":["Jorge Matheus"]},"category_info":"<a href=\"https:\/\/infoecos.com.ar\/index.php\/category\/sin-categoria\/\" rel=\"category tag\">Sin categor\u00eda<\/a>","tag_info":"Sin categor\u00eda","comment_count":"0","_links":{"self":[{"href":"https:\/\/infoecos.com.ar\/index.php\/wp-json\/wp\/v2\/posts\/163320","targetHints":{"allow":["GET"]}}],"collection":[{"href":"https:\/\/infoecos.com.ar\/index.php\/wp-json\/wp\/v2\/posts"}],"about":[{"href":"https:\/\/infoecos.com.ar\/index.php\/wp-json\/wp\/v2\/types\/post"}],"author":[{"embeddable":true,"href":"https:\/\/infoecos.com.ar\/index.php\/wp-json\/wp\/v2\/users\/2"}],"replies":[{"embeddable":true,"href":"https:\/\/infoecos.com.ar\/index.php\/wp-json\/wp\/v2\/comments?post=163320"}],"version-history":[{"count":1,"href":"https:\/\/infoecos.com.ar\/index.php\/wp-json\/wp\/v2\/posts\/163320\/revisions"}],"predecessor-version":[{"id":163321,"href":"https:\/\/infoecos.com.ar\/index.php\/wp-json\/wp\/v2\/posts\/163320\/revisions\/163321"}],"wp:featuredmedia":[{"embeddable":true,"href":"https:\/\/infoecos.com.ar\/index.php\/wp-json\/wp\/v2\/media\/134482"}],"wp:attachment":[{"href":"https:\/\/infoecos.com.ar\/index.php\/wp-json\/wp\/v2\/media?parent=163320"}],"wp:term":[{"taxonomy":"category","embeddable":true,"href":"https:\/\/infoecos.com.ar\/index.php\/wp-json\/wp\/v2\/categories?post=163320"},{"taxonomy":"post_tag","embeddable":true,"href":"https:\/\/infoecos.com.ar\/index.php\/wp-json\/wp\/v2\/tags?post=163320"}],"curies":[{"name":"wp","href":"https:\/\/api.w.org\/{rel}","templated":true}]}}