{"id":163322,"date":"2026-09-05T19:22:36","date_gmt":"2026-09-05T22:22:36","guid":{"rendered":"https:\/\/infoecos.com.ar\/?p=163322"},"modified":"2026-09-05T19:22:41","modified_gmt":"2026-09-05T22:22:41","slug":"solo-trenque-trenque-lauquen-recibira-por-segundo-ano-consecutivo-al-ballet-de-la-fundacion-julio-bocca","status":"publish","type":"post","link":"https:\/\/infoecos.com.ar\/index.php\/solo-trenque-trenque-lauquen-recibira-por-segundo-ano-consecutivo-al-ballet-de-la-fundacion-julio-bocca\/","title":{"rendered":"#Solo Trenque: Trenque Lauquen recibir\u00e1 por segundo a\u00f1o consecutivo al Ballet de la Fundaci\u00f3n Julio Bocca"},"content":{"rendered":"\n<p class=\"wp-block-paragraph\">Trenque Lauquen recibir\u00e1 por segundo a\u00f1o consecutivo al Ballet de la Fundaci\u00f3n Julio Bocca que ofrecer\u00e1 una Gran Gala Solidaria a beneficio de las cooperadoras de dos queridas instituciones: Hogar Cumen Che y Casa del Ni\u00f1o.<\/p>\n\n\n\n<p class=\"wp-block-paragraph\">Este a\u00f1o est\u00e1n previstas dos funciones en el Teatro Espa\u00f1ol programadas para el s\u00e1bado 14 de noviembre a las 18.30 h y 21 hs.<\/p>\n\n\n\n<p class=\"wp-block-paragraph\">Las entradas tendr\u00e1n un valor de $30.000 y est\u00e1n a la venta en la direcci\u00f3n de Cultura del Municipio, de lunes a viernes de 7 a 13 hs.<\/p>\n\n\n\n<p class=\"wp-block-paragraph\">La Fundaci\u00f3n Julio Bocca es, adem\u00e1s de un \u00e1mbito democratizador de oportunidades para los bailarines y sus formadores, una entidad de beneficencia, que a trav\u00e9s de estos espect\u00e1culos \u2013Galas a beneficio-, colabora con otras entidades e instituciones que comparten los mismos valores y objetivos como Inclusi\u00f3n, Educaci\u00f3n, Cultura y Esperanza, sobre la idea de que el arte conecta y transforma nuestra comunidad.<\/p>\n\n\n\n<p class=\"wp-block-paragraph\">La propuesta de la Fundaci\u00f3n Julio Bocca no solo busca ofrecer un espect\u00e1culo de excelencia, sino tambi\u00e9n fortalecer el intercambio art\u00edstico entre talentos locales y nacionales<\/p>\n\n\n\n<p class=\"wp-block-paragraph\">Para Trenque Lauquen y la regi\u00f3n, se trata de un evento cultural y art\u00edstico de gran relevancia, que reunir\u00e1 en escena a destacados artistas que ofrecer\u00e1n con n\u00fameros de tango, comedia musical, cl\u00e1sico, jazz y folclore, entre otros.<\/p>\n","protected":false},"excerpt":{"rendered":"<p>Trenque Lauquen recibir\u00e1 por segundo a\u00f1o consecutivo al Ballet de la Fundaci\u00f3n Julio Bocca que&#8230;<\/p>\n","protected":false},"author":2,"featured_media":156318,"comment_status":"closed","ping_status":"open","sticky":false,"template":"","format":"standard","meta":{"footnotes":""},"categories":[1],"tags":[155],"class_list":["post-163322","post","type-post","status-publish","format-standard","has-post-thumbnail","hentry","category-sin-categoria","tag-politica"],"featured_image_urls":{"full":["https:\/\/infoecos.com.ar\/wp-content\/uploads\/2026\/04\/image-49.png",2144,1424,false],"thumbnail":["https:\/\/infoecos.com.ar\/wp-content\/uploads\/2026\/04\/image-49-300x150.png",300,150,true],"medium":["https:\/\/infoecos.com.ar\/wp-content\/uploads\/2026\/04\/image-49-800x531.png",800,531,true],"medium_large":["https:\/\/infoecos.com.ar\/wp-content\/uploads\/2026\/04\/image-49-768x510.png",640,425,true],"large":["https:\/\/infoecos.com.ar\/wp-content\/uploads\/2026\/04\/image-49-1600x1063.png",640,425,true],"1536x1536":["https:\/\/infoecos.com.ar\/wp-content\/uploads\/2026\/04\/image-49-1536x1020.png",1536,1020,true],"2048x2048":["https:\/\/infoecos.com.ar\/wp-content\/uploads\/2026\/04\/image-49-2048x1360.png",2048,1360,true],"covernews-slider-full":["https:\/\/infoecos.com.ar\/wp-content\/uploads\/2026\/04\/image-49-1115x715.png",1115,715,true],"covernews-slider-center":["https:\/\/infoecos.com.ar\/wp-content\/uploads\/2026\/04\/image-49-800x500.png",800,500,true],"covernews-featured":["https:\/\/infoecos.com.ar\/wp-content\/uploads\/2026\/04\/image-49-1024x680.png",1024,680,true],"covernews-medium":["https:\/\/infoecos.com.ar\/wp-content\/uploads\/2026\/04\/image-49-540x340.png",540,340,true],"covernews-medium-square":["https:\/\/infoecos.com.ar\/wp-content\/uploads\/2026\/04\/image-49-400x250.png",400,250,true]},"author_info":{"info":["Jorge Matheus"]},"category_info":"<a href=\"https:\/\/infoecos.com.ar\/index.php\/category\/sin-categoria\/\" rel=\"category tag\">Sin categor\u00eda<\/a>","tag_info":"Sin categor\u00eda","comment_count":"0","_links":{"self":[{"href":"https:\/\/infoecos.com.ar\/index.php\/wp-json\/wp\/v2\/posts\/163322","targetHints":{"allow":["GET"]}}],"collection":[{"href":"https:\/\/infoecos.com.ar\/index.php\/wp-json\/wp\/v2\/posts"}],"about":[{"href":"https:\/\/infoecos.com.ar\/index.php\/wp-json\/wp\/v2\/types\/post"}],"author":[{"embeddable":true,"href":"https:\/\/infoecos.com.ar\/index.php\/wp-json\/wp\/v2\/users\/2"}],"replies":[{"embeddable":true,"href":"https:\/\/infoecos.com.ar\/index.php\/wp-json\/wp\/v2\/comments?post=163322"}],"version-history":[{"count":1,"href":"https:\/\/infoecos.com.ar\/index.php\/wp-json\/wp\/v2\/posts\/163322\/revisions"}],"predecessor-version":[{"id":163323,"href":"https:\/\/infoecos.com.ar\/index.php\/wp-json\/wp\/v2\/posts\/163322\/revisions\/163323"}],"wp:featuredmedia":[{"embeddable":true,"href":"https:\/\/infoecos.com.ar\/index.php\/wp-json\/wp\/v2\/media\/156318"}],"wp:attachment":[{"href":"https:\/\/infoecos.com.ar\/index.php\/wp-json\/wp\/v2\/media?parent=163322"}],"wp:term":[{"taxonomy":"category","embeddable":true,"href":"https:\/\/infoecos.com.ar\/index.php\/wp-json\/wp\/v2\/categories?post=163322"},{"taxonomy":"post_tag","embeddable":true,"href":"https:\/\/infoecos.com.ar\/index.php\/wp-json\/wp\/v2\/tags?post=163322"}],"curies":[{"name":"wp","href":"https:\/\/api.w.org\/{rel}","templated":true}]}}