{"id":163327,"date":"2026-09-05T19:48:22","date_gmt":"2026-09-05T22:48:22","guid":{"rendered":"https:\/\/infoecos.com.ar\/?p=163327"},"modified":"2026-09-05T19:48:22","modified_gmt":"2026-09-05T22:48:22","slug":"acto-en-el-hospital-de-trenque-lauquen-a-15-anos-de-su-fallecimiento-homenaje-al-dr-pablo-giulianelli","status":"publish","type":"post","link":"https:\/\/infoecos.com.ar\/index.php\/acto-en-el-hospital-de-trenque-lauquen-a-15-anos-de-su-fallecimiento-homenaje-al-dr-pablo-giulianelli\/","title":{"rendered":"#Acto en el Hospital de Trenque Lauquen: A 15 a\u00f1os de su fallecimiento, homenaje al Dr. Pablo Giulianelli"},"content":{"rendered":"\n<p class=\"wp-block-paragraph\">Con un acto realizado este s\u00e1bado en la Guardia del Hospital Municipal \u201cDr. Pedro T. Orellana\u201d, se rindi\u00f3 homenaje al Dr. Pablo Giulianelli, al cumplirse 15 a\u00f1os de su fallecimiento.<\/p>\n\n\n\n<p class=\"wp-block-paragraph\">La ceremonia cont\u00f3 con la presencia del intendente Francisco Recoulat; el secretario de Gobierno Mart\u00edn Borraz\u00e1s; la secretaria de Salud, Dra. Yanina L\u00f3pez; concejales; equipo de gobierno municipal y personal del Hospital; adem\u00e1s de su esposa y tres hijos, familiares, amigos, colegas, pacientes y vecinos que se acercaron para acompa\u00f1ar este reconocimiento.<\/p>\n\n\n\n<figure class=\"wp-block-image size-large\"><img loading=\"lazy\" decoding=\"async\" width=\"1600\" height=\"1066\" src=\"https:\/\/infoecos.com.ar\/wp-content\/uploads\/2026\/09\/image-48-1600x1066.png\" alt=\"\" class=\"wp-image-163328\" srcset=\"https:\/\/infoecos.com.ar\/wp-content\/uploads\/2026\/09\/image-48-1600x1066.png 1600w, https:\/\/infoecos.com.ar\/wp-content\/uploads\/2026\/09\/image-48-800x533.png 800w, https:\/\/infoecos.com.ar\/wp-content\/uploads\/2026\/09\/image-48-767x511.png 767w, https:\/\/infoecos.com.ar\/wp-content\/uploads\/2026\/09\/image-48-1536x1023.png 1536w, https:\/\/infoecos.com.ar\/wp-content\/uploads\/2026\/09\/image-48-1024x682.png 1024w, https:\/\/infoecos.com.ar\/wp-content\/uploads\/2026\/09\/image-48-2048x1364.png 2048w\" sizes=\"auto, (max-width: 1600px) 100vw, 1600px\" \/><\/figure>\n\n\n\n<p class=\"wp-block-paragraph\">El homenaje, cuya solicitud para realizar un acto conmemorativo hab\u00eda sido aprobada por unanimidad por el  Concejo Deliberante en la und\u00e9cima Sesi\u00f3n Ordinaria de este a\u00f1o, permiti\u00f3 recordar la trayectoria de Giulianelli como m\u00e9dico comprometido con la comunidad y, especialmente, su vocaci\u00f3n de servicio, su cercan\u00eda y su particular manera de acompa\u00f1ar a quienes necesitaban no solamente atenci\u00f3n m\u00e9dica, sino tambi\u00e9n escucha y contenci\u00f3n.<\/p>\n\n\n\n<p class=\"wp-block-paragraph\">Durante la ceremonia, organizada por el Municipio, se record\u00f3 que mediante la Ordenanza n.\u00ba 3792\/11 se impuso el nombre del Dr. Pablo Giulianelli a la Guardia del Hospital. Posteriormente, en 2021, al cumplirse diez a\u00f1os de su fallecimiento, la placa conmemorativa fue trasladada a la nueva Guardia del Hospital, como reconocimiento a su destacada labor y trayectoria profesional.<\/p>\n\n\n\n<figure class=\"wp-block-image size-large\"><img loading=\"lazy\" decoding=\"async\" width=\"1600\" height=\"1066\" src=\"https:\/\/infoecos.com.ar\/wp-content\/uploads\/2026\/09\/image-49-1600x1066.png\" alt=\"\" class=\"wp-image-163329\" srcset=\"https:\/\/infoecos.com.ar\/wp-content\/uploads\/2026\/09\/image-49-1600x1066.png 1600w, https:\/\/infoecos.com.ar\/wp-content\/uploads\/2026\/09\/image-49-800x533.png 800w, https:\/\/infoecos.com.ar\/wp-content\/uploads\/2026\/09\/image-49-767x511.png 767w, https:\/\/infoecos.com.ar\/wp-content\/uploads\/2026\/09\/image-49-1536x1023.png 1536w, https:\/\/infoecos.com.ar\/wp-content\/uploads\/2026\/09\/image-49-1024x682.png 1024w, https:\/\/infoecos.com.ar\/wp-content\/uploads\/2026\/09\/image-49-2048x1364.png 2048w\" sizes=\"auto, (max-width: 1600px) 100vw, 1600px\" \/><\/figure>\n\n\n\n<p class=\"wp-block-paragraph\">Durante la ceremonia compartieron palabras la enfermera Marisa Mansilla, del equipo del Hospital Municipal \u201cDr. Pedro T. Orellana\u201d; familiares de pacientes, Rosa Ortiz y Any Cupayolo; y la Dra. Mariel Jord\u00e1n, esposa del Dr. Giulianelli, quien habl\u00f3 en nombre de la familia.<\/p>\n","protected":false},"excerpt":{"rendered":"<p>Con un acto realizado este s\u00e1bado en la Guardia del Hospital Municipal \u201cDr. Pedro T&#8230;.<\/p>\n","protected":false},"author":2,"featured_media":163328,"comment_status":"closed","ping_status":"open","sticky":false,"template":"","format":"standard","meta":{"footnotes":""},"categories":[1],"tags":[10304,10298],"class_list":["post-163327","post","type-post","status-publish","format-standard","has-post-thumbnail","hentry","category-sin-categoria","tag-actualidad","tag-bloque-inferior"],"featured_image_urls":{"full":["https:\/\/infoecos.com.ar\/wp-content\/uploads\/2026\/09\/image-48-scaled.png",2560,1705,false],"thumbnail":["https:\/\/infoecos.com.ar\/wp-content\/uploads\/2026\/09\/image-48-300x150.png",300,150,true],"medium":["https:\/\/infoecos.com.ar\/wp-content\/uploads\/2026\/09\/image-48-800x533.png",800,533,true],"medium_large":["https:\/\/infoecos.com.ar\/wp-content\/uploads\/2026\/09\/image-48-767x511.png",640,426,true],"large":["https:\/\/infoecos.com.ar\/wp-content\/uploads\/2026\/09\/image-48-1600x1066.png",640,426,true],"1536x1536":["https:\/\/infoecos.com.ar\/wp-content\/uploads\/2026\/09\/image-48-1536x1023.png",1536,1023,true],"2048x2048":["https:\/\/infoecos.com.ar\/wp-content\/uploads\/2026\/09\/image-48-2048x1364.png",2048,1364,true],"covernews-slider-full":["https:\/\/infoecos.com.ar\/wp-content\/uploads\/2026\/09\/image-48-1115x715.png",1115,715,true],"covernews-slider-center":["https:\/\/infoecos.com.ar\/wp-content\/uploads\/2026\/09\/image-48-800x500.png",800,500,true],"covernews-featured":["https:\/\/infoecos.com.ar\/wp-content\/uploads\/2026\/09\/image-48-1024x682.png",1024,682,true],"covernews-medium":["https:\/\/infoecos.com.ar\/wp-content\/uploads\/2026\/09\/image-48-540x340.png",540,340,true],"covernews-medium-square":["https:\/\/infoecos.com.ar\/wp-content\/uploads\/2026\/09\/image-48-400x250.png",400,250,true]},"author_info":{"info":["Jorge Matheus"]},"category_info":"<a href=\"https:\/\/infoecos.com.ar\/index.php\/category\/sin-categoria\/\" rel=\"category tag\">Sin categor\u00eda<\/a>","tag_info":"Sin categor\u00eda","comment_count":"0","_links":{"self":[{"href":"https:\/\/infoecos.com.ar\/index.php\/wp-json\/wp\/v2\/posts\/163327","targetHints":{"allow":["GET"]}}],"collection":[{"href":"https:\/\/infoecos.com.ar\/index.php\/wp-json\/wp\/v2\/posts"}],"about":[{"href":"https:\/\/infoecos.com.ar\/index.php\/wp-json\/wp\/v2\/types\/post"}],"author":[{"embeddable":true,"href":"https:\/\/infoecos.com.ar\/index.php\/wp-json\/wp\/v2\/users\/2"}],"replies":[{"embeddable":true,"href":"https:\/\/infoecos.com.ar\/index.php\/wp-json\/wp\/v2\/comments?post=163327"}],"version-history":[{"count":1,"href":"https:\/\/infoecos.com.ar\/index.php\/wp-json\/wp\/v2\/posts\/163327\/revisions"}],"predecessor-version":[{"id":163330,"href":"https:\/\/infoecos.com.ar\/index.php\/wp-json\/wp\/v2\/posts\/163327\/revisions\/163330"}],"wp:featuredmedia":[{"embeddable":true,"href":"https:\/\/infoecos.com.ar\/index.php\/wp-json\/wp\/v2\/media\/163328"}],"wp:attachment":[{"href":"https:\/\/infoecos.com.ar\/index.php\/wp-json\/wp\/v2\/media?parent=163327"}],"wp:term":[{"taxonomy":"category","embeddable":true,"href":"https:\/\/infoecos.com.ar\/index.php\/wp-json\/wp\/v2\/categories?post=163327"},{"taxonomy":"post_tag","embeddable":true,"href":"https:\/\/infoecos.com.ar\/index.php\/wp-json\/wp\/v2\/tags?post=163327"}],"curies":[{"name":"wp","href":"https:\/\/api.w.org\/{rel}","templated":true}]}}