{"id":163334,"date":"2026-09-06T13:48:44","date_gmt":"2026-09-06T16:48:44","guid":{"rendered":"https:\/\/infoecos.com.ar\/?p=163334"},"modified":"2026-09-06T15:59:09","modified_gmt":"2026-09-06T18:59:09","slug":"nieve-lluvia-y-graupel-se-tinieron-de-blanco-las-principales-cumbres-de-la-zona-de-sierra-de-la-ventana","status":"publish","type":"post","link":"https:\/\/infoecos.com.ar\/index.php\/nieve-lluvia-y-graupel-se-tinieron-de-blanco-las-principales-cumbres-de-la-zona-de-sierra-de-la-ventana\/","title":{"rendered":"#Nieve, lluvia y graupel: Se ti\u00f1ieron de blanco las principales cumbres de la zona de Sierra de la Ventana"},"content":{"rendered":"\n<p class=\"wp-block-paragraph\">Durante el s\u00e1bado, las precipitaciones (nieve\/lluvia\/graupel), el viento, el aire muy fr\u00edo y las temperaturas notablemente m\u00e1s bajas en altura se combinaron para te\u00f1ir de blanco las principales cumbres del sistema de Ventania. <\/p>\n\n\n\n<p class=\"wp-block-paragraph\">La informaci\u00f3n que produce el sitio <a href=\"https:\/\/www.facebook.com\/sierradelaventana.org?__cft__[0]=AZiYJg8IkBgEQojeHu6s9d5oNqjvghW8foLJRC5ONtg0JzExv-Wu4H0vkVLloT4-rffLeV1R1JVNU6l3RRo2KJOmCOF9PDjrheE2AP1pZwD2MaEoSKW4cFXvnnbg2YoSJLoDQX-VygKcqCff_xmga18zab3SX3i-WHG8GS6Yhrz4JTgsCBa7JxrJPn0&amp;__tn__=-UC%2CP-R\"><strong>Sierra de la Ventana<\/strong><\/a> se\u00f1ala que por la tarde\/noche, se registr\u00f3 una nevada en el mirador del Cerro Ventana (a la altitud de la ruta 76), aunque el domingo solo se aprecia nieve acumulada en las principales cumbres.<\/p>\n\n\n\n<figure class=\"wp-block-gallery has-nested-images columns-default is-cropped wp-block-gallery-1 is-layout-flex wp-block-gallery-is-layout-flex\">\n<figure class=\"wp-block-image size-full\"><img loading=\"lazy\" decoding=\"async\" width=\"1125\" height=\"1500\" data-id=\"163336\" src=\"https:\/\/infoecos.com.ar\/wp-content\/uploads\/2026\/09\/sierraventana1.webp\" alt=\"\" class=\"wp-image-163336\" srcset=\"https:\/\/infoecos.com.ar\/wp-content\/uploads\/2026\/09\/sierraventana1.webp 1125w, https:\/\/infoecos.com.ar\/wp-content\/uploads\/2026\/09\/sierraventana1-600x800.jpg 600w, https:\/\/infoecos.com.ar\/wp-content\/uploads\/2026\/09\/sierraventana1-768x1024.jpg 768w, https:\/\/infoecos.com.ar\/wp-content\/uploads\/2026\/09\/sierraventana1-1024x1365.jpg 1024w\" sizes=\"auto, (max-width: 1125px) 100vw, 1125px\" \/><\/figure>\n\n\n\n<figure class=\"wp-block-image size-full\"><img loading=\"lazy\" decoding=\"async\" width=\"1125\" height=\"1500\" data-id=\"163337\" src=\"https:\/\/infoecos.com.ar\/wp-content\/uploads\/2026\/09\/sierraventana2.webp\" alt=\"\" class=\"wp-image-163337\" srcset=\"https:\/\/infoecos.com.ar\/wp-content\/uploads\/2026\/09\/sierraventana2.webp 1125w, https:\/\/infoecos.com.ar\/wp-content\/uploads\/2026\/09\/sierraventana2-600x800.jpg 600w, https:\/\/infoecos.com.ar\/wp-content\/uploads\/2026\/09\/sierraventana2-768x1024.jpg 768w, https:\/\/infoecos.com.ar\/wp-content\/uploads\/2026\/09\/sierraventana2-1024x1365.jpg 1024w\" sizes=\"auto, (max-width: 1125px) 100vw, 1125px\" \/><\/figure>\n\n\n\n<figure class=\"wp-block-image size-full\"><img loading=\"lazy\" decoding=\"async\" width=\"1500\" height=\"1125\" data-id=\"163335\" src=\"https:\/\/infoecos.com.ar\/wp-content\/uploads\/2026\/09\/sierraventana3.webp\" alt=\"\" class=\"wp-image-163335\" srcset=\"https:\/\/infoecos.com.ar\/wp-content\/uploads\/2026\/09\/sierraventana3.webp 1500w, https:\/\/infoecos.com.ar\/wp-content\/uploads\/2026\/09\/sierraventana3-800x600.jpg 800w, https:\/\/infoecos.com.ar\/wp-content\/uploads\/2026\/09\/sierraventana3-768x576.jpg 768w, https:\/\/infoecos.com.ar\/wp-content\/uploads\/2026\/09\/sierraventana3-1024x768.jpg 1024w\" sizes=\"auto, (max-width: 1500px) 100vw, 1500px\" \/><\/figure>\n<\/figure>\n\n\n\n<p class=\"wp-block-paragraph\">Las im\u00e1genes obtenidas durante la jornada por <strong>Sierrasdelaventana.com.ar<\/strong> muestran claramente ese contraste. Mientras en los sectores bajos del valle del Sauce Grande predomin\u00f3 un ambiente fr\u00edo y h\u00famedo, las cumbres presentaron condiciones considerablemente m\u00e1s rigurosas. Y es precisamente la diferencia de altitud la que permite explicar buena parte de lo ocurrido.<\/p>\n\n\n\n<figure class=\"wp-block-gallery has-nested-images columns-default is-cropped wp-block-gallery-2 is-layout-flex wp-block-gallery-is-layout-flex\">\n<figure class=\"wp-block-image size-full\"><img loading=\"lazy\" decoding=\"async\" width=\"1500\" height=\"1125\" data-id=\"163340\" src=\"https:\/\/infoecos.com.ar\/wp-content\/uploads\/2026\/09\/sierraventana4.webp\" alt=\"\" class=\"wp-image-163340\" srcset=\"https:\/\/infoecos.com.ar\/wp-content\/uploads\/2026\/09\/sierraventana4.webp 1500w, https:\/\/infoecos.com.ar\/wp-content\/uploads\/2026\/09\/sierraventana4-768x576.jpg 768w, https:\/\/infoecos.com.ar\/wp-content\/uploads\/2026\/09\/sierraventana4-800x600.jpg 800w, https:\/\/infoecos.com.ar\/wp-content\/uploads\/2026\/09\/sierraventana4-1024x768.jpg 1024w\" sizes=\"auto, (max-width: 1500px) 100vw, 1500px\" \/><\/figure>\n\n\n\n<figure class=\"wp-block-image size-full\"><img loading=\"lazy\" decoding=\"async\" width=\"1500\" height=\"1125\" data-id=\"163339\" src=\"https:\/\/infoecos.com.ar\/wp-content\/uploads\/2026\/09\/sierraventana5.webp\" alt=\"\" class=\"wp-image-163339\" srcset=\"https:\/\/infoecos.com.ar\/wp-content\/uploads\/2026\/09\/sierraventana5.webp 1500w, https:\/\/infoecos.com.ar\/wp-content\/uploads\/2026\/09\/sierraventana5-800x600.jpg 800w, https:\/\/infoecos.com.ar\/wp-content\/uploads\/2026\/09\/sierraventana5-768x576.jpg 768w, https:\/\/infoecos.com.ar\/wp-content\/uploads\/2026\/09\/sierraventana5-1024x768.jpg 1024w\" sizes=\"auto, (max-width: 1500px) 100vw, 1500px\" \/><\/figure>\n\n\n\n<figure class=\"wp-block-image size-full\"><img loading=\"lazy\" decoding=\"async\" width=\"1500\" height=\"1125\" data-id=\"163338\" src=\"https:\/\/infoecos.com.ar\/wp-content\/uploads\/2026\/09\/sierraventana6.webp\" alt=\"\" class=\"wp-image-163338\" srcset=\"https:\/\/infoecos.com.ar\/wp-content\/uploads\/2026\/09\/sierraventana6.webp 1500w, https:\/\/infoecos.com.ar\/wp-content\/uploads\/2026\/09\/sierraventana6-768x576.jpg 768w, https:\/\/infoecos.com.ar\/wp-content\/uploads\/2026\/09\/sierraventana6-1024x768.jpg 1024w\" sizes=\"auto, (max-width: 1500px) 100vw, 1500px\" \/><\/figure>\n<\/figure>\n\n\n\n<p class=\"wp-block-paragraph\">Entre el fondo del valle y las principales elevaciones del sistema serrano pueden existir diferencias t\u00e9rmicas del orden de los siete grados. El motivo es el descenso de la temperatura con la altura: en t\u00e9rminos generales, la atm\u00f3sfera se enfr\u00eda aproximadamente 6,5 a 7 \u00b0C por cada 1.000 metros de ascenso, aunque ese gradiente puede variar seg\u00fan las condiciones atmosf\u00e9ricas.<\/p>\n\n\n\n<figure class=\"wp-block-gallery has-nested-images columns-default is-cropped wp-block-gallery-3 is-layout-flex wp-block-gallery-is-layout-flex\">\n<figure class=\"wp-block-image size-large\"><img loading=\"lazy\" decoding=\"async\" width=\"1600\" height=\"1200\" data-id=\"163347\" src=\"https:\/\/infoecos.com.ar\/wp-content\/uploads\/2026\/09\/793720661_28154727730857717_3790627872795978334_n-1600x1200.jpg\" alt=\"\" class=\"wp-image-163347\" srcset=\"https:\/\/infoecos.com.ar\/wp-content\/uploads\/2026\/09\/793720661_28154727730857717_3790627872795978334_n-1600x1200.jpg 1600w, https:\/\/infoecos.com.ar\/wp-content\/uploads\/2026\/09\/793720661_28154727730857717_3790627872795978334_n-800x600.jpg 800w, https:\/\/infoecos.com.ar\/wp-content\/uploads\/2026\/09\/793720661_28154727730857717_3790627872795978334_n-768x576.jpg 768w, https:\/\/infoecos.com.ar\/wp-content\/uploads\/2026\/09\/793720661_28154727730857717_3790627872795978334_n-1536x1152.jpg 1536w, https:\/\/infoecos.com.ar\/wp-content\/uploads\/2026\/09\/793720661_28154727730857717_3790627872795978334_n-1024x768.jpg 1024w, https:\/\/infoecos.com.ar\/wp-content\/uploads\/2026\/09\/793720661_28154727730857717_3790627872795978334_n.jpg 2048w\" sizes=\"auto, (max-width: 1600px) 100vw, 1600px\" \/><\/figure>\n\n\n\n<figure class=\"wp-block-image size-large\"><img loading=\"lazy\" decoding=\"async\" width=\"1202\" height=\"1600\" data-id=\"163346\" src=\"https:\/\/infoecos.com.ar\/wp-content\/uploads\/2026\/09\/794485202_28154727687524388_6556924811483515315_n-1202x1600.jpg\" alt=\"\" class=\"wp-image-163346\" srcset=\"https:\/\/infoecos.com.ar\/wp-content\/uploads\/2026\/09\/794485202_28154727687524388_6556924811483515315_n-1202x1600.jpg 1202w, https:\/\/infoecos.com.ar\/wp-content\/uploads\/2026\/09\/794485202_28154727687524388_6556924811483515315_n-601x800.jpg 601w, https:\/\/infoecos.com.ar\/wp-content\/uploads\/2026\/09\/794485202_28154727687524388_6556924811483515315_n-768x1022.jpg 768w, https:\/\/infoecos.com.ar\/wp-content\/uploads\/2026\/09\/794485202_28154727687524388_6556924811483515315_n-1154x1536.jpg 1154w, https:\/\/infoecos.com.ar\/wp-content\/uploads\/2026\/09\/794485202_28154727687524388_6556924811483515315_n-1023x1362.jpg 1023w, https:\/\/infoecos.com.ar\/wp-content\/uploads\/2026\/09\/794485202_28154727687524388_6556924811483515315_n.jpg 1539w\" sizes=\"auto, (max-width: 1202px) 100vw, 1202px\" \/><\/figure>\n<\/figure>\n","protected":false},"excerpt":{"rendered":"<p>Durante el s\u00e1bado, las precipitaciones (nieve\/lluvia\/graupel), el viento, el aire muy fr\u00edo y las temperaturas&#8230;<\/p>\n","protected":false},"author":2,"featured_media":163347,"comment_status":"closed","ping_status":"open","sticky":false,"template":"","format":"standard","meta":{"footnotes":""},"categories":[1613],"tags":[10298],"class_list":["post-163334","post","type-post","status-publish","format-standard","has-post-thumbnail","hentry","category-noticia-secundaria","tag-bloque-inferior"],"featured_image_urls":{"full":["https:\/\/infoecos.com.ar\/wp-content\/uploads\/2026\/09\/793720661_28154727730857717_3790627872795978334_n.jpg",2048,1536,false],"thumbnail":["https:\/\/infoecos.com.ar\/wp-content\/uploads\/2026\/09\/793720661_28154727730857717_3790627872795978334_n-300x150.jpg",300,150,true],"medium":["https:\/\/infoecos.com.ar\/wp-content\/uploads\/2026\/09\/793720661_28154727730857717_3790627872795978334_n-800x600.jpg",800,600,true],"medium_large":["https:\/\/infoecos.com.ar\/wp-content\/uploads\/2026\/09\/793720661_28154727730857717_3790627872795978334_n-768x576.jpg",640,480,true],"large":["https:\/\/infoecos.com.ar\/wp-content\/uploads\/2026\/09\/793720661_28154727730857717_3790627872795978334_n-1600x1200.jpg",640,480,true],"1536x1536":["https:\/\/infoecos.com.ar\/wp-content\/uploads\/2026\/09\/793720661_28154727730857717_3790627872795978334_n-1536x1152.jpg",1536,1152,true],"2048x2048":["https:\/\/infoecos.com.ar\/wp-content\/uploads\/2026\/09\/793720661_28154727730857717_3790627872795978334_n.jpg",2048,1536,false],"covernews-slider-full":["https:\/\/infoecos.com.ar\/wp-content\/uploads\/2026\/09\/793720661_28154727730857717_3790627872795978334_n-1115x715.jpg",1115,715,true],"covernews-slider-center":["https:\/\/infoecos.com.ar\/wp-content\/uploads\/2026\/09\/793720661_28154727730857717_3790627872795978334_n-800x500.jpg",800,500,true],"covernews-featured":["https:\/\/infoecos.com.ar\/wp-content\/uploads\/2026\/09\/793720661_28154727730857717_3790627872795978334_n-1024x768.jpg",1024,768,true],"covernews-medium":["https:\/\/infoecos.com.ar\/wp-content\/uploads\/2026\/09\/793720661_28154727730857717_3790627872795978334_n-540x340.jpg",540,340,true],"covernews-medium-square":["https:\/\/infoecos.com.ar\/wp-content\/uploads\/2026\/09\/793720661_28154727730857717_3790627872795978334_n-400x250.jpg",400,250,true]},"author_info":{"info":["Jorge Matheus"]},"category_info":"<a href=\"https:\/\/infoecos.com.ar\/index.php\/category\/noticia-secundaria\/\" rel=\"category tag\">Noticia Secundaria<\/a>","tag_info":"Noticia Secundaria","comment_count":"0","_links":{"self":[{"href":"https:\/\/infoecos.com.ar\/index.php\/wp-json\/wp\/v2\/posts\/163334","targetHints":{"allow":["GET"]}}],"collection":[{"href":"https:\/\/infoecos.com.ar\/index.php\/wp-json\/wp\/v2\/posts"}],"about":[{"href":"https:\/\/infoecos.com.ar\/index.php\/wp-json\/wp\/v2\/types\/post"}],"author":[{"embeddable":true,"href":"https:\/\/infoecos.com.ar\/index.php\/wp-json\/wp\/v2\/users\/2"}],"replies":[{"embeddable":true,"href":"https:\/\/infoecos.com.ar\/index.php\/wp-json\/wp\/v2\/comments?post=163334"}],"version-history":[{"count":2,"href":"https:\/\/infoecos.com.ar\/index.php\/wp-json\/wp\/v2\/posts\/163334\/revisions"}],"predecessor-version":[{"id":163349,"href":"https:\/\/infoecos.com.ar\/index.php\/wp-json\/wp\/v2\/posts\/163334\/revisions\/163349"}],"wp:featuredmedia":[{"embeddable":true,"href":"https:\/\/infoecos.com.ar\/index.php\/wp-json\/wp\/v2\/media\/163347"}],"wp:attachment":[{"href":"https:\/\/infoecos.com.ar\/index.php\/wp-json\/wp\/v2\/media?parent=163334"}],"wp:term":[{"taxonomy":"category","embeddable":true,"href":"https:\/\/infoecos.com.ar\/index.php\/wp-json\/wp\/v2\/categories?post=163334"},{"taxonomy":"post_tag","embeddable":true,"href":"https:\/\/infoecos.com.ar\/index.php\/wp-json\/wp\/v2\/tags?post=163334"}],"curies":[{"name":"wp","href":"https:\/\/api.w.org\/{rel}","templated":true}]}}