{"id":163350,"date":"2026-09-06T14:40:26","date_gmt":"2026-09-06T17:40:26","guid":{"rendered":"https:\/\/infoecos.com.ar\/?p=163350"},"modified":"2026-09-06T14:46:32","modified_gmt":"2026-09-06T17:46:32","slug":"esta-en-marcha-la-expo-rural-de-bolivar-que-para-el-presidente-de-la-entidad-es-una-alternativa-para-el-desarrollo-economico","status":"publish","type":"post","link":"https:\/\/infoecos.com.ar\/index.php\/esta-en-marcha-la-expo-rural-de-bolivar-que-para-el-presidente-de-la-entidad-es-una-alternativa-para-el-desarrollo-economico\/","title":{"rendered":"#Est\u00e1 en marcha: La Expo Rural de Bol\u00edvar que para el presidente de la entidad es \u00abuna alternativa para el desarrollo econ\u00f3mico\u00bb"},"content":{"rendered":"\n<p class=\"wp-block-paragraph\">El presidente de la Sociedad Rural de Bol\u00edvar, Jos\u00e9 Gabriel Erreca, en la apertura de la Exposici\u00f3n que se extender\u00e1 hasta el fin de semana pr\u00f3xima,\u00a0destac\u00f3 el trabajo realizado durante todo el a\u00f1o para concretar una nueva edici\u00f3n de la muestra y puso el foco en el rol que cumple la exposici\u00f3n como espacio de encuentro, producci\u00f3n y desarrollo econ\u00f3mico.<\/p>\n\n\n\n<p class=\"wp-block-paragraph\">Erreca remarc\u00f3 que uno de los objetivos de la Expo Rural es justamente generar oportunidades para quienes producen, comercializan o buscan dar a conocer sus emprendimientos. \u201cDesde la Sociedad Rural brindamos la posibilidad, la alternativa para el desarrollo econ\u00f3mico\u201d.<\/p>\n\n\n\n<figure class=\"wp-block-image size-full\"><img loading=\"lazy\" decoding=\"async\" width=\"992\" height=\"744\" src=\"https:\/\/infoecos.com.ar\/wp-content\/uploads\/2026\/09\/image-51.png\" alt=\"\" class=\"wp-image-163351\" srcset=\"https:\/\/infoecos.com.ar\/wp-content\/uploads\/2026\/09\/image-51.png 992w, https:\/\/infoecos.com.ar\/wp-content\/uploads\/2026\/09\/image-51-800x600.png 800w, https:\/\/infoecos.com.ar\/wp-content\/uploads\/2026\/09\/image-51-768x576.png 768w\" sizes=\"auto, (max-width: 992px) 100vw, 992px\" \/><\/figure>\n\n\n\n<p class=\"wp-block-paragraph\">En di\u00e1logo con el reconocido sitio Presente Noticias manifest\u00f3 el titular de la entidad que \u201cCreo que es el momento de\u00a0<strong>bajar los decibeles de la discordia y subir los amper\u00edmetros del acuerdo<\/strong>, respetando las discrepancias como para fortalecer toda la econom\u00eda de la regi\u00f3n\u201d, expres\u00f3. En esa l\u00ednea, sostuvo que est\u00e1n dadas las condiciones para que distintos sectores puedan trabajar en conjunto y pidi\u00f3 \u00abdejar de lado muchos egos y ego\u00edsmos de querer figurar en la foto y trabajar m\u00e1s silenciosamente todo el a\u00f1o\u201d.<\/p>\n\n\n\n<p class=\"wp-block-paragraph\"><\/p>\n","protected":false},"excerpt":{"rendered":"<p>El presidente de la Sociedad Rural de Bol\u00edvar, Jos\u00e9 Gabriel Erreca, en la apertura de&#8230;<\/p>\n","protected":false},"author":2,"featured_media":163351,"comment_status":"closed","ping_status":"open","sticky":false,"template":"","format":"standard","meta":{"footnotes":""},"categories":[1612],"tags":[],"class_list":["post-163350","post","type-post","status-publish","format-standard","has-post-thumbnail","hentry","category-noticia-principal"],"featured_image_urls":{"full":["https:\/\/infoecos.com.ar\/wp-content\/uploads\/2026\/09\/image-51.png",992,744,false],"thumbnail":["https:\/\/infoecos.com.ar\/wp-content\/uploads\/2026\/09\/image-51-300x150.png",300,150,true],"medium":["https:\/\/infoecos.com.ar\/wp-content\/uploads\/2026\/09\/image-51-800x600.png",800,600,true],"medium_large":["https:\/\/infoecos.com.ar\/wp-content\/uploads\/2026\/09\/image-51-768x576.png",640,480,true],"large":["https:\/\/infoecos.com.ar\/wp-content\/uploads\/2026\/09\/image-51.png",640,480,false],"1536x1536":["https:\/\/infoecos.com.ar\/wp-content\/uploads\/2026\/09\/image-51.png",992,744,false],"2048x2048":["https:\/\/infoecos.com.ar\/wp-content\/uploads\/2026\/09\/image-51.png",992,744,false],"covernews-slider-full":["https:\/\/infoecos.com.ar\/wp-content\/uploads\/2026\/09\/image-51-992x715.png",992,715,true],"covernews-slider-center":["https:\/\/infoecos.com.ar\/wp-content\/uploads\/2026\/09\/image-51-800x500.png",800,500,true],"covernews-featured":["https:\/\/infoecos.com.ar\/wp-content\/uploads\/2026\/09\/image-51.png",992,744,false],"covernews-medium":["https:\/\/infoecos.com.ar\/wp-content\/uploads\/2026\/09\/image-51-540x340.png",540,340,true],"covernews-medium-square":["https:\/\/infoecos.com.ar\/wp-content\/uploads\/2026\/09\/image-51-400x250.png",400,250,true]},"author_info":{"info":["Jorge Matheus"]},"category_info":"<a href=\"https:\/\/infoecos.com.ar\/index.php\/category\/noticia-principal\/\" rel=\"category tag\">Noticia Principal<\/a>","tag_info":"Noticia Principal","comment_count":"0","_links":{"self":[{"href":"https:\/\/infoecos.com.ar\/index.php\/wp-json\/wp\/v2\/posts\/163350","targetHints":{"allow":["GET"]}}],"collection":[{"href":"https:\/\/infoecos.com.ar\/index.php\/wp-json\/wp\/v2\/posts"}],"about":[{"href":"https:\/\/infoecos.com.ar\/index.php\/wp-json\/wp\/v2\/types\/post"}],"author":[{"embeddable":true,"href":"https:\/\/infoecos.com.ar\/index.php\/wp-json\/wp\/v2\/users\/2"}],"replies":[{"embeddable":true,"href":"https:\/\/infoecos.com.ar\/index.php\/wp-json\/wp\/v2\/comments?post=163350"}],"version-history":[{"count":1,"href":"https:\/\/infoecos.com.ar\/index.php\/wp-json\/wp\/v2\/posts\/163350\/revisions"}],"predecessor-version":[{"id":163352,"href":"https:\/\/infoecos.com.ar\/index.php\/wp-json\/wp\/v2\/posts\/163350\/revisions\/163352"}],"wp:featuredmedia":[{"embeddable":true,"href":"https:\/\/infoecos.com.ar\/index.php\/wp-json\/wp\/v2\/media\/163351"}],"wp:attachment":[{"href":"https:\/\/infoecos.com.ar\/index.php\/wp-json\/wp\/v2\/media?parent=163350"}],"wp:term":[{"taxonomy":"category","embeddable":true,"href":"https:\/\/infoecos.com.ar\/index.php\/wp-json\/wp\/v2\/categories?post=163350"},{"taxonomy":"post_tag","embeddable":true,"href":"https:\/\/infoecos.com.ar\/index.php\/wp-json\/wp\/v2\/tags?post=163350"}],"curies":[{"name":"wp","href":"https:\/\/api.w.org\/{rel}","templated":true}]}}