{"id":163354,"date":"2026-09-06T15:56:36","date_gmt":"2026-09-06T18:56:36","guid":{"rendered":"https:\/\/infoecos.com.ar\/?p=163354"},"modified":"2026-09-06T15:56:43","modified_gmt":"2026-09-06T18:56:43","slug":"karina-milei-y-santilli-salieron-a-beber-pueblo-y-este-domingo-estuvieron-en-el-triunfo-distrito-de-lincoln","status":"publish","type":"post","link":"https:\/\/infoecos.com.ar\/index.php\/karina-milei-y-santilli-salieron-a-beber-pueblo-y-este-domingo-estuvieron-en-el-triunfo-distrito-de-lincoln\/","title":{"rendered":"#Karina Milei y Santilli: Salieron a \u00abbeber pueblo\u00bb y este domingo estuvieron en El Triunfo, distrito de Lincoln"},"content":{"rendered":"\n<p class=\"wp-block-paragraph\">La secretaria general de la Presidencia, Karina Milei, y el Jefe de Gabinete, Diego Santilli, estuvieron \u00abbebiendo\u00bb pueblo en el distrito de Lincoln.<\/p>\n\n\n\n<figure class=\"wp-block-gallery has-nested-images columns-default is-cropped wp-block-gallery-1 is-layout-flex wp-block-gallery-is-layout-flex\">\n<figure class=\"wp-block-image size-full\"><img loading=\"lazy\" decoding=\"async\" width=\"1133\" height=\"632\" data-id=\"163359\" src=\"https:\/\/infoecos.com.ar\/wp-content\/uploads\/2026\/09\/SANTILLI-Y-KARINA-2.jpeg\" alt=\"\" class=\"wp-image-163359\" srcset=\"https:\/\/infoecos.com.ar\/wp-content\/uploads\/2026\/09\/SANTILLI-Y-KARINA-2.jpeg 1133w, https:\/\/infoecos.com.ar\/wp-content\/uploads\/2026\/09\/SANTILLI-Y-KARINA-2-800x446.jpeg 800w, https:\/\/infoecos.com.ar\/wp-content\/uploads\/2026\/09\/SANTILLI-Y-KARINA-2-767x428.jpeg 767w\" sizes=\"auto, (max-width: 1133px) 100vw, 1133px\" \/><\/figure>\n<\/figure>\n\n\n\n<p class=\"wp-block-paragraph\">Participaron del cierre de una nueva edici\u00f3n de \u00abBien Montados\u00bb, el tradicional evento que se desarrolla en la localidad de El Triunfo, y que cada a\u00f1o re\u00fane a destacadas jinetes y criadores del \u00e1mbito nacional.<\/p>\n\n\n\n<figure class=\"wp-block-image size-full\"><img loading=\"lazy\" decoding=\"async\" width=\"1138\" height=\"614\" src=\"https:\/\/infoecos.com.ar\/wp-content\/uploads\/2026\/09\/SANTILLI-Y-KARINA-1.jpeg\" alt=\"\" class=\"wp-image-163360\" srcset=\"https:\/\/infoecos.com.ar\/wp-content\/uploads\/2026\/09\/SANTILLI-Y-KARINA-1.jpeg 1138w, https:\/\/infoecos.com.ar\/wp-content\/uploads\/2026\/09\/SANTILLI-Y-KARINA-1-767x414.jpeg 767w, https:\/\/infoecos.com.ar\/wp-content\/uploads\/2026\/09\/SANTILLI-Y-KARINA-1-800x432.jpeg 800w, https:\/\/infoecos.com.ar\/wp-content\/uploads\/2026\/09\/SANTILLI-Y-KARINA-1-1023x552.jpeg 1023w\" sizes=\"auto, (max-width: 1138px) 100vw, 1138px\" \/><\/figure>\n\n\n\n<p class=\"wp-block-paragraph\">La visita de alto voltaje pol\u00edtico tambi\u00e9n cont\u00f3 con la asistencia del Senador Pablo Petrecca; el intendente de Lincoln, Salvador Serenal; el contador Alberto Salas; el presidente del Concejo Deliberante, Emiliano Ressia; la Concejal del PRO Sof\u00eda Arnig y la referente del PRO Cuti Walberg.<\/p>\n\n\n\n<p class=\"wp-block-paragraph\">Habr\u00edan viajado a Lincoln en un helic\u00f3ptero de la Fuerza A\u00e9rea. <\/p>\n\n\n\n<figure class=\"wp-block-video\"><video height=\"1280\" style=\"aspect-ratio: 720 \/ 1280;\" width=\"720\" controls src=\"https:\/\/infoecos.com.ar\/wp-content\/uploads\/2026\/09\/santilli-y-milei.mp4\"><\/video><\/figure>\n\n\n\n<p class=\"wp-block-paragraph\"><strong>Video: Alejandra Ramos<\/strong><\/p>\n","protected":false},"excerpt":{"rendered":"<p>La secretaria general de la Presidencia, Karina Milei, y el Jefe de Gabinete, Diego Santilli,&#8230;<\/p>\n","protected":false},"author":2,"featured_media":163359,"comment_status":"closed","ping_status":"open","sticky":false,"template":"","format":"standard","meta":{"footnotes":""},"categories":[1612],"tags":[10298],"class_list":["post-163354","post","type-post","status-publish","format-standard","has-post-thumbnail","hentry","category-noticia-principal","tag-bloque-inferior"],"featured_image_urls":{"full":["https:\/\/infoecos.com.ar\/wp-content\/uploads\/2026\/09\/SANTILLI-Y-KARINA-2.jpeg",1133,632,false],"thumbnail":["https:\/\/infoecos.com.ar\/wp-content\/uploads\/2026\/09\/SANTILLI-Y-KARINA-2-300x150.jpeg",300,150,true],"medium":["https:\/\/infoecos.com.ar\/wp-content\/uploads\/2026\/09\/SANTILLI-Y-KARINA-2-800x446.jpeg",800,446,true],"medium_large":["https:\/\/infoecos.com.ar\/wp-content\/uploads\/2026\/09\/SANTILLI-Y-KARINA-2-767x428.jpeg",640,357,true],"large":["https:\/\/infoecos.com.ar\/wp-content\/uploads\/2026\/09\/SANTILLI-Y-KARINA-2.jpeg",640,357,false],"1536x1536":["https:\/\/infoecos.com.ar\/wp-content\/uploads\/2026\/09\/SANTILLI-Y-KARINA-2.jpeg",1133,632,false],"2048x2048":["https:\/\/infoecos.com.ar\/wp-content\/uploads\/2026\/09\/SANTILLI-Y-KARINA-2.jpeg",1133,632,false],"covernews-slider-full":["https:\/\/infoecos.com.ar\/wp-content\/uploads\/2026\/09\/SANTILLI-Y-KARINA-2-1115x632.jpeg",1115,632,true],"covernews-slider-center":["https:\/\/infoecos.com.ar\/wp-content\/uploads\/2026\/09\/SANTILLI-Y-KARINA-2-800x500.jpeg",800,500,true],"covernews-featured":["https:\/\/infoecos.com.ar\/wp-content\/uploads\/2026\/09\/SANTILLI-Y-KARINA-2.jpeg",1024,571,false],"covernews-medium":["https:\/\/infoecos.com.ar\/wp-content\/uploads\/2026\/09\/SANTILLI-Y-KARINA-2.jpeg",540,301,false],"covernews-medium-square":["https:\/\/infoecos.com.ar\/wp-content\/uploads\/2026\/09\/SANTILLI-Y-KARINA-2.jpeg",400,223,false]},"author_info":{"info":["Jorge Matheus"]},"category_info":"<a href=\"https:\/\/infoecos.com.ar\/index.php\/category\/noticia-principal\/\" rel=\"category tag\">Noticia Principal<\/a>","tag_info":"Noticia Principal","comment_count":"0","_links":{"self":[{"href":"https:\/\/infoecos.com.ar\/index.php\/wp-json\/wp\/v2\/posts\/163354","targetHints":{"allow":["GET"]}}],"collection":[{"href":"https:\/\/infoecos.com.ar\/index.php\/wp-json\/wp\/v2\/posts"}],"about":[{"href":"https:\/\/infoecos.com.ar\/index.php\/wp-json\/wp\/v2\/types\/post"}],"author":[{"embeddable":true,"href":"https:\/\/infoecos.com.ar\/index.php\/wp-json\/wp\/v2\/users\/2"}],"replies":[{"embeddable":true,"href":"https:\/\/infoecos.com.ar\/index.php\/wp-json\/wp\/v2\/comments?post=163354"}],"version-history":[{"count":1,"href":"https:\/\/infoecos.com.ar\/index.php\/wp-json\/wp\/v2\/posts\/163354\/revisions"}],"predecessor-version":[{"id":163361,"href":"https:\/\/infoecos.com.ar\/index.php\/wp-json\/wp\/v2\/posts\/163354\/revisions\/163361"}],"wp:featuredmedia":[{"embeddable":true,"href":"https:\/\/infoecos.com.ar\/index.php\/wp-json\/wp\/v2\/media\/163359"}],"wp:attachment":[{"href":"https:\/\/infoecos.com.ar\/index.php\/wp-json\/wp\/v2\/media?parent=163354"}],"wp:term":[{"taxonomy":"category","embeddable":true,"href":"https:\/\/infoecos.com.ar\/index.php\/wp-json\/wp\/v2\/categories?post=163354"},{"taxonomy":"post_tag","embeddable":true,"href":"https:\/\/infoecos.com.ar\/index.php\/wp-json\/wp\/v2\/tags?post=163354"}],"curies":[{"name":"wp","href":"https:\/\/api.w.org\/{rel}","templated":true}]}}