{"id":163372,"date":"2026-09-06T17:28:17","date_gmt":"2026-09-06T20:28:17","guid":{"rendered":"https:\/\/infoecos.com.ar\/?p=163372"},"modified":"2026-09-06T17:28:18","modified_gmt":"2026-09-06T20:28:18","slug":"la-vicepresidenta-villarruel-en-chivilcoy-necesitamos-mejores-caminos-rurales-puentes-desagues-conectividad-energia-y-rutas","status":"publish","type":"post","link":"https:\/\/infoecos.com.ar\/index.php\/la-vicepresidenta-villarruel-en-chivilcoy-necesitamos-mejores-caminos-rurales-puentes-desagues-conectividad-energia-y-rutas\/","title":{"rendered":"#La vicepresidenta Villarruel en Chivilcoy: \u00abNecesitamos mejores caminos rurales, puentes, desag\u00fces, conectividad, energ\u00eda y rutas\u00bb."},"content":{"rendered":"\n<p class=\"wp-block-paragraph\">Con la presencia de la vicepresidente de la Naci\u00f3n, Victoria Villarruel, y del intendente Guillermo Britos, qued\u00f3 oficialmente inaugurada la 74\u00aa Exposici\u00f3n Rural, Agr\u00edcola, Ganadera, Industrial y Comercial de Chivilcoy, organizada por la Asociaci\u00f3n Rural de Chivilcoy.<\/p>\n\n\n\n<figure class=\"wp-block-gallery has-nested-images columns-default is-cropped wp-block-gallery-1 is-layout-flex wp-block-gallery-is-layout-flex\">\n<figure class=\"wp-block-image size-full\"><img loading=\"lazy\" decoding=\"async\" width=\"720\" height=\"540\" data-id=\"163373\" src=\"https:\/\/infoecos.com.ar\/wp-content\/uploads\/2026\/09\/villarruel.jpg\" alt=\"\" class=\"wp-image-163373\"\/><\/figure>\n\n\n\n<figure class=\"wp-block-image size-full\"><img loading=\"lazy\" decoding=\"async\" width=\"720\" height=\"540\" data-id=\"163374\" src=\"https:\/\/infoecos.com.ar\/wp-content\/uploads\/2026\/09\/villarruel1.jpg\" alt=\"\" class=\"wp-image-163374\"\/><\/figure>\n\n\n\n<figure class=\"wp-block-image size-full\"><img loading=\"lazy\" decoding=\"async\" width=\"720\" height=\"540\" data-id=\"163375\" src=\"https:\/\/infoecos.com.ar\/wp-content\/uploads\/2026\/09\/villarruel3.jpg\" alt=\"\" class=\"wp-image-163375\"\/><\/figure>\n<\/figure>\n\n\n\n<p class=\"wp-block-paragraph\">El intendente municipal Guillermo Britos, en el discurso inaugural de la muestra cuestion\u00f3 la presi\u00f3n impositiva que recae sobre el sector agropecuario y sostuvo que la mayor carga tributaria y las principales dificultades de infraestructura que afectan a los productores corresponden a los gobiernos nacional y provincial.<\/p>\n\n\n\n<p class=\"wp-block-paragraph\">En ese sentido, hizo referencia al \u00edndice FADA y se\u00f1al\u00f3 que, si bien coincide con el planteo sobre el porcentaje de la producci\u00f3n que queda en concepto de impuestos, consider\u00f3 necesario discriminar qu\u00e9 parte corresponde a cada nivel del Estado.<\/p>\n\n\n\n<p class=\"wp-block-paragraph\"><em><strong>\u201cEs un disparate que m\u00e1s del 60% de lo que producen los productores agropecuarios quede para los impuestos nacionales, provinciales y municipales\u201d<\/strong>,<\/em>\u00a0sostuvo, y agreg\u00f3 que, seg\u00fan el propio \u00edndice, <strong><em>aproximadamente el 93% de esa carga corresponde a Naci\u00f3n, el 5% a la Provincia de Buenos Aires y cerca del 1% a los municipios.<\/em><\/strong><\/p>\n\n\n\n<p class=\"wp-block-paragraph\">Britos tambi\u00e9n <strong><em>cuestion\u00f3 el estado de las rutas y el futuro peaje sobre la Ruta 5, al recordar que todav\u00eda no se concret\u00f3 la autov\u00eda prometida y que la actual concesi\u00f3n no contempla, la obligaci\u00f3n de construir un tramo de autov\u00eda o una tercera mano<\/em><\/strong>.<\/p>\n\n\n\n<p class=\"wp-block-paragraph\"><em><strong>\u201cHay que reclamar donde hay que reclamar\u201d<\/strong>,<\/em>\u00a0afirm\u00f3, al tiempo que sostuvo que la mayor injerencia sobre la actividad agropecuaria corresponde actualmente a los gobiernos nacional y provincial.<\/p>\n\n\n\n<p class=\"wp-block-paragraph\">La vicepresidenta de la Naci\u00f3n, Victoria Villarruel en un video que public\u00f3 en sus cuentas de @Instagram hizo conocer el discurso que pronunci\u00f3 en la muestra, donde se\u00f1al\u00f3 entre otras cosas: <\/p>\n\n\n\n<ul class=\"wp-block-list\">\n<li>\u00abQuiero reafirmar mi compromiso con quienes producen, invierten y generan trabajo. Argentina necesita una reforma impositiva que premie el esfuerzo y una pol\u00edtica productiva que mire mucho m\u00e1s al territorio y permita ahorrar a las familias. Detr\u00e1s de cada productor hay familias, trabajadores, empresas, comercios y comunidades enteras. Por eso necesitamos mejores caminos rurales, puentes, desag\u00fces, conectividad, energ\u00eda y rutas\u00bb. <\/li>\n\n\n\n<li>\u00abTenemos que construir un sistema que incentive a quien produce m\u00e1s, agrega valor y genera empleo. Producir m\u00e1s significa ser competitivos, exportar, generar divisas, incorporar tecnolog\u00eda y mejorar los salarios. Estoy convencida de que la Argentina que queremos se construye con producci\u00f3n, salario, trabajo y familia\u00bb.<\/li>\n<\/ul>\n\n\n\n<figure class=\"wp-block-video\"><video height=\"852\" style=\"aspect-ratio: 480 \/ 852;\" width=\"480\" controls src=\"https:\/\/infoecos.com.ar\/wp-content\/uploads\/2026\/09\/villarruel-victoria.mp4\"><\/video><\/figure>\n\n\n","protected":false},"excerpt":{"rendered":"<p>Con la presencia de la vicepresidente de la Naci\u00f3n, Victoria Villarruel, y del intendente Guillermo&#8230;<\/p>\n","protected":false},"author":2,"featured_media":163378,"comment_status":"closed","ping_status":"open","sticky":false,"template":"","format":"standard","meta":{"footnotes":""},"categories":[1],"tags":[10304,10298],"class_list":["post-163372","post","type-post","status-publish","format-standard","has-post-thumbnail","hentry","category-sin-categoria","tag-actualidad","tag-bloque-inferior"],"featured_image_urls":{"full":["https:\/\/infoecos.com.ar\/wp-content\/uploads\/2026\/09\/VILLARRUEL-EN-CHIVILCOY.jpeg",757,547,false],"thumbnail":["https:\/\/infoecos.com.ar\/wp-content\/uploads\/2026\/09\/VILLARRUEL-EN-CHIVILCOY-300x150.jpeg",300,150,true],"medium":["https:\/\/infoecos.com.ar\/wp-content\/uploads\/2026\/09\/VILLARRUEL-EN-CHIVILCOY.jpeg",757,547,false],"medium_large":["https:\/\/infoecos.com.ar\/wp-content\/uploads\/2026\/09\/VILLARRUEL-EN-CHIVILCOY.jpeg",640,462,false],"large":["https:\/\/infoecos.com.ar\/wp-content\/uploads\/2026\/09\/VILLARRUEL-EN-CHIVILCOY.jpeg",640,462,false],"1536x1536":["https:\/\/infoecos.com.ar\/wp-content\/uploads\/2026\/09\/VILLARRUEL-EN-CHIVILCOY.jpeg",757,547,false],"2048x2048":["https:\/\/infoecos.com.ar\/wp-content\/uploads\/2026\/09\/VILLARRUEL-EN-CHIVILCOY.jpeg",757,547,false],"covernews-slider-full":["https:\/\/infoecos.com.ar\/wp-content\/uploads\/2026\/09\/VILLARRUEL-EN-CHIVILCOY.jpeg",757,547,false],"covernews-slider-center":["https:\/\/infoecos.com.ar\/wp-content\/uploads\/2026\/09\/VILLARRUEL-EN-CHIVILCOY-757x500.jpeg",757,500,true],"covernews-featured":["https:\/\/infoecos.com.ar\/wp-content\/uploads\/2026\/09\/VILLARRUEL-EN-CHIVILCOY.jpeg",757,547,false],"covernews-medium":["https:\/\/infoecos.com.ar\/wp-content\/uploads\/2026\/09\/VILLARRUEL-EN-CHIVILCOY-540x340.jpeg",540,340,true],"covernews-medium-square":["https:\/\/infoecos.com.ar\/wp-content\/uploads\/2026\/09\/VILLARRUEL-EN-CHIVILCOY-400x250.jpeg",400,250,true]},"author_info":{"info":["Jorge Matheus"]},"category_info":"<a href=\"https:\/\/infoecos.com.ar\/index.php\/category\/sin-categoria\/\" rel=\"category tag\">Sin categor\u00eda<\/a>","tag_info":"Sin categor\u00eda","comment_count":"0","_links":{"self":[{"href":"https:\/\/infoecos.com.ar\/index.php\/wp-json\/wp\/v2\/posts\/163372","targetHints":{"allow":["GET"]}}],"collection":[{"href":"https:\/\/infoecos.com.ar\/index.php\/wp-json\/wp\/v2\/posts"}],"about":[{"href":"https:\/\/infoecos.com.ar\/index.php\/wp-json\/wp\/v2\/types\/post"}],"author":[{"embeddable":true,"href":"https:\/\/infoecos.com.ar\/index.php\/wp-json\/wp\/v2\/users\/2"}],"replies":[{"embeddable":true,"href":"https:\/\/infoecos.com.ar\/index.php\/wp-json\/wp\/v2\/comments?post=163372"}],"version-history":[{"count":1,"href":"https:\/\/infoecos.com.ar\/index.php\/wp-json\/wp\/v2\/posts\/163372\/revisions"}],"predecessor-version":[{"id":163379,"href":"https:\/\/infoecos.com.ar\/index.php\/wp-json\/wp\/v2\/posts\/163372\/revisions\/163379"}],"wp:featuredmedia":[{"embeddable":true,"href":"https:\/\/infoecos.com.ar\/index.php\/wp-json\/wp\/v2\/media\/163378"}],"wp:attachment":[{"href":"https:\/\/infoecos.com.ar\/index.php\/wp-json\/wp\/v2\/media?parent=163372"}],"wp:term":[{"taxonomy":"category","embeddable":true,"href":"https:\/\/infoecos.com.ar\/index.php\/wp-json\/wp\/v2\/categories?post=163372"},{"taxonomy":"post_tag","embeddable":true,"href":"https:\/\/infoecos.com.ar\/index.php\/wp-json\/wp\/v2\/tags?post=163372"}],"curies":[{"name":"wp","href":"https:\/\/api.w.org\/{rel}","templated":true}]}}