{"id":58835,"date":"2020-03-09T19:12:09","date_gmt":"2020-03-09T22:12:09","guid":{"rendered":"http:\/\/infoecos.com.ar\/?p=58835"},"modified":"2020-03-10T00:41:41","modified_gmt":"2020-03-10T03:41:41","slug":"se-confirmo-el-segundo-caso-positivo-de-coronavirus-en-la-provincia-de-buenos-aires-y-suman-13-las-personas-infectadas-en-el-pais","status":"publish","type":"post","link":"https:\/\/infoecos.com.ar\/index.php\/se-confirmo-el-segundo-caso-positivo-de-coronavirus-en-la-provincia-de-buenos-aires-y-suman-13-las-personas-infectadas-en-el-pais\/","title":{"rendered":"Se confirm\u00f3 el segundo caso positivo de coronavirus en la provincia de Buenos Aires y suman 17 las personas infectadas en el pa\u00eds"},"content":{"rendered":"\n<p>Se confirm\u00f3 el segundo caso positivo de coronavirus en la provincia de Buenos Aires. Se trata de una mujer de 53 a\u00f1os que lleg\u00f3 desde\u00a0<strong>Europa<\/strong>. Con ella, ya son 17 las personas infectadas en territorio nacional. Los diez casos restantes est\u00e1n divididos entre\u00a0<strong>Capital\u00a0<\/strong>(9) y\u00a0<strong>C\u00f3rdoba\u00a0<\/strong>(1).<\/p>\n\n\n\n<p>En cuanto a esta mujer, cuya enfermedad se le detect\u00f3 recientemente, es residente del partido bonaerense de&nbsp;<strong>Vicente L\u00f3pez<\/strong>. Se trata de una abogada procedente del viejo continente y que se encuentra internada en el Hospital Posadas. De esta manera, se confirm\u00f3 que todos los casos fueron importados. Doce contra\u00eddos en&nbsp;<strong>Europa<\/strong>, mientras que el restante de&nbsp;<strong>Estados Unidos<\/strong>.<\/p>\n\n\n\n<div class=\"wp-block-image\"><figure class=\"aligncenter size-medium\"><img decoding=\"async\" src=\"http:\/\/infoecos.com.ar\/wp-content\/uploads\/merscov-460x230.jpg\" alt=\"\" class=\"wp-image-58836\"\/><\/figure><\/div>\n\n\n\n<p>En este sentido,&nbsp;<strong>Carla Vizzotti<\/strong>, secretaria de Acceso a la Salud, se refiri\u00f3 al respecto. \u201cSeguimos trabajando en conjunto. Este 9 de marzo Argentina sigue en proceso de contenci\u00f3n trabajando con todos los sectores. En este sentido, el ministro de Salud tuvo una videoconferencia con las 24 jurisdicciones donde participaron los ministros provinciales, el referente de epidemiolog\u00eda y el referente del Sistema de Salud\u201d, expres\u00f3.<\/p>\n\n\n\n<p>\u201cActualizar las recomendaciones y trabajar en forma concreta en relaci\u00f3n con los pasos a seguir. Argentina tiene un protocolo con respuesta integrada que se est\u00e1 implementando con una estrategia para cada una de las situaciones. Se identific\u00f3 que se trata de una situaci\u00f3n muy din\u00e1mica y por ello la importancia de la comunicaci\u00f3n y el trabajo en conjunto\u201d, finaliz\u00f3.<\/p>\n","protected":false},"excerpt":{"rendered":"<p>Se confirm\u00f3 el segundo caso positivo de coronavirus en la provincia de Buenos Aires. Se&#8230;<\/p>\n","protected":false},"author":2,"featured_media":0,"comment_status":"closed","ping_status":"open","sticky":false,"template":"","format":"standard","meta":{"footnotes":""},"categories":[45],"tags":[156],"class_list":["post-58835","post","type-post","status-publish","format-standard","hentry","category-c1nota2","tag-salud"],"yoast_head":"<!-- This site is optimized with the Yoast SEO plugin v23.4 - https:\/\/yoast.com\/wordpress\/plugins\/seo\/ -->\n<title>Se confirm\u00f3 el segundo caso positivo de coronavirus en la provincia de Buenos Aires y suman 17 las personas infectadas en el pa\u00eds - Infoecos<\/title>\n<meta name=\"robots\" content=\"index, follow, max-snippet:-1, max-image-preview:large, max-video-preview:-1\" \/>\n<link rel=\"canonical\" href=\"https:\/\/infoecos.com.ar\/index.php\/se-confirmo-el-segundo-caso-positivo-de-coronavirus-en-la-provincia-de-buenos-aires-y-suman-13-las-personas-infectadas-en-el-pais\/\" \/>\n<meta property=\"og:locale\" content=\"es_ES\" \/>\n<meta property=\"og:type\" content=\"article\" \/>\n<meta property=\"og:title\" content=\"Se confirm\u00f3 el segundo caso positivo de coronavirus en la provincia de Buenos Aires y suman 17 las personas infectadas en el pa\u00eds - Infoecos\" \/>\n<meta property=\"og:description\" content=\"Se confirm\u00f3 el segundo caso positivo de coronavirus en la provincia de Buenos Aires. Se...\" \/>\n<meta property=\"og:url\" content=\"https:\/\/infoecos.com.ar\/index.php\/se-confirmo-el-segundo-caso-positivo-de-coronavirus-en-la-provincia-de-buenos-aires-y-suman-13-las-personas-infectadas-en-el-pais\/\" \/>\n<meta property=\"og:site_name\" content=\"Infoecos\" \/>\n<meta property=\"article:publisher\" content=\"https:\/\/www.facebook.com\/profile.php?id=100063200290284\" \/>\n<meta property=\"article:published_time\" content=\"2020-03-09T22:12:09+00:00\" \/>\n<meta property=\"article:modified_time\" content=\"2020-03-10T03:41:41+00:00\" \/>\n<meta property=\"og:image\" content=\"https:\/\/infoecos.com.ar\/wp-content\/uploads\/merscov.jpg\" \/>\n\t<meta property=\"og:image:width\" content=\"840\" \/>\n\t<meta property=\"og:image:height\" content=\"420\" \/>\n\t<meta property=\"og:image:type\" content=\"image\/jpeg\" \/>\n<meta name=\"author\" content=\"Jorge Matheus\" \/>\n<meta name=\"twitter:card\" content=\"summary_large_image\" \/>\n<meta name=\"twitter:creator\" content=\"@infoecos\" \/>\n<meta name=\"twitter:site\" content=\"@infoecos\" \/>\n<meta name=\"twitter:label1\" content=\"Escrito por\" \/>\n\t<meta name=\"twitter:data1\" content=\"Jorge Matheus\" \/>\n\t<meta name=\"twitter:label2\" content=\"Tiempo de lectura\" \/>\n\t<meta name=\"twitter:data2\" content=\"1 minuto\" \/>\n<script type=\"application\/ld+json\" class=\"yoast-schema-graph\">{\"@context\":\"https:\/\/schema.org\",\"@graph\":[{\"@type\":\"Article\",\"@id\":\"https:\/\/infoecos.com.ar\/index.php\/se-confirmo-el-segundo-caso-positivo-de-coronavirus-en-la-provincia-de-buenos-aires-y-suman-13-las-personas-infectadas-en-el-pais\/#article\",\"isPartOf\":{\"@id\":\"https:\/\/infoecos.com.ar\/index.php\/se-confirmo-el-segundo-caso-positivo-de-coronavirus-en-la-provincia-de-buenos-aires-y-suman-13-las-personas-infectadas-en-el-pais\/\"},\"author\":{\"name\":\"Jorge Matheus\",\"@id\":\"https:\/\/infoecos.com.ar\/#\/schema\/person\/8f5ace5ce73b4b4aac4b7245aee6f191\"},\"headline\":\"Se confirm\u00f3 el segundo caso positivo de coronavirus en la provincia de Buenos Aires y suman 17 las personas infectadas en el pa\u00eds\",\"datePublished\":\"2020-03-09T22:12:09+00:00\",\"dateModified\":\"2020-03-10T03:41:41+00:00\",\"mainEntityOfPage\":{\"@id\":\"https:\/\/infoecos.com.ar\/index.php\/se-confirmo-el-segundo-caso-positivo-de-coronavirus-en-la-provincia-de-buenos-aires-y-suman-13-las-personas-infectadas-en-el-pais\/\"},\"wordCount\":264,\"publisher\":{\"@id\":\"https:\/\/infoecos.com.ar\/#organization\"},\"image\":{\"@id\":\"https:\/\/infoecos.com.ar\/index.php\/se-confirmo-el-segundo-caso-positivo-de-coronavirus-en-la-provincia-de-buenos-aires-y-suman-13-las-personas-infectadas-en-el-pais\/#primaryimage\"},\"thumbnailUrl\":\"http:\/\/infoecos.com.ar\/wp-content\/uploads\/merscov-460x230.jpg\",\"keywords\":[\"SALUD\"],\"articleSection\":[\"C1 N2\"],\"inLanguage\":\"es\"},{\"@type\":\"WebPage\",\"@id\":\"https:\/\/infoecos.com.ar\/index.php\/se-confirmo-el-segundo-caso-positivo-de-coronavirus-en-la-provincia-de-buenos-aires-y-suman-13-las-personas-infectadas-en-el-pais\/\",\"url\":\"https:\/\/infoecos.com.ar\/index.php\/se-confirmo-el-segundo-caso-positivo-de-coronavirus-en-la-provincia-de-buenos-aires-y-suman-13-las-personas-infectadas-en-el-pais\/\",\"name\":\"Se confirm\u00f3 el segundo caso positivo de coronavirus en la provincia de Buenos Aires y suman 17 las personas infectadas en el pa\u00eds - Infoecos\",\"isPartOf\":{\"@id\":\"https:\/\/infoecos.com.ar\/#website\"},\"primaryImageOfPage\":{\"@id\":\"https:\/\/infoecos.com.ar\/index.php\/se-confirmo-el-segundo-caso-positivo-de-coronavirus-en-la-provincia-de-buenos-aires-y-suman-13-las-personas-infectadas-en-el-pais\/#primaryimage\"},\"image\":{\"@id\":\"https:\/\/infoecos.com.ar\/index.php\/se-confirmo-el-segundo-caso-positivo-de-coronavirus-en-la-provincia-de-buenos-aires-y-suman-13-las-personas-infectadas-en-el-pais\/#primaryimage\"},\"thumbnailUrl\":\"http:\/\/infoecos.com.ar\/wp-content\/uploads\/merscov-460x230.jpg\",\"datePublished\":\"2020-03-09T22:12:09+00:00\",\"dateModified\":\"2020-03-10T03:41:41+00:00\",\"breadcrumb\":{\"@id\":\"https:\/\/infoecos.com.ar\/index.php\/se-confirmo-el-segundo-caso-positivo-de-coronavirus-en-la-provincia-de-buenos-aires-y-suman-13-las-personas-infectadas-en-el-pais\/#breadcrumb\"},\"inLanguage\":\"es\",\"potentialAction\":[{\"@type\":\"ReadAction\",\"target\":[\"https:\/\/infoecos.com.ar\/index.php\/se-confirmo-el-segundo-caso-positivo-de-coronavirus-en-la-provincia-de-buenos-aires-y-suman-13-las-personas-infectadas-en-el-pais\/\"]}]},{\"@type\":\"ImageObject\",\"inLanguage\":\"es\",\"@id\":\"https:\/\/infoecos.com.ar\/index.php\/se-confirmo-el-segundo-caso-positivo-de-coronavirus-en-la-provincia-de-buenos-aires-y-suman-13-las-personas-infectadas-en-el-pais\/#primaryimage\",\"url\":\"\",\"contentUrl\":\"\"},{\"@type\":\"BreadcrumbList\",\"@id\":\"https:\/\/infoecos.com.ar\/index.php\/se-confirmo-el-segundo-caso-positivo-de-coronavirus-en-la-provincia-de-buenos-aires-y-suman-13-las-personas-infectadas-en-el-pais\/#breadcrumb\",\"itemListElement\":[{\"@type\":\"ListItem\",\"position\":1,\"name\":\"Portada\",\"item\":\"https:\/\/infoecos.com.ar\/\"},{\"@type\":\"ListItem\",\"position\":2,\"name\":\"Se confirm\u00f3 el segundo caso positivo de coronavirus en la provincia de Buenos Aires y suman 17 las personas infectadas en el pa\u00eds\"}]},{\"@type\":\"WebSite\",\"@id\":\"https:\/\/infoecos.com.ar\/#website\",\"url\":\"https:\/\/infoecos.com.ar\/\",\"name\":\"Infoecos\",\"description\":\"Noticias de trenque lauquen y la zona\",\"publisher\":{\"@id\":\"https:\/\/infoecos.com.ar\/#organization\"},\"alternateName\":\"Noticias\",\"potentialAction\":[{\"@type\":\"SearchAction\",\"target\":{\"@type\":\"EntryPoint\",\"urlTemplate\":\"https:\/\/infoecos.com.ar\/?s={search_term_string}\"},\"query-input\":{\"@type\":\"PropertyValueSpecification\",\"valueRequired\":true,\"valueName\":\"search_term_string\"}}],\"inLanguage\":\"es\"},{\"@type\":\"Organization\",\"@id\":\"https:\/\/infoecos.com.ar\/#organization\",\"name\":\"Infoecos\",\"alternateName\":\"Noticias\",\"url\":\"https:\/\/infoecos.com.ar\/\",\"logo\":{\"@type\":\"ImageObject\",\"inLanguage\":\"es\",\"@id\":\"https:\/\/infoecos.com.ar\/#\/schema\/logo\/image\/\",\"url\":\"https:\/\/infoecos.com.ar\/wp-content\/uploads\/2024\/03\/cropped-logo.png\",\"contentUrl\":\"https:\/\/infoecos.com.ar\/wp-content\/uploads\/2024\/03\/cropped-logo.png\",\"width\":374,\"height\":90,\"caption\":\"Infoecos\"},\"image\":{\"@id\":\"https:\/\/infoecos.com.ar\/#\/schema\/logo\/image\/\"},\"sameAs\":[\"https:\/\/www.facebook.com\/profile.php?id=100063200290284\",\"https:\/\/x.com\/infoecos\"]},{\"@type\":\"Person\",\"@id\":\"https:\/\/infoecos.com.ar\/#\/schema\/person\/8f5ace5ce73b4b4aac4b7245aee6f191\",\"name\":\"Jorge Matheus\",\"url\":\"https:\/\/infoecos.com.ar\/index.php\/author\/jomatheus\/\"}]}<\/script>\n<!-- \/ Yoast SEO plugin. -->","yoast_head_json":{"title":"Se confirm\u00f3 el segundo caso positivo de coronavirus en la provincia de Buenos Aires y suman 17 las personas infectadas en el pa\u00eds - Infoecos","robots":{"index":"index","follow":"follow","max-snippet":"max-snippet:-1","max-image-preview":"max-image-preview:large","max-video-preview":"max-video-preview:-1"},"canonical":"https:\/\/infoecos.com.ar\/index.php\/se-confirmo-el-segundo-caso-positivo-de-coronavirus-en-la-provincia-de-buenos-aires-y-suman-13-las-personas-infectadas-en-el-pais\/","og_locale":"es_ES","og_type":"article","og_title":"Se confirm\u00f3 el segundo caso positivo de coronavirus en la provincia de Buenos Aires y suman 17 las personas infectadas en el pa\u00eds - Infoecos","og_description":"Se confirm\u00f3 el segundo caso positivo de coronavirus en la provincia de Buenos Aires. Se...","og_url":"https:\/\/infoecos.com.ar\/index.php\/se-confirmo-el-segundo-caso-positivo-de-coronavirus-en-la-provincia-de-buenos-aires-y-suman-13-las-personas-infectadas-en-el-pais\/","og_site_name":"Infoecos","article_publisher":"https:\/\/www.facebook.com\/profile.php?id=100063200290284","article_published_time":"2020-03-09T22:12:09+00:00","article_modified_time":"2020-03-10T03:41:41+00:00","og_image":[{"width":840,"height":420,"url":"https:\/\/infoecos.com.ar\/wp-content\/uploads\/merscov.jpg","type":"image\/jpeg"}],"author":"Jorge Matheus","twitter_card":"summary_large_image","twitter_creator":"@infoecos","twitter_site":"@infoecos","twitter_misc":{"Escrito por":"Jorge Matheus","Tiempo de lectura":"1 minuto"},"schema":{"@context":"https:\/\/schema.org","@graph":[{"@type":"Article","@id":"https:\/\/infoecos.com.ar\/index.php\/se-confirmo-el-segundo-caso-positivo-de-coronavirus-en-la-provincia-de-buenos-aires-y-suman-13-las-personas-infectadas-en-el-pais\/#article","isPartOf":{"@id":"https:\/\/infoecos.com.ar\/index.php\/se-confirmo-el-segundo-caso-positivo-de-coronavirus-en-la-provincia-de-buenos-aires-y-suman-13-las-personas-infectadas-en-el-pais\/"},"author":{"name":"Jorge Matheus","@id":"https:\/\/infoecos.com.ar\/#\/schema\/person\/8f5ace5ce73b4b4aac4b7245aee6f191"},"headline":"Se confirm\u00f3 el segundo caso positivo de coronavirus en la provincia de Buenos Aires y suman 17 las personas infectadas en el pa\u00eds","datePublished":"2020-03-09T22:12:09+00:00","dateModified":"2020-03-10T03:41:41+00:00","mainEntityOfPage":{"@id":"https:\/\/infoecos.com.ar\/index.php\/se-confirmo-el-segundo-caso-positivo-de-coronavirus-en-la-provincia-de-buenos-aires-y-suman-13-las-personas-infectadas-en-el-pais\/"},"wordCount":264,"publisher":{"@id":"https:\/\/infoecos.com.ar\/#organization"},"image":{"@id":"https:\/\/infoecos.com.ar\/index.php\/se-confirmo-el-segundo-caso-positivo-de-coronavirus-en-la-provincia-de-buenos-aires-y-suman-13-las-personas-infectadas-en-el-pais\/#primaryimage"},"thumbnailUrl":"http:\/\/infoecos.com.ar\/wp-content\/uploads\/merscov-460x230.jpg","keywords":["SALUD"],"articleSection":["C1 N2"],"inLanguage":"es"},{"@type":"WebPage","@id":"https:\/\/infoecos.com.ar\/index.php\/se-confirmo-el-segundo-caso-positivo-de-coronavirus-en-la-provincia-de-buenos-aires-y-suman-13-las-personas-infectadas-en-el-pais\/","url":"https:\/\/infoecos.com.ar\/index.php\/se-confirmo-el-segundo-caso-positivo-de-coronavirus-en-la-provincia-de-buenos-aires-y-suman-13-las-personas-infectadas-en-el-pais\/","name":"Se confirm\u00f3 el segundo caso positivo de coronavirus en la provincia de Buenos Aires y suman 17 las personas infectadas en el pa\u00eds - Infoecos","isPartOf":{"@id":"https:\/\/infoecos.com.ar\/#website"},"primaryImageOfPage":{"@id":"https:\/\/infoecos.com.ar\/index.php\/se-confirmo-el-segundo-caso-positivo-de-coronavirus-en-la-provincia-de-buenos-aires-y-suman-13-las-personas-infectadas-en-el-pais\/#primaryimage"},"image":{"@id":"https:\/\/infoecos.com.ar\/index.php\/se-confirmo-el-segundo-caso-positivo-de-coronavirus-en-la-provincia-de-buenos-aires-y-suman-13-las-personas-infectadas-en-el-pais\/#primaryimage"},"thumbnailUrl":"http:\/\/infoecos.com.ar\/wp-content\/uploads\/merscov-460x230.jpg","datePublished":"2020-03-09T22:12:09+00:00","dateModified":"2020-03-10T03:41:41+00:00","breadcrumb":{"@id":"https:\/\/infoecos.com.ar\/index.php\/se-confirmo-el-segundo-caso-positivo-de-coronavirus-en-la-provincia-de-buenos-aires-y-suman-13-las-personas-infectadas-en-el-pais\/#breadcrumb"},"inLanguage":"es","potentialAction":[{"@type":"ReadAction","target":["https:\/\/infoecos.com.ar\/index.php\/se-confirmo-el-segundo-caso-positivo-de-coronavirus-en-la-provincia-de-buenos-aires-y-suman-13-las-personas-infectadas-en-el-pais\/"]}]},{"@type":"ImageObject","inLanguage":"es","@id":"https:\/\/infoecos.com.ar\/index.php\/se-confirmo-el-segundo-caso-positivo-de-coronavirus-en-la-provincia-de-buenos-aires-y-suman-13-las-personas-infectadas-en-el-pais\/#primaryimage","url":"","contentUrl":""},{"@type":"BreadcrumbList","@id":"https:\/\/infoecos.com.ar\/index.php\/se-confirmo-el-segundo-caso-positivo-de-coronavirus-en-la-provincia-de-buenos-aires-y-suman-13-las-personas-infectadas-en-el-pais\/#breadcrumb","itemListElement":[{"@type":"ListItem","position":1,"name":"Portada","item":"https:\/\/infoecos.com.ar\/"},{"@type":"ListItem","position":2,"name":"Se confirm\u00f3 el segundo caso positivo de coronavirus en la provincia de Buenos Aires y suman 17 las personas infectadas en el pa\u00eds"}]},{"@type":"WebSite","@id":"https:\/\/infoecos.com.ar\/#website","url":"https:\/\/infoecos.com.ar\/","name":"Infoecos","description":"Noticias de trenque lauquen y la zona","publisher":{"@id":"https:\/\/infoecos.com.ar\/#organization"},"alternateName":"Noticias","potentialAction":[{"@type":"SearchAction","target":{"@type":"EntryPoint","urlTemplate":"https:\/\/infoecos.com.ar\/?s={search_term_string}"},"query-input":{"@type":"PropertyValueSpecification","valueRequired":true,"valueName":"search_term_string"}}],"inLanguage":"es"},{"@type":"Organization","@id":"https:\/\/infoecos.com.ar\/#organization","name":"Infoecos","alternateName":"Noticias","url":"https:\/\/infoecos.com.ar\/","logo":{"@type":"ImageObject","inLanguage":"es","@id":"https:\/\/infoecos.com.ar\/#\/schema\/logo\/image\/","url":"https:\/\/infoecos.com.ar\/wp-content\/uploads\/2024\/03\/cropped-logo.png","contentUrl":"https:\/\/infoecos.com.ar\/wp-content\/uploads\/2024\/03\/cropped-logo.png","width":374,"height":90,"caption":"Infoecos"},"image":{"@id":"https:\/\/infoecos.com.ar\/#\/schema\/logo\/image\/"},"sameAs":["https:\/\/www.facebook.com\/profile.php?id=100063200290284","https:\/\/x.com\/infoecos"]},{"@type":"Person","@id":"https:\/\/infoecos.com.ar\/#\/schema\/person\/8f5ace5ce73b4b4aac4b7245aee6f191","name":"Jorge Matheus","url":"https:\/\/infoecos.com.ar\/index.php\/author\/jomatheus\/"}]}},"featured_image_urls":{"full":"","thumbnail":"","medium":"","medium_large":"","large":"","1536x1536":"","2048x2048":"","covernews-slider-full":"","covernews-slider-center":"","covernews-featured":"","covernews-medium":"","covernews-medium-square":""},"author_info":{"info":["Jorge Matheus"]},"category_info":"<a href=\"https:\/\/infoecos.com.ar\/index.php\/category\/c1nota2\/\" rel=\"category tag\">C1 N2<\/a>","tag_info":"C1 N2","comment_count":"0","_links":{"self":[{"href":"https:\/\/infoecos.com.ar\/index.php\/wp-json\/wp\/v2\/posts\/58835"}],"collection":[{"href":"https:\/\/infoecos.com.ar\/index.php\/wp-json\/wp\/v2\/posts"}],"about":[{"href":"https:\/\/infoecos.com.ar\/index.php\/wp-json\/wp\/v2\/types\/post"}],"author":[{"embeddable":true,"href":"https:\/\/infoecos.com.ar\/index.php\/wp-json\/wp\/v2\/users\/2"}],"replies":[{"embeddable":true,"href":"https:\/\/infoecos.com.ar\/index.php\/wp-json\/wp\/v2\/comments?post=58835"}],"version-history":[{"count":2,"href":"https:\/\/infoecos.com.ar\/index.php\/wp-json\/wp\/v2\/posts\/58835\/revisions"}],"predecessor-version":[{"id":58876,"href":"https:\/\/infoecos.com.ar\/index.php\/wp-json\/wp\/v2\/posts\/58835\/revisions\/58876"}],"wp:attachment":[{"href":"https:\/\/infoecos.com.ar\/index.php\/wp-json\/wp\/v2\/media?parent=58835"}],"wp:term":[{"taxonomy":"category","embeddable":true,"href":"https:\/\/infoecos.com.ar\/index.php\/wp-json\/wp\/v2\/categories?post=58835"},{"taxonomy":"post_tag","embeddable":true,"href":"https:\/\/infoecos.com.ar\/index.php\/wp-json\/wp\/v2\/tags?post=58835"}],"curies":[{"name":"wp","href":"https:\/\/api.w.org\/{rel}","templated":true}]}}