{"id":59014,"date":"2020-03-13T14:16:20","date_gmt":"2020-03-13T17:16:20","guid":{"rendered":"http:\/\/infoecos.com.ar\/?p=59014"},"modified":"2020-03-15T14:48:03","modified_gmt":"2020-03-15T17:48:03","slug":"coronavirus-el-intendente-de-trenque-lauquen-miguel-fernandez-comunico-los-alcances-de-un-decreto-mediante-el-que-se-crea-el-comite-de-emergencia","status":"publish","type":"post","link":"https:\/\/infoecos.com.ar\/index.php\/coronavirus-el-intendente-de-trenque-lauquen-miguel-fernandez-comunico-los-alcances-de-un-decreto-mediante-el-que-se-crea-el-comite-de-emergencia\/","title":{"rendered":"Coronavirus: El intendente de Trenque Lauquen, Miguel Fern\u00e1ndez, comunic\u00f3 los alcances de un decreto mediante el que se crea el Comit\u00e9 de Emergencia"},"content":{"rendered":"\n<p>El municipio de Trenque Lauquen cre\u00f3 a trav\u00e9s de un decreto que lleva el n\u00famero 493 de este a\u00f1o el Comit\u00e9 de Emergencia COVID &#8211; 19. Lo anunci\u00f3 el intendente, Miguel Fern\u00e1ndez en conferencia de prensa que se desarroll\u00f3 en su despacho, acompa\u00f1ado por el subsecretario de Salud, Dr. Sergio Valente; el subsecretario de Legal y T\u00e9cnica, Gustavo Marchabalo; la directora del Hospital, Dra. Nora Grinberg; la directora de Salud Comunitaria, Victoria Dom\u00ednguez; y por integrantes del equipo de salud: Dr. Sergio&nbsp; Urbaneja y Dra. Isabel Fern\u00e1ndez Quintana. El mandatario comunal se explay\u00f3 ante las preguntas de los periodistas en torno a las medidas para contribuir a la salud p\u00fablica, en el marco de la pandemia de Coronavirus.<\/p>\n\n\n\n<div class=\"wp-block-image\"><figure class=\"aligncenter size-medium\"><img loading=\"lazy\" decoding=\"async\" width=\"460\" height=\"307\" src=\"http:\/\/infoecos.com.ar\/wp-content\/uploads\/coronavirus-2-1-460x307.jpg\" alt=\"\" class=\"wp-image-59015\" srcset=\"https:\/\/infoecos.com.ar\/wp-content\/uploads\/coronavirus-2-1-460x307.jpg 460w, https:\/\/infoecos.com.ar\/wp-content\/uploads\/coronavirus-2-1-920x614.jpg 920w, https:\/\/infoecos.com.ar\/wp-content\/uploads\/coronavirus-2-1-768x512.jpg 768w, https:\/\/infoecos.com.ar\/wp-content\/uploads\/coronavirus-2-1-1024x683.jpg 1024w, https:\/\/infoecos.com.ar\/wp-content\/uploads\/coronavirus-2-1-675x450.jpg 675w, https:\/\/infoecos.com.ar\/wp-content\/uploads\/coronavirus-2-1.jpg 1181w\" sizes=\"(max-width: 460px) 100vw, 460px\" \/><figcaption>Conferencia de Prensa &#8211; Tema: Coronavirus<\/figcaption><\/figure><\/div>\n\n\n\n<p>El jefe comunal se\u00f1al\u00f3 que \u201cse trata de una\nemergencia, que hasta el 31 de diciembre de 2019 no parec\u00eda existir. Esto ha\ntenido un enorme impacto en China e Italia y ahora en otros pa\u00edses. La\nvelocidad de circulaci\u00f3n del virus es importante como para tomar medidas\npreventivas. Se busca informar, contener y luego resolver los planes de\ncontingencia de forma din\u00e1mica\u201d. <\/p>\n\n\n\n<p>El Jefe Comunal solicit\u00f3 la colaboraci\u00f3n de los\nmedios de comunicaci\u00f3n para que no se trabaje con trascendidos, sino con\nfuentes oficiales. <\/p>\n\n\n\n<p>\u201cHemos suspendido todas las actividades, sociales,\neducativas, deportivas y culturales e invitamos a los privados que hagan lo\nmismo. Tenemos que resolver los grises como casamientos, cine, restaurantes.\nAc\u00e1 hay una necesidad imperiosa de tener una responsabilidad comunitaria. No\nhay vacuna para este virus. Tenemos que hacer medidas de contenci\u00f3n para evitar\npropagaci\u00f3n del virus. Todo esto requiere una enorme responsabilidad\u201d, destac\u00f3\nFern\u00e1ndez. <\/p>\n\n\n\n<div class=\"wp-block-image\"><figure class=\"aligncenter size-medium\"><img loading=\"lazy\" decoding=\"async\" width=\"460\" height=\"307\" src=\"http:\/\/infoecos.com.ar\/wp-content\/uploads\/coronavirus-4-460x307.jpg\" alt=\"\" class=\"wp-image-59016\" srcset=\"https:\/\/infoecos.com.ar\/wp-content\/uploads\/coronavirus-4-460x307.jpg 460w, https:\/\/infoecos.com.ar\/wp-content\/uploads\/coronavirus-4-920x614.jpg 920w, https:\/\/infoecos.com.ar\/wp-content\/uploads\/coronavirus-4-768x512.jpg 768w, https:\/\/infoecos.com.ar\/wp-content\/uploads\/coronavirus-4-1024x683.jpg 1024w, https:\/\/infoecos.com.ar\/wp-content\/uploads\/coronavirus-4-675x450.jpg 675w, https:\/\/infoecos.com.ar\/wp-content\/uploads\/coronavirus-4.jpg 1181w\" sizes=\"(max-width: 460px) 100vw, 460px\" \/><figcaption>Conferencia de prensa &#8211; Tema: Coronavirus<\/figcaption><\/figure><\/div>\n\n\n\n<p>Asimismo, se\u00f1al\u00f3 que \u201cprimero es necesario entender\nque esto es una emergencia y que es fundamental el autocuidado\u201d. <\/p>\n\n\n\n<p>Invit\u00f3 a la comunidad que en caso de conocer\npersonas que viajaron y volvieron, se comuniquen al nuevo n\u00famero telef\u00f3nico (41-5000)\nque estar\u00e1 funcionando las 24 hs. y lo informen para llevar un registro de los\ncasos. <\/p>\n\n\n\n<p>La comuna realizar\u00e1 material de concientizaci\u00f3n e\ninformaci\u00f3n para la comunidad y, a trav\u00e9s del Comit\u00e9 de Emergencia, \u00abarticularemos\nlas acciones concretas y efectivas\u00bb, afirm\u00f3. <\/p>\n\n\n\n<p>Por otro lado, indic\u00f3 que \u201cestamos atentos a la provisi\u00f3n de insumos como la compra de barbijos comunes y barbijos cn95 para el personal de salud que est\u00e1 m\u00e1s expuesto\u201d.&nbsp; <\/p>\n\n\n\n<div class=\"wp-block-image\"><figure class=\"aligncenter size-medium\"><img loading=\"lazy\" decoding=\"async\" width=\"307\" height=\"460\" src=\"http:\/\/infoecos.com.ar\/wp-content\/uploads\/coronavirus-7-307x460.jpg\" alt=\"\" class=\"wp-image-59017\" srcset=\"https:\/\/infoecos.com.ar\/wp-content\/uploads\/coronavirus-7-307x460.jpg 307w, https:\/\/infoecos.com.ar\/wp-content\/uploads\/coronavirus-7-614x920.jpg 614w, https:\/\/infoecos.com.ar\/wp-content\/uploads\/coronavirus-7-768x1151.jpg 768w, https:\/\/infoecos.com.ar\/wp-content\/uploads\/coronavirus-7-1025x1536.jpg 1025w, https:\/\/infoecos.com.ar\/wp-content\/uploads\/coronavirus-7-1024x1535.jpg 1024w, https:\/\/infoecos.com.ar\/wp-content\/uploads\/coronavirus-7.jpg 1251w\" sizes=\"(max-width: 307px) 100vw, 307px\" \/><figcaption>Fern\u00e1ndez, Miguel &#8211; Intendente de Trenque Lauquen<\/figcaption><\/figure><\/div>\n\n\n\n<p>Inform\u00f3 adem\u00e1s que las autoridades sanitarias locales emitir\u00e1n un parte informativo diario y que se brindar\u00e1 una conferencia de prensa semanal. <\/p>\n\n\n\n<p>Fern\u00e1ndez anunci\u00f3 que se pondr\u00e1 en funcionamiento la\nnueva guardia del hospital, sin inaugurar. \u201cSe trata de ser coherentes y poner\na funcionar la guarda lo m\u00e1s pronto posible. En el \u00e1rea nueva vamos a dedicar\nun consultorio exclusivo para atender a los pacientes que tengan s\u00edntomas\nrespiratorios\u201d. Esta tarea se realizar\u00e1 precisamente en el consultorio 4, que\nes m\u00e1s reservado. \u201cAh\u00ed se decidir\u00e1 la internaci\u00f3n del paciente. Estamos\nadecuando una zona de internaci\u00f3n especial, aislada, con enfermer\u00eda espec\u00edfica,\ncon todas las normas que establece el ministerio de Salud. En principio ser\u00e1n\ndos habitaciones, si el tema escalara, tendremos una sala preparada\u201d.<\/p>\n","protected":false},"excerpt":{"rendered":"<p>El municipio de Trenque Lauquen cre\u00f3 a trav\u00e9s de un decreto que lleva el n\u00famero&#8230;<\/p>\n","protected":false},"author":2,"featured_media":59015,"comment_status":"closed","ping_status":"open","sticky":false,"template":"","format":"standard","meta":{"footnotes":""},"categories":[48],"tags":[5],"class_list":["post-59014","post","type-post","status-publish","format-standard","has-post-thumbnail","hentry","category-c2nota3","tag-trenque-lauquen"],"yoast_head":"<!-- This site is optimized with the Yoast SEO plugin v23.4 - https:\/\/yoast.com\/wordpress\/plugins\/seo\/ -->\n<title>Coronavirus: El intendente de Trenque Lauquen, Miguel Fern\u00e1ndez, comunic\u00f3 los alcances de un decreto mediante el que se crea el Comit\u00e9 de Emergencia - Infoecos<\/title>\n<meta name=\"robots\" content=\"index, follow, max-snippet:-1, max-image-preview:large, max-video-preview:-1\" \/>\n<link rel=\"canonical\" href=\"https:\/\/infoecos.com.ar\/index.php\/coronavirus-el-intendente-de-trenque-lauquen-miguel-fernandez-comunico-los-alcances-de-un-decreto-mediante-el-que-se-crea-el-comite-de-emergencia\/\" \/>\n<meta property=\"og:locale\" content=\"es_ES\" \/>\n<meta property=\"og:type\" content=\"article\" \/>\n<meta property=\"og:title\" content=\"Coronavirus: El intendente de Trenque Lauquen, Miguel Fern\u00e1ndez, comunic\u00f3 los alcances de un decreto mediante el que se crea el Comit\u00e9 de Emergencia - Infoecos\" \/>\n<meta property=\"og:description\" content=\"El municipio de Trenque Lauquen cre\u00f3 a trav\u00e9s de un decreto que lleva el n\u00famero...\" \/>\n<meta property=\"og:url\" content=\"https:\/\/infoecos.com.ar\/index.php\/coronavirus-el-intendente-de-trenque-lauquen-miguel-fernandez-comunico-los-alcances-de-un-decreto-mediante-el-que-se-crea-el-comite-de-emergencia\/\" \/>\n<meta property=\"og:site_name\" content=\"Infoecos\" \/>\n<meta property=\"article:publisher\" content=\"https:\/\/www.facebook.com\/profile.php?id=100063200290284\" \/>\n<meta property=\"article:published_time\" content=\"2020-03-13T17:16:20+00:00\" \/>\n<meta property=\"article:modified_time\" content=\"2020-03-15T17:48:03+00:00\" \/>\n<meta property=\"og:image\" content=\"https:\/\/infoecos.com.ar\/wp-content\/uploads\/coronavirus-2-1.jpg\" \/>\n\t<meta property=\"og:image:width\" content=\"1181\" \/>\n\t<meta property=\"og:image:height\" content=\"788\" \/>\n\t<meta property=\"og:image:type\" content=\"image\/jpeg\" \/>\n<meta name=\"author\" content=\"Jorge Matheus\" \/>\n<meta name=\"twitter:card\" content=\"summary_large_image\" \/>\n<meta name=\"twitter:creator\" content=\"@infoecos\" \/>\n<meta name=\"twitter:site\" content=\"@infoecos\" \/>\n<meta name=\"twitter:label1\" content=\"Escrito por\" \/>\n\t<meta name=\"twitter:data1\" content=\"Jorge Matheus\" \/>\n\t<meta name=\"twitter:label2\" content=\"Tiempo de lectura\" \/>\n\t<meta name=\"twitter:data2\" content=\"3 minutos\" \/>\n<script type=\"application\/ld+json\" class=\"yoast-schema-graph\">{\"@context\":\"https:\/\/schema.org\",\"@graph\":[{\"@type\":\"Article\",\"@id\":\"https:\/\/infoecos.com.ar\/index.php\/coronavirus-el-intendente-de-trenque-lauquen-miguel-fernandez-comunico-los-alcances-de-un-decreto-mediante-el-que-se-crea-el-comite-de-emergencia\/#article\",\"isPartOf\":{\"@id\":\"https:\/\/infoecos.com.ar\/index.php\/coronavirus-el-intendente-de-trenque-lauquen-miguel-fernandez-comunico-los-alcances-de-un-decreto-mediante-el-que-se-crea-el-comite-de-emergencia\/\"},\"author\":{\"name\":\"Jorge Matheus\",\"@id\":\"https:\/\/infoecos.com.ar\/#\/schema\/person\/8f5ace5ce73b4b4aac4b7245aee6f191\"},\"headline\":\"Coronavirus: El intendente de Trenque Lauquen, Miguel Fern\u00e1ndez, comunic\u00f3 los alcances de un decreto mediante el que se crea el Comit\u00e9 de Emergencia\",\"datePublished\":\"2020-03-13T17:16:20+00:00\",\"dateModified\":\"2020-03-15T17:48:03+00:00\",\"mainEntityOfPage\":{\"@id\":\"https:\/\/infoecos.com.ar\/index.php\/coronavirus-el-intendente-de-trenque-lauquen-miguel-fernandez-comunico-los-alcances-de-un-decreto-mediante-el-que-se-crea-el-comite-de-emergencia\/\"},\"wordCount\":577,\"publisher\":{\"@id\":\"https:\/\/infoecos.com.ar\/#organization\"},\"image\":{\"@id\":\"https:\/\/infoecos.com.ar\/index.php\/coronavirus-el-intendente-de-trenque-lauquen-miguel-fernandez-comunico-los-alcances-de-un-decreto-mediante-el-que-se-crea-el-comite-de-emergencia\/#primaryimage\"},\"thumbnailUrl\":\"https:\/\/infoecos.com.ar\/wp-content\/uploads\/coronavirus-2-1.jpg\",\"keywords\":[\"Trenque Lauquen\"],\"articleSection\":[\"C2 N3\"],\"inLanguage\":\"es\"},{\"@type\":\"WebPage\",\"@id\":\"https:\/\/infoecos.com.ar\/index.php\/coronavirus-el-intendente-de-trenque-lauquen-miguel-fernandez-comunico-los-alcances-de-un-decreto-mediante-el-que-se-crea-el-comite-de-emergencia\/\",\"url\":\"https:\/\/infoecos.com.ar\/index.php\/coronavirus-el-intendente-de-trenque-lauquen-miguel-fernandez-comunico-los-alcances-de-un-decreto-mediante-el-que-se-crea-el-comite-de-emergencia\/\",\"name\":\"Coronavirus: El intendente de Trenque Lauquen, Miguel Fern\u00e1ndez, comunic\u00f3 los alcances de un decreto mediante el que se crea el Comit\u00e9 de Emergencia - Infoecos\",\"isPartOf\":{\"@id\":\"https:\/\/infoecos.com.ar\/#website\"},\"primaryImageOfPage\":{\"@id\":\"https:\/\/infoecos.com.ar\/index.php\/coronavirus-el-intendente-de-trenque-lauquen-miguel-fernandez-comunico-los-alcances-de-un-decreto-mediante-el-que-se-crea-el-comite-de-emergencia\/#primaryimage\"},\"image\":{\"@id\":\"https:\/\/infoecos.com.ar\/index.php\/coronavirus-el-intendente-de-trenque-lauquen-miguel-fernandez-comunico-los-alcances-de-un-decreto-mediante-el-que-se-crea-el-comite-de-emergencia\/#primaryimage\"},\"thumbnailUrl\":\"https:\/\/infoecos.com.ar\/wp-content\/uploads\/coronavirus-2-1.jpg\",\"datePublished\":\"2020-03-13T17:16:20+00:00\",\"dateModified\":\"2020-03-15T17:48:03+00:00\",\"breadcrumb\":{\"@id\":\"https:\/\/infoecos.com.ar\/index.php\/coronavirus-el-intendente-de-trenque-lauquen-miguel-fernandez-comunico-los-alcances-de-un-decreto-mediante-el-que-se-crea-el-comite-de-emergencia\/#breadcrumb\"},\"inLanguage\":\"es\",\"potentialAction\":[{\"@type\":\"ReadAction\",\"target\":[\"https:\/\/infoecos.com.ar\/index.php\/coronavirus-el-intendente-de-trenque-lauquen-miguel-fernandez-comunico-los-alcances-de-un-decreto-mediante-el-que-se-crea-el-comite-de-emergencia\/\"]}]},{\"@type\":\"ImageObject\",\"inLanguage\":\"es\",\"@id\":\"https:\/\/infoecos.com.ar\/index.php\/coronavirus-el-intendente-de-trenque-lauquen-miguel-fernandez-comunico-los-alcances-de-un-decreto-mediante-el-que-se-crea-el-comite-de-emergencia\/#primaryimage\",\"url\":\"https:\/\/infoecos.com.ar\/wp-content\/uploads\/coronavirus-2-1.jpg\",\"contentUrl\":\"https:\/\/infoecos.com.ar\/wp-content\/uploads\/coronavirus-2-1.jpg\",\"width\":1181,\"height\":788,\"caption\":\"Trenque Lauquen - Coronavirus\"},{\"@type\":\"BreadcrumbList\",\"@id\":\"https:\/\/infoecos.com.ar\/index.php\/coronavirus-el-intendente-de-trenque-lauquen-miguel-fernandez-comunico-los-alcances-de-un-decreto-mediante-el-que-se-crea-el-comite-de-emergencia\/#breadcrumb\",\"itemListElement\":[{\"@type\":\"ListItem\",\"position\":1,\"name\":\"Portada\",\"item\":\"https:\/\/infoecos.com.ar\/\"},{\"@type\":\"ListItem\",\"position\":2,\"name\":\"Coronavirus: El intendente de Trenque Lauquen, Miguel Fern\u00e1ndez, comunic\u00f3 los alcances de un decreto mediante el que se crea el Comit\u00e9 de Emergencia\"}]},{\"@type\":\"WebSite\",\"@id\":\"https:\/\/infoecos.com.ar\/#website\",\"url\":\"https:\/\/infoecos.com.ar\/\",\"name\":\"Infoecos\",\"description\":\"Noticias de trenque lauquen y la zona\",\"publisher\":{\"@id\":\"https:\/\/infoecos.com.ar\/#organization\"},\"alternateName\":\"Noticias\",\"potentialAction\":[{\"@type\":\"SearchAction\",\"target\":{\"@type\":\"EntryPoint\",\"urlTemplate\":\"https:\/\/infoecos.com.ar\/?s={search_term_string}\"},\"query-input\":{\"@type\":\"PropertyValueSpecification\",\"valueRequired\":true,\"valueName\":\"search_term_string\"}}],\"inLanguage\":\"es\"},{\"@type\":\"Organization\",\"@id\":\"https:\/\/infoecos.com.ar\/#organization\",\"name\":\"Infoecos\",\"alternateName\":\"Noticias\",\"url\":\"https:\/\/infoecos.com.ar\/\",\"logo\":{\"@type\":\"ImageObject\",\"inLanguage\":\"es\",\"@id\":\"https:\/\/infoecos.com.ar\/#\/schema\/logo\/image\/\",\"url\":\"https:\/\/infoecos.com.ar\/wp-content\/uploads\/2024\/03\/cropped-logo.png\",\"contentUrl\":\"https:\/\/infoecos.com.ar\/wp-content\/uploads\/2024\/03\/cropped-logo.png\",\"width\":374,\"height\":90,\"caption\":\"Infoecos\"},\"image\":{\"@id\":\"https:\/\/infoecos.com.ar\/#\/schema\/logo\/image\/\"},\"sameAs\":[\"https:\/\/www.facebook.com\/profile.php?id=100063200290284\",\"https:\/\/x.com\/infoecos\"]},{\"@type\":\"Person\",\"@id\":\"https:\/\/infoecos.com.ar\/#\/schema\/person\/8f5ace5ce73b4b4aac4b7245aee6f191\",\"name\":\"Jorge Matheus\",\"url\":\"https:\/\/infoecos.com.ar\/index.php\/author\/jomatheus\/\"}]}<\/script>\n<!-- \/ Yoast SEO plugin. -->","yoast_head_json":{"title":"Coronavirus: El intendente de Trenque Lauquen, Miguel Fern\u00e1ndez, comunic\u00f3 los alcances de un decreto mediante el que se crea el Comit\u00e9 de Emergencia - Infoecos","robots":{"index":"index","follow":"follow","max-snippet":"max-snippet:-1","max-image-preview":"max-image-preview:large","max-video-preview":"max-video-preview:-1"},"canonical":"https:\/\/infoecos.com.ar\/index.php\/coronavirus-el-intendente-de-trenque-lauquen-miguel-fernandez-comunico-los-alcances-de-un-decreto-mediante-el-que-se-crea-el-comite-de-emergencia\/","og_locale":"es_ES","og_type":"article","og_title":"Coronavirus: El intendente de Trenque Lauquen, Miguel Fern\u00e1ndez, comunic\u00f3 los alcances de un decreto mediante el que se crea el Comit\u00e9 de Emergencia - Infoecos","og_description":"El municipio de Trenque Lauquen cre\u00f3 a trav\u00e9s de un decreto que lleva el n\u00famero...","og_url":"https:\/\/infoecos.com.ar\/index.php\/coronavirus-el-intendente-de-trenque-lauquen-miguel-fernandez-comunico-los-alcances-de-un-decreto-mediante-el-que-se-crea-el-comite-de-emergencia\/","og_site_name":"Infoecos","article_publisher":"https:\/\/www.facebook.com\/profile.php?id=100063200290284","article_published_time":"2020-03-13T17:16:20+00:00","article_modified_time":"2020-03-15T17:48:03+00:00","og_image":[{"width":1181,"height":788,"url":"https:\/\/infoecos.com.ar\/wp-content\/uploads\/coronavirus-2-1.jpg","type":"image\/jpeg"}],"author":"Jorge Matheus","twitter_card":"summary_large_image","twitter_creator":"@infoecos","twitter_site":"@infoecos","twitter_misc":{"Escrito por":"Jorge Matheus","Tiempo de lectura":"3 minutos"},"schema":{"@context":"https:\/\/schema.org","@graph":[{"@type":"Article","@id":"https:\/\/infoecos.com.ar\/index.php\/coronavirus-el-intendente-de-trenque-lauquen-miguel-fernandez-comunico-los-alcances-de-un-decreto-mediante-el-que-se-crea-el-comite-de-emergencia\/#article","isPartOf":{"@id":"https:\/\/infoecos.com.ar\/index.php\/coronavirus-el-intendente-de-trenque-lauquen-miguel-fernandez-comunico-los-alcances-de-un-decreto-mediante-el-que-se-crea-el-comite-de-emergencia\/"},"author":{"name":"Jorge Matheus","@id":"https:\/\/infoecos.com.ar\/#\/schema\/person\/8f5ace5ce73b4b4aac4b7245aee6f191"},"headline":"Coronavirus: El intendente de Trenque Lauquen, Miguel Fern\u00e1ndez, comunic\u00f3 los alcances de un decreto mediante el que se crea el Comit\u00e9 de Emergencia","datePublished":"2020-03-13T17:16:20+00:00","dateModified":"2020-03-15T17:48:03+00:00","mainEntityOfPage":{"@id":"https:\/\/infoecos.com.ar\/index.php\/coronavirus-el-intendente-de-trenque-lauquen-miguel-fernandez-comunico-los-alcances-de-un-decreto-mediante-el-que-se-crea-el-comite-de-emergencia\/"},"wordCount":577,"publisher":{"@id":"https:\/\/infoecos.com.ar\/#organization"},"image":{"@id":"https:\/\/infoecos.com.ar\/index.php\/coronavirus-el-intendente-de-trenque-lauquen-miguel-fernandez-comunico-los-alcances-de-un-decreto-mediante-el-que-se-crea-el-comite-de-emergencia\/#primaryimage"},"thumbnailUrl":"https:\/\/infoecos.com.ar\/wp-content\/uploads\/coronavirus-2-1.jpg","keywords":["Trenque Lauquen"],"articleSection":["C2 N3"],"inLanguage":"es"},{"@type":"WebPage","@id":"https:\/\/infoecos.com.ar\/index.php\/coronavirus-el-intendente-de-trenque-lauquen-miguel-fernandez-comunico-los-alcances-de-un-decreto-mediante-el-que-se-crea-el-comite-de-emergencia\/","url":"https:\/\/infoecos.com.ar\/index.php\/coronavirus-el-intendente-de-trenque-lauquen-miguel-fernandez-comunico-los-alcances-de-un-decreto-mediante-el-que-se-crea-el-comite-de-emergencia\/","name":"Coronavirus: El intendente de Trenque Lauquen, Miguel Fern\u00e1ndez, comunic\u00f3 los alcances de un decreto mediante el que se crea el Comit\u00e9 de Emergencia - Infoecos","isPartOf":{"@id":"https:\/\/infoecos.com.ar\/#website"},"primaryImageOfPage":{"@id":"https:\/\/infoecos.com.ar\/index.php\/coronavirus-el-intendente-de-trenque-lauquen-miguel-fernandez-comunico-los-alcances-de-un-decreto-mediante-el-que-se-crea-el-comite-de-emergencia\/#primaryimage"},"image":{"@id":"https:\/\/infoecos.com.ar\/index.php\/coronavirus-el-intendente-de-trenque-lauquen-miguel-fernandez-comunico-los-alcances-de-un-decreto-mediante-el-que-se-crea-el-comite-de-emergencia\/#primaryimage"},"thumbnailUrl":"https:\/\/infoecos.com.ar\/wp-content\/uploads\/coronavirus-2-1.jpg","datePublished":"2020-03-13T17:16:20+00:00","dateModified":"2020-03-15T17:48:03+00:00","breadcrumb":{"@id":"https:\/\/infoecos.com.ar\/index.php\/coronavirus-el-intendente-de-trenque-lauquen-miguel-fernandez-comunico-los-alcances-de-un-decreto-mediante-el-que-se-crea-el-comite-de-emergencia\/#breadcrumb"},"inLanguage":"es","potentialAction":[{"@type":"ReadAction","target":["https:\/\/infoecos.com.ar\/index.php\/coronavirus-el-intendente-de-trenque-lauquen-miguel-fernandez-comunico-los-alcances-de-un-decreto-mediante-el-que-se-crea-el-comite-de-emergencia\/"]}]},{"@type":"ImageObject","inLanguage":"es","@id":"https:\/\/infoecos.com.ar\/index.php\/coronavirus-el-intendente-de-trenque-lauquen-miguel-fernandez-comunico-los-alcances-de-un-decreto-mediante-el-que-se-crea-el-comite-de-emergencia\/#primaryimage","url":"https:\/\/infoecos.com.ar\/wp-content\/uploads\/coronavirus-2-1.jpg","contentUrl":"https:\/\/infoecos.com.ar\/wp-content\/uploads\/coronavirus-2-1.jpg","width":1181,"height":788,"caption":"Trenque Lauquen - Coronavirus"},{"@type":"BreadcrumbList","@id":"https:\/\/infoecos.com.ar\/index.php\/coronavirus-el-intendente-de-trenque-lauquen-miguel-fernandez-comunico-los-alcances-de-un-decreto-mediante-el-que-se-crea-el-comite-de-emergencia\/#breadcrumb","itemListElement":[{"@type":"ListItem","position":1,"name":"Portada","item":"https:\/\/infoecos.com.ar\/"},{"@type":"ListItem","position":2,"name":"Coronavirus: El intendente de Trenque Lauquen, Miguel Fern\u00e1ndez, comunic\u00f3 los alcances de un decreto mediante el que se crea el Comit\u00e9 de Emergencia"}]},{"@type":"WebSite","@id":"https:\/\/infoecos.com.ar\/#website","url":"https:\/\/infoecos.com.ar\/","name":"Infoecos","description":"Noticias de trenque lauquen y la zona","publisher":{"@id":"https:\/\/infoecos.com.ar\/#organization"},"alternateName":"Noticias","potentialAction":[{"@type":"SearchAction","target":{"@type":"EntryPoint","urlTemplate":"https:\/\/infoecos.com.ar\/?s={search_term_string}"},"query-input":{"@type":"PropertyValueSpecification","valueRequired":true,"valueName":"search_term_string"}}],"inLanguage":"es"},{"@type":"Organization","@id":"https:\/\/infoecos.com.ar\/#organization","name":"Infoecos","alternateName":"Noticias","url":"https:\/\/infoecos.com.ar\/","logo":{"@type":"ImageObject","inLanguage":"es","@id":"https:\/\/infoecos.com.ar\/#\/schema\/logo\/image\/","url":"https:\/\/infoecos.com.ar\/wp-content\/uploads\/2024\/03\/cropped-logo.png","contentUrl":"https:\/\/infoecos.com.ar\/wp-content\/uploads\/2024\/03\/cropped-logo.png","width":374,"height":90,"caption":"Infoecos"},"image":{"@id":"https:\/\/infoecos.com.ar\/#\/schema\/logo\/image\/"},"sameAs":["https:\/\/www.facebook.com\/profile.php?id=100063200290284","https:\/\/x.com\/infoecos"]},{"@type":"Person","@id":"https:\/\/infoecos.com.ar\/#\/schema\/person\/8f5ace5ce73b4b4aac4b7245aee6f191","name":"Jorge Matheus","url":"https:\/\/infoecos.com.ar\/index.php\/author\/jomatheus\/"}]}},"featured_image_urls":{"full":["https:\/\/infoecos.com.ar\/wp-content\/uploads\/coronavirus-2-1.jpg",1181,788,false],"thumbnail":["https:\/\/infoecos.com.ar\/wp-content\/uploads\/coronavirus-2-1-150x150.jpg",150,150,true],"medium":["https:\/\/infoecos.com.ar\/wp-content\/uploads\/coronavirus-2-1-460x307.jpg",460,307,true],"medium_large":["https:\/\/infoecos.com.ar\/wp-content\/uploads\/coronavirus-2-1-768x512.jpg",640,427,true],"large":["https:\/\/infoecos.com.ar\/wp-content\/uploads\/coronavirus-2-1-920x614.jpg",640,427,true],"1536x1536":["https:\/\/infoecos.com.ar\/wp-content\/uploads\/coronavirus-2-1.jpg",1181,788,false],"2048x2048":["https:\/\/infoecos.com.ar\/wp-content\/uploads\/coronavirus-2-1.jpg",1181,788,false],"covernews-slider-full":["https:\/\/infoecos.com.ar\/wp-content\/uploads\/coronavirus-2-1.jpg",1072,715,false],"covernews-slider-center":["https:\/\/infoecos.com.ar\/wp-content\/uploads\/coronavirus-2-1-936x788.jpg",594,500,true],"covernews-featured":["https:\/\/infoecos.com.ar\/wp-content\/uploads\/coronavirus-2-1-1024x683.jpg",1024,683,true],"covernews-medium":["https:\/\/infoecos.com.ar\/wp-content\/uploads\/coronavirus-2-1-720x380.jpg",540,285,true],"covernews-medium-square":["https:\/\/infoecos.com.ar\/wp-content\/uploads\/coronavirus-2-1-675x450.jpg",375,250,true]},"author_info":{"info":["Jorge Matheus"]},"category_info":"<a href=\"https:\/\/infoecos.com.ar\/index.php\/category\/c2nota3\/\" rel=\"category tag\">C2 N3<\/a>","tag_info":"C2 N3","comment_count":"0","_links":{"self":[{"href":"https:\/\/infoecos.com.ar\/index.php\/wp-json\/wp\/v2\/posts\/59014"}],"collection":[{"href":"https:\/\/infoecos.com.ar\/index.php\/wp-json\/wp\/v2\/posts"}],"about":[{"href":"https:\/\/infoecos.com.ar\/index.php\/wp-json\/wp\/v2\/types\/post"}],"author":[{"embeddable":true,"href":"https:\/\/infoecos.com.ar\/index.php\/wp-json\/wp\/v2\/users\/2"}],"replies":[{"embeddable":true,"href":"https:\/\/infoecos.com.ar\/index.php\/wp-json\/wp\/v2\/comments?post=59014"}],"version-history":[{"count":2,"href":"https:\/\/infoecos.com.ar\/index.php\/wp-json\/wp\/v2\/posts\/59014\/revisions"}],"predecessor-version":[{"id":59020,"href":"https:\/\/infoecos.com.ar\/index.php\/wp-json\/wp\/v2\/posts\/59014\/revisions\/59020"}],"wp:featuredmedia":[{"embeddable":true,"href":"https:\/\/infoecos.com.ar\/index.php\/wp-json\/wp\/v2\/media\/59015"}],"wp:attachment":[{"href":"https:\/\/infoecos.com.ar\/index.php\/wp-json\/wp\/v2\/media?parent=59014"}],"wp:term":[{"taxonomy":"category","embeddable":true,"href":"https:\/\/infoecos.com.ar\/index.php\/wp-json\/wp\/v2\/categories?post=59014"},{"taxonomy":"post_tag","embeddable":true,"href":"https:\/\/infoecos.com.ar\/index.php\/wp-json\/wp\/v2\/tags?post=59014"}],"curies":[{"name":"wp","href":"https:\/\/api.w.org\/{rel}","templated":true}]}}