{"id":59202,"date":"2020-03-18T14:44:40","date_gmt":"2020-03-18T17:44:40","guid":{"rendered":"http:\/\/infoecos.com.ar\/?p=59202"},"modified":"2020-03-18T14:45:46","modified_gmt":"2020-03-18T17:45:46","slug":"coronavirus-texto-completo-del-decreto-525-2020-dado-a-conocer-por-la-municipalidad-de-trenque-lauquen","status":"publish","type":"post","link":"https:\/\/infoecos.com.ar\/index.php\/coronavirus-texto-completo-del-decreto-525-2020-dado-a-conocer-por-la-municipalidad-de-trenque-lauquen\/","title":{"rendered":"Coronavirus: Texto completo del decreto 525\/2020 dado a conocer por la municipalidad de Trenque Lauquen"},"content":{"rendered":"\n<p>En virtud de la Pandemia declarada por la Organizaci\u00f3n Mundial de la Salud (OMS)\nrespecto del virus que causa el COVID-19, teniendo especialmente en cuenta la\nr\u00e1pida propagaci\u00f3n que afecta a la poblaci\u00f3n en general, el Departamento\nEjecutivo municipal declar\u00f3 hoy (mi\u00e9rcoles) por el t\u00e9rmino de ciento ochenta\n(180) d\u00edas la Emergencia Sanitaria en\nel Partido de Trenque Lauquen.<\/p>\n\n\n\n<div class=\"wp-block-image\"><figure class=\"aligncenter size-medium\"><img decoding=\"async\" src=\"http:\/\/infoecos.com.ar\/wp-content\/uploads\/DSC02853-460x345.jpg\" alt=\"\" class=\"wp-image-16326\"\/><figcaption>Trenque Lauquen &#8211; Municipalidad (archivo)<\/figcaption><\/figure><\/div>\n\n\n\n<p>Tambi\u00e9n, en el marco del Decreto n\u00ba 525\/2020,\nadopt\u00f3 nuevas medidas y restricciones en el \u00e1mbito de las actividades\nmunicipales (culturales, recreativas, deportivas, educativas, art\u00edsticas de\nparticipaci\u00f3n masiva) y privadas (salones de fiestas, discotecas, bares, pubs,\ncervecer\u00edas, cines, templos, iglesias, gimnasios, peloteross y clubes,\nentreotros).<\/p>\n\n\n\n<p>El texto del decreto es el siguiente: <\/p>\n\n\n\n<p><strong>DECRETO N\u00ba 525\/2020<\/strong><\/p>\n\n\n\n<p><strong>VISTO: <\/strong><strong><\/strong><\/p>\n\n\n\n<p>La r\u00e1pida propagaci\u00f3n\ndel virus que causa el COVID-19 y;<\/p>\n\n\n\n<p><strong>CONSIDERANDO: <\/strong><strong><\/strong><\/p>\n\n\n\n<p>Que el mismo produce\nenfermedades respiratorias, conoci\u00e9ndose que la principal v\u00eda de contagio es de\npersona a persona; <\/p>\n\n\n\n<p>Que lo expuesto\nsupone un aumento del riesgo para la salud p\u00fablica y exige una respuesta\ninmediata y coordinada para contener la enfermedad e interrumpir la propagaci\u00f3n\ny el contagio; <\/p>\n\n\n\n<p>Que, en ese\nentendimiento, para el \u00e1mbito laboral del Sector P\u00fablico Provincial se ha\notorgado por medio del Decreto N.\u00ba 127\/2020 una licencia de car\u00e1cter\nexcepcional a todas aquellas personas trabajadoras, que hayan ingresado a la\nRep\u00fablica Argentina desde los pa\u00edses con casos confirmados de nuevo coronavirus\n(COVID-19), por un lapso de catorce (14) d\u00edas corridos, a fin de reducir las\nposibilidades de contagio; <\/p>\n\n\n\n<p>Que, asimismo,\nmediante la RESO-2020-81-GDEBA-MJGM, el Ministerio de Jefatura de Gabinete de\nMinistros reglament\u00f3 el procedimiento para el otorgamiento de la Licencia de\ncar\u00e1cter excepcional a todas aquellas personas trabajadoras del Sector P\u00fablico\nProvincial, cualquiera sea su r\u00e9gimen estatutario, que provengan o hayan\ntransitado por pa\u00edses con casos positivos de nuevo coronavirus (COVID-19),\nseg\u00fan el listado que el Ministerio de Salud de la Provincia de Buenos Aires\nestipule en la P\u00e1gina Web Oficial, durante los catorce (14) d\u00edas inmediatos\nanteriores al arribo a la Rep\u00fablica Argentina; contemplando a los agentes del\nSector P\u00fablico Provincial que compartan el mismo domicilio con alguna persona\nque se encontrara comprendida en los supuestos que habilitan el otorgamiento de\nla licencia; <\/p>\n\n\n\n<p>Que, en ese marco,\ncorresponde al Ministerio de Salud de la provincia de Buenos Aires, de\nconformidad con la Ley N.\u00ba 15.164, intervenir en la producci\u00f3n de informaci\u00f3n y\nla vigilancia epidemiol\u00f3gica para la planificaci\u00f3n estrat\u00e9gica y toma de\ndecisiones en salud, as\u00ed como entender en la regulaci\u00f3n y control sanitario en\nefectores p\u00fablicos y privados; <\/p>\n\n\n\n<p>Que dicha vigilancia\nimplica monitorear brotes y contribuir al conocimiento de las enfermedades, sus\ncomplicaciones y secuelas, a fin de respaldar la toma de medidas de prevenci\u00f3n,\nasistencia y rehabilitaci\u00f3n en sus diferentes manifestaciones; <\/p>\n\n\n\n<p>Que el pa\u00eds se\nencuentra en estado de alerta para sensibilizar la vigilancia epidemiol\u00f3gica y\nla respuesta integrada; la situaci\u00f3n actual en fase de contenci\u00f3n, permite\ndetectar casos sospechosos de manera temprana, asegurar el aislamiento de los\nmismos, brindar la atenci\u00f3n adecuada a los pacientes e implementar las medidas\nde investigaci\u00f3n, prevenci\u00f3n y control tendientes a reducir el riesgo de diseminaci\u00f3n\nde la infecci\u00f3n en la poblaci\u00f3n; <\/p>\n\n\n\n<p>Que la Direcci\u00f3n de\nEpidemiolog\u00eda de la referida cartera ministerial ha elaborado un PROTOCOLO para\nla Prevenci\u00f3n y Control de la enfermedad por Coronavirus 2019 (COVID-19) para\nsistematizar las acciones de respuesta integral; <\/p>\n\n\n\n<p>Que, en ese sentido,\nmediante la RESO-2020-393-GDEBA-MSALGP el Ministerio de Salud ha establecido la\nobligatoriedad de ejecuci\u00f3n de los protocolos que la autoridad provincial\npublica peri\u00f3dicamente en funci\u00f3n de las epidemias en curso de dengue,\nsarampi\u00f3n y coronavirus, para todos los establecimientos de salud p\u00fablicos o\nprivados que desarrollen sus actividades en el territorio de la provincia de\nBuenos Aires; <\/p>\n\n\n\n<p>Que, seguidamente, a\ntrav\u00e9s de la RESO-2020-394-GDEBA-MSALGP la citada jurisdicci\u00f3n formul\u00f3 una\nserie de recomendaciones para contener y sensibilizar la vigilancia\nepidemiol\u00f3gica de la poblaci\u00f3n, desalentado la realizaci\u00f3n de eventos masivos y\ngrandes aglomeraciones de p\u00fablico; <\/p>\n\n\n\n<p>Que, frente al riesgo\nque genera el avance a nivel mundial de la enfermedad por el nuevo coronavirus\n(COVID-19), resulta conveniente intensificar la adopci\u00f3n de medidas que, seg\u00fan\nlos criterios epidemiol\u00f3gicos, resultan adecuadas para direccionar el esfuerzo\nsanitario y neutralizar la propagaci\u00f3n de la enfermedad; <\/p>\n\n\n\n<p>Que cabe encuadrar el\npresente en las previsiones establecidas en el art\u00edculo 20 de la Ley N\u00b0 15.165;\n<\/p>\n\n\n\n<p>Que la Municipalidad\nde Trenque Lauquen a trav\u00e9s del Decreto 493\/20 dispuso la suspensi\u00f3n -hasta\nnuevo aviso- de todo tipo de eventos masivos organizados por la Municipalidad\nde Trenque Lauquen, ya sea de car\u00e1cter deportivo, cultural y\/o social, as\u00ed como\nel otorgamiento de habilitaciones y\/o autorizaciones municipales para el\ndesarrollo de eventos de tales caracter\u00edsticas, recomendando, asimismo, limitar\nel desarrollo de este tipo de eventos organizados por privados.<\/p>\n\n\n\n<p>Que la\nRESO-2020-416-GDEBA- MSALGP estableci\u00f3 la cantidad de personas y el factor de\nocupaci\u00f3n para considerar la masividad para todo acto, reuni\u00f3n o evento; <\/p>\n\n\n\n<p>Que normativas\nvigentes en Naci\u00f3n y Provincia al d\u00eda de hoy establecen distintas\nprohibiciones, suspensiones de actividades y controles que el Estado efect\u00faa\npara contener la Pandemia de Coronavirus; <\/p>\n\n\n\n<p>Por ello, en uso de\nlas facultades legales que le son propias,<\/p>\n\n\n\n<p><strong>EL INTENDENTE MUNICIPAL DEL\nPARTIDO DE TRENQUE LAUQUEN,<\/strong><\/p>\n\n\n\n<p><strong>D &nbsp;&nbsp;E &nbsp;&nbsp;C &nbsp;&nbsp;R\n&nbsp;&nbsp;E &nbsp;&nbsp;T &nbsp;&nbsp;A:<\/strong><\/p>\n\n\n\n<p><strong>ARTICULO 1\u00ba:<\/strong> Decl\u00e1rase por el t\u00e9rmino de ciento ochenta (180) d\u00edas la <strong>Emergencia\nSanitaria en el Partido de Trenque Lauquen<\/strong> en virtud de la Pandemia\ndeclarada por la Organizaci\u00f3n Mundial de la Salud (OMS) respecto del virus que\ncausa el COVID-19 teniendo especialmente en cuenta la r\u00e1pida propagaci\u00f3n que\nafecta a la poblaci\u00f3n en general.<\/p>\n\n\n\n<p><strong>ARTICULO 2\u00ba:<\/strong> En virtud de lo dispuesto en el art\u00edculo que antecede, modif\u00edcase el Art.\n1\u00ba del Decreto 493\/20, el que quedar\u00e1 redactado de la siguiente manera:\n\u201cSusp\u00e9ndese, hasta el 31 de marzo de 2020, en el \u00e1mbito del Partido de Trenque\nLauquen la realizaci\u00f3n de todo evento cultural, art\u00edstico, recreativo,\ndeportivo, social de participaci\u00f3n masiva y, en forma consecuente, las\nhabilitaciones otorgadas por los organismos provinciales y\/o municipales para\nla realizaci\u00f3n de eventos de participaci\u00f3n masiva, cualquier sea su naturaleza.\nEsto incluye la suspensi\u00f3n de actividades en locales de eventos, salones de\nfiestas, discotecas, bares, pubs, cervecer\u00edas, cines, templos, iglesias,\ngimnasios, peloteros, clubes, y todo sitio de caracter\u00edsticas similares donde\nse desempe\u00f1en actividades de ocio, sociales, culturales, deportivas y\/o\nrecreativas. <\/p>\n\n\n\n<p>El plazo establecido en el presente podr\u00e1 ser prorrogado, seg\u00fan las\nrecomendaciones efectuadas por el Ministerio de Salud de la Provincia. Las\nactividades y\/o eventos que se encuentren programadas y cuya suspensi\u00f3n y\/o\nreprogramaci\u00f3n no resultare posible, deber\u00e1n realizarse sin presencia de\np\u00fablico, y aplicando en forma rigurosa las recomendaciones emitidas por las\nautoridades sanitarias\u201d. &#8211; <\/p>\n\n\n\n<p><strong>ARTICULO 3\u00ba:<\/strong> Medidas de control para establecimientos comerciales, que no se encuadran\nen eventos de participaci\u00f3n masiva, pero poseen concurrencia continua: <\/p>\n\n\n\n<p><strong>Gastron\u00f3micos<\/strong>: <\/p>\n\n\n\n<p>&#8211; No podr\u00e1n atender\ncon servicio de mesa a los clientes, ni en el interior del local ni en el\nexterior del comercio. <\/p>\n\n\n\n<p>&#8211; Efectuar venta de comestibles s\u00f3lo para llevar a domicilio o a trav\u00e9s de\nenv\u00edo a domicilio (Delivery). <\/p>\n\n\n\n<p>&#8211; No permitir la acumulaci\u00f3n de personas a la espera del servicio debiendo\nrealizar la espera afuera del comercio respetando las distancias informadas.<\/p>\n\n\n\n<p>&#8211; Extremar medidas de higiene. <\/p>\n\n\n\n<p><strong>Comerciantes<\/strong>: <\/p>\n\n\n\n<p>&#8211; Extremar medidas de desinfecci\u00f3n en probadores y \u00e1mbitos de alta\ncirculaci\u00f3n.<\/p>\n\n\n\n<p>&#8211; Intensificar medidas de higiene, en particular en las zonas de contacto\ndirecto con los clientes.<\/p>\n\n\n\n<p>&#8211; &nbsp;Determinar al menos 1,5 metros de distancia entre los clientes, en\nla zona de espera en las cajas.<\/p>\n\n\n\n<p>&#8211; &nbsp;Dejar ingresar hasta un 25% del factor ocupacional respectivo al\ncomercio y\/o 1 persona cada 4 metros cuadrados y realizar la espera fuera del\ncomercio. <\/p>\n\n\n\n<p><strong>Hoteles y Lugares de Alojamiento<\/strong><\/p>\n\n\n\n<p>&#8211; Reportar al municipio, al tel\u00e9fono 02392 415000, la llegada de turistas\ny\/o visitantes provenientes de los pa\u00edses en situaci\u00f3n de riesgo, los que\nperi\u00f3dicamente son informados por el Ministerio de Salud de la Naci\u00f3n,<\/p>\n\n\n\n<p>&#8211; Prohibici\u00f3n de nuevos alojamientos, a partir del presente, de turistas\ny\/o visitantes provenientes de pa\u00edses, provincias o distritos en situaci\u00f3n de\nriesgo, los que peri\u00f3dicamente informa el Ministerio de Salud de la Naci\u00f3n. <\/p>\n\n\n\n<p>&#8211; Servicio de comida, desayuno y\/o bebida \u00fanicamente en la habitaci\u00f3n.<\/p>\n\n\n\n<p>&#8211; Intensificar medidas de higiene. <\/p>\n\n\n\n<p><strong>ARTICULO 4\u00ba:<\/strong> Autor\u00edcese a los restaurantes, pizzer\u00edas, cervecer\u00edas, bares, estaciones\nde servicios, y todos los lugares de elaboraci\u00f3n de comida con servicio de mesa\na brindar servicio de elaboraci\u00f3n y venta de comidas para llevar, y venta a\ndomicilio (Delivery) sin necesidad de anexar el rubro hasta el 31 de marzo del\npresente a\u00f1o. &#8211;<strong><\/strong><\/p>\n\n\n\n<p><strong>ART\u00cdCULO 5\u00b0:<\/strong> Comun\u00edquese, Publ\u00edquese, Reg\u00edstrese y oportunamente Arch\u00edvese.- <\/p>\n","protected":false},"excerpt":{"rendered":"<p>En virtud de la Pandemia declarada por la Organizaci\u00f3n Mundial de la Salud (OMS) respecto&#8230;<\/p>\n","protected":false},"author":2,"featured_media":16326,"comment_status":"closed","ping_status":"open","sticky":false,"template":"","format":"standard","meta":{"footnotes":""},"categories":[1613],"tags":[5],"class_list":["post-59202","post","type-post","status-publish","format-standard","has-post-thumbnail","hentry","category-noticia-secundaria","tag-trenque-lauquen"],"yoast_head":"<!-- This site is optimized with the Yoast SEO plugin v23.4 - https:\/\/yoast.com\/wordpress\/plugins\/seo\/ -->\n<title>Coronavirus: Texto completo del decreto 525\/2020 dado a conocer por la municipalidad de Trenque Lauquen - Infoecos<\/title>\n<meta name=\"robots\" content=\"index, follow, max-snippet:-1, max-image-preview:large, max-video-preview:-1\" \/>\n<link rel=\"canonical\" href=\"https:\/\/infoecos.com.ar\/index.php\/coronavirus-texto-completo-del-decreto-525-2020-dado-a-conocer-por-la-municipalidad-de-trenque-lauquen\/\" \/>\n<meta property=\"og:locale\" content=\"es_ES\" \/>\n<meta property=\"og:type\" content=\"article\" \/>\n<meta property=\"og:title\" content=\"Coronavirus: Texto completo del decreto 525\/2020 dado a conocer por la municipalidad de Trenque Lauquen - Infoecos\" \/>\n<meta property=\"og:description\" content=\"En virtud de la Pandemia declarada por la Organizaci\u00f3n Mundial de la Salud (OMS) respecto...\" \/>\n<meta property=\"og:url\" content=\"https:\/\/infoecos.com.ar\/index.php\/coronavirus-texto-completo-del-decreto-525-2020-dado-a-conocer-por-la-municipalidad-de-trenque-lauquen\/\" \/>\n<meta property=\"og:site_name\" content=\"Infoecos\" \/>\n<meta property=\"article:publisher\" content=\"https:\/\/www.facebook.com\/profile.php?id=100063200290284\" \/>\n<meta property=\"article:published_time\" content=\"2020-03-18T17:44:40+00:00\" \/>\n<meta property=\"article:modified_time\" content=\"2020-03-18T17:45:46+00:00\" \/>\n<meta property=\"og:image\" content=\"https:\/\/infoecos.com.ar\/wp-content\/uploads\/DSC02853.jpg\" \/>\n\t<meta property=\"og:image:width\" content=\"700\" \/>\n\t<meta property=\"og:image:height\" content=\"525\" \/>\n\t<meta property=\"og:image:type\" content=\"image\/jpeg\" \/>\n<meta name=\"author\" content=\"Jorge Matheus\" \/>\n<meta name=\"twitter:card\" content=\"summary_large_image\" \/>\n<meta name=\"twitter:creator\" content=\"@infoecos\" \/>\n<meta name=\"twitter:site\" content=\"@infoecos\" \/>\n<meta name=\"twitter:label1\" content=\"Escrito por\" \/>\n\t<meta name=\"twitter:data1\" content=\"Jorge Matheus\" \/>\n\t<meta name=\"twitter:label2\" content=\"Tiempo de lectura\" \/>\n\t<meta name=\"twitter:data2\" content=\"8 minutos\" \/>\n<script type=\"application\/ld+json\" class=\"yoast-schema-graph\">{\"@context\":\"https:\/\/schema.org\",\"@graph\":[{\"@type\":\"Article\",\"@id\":\"https:\/\/infoecos.com.ar\/index.php\/coronavirus-texto-completo-del-decreto-525-2020-dado-a-conocer-por-la-municipalidad-de-trenque-lauquen\/#article\",\"isPartOf\":{\"@id\":\"https:\/\/infoecos.com.ar\/index.php\/coronavirus-texto-completo-del-decreto-525-2020-dado-a-conocer-por-la-municipalidad-de-trenque-lauquen\/\"},\"author\":{\"name\":\"Jorge Matheus\",\"@id\":\"https:\/\/infoecos.com.ar\/#\/schema\/person\/8f5ace5ce73b4b4aac4b7245aee6f191\"},\"headline\":\"Coronavirus: Texto completo del decreto 525\/2020 dado a conocer por la municipalidad de Trenque Lauquen\",\"datePublished\":\"2020-03-18T17:44:40+00:00\",\"dateModified\":\"2020-03-18T17:45:46+00:00\",\"mainEntityOfPage\":{\"@id\":\"https:\/\/infoecos.com.ar\/index.php\/coronavirus-texto-completo-del-decreto-525-2020-dado-a-conocer-por-la-municipalidad-de-trenque-lauquen\/\"},\"wordCount\":1557,\"publisher\":{\"@id\":\"https:\/\/infoecos.com.ar\/#organization\"},\"image\":{\"@id\":\"https:\/\/infoecos.com.ar\/index.php\/coronavirus-texto-completo-del-decreto-525-2020-dado-a-conocer-por-la-municipalidad-de-trenque-lauquen\/#primaryimage\"},\"thumbnailUrl\":\"\",\"keywords\":[\"Trenque Lauquen\"],\"articleSection\":[\"Noticia Secundaria\"],\"inLanguage\":\"es\"},{\"@type\":\"WebPage\",\"@id\":\"https:\/\/infoecos.com.ar\/index.php\/coronavirus-texto-completo-del-decreto-525-2020-dado-a-conocer-por-la-municipalidad-de-trenque-lauquen\/\",\"url\":\"https:\/\/infoecos.com.ar\/index.php\/coronavirus-texto-completo-del-decreto-525-2020-dado-a-conocer-por-la-municipalidad-de-trenque-lauquen\/\",\"name\":\"Coronavirus: Texto completo del decreto 525\/2020 dado a conocer por la municipalidad de Trenque Lauquen - Infoecos\",\"isPartOf\":{\"@id\":\"https:\/\/infoecos.com.ar\/#website\"},\"primaryImageOfPage\":{\"@id\":\"https:\/\/infoecos.com.ar\/index.php\/coronavirus-texto-completo-del-decreto-525-2020-dado-a-conocer-por-la-municipalidad-de-trenque-lauquen\/#primaryimage\"},\"image\":{\"@id\":\"https:\/\/infoecos.com.ar\/index.php\/coronavirus-texto-completo-del-decreto-525-2020-dado-a-conocer-por-la-municipalidad-de-trenque-lauquen\/#primaryimage\"},\"thumbnailUrl\":\"\",\"datePublished\":\"2020-03-18T17:44:40+00:00\",\"dateModified\":\"2020-03-18T17:45:46+00:00\",\"breadcrumb\":{\"@id\":\"https:\/\/infoecos.com.ar\/index.php\/coronavirus-texto-completo-del-decreto-525-2020-dado-a-conocer-por-la-municipalidad-de-trenque-lauquen\/#breadcrumb\"},\"inLanguage\":\"es\",\"potentialAction\":[{\"@type\":\"ReadAction\",\"target\":[\"https:\/\/infoecos.com.ar\/index.php\/coronavirus-texto-completo-del-decreto-525-2020-dado-a-conocer-por-la-municipalidad-de-trenque-lauquen\/\"]}]},{\"@type\":\"ImageObject\",\"inLanguage\":\"es\",\"@id\":\"https:\/\/infoecos.com.ar\/index.php\/coronavirus-texto-completo-del-decreto-525-2020-dado-a-conocer-por-la-municipalidad-de-trenque-lauquen\/#primaryimage\",\"url\":\"\",\"contentUrl\":\"\"},{\"@type\":\"BreadcrumbList\",\"@id\":\"https:\/\/infoecos.com.ar\/index.php\/coronavirus-texto-completo-del-decreto-525-2020-dado-a-conocer-por-la-municipalidad-de-trenque-lauquen\/#breadcrumb\",\"itemListElement\":[{\"@type\":\"ListItem\",\"position\":1,\"name\":\"Portada\",\"item\":\"https:\/\/infoecos.com.ar\/\"},{\"@type\":\"ListItem\",\"position\":2,\"name\":\"Coronavirus: Texto completo del decreto 525\/2020 dado a conocer por la municipalidad de Trenque Lauquen\"}]},{\"@type\":\"WebSite\",\"@id\":\"https:\/\/infoecos.com.ar\/#website\",\"url\":\"https:\/\/infoecos.com.ar\/\",\"name\":\"Infoecos\",\"description\":\"Noticias de trenque lauquen y la zona\",\"publisher\":{\"@id\":\"https:\/\/infoecos.com.ar\/#organization\"},\"alternateName\":\"Noticias\",\"potentialAction\":[{\"@type\":\"SearchAction\",\"target\":{\"@type\":\"EntryPoint\",\"urlTemplate\":\"https:\/\/infoecos.com.ar\/?s={search_term_string}\"},\"query-input\":{\"@type\":\"PropertyValueSpecification\",\"valueRequired\":true,\"valueName\":\"search_term_string\"}}],\"inLanguage\":\"es\"},{\"@type\":\"Organization\",\"@id\":\"https:\/\/infoecos.com.ar\/#organization\",\"name\":\"Infoecos\",\"alternateName\":\"Noticias\",\"url\":\"https:\/\/infoecos.com.ar\/\",\"logo\":{\"@type\":\"ImageObject\",\"inLanguage\":\"es\",\"@id\":\"https:\/\/infoecos.com.ar\/#\/schema\/logo\/image\/\",\"url\":\"https:\/\/infoecos.com.ar\/wp-content\/uploads\/2024\/03\/cropped-logo.png\",\"contentUrl\":\"https:\/\/infoecos.com.ar\/wp-content\/uploads\/2024\/03\/cropped-logo.png\",\"width\":374,\"height\":90,\"caption\":\"Infoecos\"},\"image\":{\"@id\":\"https:\/\/infoecos.com.ar\/#\/schema\/logo\/image\/\"},\"sameAs\":[\"https:\/\/www.facebook.com\/profile.php?id=100063200290284\",\"https:\/\/x.com\/infoecos\"]},{\"@type\":\"Person\",\"@id\":\"https:\/\/infoecos.com.ar\/#\/schema\/person\/8f5ace5ce73b4b4aac4b7245aee6f191\",\"name\":\"Jorge Matheus\",\"url\":\"https:\/\/infoecos.com.ar\/index.php\/author\/jomatheus\/\"}]}<\/script>\n<!-- \/ Yoast SEO plugin. -->","yoast_head_json":{"title":"Coronavirus: Texto completo del decreto 525\/2020 dado a conocer por la municipalidad de Trenque Lauquen - Infoecos","robots":{"index":"index","follow":"follow","max-snippet":"max-snippet:-1","max-image-preview":"max-image-preview:large","max-video-preview":"max-video-preview:-1"},"canonical":"https:\/\/infoecos.com.ar\/index.php\/coronavirus-texto-completo-del-decreto-525-2020-dado-a-conocer-por-la-municipalidad-de-trenque-lauquen\/","og_locale":"es_ES","og_type":"article","og_title":"Coronavirus: Texto completo del decreto 525\/2020 dado a conocer por la municipalidad de Trenque Lauquen - Infoecos","og_description":"En virtud de la Pandemia declarada por la Organizaci\u00f3n Mundial de la Salud (OMS) respecto...","og_url":"https:\/\/infoecos.com.ar\/index.php\/coronavirus-texto-completo-del-decreto-525-2020-dado-a-conocer-por-la-municipalidad-de-trenque-lauquen\/","og_site_name":"Infoecos","article_publisher":"https:\/\/www.facebook.com\/profile.php?id=100063200290284","article_published_time":"2020-03-18T17:44:40+00:00","article_modified_time":"2020-03-18T17:45:46+00:00","og_image":[{"width":700,"height":525,"url":"https:\/\/infoecos.com.ar\/wp-content\/uploads\/DSC02853.jpg","type":"image\/jpeg"}],"author":"Jorge Matheus","twitter_card":"summary_large_image","twitter_creator":"@infoecos","twitter_site":"@infoecos","twitter_misc":{"Escrito por":"Jorge Matheus","Tiempo de lectura":"8 minutos"},"schema":{"@context":"https:\/\/schema.org","@graph":[{"@type":"Article","@id":"https:\/\/infoecos.com.ar\/index.php\/coronavirus-texto-completo-del-decreto-525-2020-dado-a-conocer-por-la-municipalidad-de-trenque-lauquen\/#article","isPartOf":{"@id":"https:\/\/infoecos.com.ar\/index.php\/coronavirus-texto-completo-del-decreto-525-2020-dado-a-conocer-por-la-municipalidad-de-trenque-lauquen\/"},"author":{"name":"Jorge Matheus","@id":"https:\/\/infoecos.com.ar\/#\/schema\/person\/8f5ace5ce73b4b4aac4b7245aee6f191"},"headline":"Coronavirus: Texto completo del decreto 525\/2020 dado a conocer por la municipalidad de Trenque Lauquen","datePublished":"2020-03-18T17:44:40+00:00","dateModified":"2020-03-18T17:45:46+00:00","mainEntityOfPage":{"@id":"https:\/\/infoecos.com.ar\/index.php\/coronavirus-texto-completo-del-decreto-525-2020-dado-a-conocer-por-la-municipalidad-de-trenque-lauquen\/"},"wordCount":1557,"publisher":{"@id":"https:\/\/infoecos.com.ar\/#organization"},"image":{"@id":"https:\/\/infoecos.com.ar\/index.php\/coronavirus-texto-completo-del-decreto-525-2020-dado-a-conocer-por-la-municipalidad-de-trenque-lauquen\/#primaryimage"},"thumbnailUrl":"","keywords":["Trenque Lauquen"],"articleSection":["Noticia Secundaria"],"inLanguage":"es"},{"@type":"WebPage","@id":"https:\/\/infoecos.com.ar\/index.php\/coronavirus-texto-completo-del-decreto-525-2020-dado-a-conocer-por-la-municipalidad-de-trenque-lauquen\/","url":"https:\/\/infoecos.com.ar\/index.php\/coronavirus-texto-completo-del-decreto-525-2020-dado-a-conocer-por-la-municipalidad-de-trenque-lauquen\/","name":"Coronavirus: Texto completo del decreto 525\/2020 dado a conocer por la municipalidad de Trenque Lauquen - Infoecos","isPartOf":{"@id":"https:\/\/infoecos.com.ar\/#website"},"primaryImageOfPage":{"@id":"https:\/\/infoecos.com.ar\/index.php\/coronavirus-texto-completo-del-decreto-525-2020-dado-a-conocer-por-la-municipalidad-de-trenque-lauquen\/#primaryimage"},"image":{"@id":"https:\/\/infoecos.com.ar\/index.php\/coronavirus-texto-completo-del-decreto-525-2020-dado-a-conocer-por-la-municipalidad-de-trenque-lauquen\/#primaryimage"},"thumbnailUrl":"","datePublished":"2020-03-18T17:44:40+00:00","dateModified":"2020-03-18T17:45:46+00:00","breadcrumb":{"@id":"https:\/\/infoecos.com.ar\/index.php\/coronavirus-texto-completo-del-decreto-525-2020-dado-a-conocer-por-la-municipalidad-de-trenque-lauquen\/#breadcrumb"},"inLanguage":"es","potentialAction":[{"@type":"ReadAction","target":["https:\/\/infoecos.com.ar\/index.php\/coronavirus-texto-completo-del-decreto-525-2020-dado-a-conocer-por-la-municipalidad-de-trenque-lauquen\/"]}]},{"@type":"ImageObject","inLanguage":"es","@id":"https:\/\/infoecos.com.ar\/index.php\/coronavirus-texto-completo-del-decreto-525-2020-dado-a-conocer-por-la-municipalidad-de-trenque-lauquen\/#primaryimage","url":"","contentUrl":""},{"@type":"BreadcrumbList","@id":"https:\/\/infoecos.com.ar\/index.php\/coronavirus-texto-completo-del-decreto-525-2020-dado-a-conocer-por-la-municipalidad-de-trenque-lauquen\/#breadcrumb","itemListElement":[{"@type":"ListItem","position":1,"name":"Portada","item":"https:\/\/infoecos.com.ar\/"},{"@type":"ListItem","position":2,"name":"Coronavirus: Texto completo del decreto 525\/2020 dado a conocer por la municipalidad de Trenque Lauquen"}]},{"@type":"WebSite","@id":"https:\/\/infoecos.com.ar\/#website","url":"https:\/\/infoecos.com.ar\/","name":"Infoecos","description":"Noticias de trenque lauquen y la zona","publisher":{"@id":"https:\/\/infoecos.com.ar\/#organization"},"alternateName":"Noticias","potentialAction":[{"@type":"SearchAction","target":{"@type":"EntryPoint","urlTemplate":"https:\/\/infoecos.com.ar\/?s={search_term_string}"},"query-input":{"@type":"PropertyValueSpecification","valueRequired":true,"valueName":"search_term_string"}}],"inLanguage":"es"},{"@type":"Organization","@id":"https:\/\/infoecos.com.ar\/#organization","name":"Infoecos","alternateName":"Noticias","url":"https:\/\/infoecos.com.ar\/","logo":{"@type":"ImageObject","inLanguage":"es","@id":"https:\/\/infoecos.com.ar\/#\/schema\/logo\/image\/","url":"https:\/\/infoecos.com.ar\/wp-content\/uploads\/2024\/03\/cropped-logo.png","contentUrl":"https:\/\/infoecos.com.ar\/wp-content\/uploads\/2024\/03\/cropped-logo.png","width":374,"height":90,"caption":"Infoecos"},"image":{"@id":"https:\/\/infoecos.com.ar\/#\/schema\/logo\/image\/"},"sameAs":["https:\/\/www.facebook.com\/profile.php?id=100063200290284","https:\/\/x.com\/infoecos"]},{"@type":"Person","@id":"https:\/\/infoecos.com.ar\/#\/schema\/person\/8f5ace5ce73b4b4aac4b7245aee6f191","name":"Jorge Matheus","url":"https:\/\/infoecos.com.ar\/index.php\/author\/jomatheus\/"}]}},"featured_image_urls":{"full":"","thumbnail":"","medium":"","medium_large":"","large":"","1536x1536":"","2048x2048":"","covernews-slider-full":"","covernews-slider-center":"","covernews-featured":"","covernews-medium":"","covernews-medium-square":""},"author_info":{"info":["Jorge Matheus"]},"category_info":"<a href=\"https:\/\/infoecos.com.ar\/index.php\/category\/noticia-secundaria\/\" rel=\"category tag\">Noticia Secundaria<\/a>","tag_info":"Noticia Secundaria","comment_count":"0","_links":{"self":[{"href":"https:\/\/infoecos.com.ar\/index.php\/wp-json\/wp\/v2\/posts\/59202"}],"collection":[{"href":"https:\/\/infoecos.com.ar\/index.php\/wp-json\/wp\/v2\/posts"}],"about":[{"href":"https:\/\/infoecos.com.ar\/index.php\/wp-json\/wp\/v2\/types\/post"}],"author":[{"embeddable":true,"href":"https:\/\/infoecos.com.ar\/index.php\/wp-json\/wp\/v2\/users\/2"}],"replies":[{"embeddable":true,"href":"https:\/\/infoecos.com.ar\/index.php\/wp-json\/wp\/v2\/comments?post=59202"}],"version-history":[{"count":1,"href":"https:\/\/infoecos.com.ar\/index.php\/wp-json\/wp\/v2\/posts\/59202\/revisions"}],"predecessor-version":[{"id":59203,"href":"https:\/\/infoecos.com.ar\/index.php\/wp-json\/wp\/v2\/posts\/59202\/revisions\/59203"}],"wp:featuredmedia":[{"embeddable":true,"href":"https:\/\/infoecos.com.ar\/index.php\/wp-json\/"}],"wp:attachment":[{"href":"https:\/\/infoecos.com.ar\/index.php\/wp-json\/wp\/v2\/media?parent=59202"}],"wp:term":[{"taxonomy":"category","embeddable":true,"href":"https:\/\/infoecos.com.ar\/index.php\/wp-json\/wp\/v2\/categories?post=59202"},{"taxonomy":"post_tag","embeddable":true,"href":"https:\/\/infoecos.com.ar\/index.php\/wp-json\/wp\/v2\/tags?post=59202"}],"curies":[{"name":"wp","href":"https:\/\/api.w.org\/{rel}","templated":true}]}}