{"id":59246,"date":"2020-03-19T15:22:33","date_gmt":"2020-03-19T18:22:33","guid":{"rendered":"http:\/\/infoecos.com.ar\/?p=59246"},"modified":"2020-03-20T00:59:15","modified_gmt":"2020-03-20T03:59:15","slug":"sin-haberse-dado-a-conocer-el-numero-de-personas-en-cuarentena-se-informo-que-en-trenque-lauquen-no-hay-casos-sospechosos","status":"publish","type":"post","link":"https:\/\/infoecos.com.ar\/index.php\/sin-haberse-dado-a-conocer-el-numero-de-personas-en-cuarentena-se-informo-que-en-trenque-lauquen-no-hay-casos-sospechosos\/","title":{"rendered":"Sin haberse dado a conocer el n\u00famero de personas en cuarentena, se inform\u00f3 que en Trenque Lauquen no hay casos sospechosos"},"content":{"rendered":"\n<p>En un informe amplio difundido a trav\u00e9s de la gacetilla de prensa diaria, el municipio de Trenque Lauquen inform\u00f3 que no hay casos sospechosos en el distrito, aunque no dio a conocer la cantidad de personas que se encuentran en condici\u00f3n de cuarentena o aislamiento, producto de haber viajado al exterior o bien por haber estado en lugares considerados de riesgo.<\/p>\n\n\n\n<div class=\"wp-block-image\"><figure class=\"aligncenter size-medium\"><img decoding=\"async\" src=\"http:\/\/infoecos.com.ar\/wp-content\/uploads\/fd6deb3c-9218-4816-b243-9c2ad36be305-460x345.jpg\" alt=\"Trenque Lauquen - Municipalidad\" class=\"wp-image-22251\"\/><figcaption>Trenque Lauquen &#8211; Municipalidad <\/figcaption><\/figure><\/div>\n\n\n\n<p>El informe proporcionado por la Direcci\u00f3n de Prensa apunta, fundamentalmente, a brindar un suscinto, pero valioso panorama de la situaci\u00f3n general en el pa\u00eds y la provincia de Buenos Aires.<\/p>\n\n\n\n<p><strong>Panorama Nacional y Provincial:<\/strong><\/p>\n\n\n\n<p>El total de casos confirmados en Argentina es de 97 (incluye a tres fallecidos. El \u00faltimo deceso corresponde a una persona de 68 a\u00f1os con antecedentes de hipertensi\u00f3n arterial, diabetes y obesidad, residente de Ciudad Aut\u00f3noma de Buenos Aires y que hab\u00eda tenido contacto con un viajero).<\/p>\n\n\n\n<p>Ochenta de los 97 casos corresponden a viajeros, 15\na personas que estuvieron en contacto con viajeros, 1 por transmisi\u00f3n local por\nconglomerado y 1 por estudio epidemiol\u00f3gico. <\/p>\n\n\n\n<p>Hay 18 pacientes que fueron dados de alta de las\ninstituciones donde estaban internados. <\/p>\n\n\n\n<p>Fueron confirmados 19 nuevos casos de COVID-19:<\/p>\n\n\n\n<p>&#8211; 10 en la Ciudad Aut\u00f3noma de Buenos Aires<\/p>\n\n\n\n<p>&#8211; 6 en Provincia de Buenos Aires<\/p>\n\n\n\n<p>&#8211; 1 en Chaco<\/p>\n\n\n\n<p>&#8211; 1 en C\u00f3rdoba<\/p>\n\n\n\n<p>&#8211; 1 en Entre R\u00edos <\/p>\n\n\n\n<p>De los 19 casos, 13 corresponden a personas con\nantecedente de viaje a zona de riesgo, mientras que 5 son por contactos\nestrechos de casos confirmados y 1 est\u00e1 en investigaci\u00f3n para determinar\nantecedente epidemiol\u00f3gico.<\/p>\n\n\n\n<p>&#8211; A la fecha, la mayor\u00eda de los casos son\nimportados. Se detecta transmisi\u00f3n local en contactos estrechos, sin evidencia\nde transmisi\u00f3n comunitaria.<\/p>\n\n\n\n<p>&#8211; Hay 562 casos negativos por laboratorio y 96\ndescartados.<\/p>\n\n\n\n<p>&#8211; Los pacientes se encuentran cumpliendo el\naislamiento establecido por las autoridades sanitarias.<\/p>\n\n\n\n<p>&#8211; Aclaraci\u00f3n: 1 de los casos notificados ayer en\nProvincia de Buenos Aires se reclasific\u00f3 como paciente en seguimiento y no\nconstitu\u00eda un caso nuevo. Se trat\u00f3 de una persona a la que se le realiz\u00f3 un\nlaboratorio para alta m\u00e9dica.<\/p>\n\n\n\n<ul class=\"wp-block-list\"><li><strong>En\nla Provincia de Buenos Aires<\/strong><\/li><\/ul>\n\n\n\n<p>&#8211; Entre la Semana Epidemiol\u00f3gica (SE) 5 (26 enero al\n1 febrero) y la SE 12 (15 al 21 marzo) de 2020 se notificaron al Sistema\nNacional de Vigilancia de la Salud (SNVS) 463 casos con infecci\u00f3n respiratoria\naguda y sospecha de virus emergente y 98 contactos cercanos de casos\nconfirmados correspondientes a residentes de la provincia de Buenos Aires. <\/p>\n\n\n\n<p>&#8211; Del total de casos sospechosos (N=463) 23 fueron\nconfirmados, 183 se descartaron, 36 se invalidaron por no cumplir con la\ndefinici\u00f3n de caso sospechoso y 221 aguardan resultados de laboratorio. <\/p>\n\n\n\n<p>&#8211; Del total de contactos (N=98), 11 presentaron\ns\u00edntomas y se encuentran en evaluaci\u00f3n, 4 finalizaron el seguimiento sin\ns\u00edntomas, 5 se invalidaron y 78 se encuentran actualmente bajo aislamiento\ndomiciliario y seguimiento. <\/p>\n\n\n\n<p>&#8211; Los seis casos confirmados de ayer pertenecen al\ngrupo etario entre 20 y 50 a\u00f1os, presentan antecedentes de viaje a Europa, uno\nde ellos es de nacionalidad brit\u00e1nica y est\u00e1 en el pa\u00eds por turismo. Se\nencuentran internados, en aislamiento, en instituciones de la provincia y de\nCABA. Presentan buena evoluci\u00f3n cl\u00ednica. <\/p>\n\n\n\n<figure class=\"wp-block-table\"><table class=\"\"><tbody><tr><td>\n  <strong>Cantidad\n  de casos<\/strong>\n  <\/td><td>\n  <strong>463<\/strong>\n  <\/td><\/tr><tr><td>\n  <strong>Clasificaci\u00f3n <\/strong>\n  <\/td><\/tr><tr><td>\n  Casos confirmados: \n  <\/td><td>\n  <strong>23 <\/strong>\n  <\/td><\/tr><tr><td>\n  Casos descartados: \n  <\/td><td>\n  <strong>183 <\/strong>\n  <\/td><\/tr><tr><td>\n  Casos invalidados por epidemiolog\u00eda: \n  <\/td><td>\n  <strong>36 <\/strong>\n  <\/td><\/tr><tr><td>\n  Casos en estudio: \n  <\/td><td>\n  <strong>221 <\/strong>\n  <\/td><\/tr><tr><td>\n  <strong>Sexo <\/strong>\n  <\/td><\/tr><tr><td>\n  Femenino: \n  <\/td><td>\n  <strong>227 <\/strong>\n  <\/td><\/tr><tr><td>\n  Masculino: \n  <\/td><td>\n  <strong>236 <\/strong>\n  <\/td><\/tr><tr><td>\n  <strong>Distribuci\u00f3n de edad <\/strong>\n  <\/td><\/tr><tr><td>   65 a\u00f1os:    <\/td><td>\n  <strong>33 <\/strong>\n  <\/td><\/tr><tr><td>\n  45-64 a\u00f1os: \n  <\/td><td>\n  <strong>138 <\/strong>\n  <\/td><\/tr><tr><td>\n  35-44 a\u00f1os: \n  <\/td><td>\n  <strong>67 <\/strong>\n  <\/td><\/tr><tr><td>\n  25-34 a\u00f1os: \n  <\/td><td>\n  <strong>88 <\/strong>\n  <\/td><\/tr><tr><td>\n  15-24 a\u00f1os: \n  <\/td><td>\n  <strong>85 <\/strong>\n  <\/td><\/tr><tr><td>   15 a\u00f1os:    <\/td><td>\n  <strong>52 <\/strong>\n  <\/td><\/tr><tr><td>\n  <strong>Contactos notificados al SISA 2.0 (al 18 de marzo\n  de 2020) <\/strong>\n  <\/td><\/tr><tr><td>\n  Contacto estrecho de caso confirmado: \n  <\/td><td>\n  <strong>98 <\/strong>\n  <\/td><\/tr><\/tbody><\/table><\/figure>\n\n\n\n<p>\u2022&nbsp;&nbsp;&nbsp;&nbsp;&nbsp;&nbsp;&nbsp;&nbsp;&nbsp;&nbsp; <strong>En Trenque Lauquen.<\/strong><\/p>\n\n\n\n<p>&#8211; Casos sospechosos: 0<\/p>\n\n\n\n<p>El \u00e1rea de Salud est\u00e1 procesando los datos de\npersonas en cuarentena en las ciudades de Trenque Lauquen, Treinta de Agosto y\nBerutti. <\/p>\n\n\n\n<p>\u2022 &nbsp;&nbsp;&nbsp;&nbsp;&nbsp;&nbsp;&nbsp;&nbsp;&nbsp; <strong>Tel\u00e9fono de consulta las 24 hs.<\/strong><\/p>\n\n\n\n<p>&nbsp;(2392) 41\n-5000<\/p>\n\n\n\n<p><strong>Zonas de riesgo:<\/strong><\/p>\n\n\n\n<p>&#8211;&nbsp;&nbsp;&nbsp;&nbsp;&nbsp;&nbsp;&nbsp;&nbsp;&nbsp;&nbsp; China<\/p>\n\n\n\n<p>&#8211;&nbsp;&nbsp;&nbsp;&nbsp;&nbsp;&nbsp;&nbsp;&nbsp;&nbsp;&nbsp; Corea\ndel Sur<\/p>\n\n\n\n<p>&#8211;&nbsp;&nbsp;&nbsp;&nbsp;&nbsp;&nbsp;&nbsp;&nbsp;&nbsp;&nbsp; Jap\u00f3n<\/p>\n\n\n\n<p>&#8211;&nbsp;&nbsp;&nbsp;&nbsp;&nbsp;&nbsp;&nbsp;&nbsp;&nbsp;&nbsp; Ir\u00e1n<\/p>\n\n\n\n<p>&#8211;&nbsp;&nbsp;&nbsp;&nbsp;&nbsp;&nbsp;&nbsp;&nbsp;&nbsp;&nbsp; Europa<\/p>\n\n\n\n<p>&#8211;&nbsp;&nbsp;&nbsp;&nbsp;&nbsp;&nbsp;&nbsp;&nbsp;&nbsp;&nbsp; Estados\nUnidos<\/p>\n\n\n\n<p>&#8211;&nbsp;&nbsp;&nbsp;&nbsp;&nbsp;&nbsp;&nbsp;&nbsp;&nbsp;&nbsp; Chile<\/p>\n\n\n\n<p>&#8211;&nbsp;&nbsp;&nbsp;&nbsp;&nbsp;&nbsp;&nbsp;&nbsp;&nbsp;&nbsp; Brasil\n<\/p>\n","protected":false},"excerpt":{"rendered":"<p>En un informe amplio difundido a trav\u00e9s de la gacetilla de prensa diaria, el municipio&#8230;<\/p>\n","protected":false},"author":2,"featured_media":22251,"comment_status":"closed","ping_status":"open","sticky":false,"template":"","format":"standard","meta":{"footnotes":""},"categories":[24],"tags":[1785],"class_list":["post-59246","post","type-post","status-publish","format-standard","has-post-thumbnail","hentry","category-c1nota3","tag-coronavirus"],"yoast_head":"<!-- This site is optimized with the Yoast SEO plugin v23.4 - https:\/\/yoast.com\/wordpress\/plugins\/seo\/ -->\n<title>Sin haberse dado a conocer el n\u00famero de personas en cuarentena, se inform\u00f3 que en Trenque Lauquen no hay casos sospechosos - Infoecos<\/title>\n<meta name=\"robots\" content=\"index, follow, max-snippet:-1, max-image-preview:large, max-video-preview:-1\" \/>\n<link rel=\"canonical\" href=\"https:\/\/infoecos.com.ar\/index.php\/sin-haberse-dado-a-conocer-el-numero-de-personas-en-cuarentena-se-informo-que-en-trenque-lauquen-no-hay-casos-sospechosos\/\" \/>\n<meta property=\"og:locale\" content=\"es_ES\" \/>\n<meta property=\"og:type\" content=\"article\" \/>\n<meta property=\"og:title\" content=\"Sin haberse dado a conocer el n\u00famero de personas en cuarentena, se inform\u00f3 que en Trenque Lauquen no hay casos sospechosos - Infoecos\" \/>\n<meta property=\"og:description\" content=\"En un informe amplio difundido a trav\u00e9s de la gacetilla de prensa diaria, el municipio...\" \/>\n<meta property=\"og:url\" content=\"https:\/\/infoecos.com.ar\/index.php\/sin-haberse-dado-a-conocer-el-numero-de-personas-en-cuarentena-se-informo-que-en-trenque-lauquen-no-hay-casos-sospechosos\/\" \/>\n<meta property=\"og:site_name\" content=\"Infoecos\" \/>\n<meta property=\"article:publisher\" content=\"https:\/\/www.facebook.com\/profile.php?id=100063200290284\" \/>\n<meta property=\"article:published_time\" content=\"2020-03-19T18:22:33+00:00\" \/>\n<meta property=\"article:modified_time\" content=\"2020-03-20T03:59:15+00:00\" \/>\n<meta property=\"og:image\" content=\"https:\/\/infoecos.com.ar\/wp-content\/uploads\/fd6deb3c-9218-4816-b243-9c2ad36be305-e1504233504477.jpg\" \/>\n\t<meta property=\"og:image:width\" content=\"400\" \/>\n\t<meta property=\"og:image:height\" content=\"300\" \/>\n\t<meta property=\"og:image:type\" content=\"image\/jpeg\" \/>\n<meta name=\"author\" content=\"Jorge Matheus\" \/>\n<meta name=\"twitter:card\" content=\"summary_large_image\" \/>\n<meta name=\"twitter:creator\" content=\"@infoecos\" \/>\n<meta name=\"twitter:site\" content=\"@infoecos\" \/>\n<meta name=\"twitter:label1\" content=\"Escrito por\" \/>\n\t<meta name=\"twitter:data1\" content=\"Jorge Matheus\" \/>\n\t<meta name=\"twitter:label2\" content=\"Tiempo de lectura\" \/>\n\t<meta name=\"twitter:data2\" content=\"4 minutos\" \/>\n<script type=\"application\/ld+json\" class=\"yoast-schema-graph\">{\"@context\":\"https:\/\/schema.org\",\"@graph\":[{\"@type\":\"Article\",\"@id\":\"https:\/\/infoecos.com.ar\/index.php\/sin-haberse-dado-a-conocer-el-numero-de-personas-en-cuarentena-se-informo-que-en-trenque-lauquen-no-hay-casos-sospechosos\/#article\",\"isPartOf\":{\"@id\":\"https:\/\/infoecos.com.ar\/index.php\/sin-haberse-dado-a-conocer-el-numero-de-personas-en-cuarentena-se-informo-que-en-trenque-lauquen-no-hay-casos-sospechosos\/\"},\"author\":{\"name\":\"Jorge Matheus\",\"@id\":\"https:\/\/infoecos.com.ar\/#\/schema\/person\/8f5ace5ce73b4b4aac4b7245aee6f191\"},\"headline\":\"Sin haberse dado a conocer el n\u00famero de personas en cuarentena, se inform\u00f3 que en Trenque Lauquen no hay casos sospechosos\",\"datePublished\":\"2020-03-19T18:22:33+00:00\",\"dateModified\":\"2020-03-20T03:59:15+00:00\",\"mainEntityOfPage\":{\"@id\":\"https:\/\/infoecos.com.ar\/index.php\/sin-haberse-dado-a-conocer-el-numero-de-personas-en-cuarentena-se-informo-que-en-trenque-lauquen-no-hay-casos-sospechosos\/\"},\"wordCount\":758,\"publisher\":{\"@id\":\"https:\/\/infoecos.com.ar\/#organization\"},\"image\":{\"@id\":\"https:\/\/infoecos.com.ar\/index.php\/sin-haberse-dado-a-conocer-el-numero-de-personas-en-cuarentena-se-informo-que-en-trenque-lauquen-no-hay-casos-sospechosos\/#primaryimage\"},\"thumbnailUrl\":\"\",\"keywords\":[\"CORONAVIRUS\"],\"articleSection\":[\"C1 N3\"],\"inLanguage\":\"es\"},{\"@type\":\"WebPage\",\"@id\":\"https:\/\/infoecos.com.ar\/index.php\/sin-haberse-dado-a-conocer-el-numero-de-personas-en-cuarentena-se-informo-que-en-trenque-lauquen-no-hay-casos-sospechosos\/\",\"url\":\"https:\/\/infoecos.com.ar\/index.php\/sin-haberse-dado-a-conocer-el-numero-de-personas-en-cuarentena-se-informo-que-en-trenque-lauquen-no-hay-casos-sospechosos\/\",\"name\":\"Sin haberse dado a conocer el n\u00famero de personas en cuarentena, se inform\u00f3 que en Trenque Lauquen no hay casos sospechosos - Infoecos\",\"isPartOf\":{\"@id\":\"https:\/\/infoecos.com.ar\/#website\"},\"primaryImageOfPage\":{\"@id\":\"https:\/\/infoecos.com.ar\/index.php\/sin-haberse-dado-a-conocer-el-numero-de-personas-en-cuarentena-se-informo-que-en-trenque-lauquen-no-hay-casos-sospechosos\/#primaryimage\"},\"image\":{\"@id\":\"https:\/\/infoecos.com.ar\/index.php\/sin-haberse-dado-a-conocer-el-numero-de-personas-en-cuarentena-se-informo-que-en-trenque-lauquen-no-hay-casos-sospechosos\/#primaryimage\"},\"thumbnailUrl\":\"\",\"datePublished\":\"2020-03-19T18:22:33+00:00\",\"dateModified\":\"2020-03-20T03:59:15+00:00\",\"breadcrumb\":{\"@id\":\"https:\/\/infoecos.com.ar\/index.php\/sin-haberse-dado-a-conocer-el-numero-de-personas-en-cuarentena-se-informo-que-en-trenque-lauquen-no-hay-casos-sospechosos\/#breadcrumb\"},\"inLanguage\":\"es\",\"potentialAction\":[{\"@type\":\"ReadAction\",\"target\":[\"https:\/\/infoecos.com.ar\/index.php\/sin-haberse-dado-a-conocer-el-numero-de-personas-en-cuarentena-se-informo-que-en-trenque-lauquen-no-hay-casos-sospechosos\/\"]}]},{\"@type\":\"ImageObject\",\"inLanguage\":\"es\",\"@id\":\"https:\/\/infoecos.com.ar\/index.php\/sin-haberse-dado-a-conocer-el-numero-de-personas-en-cuarentena-se-informo-que-en-trenque-lauquen-no-hay-casos-sospechosos\/#primaryimage\",\"url\":\"\",\"contentUrl\":\"\"},{\"@type\":\"BreadcrumbList\",\"@id\":\"https:\/\/infoecos.com.ar\/index.php\/sin-haberse-dado-a-conocer-el-numero-de-personas-en-cuarentena-se-informo-que-en-trenque-lauquen-no-hay-casos-sospechosos\/#breadcrumb\",\"itemListElement\":[{\"@type\":\"ListItem\",\"position\":1,\"name\":\"Portada\",\"item\":\"https:\/\/infoecos.com.ar\/\"},{\"@type\":\"ListItem\",\"position\":2,\"name\":\"Sin haberse dado a conocer el n\u00famero de personas en cuarentena, se inform\u00f3 que en Trenque Lauquen no hay casos sospechosos\"}]},{\"@type\":\"WebSite\",\"@id\":\"https:\/\/infoecos.com.ar\/#website\",\"url\":\"https:\/\/infoecos.com.ar\/\",\"name\":\"Infoecos\",\"description\":\"Noticias de trenque lauquen y la zona\",\"publisher\":{\"@id\":\"https:\/\/infoecos.com.ar\/#organization\"},\"alternateName\":\"Noticias\",\"potentialAction\":[{\"@type\":\"SearchAction\",\"target\":{\"@type\":\"EntryPoint\",\"urlTemplate\":\"https:\/\/infoecos.com.ar\/?s={search_term_string}\"},\"query-input\":{\"@type\":\"PropertyValueSpecification\",\"valueRequired\":true,\"valueName\":\"search_term_string\"}}],\"inLanguage\":\"es\"},{\"@type\":\"Organization\",\"@id\":\"https:\/\/infoecos.com.ar\/#organization\",\"name\":\"Infoecos\",\"alternateName\":\"Noticias\",\"url\":\"https:\/\/infoecos.com.ar\/\",\"logo\":{\"@type\":\"ImageObject\",\"inLanguage\":\"es\",\"@id\":\"https:\/\/infoecos.com.ar\/#\/schema\/logo\/image\/\",\"url\":\"https:\/\/infoecos.com.ar\/wp-content\/uploads\/2024\/03\/cropped-logo.png\",\"contentUrl\":\"https:\/\/infoecos.com.ar\/wp-content\/uploads\/2024\/03\/cropped-logo.png\",\"width\":374,\"height\":90,\"caption\":\"Infoecos\"},\"image\":{\"@id\":\"https:\/\/infoecos.com.ar\/#\/schema\/logo\/image\/\"},\"sameAs\":[\"https:\/\/www.facebook.com\/profile.php?id=100063200290284\",\"https:\/\/x.com\/infoecos\"]},{\"@type\":\"Person\",\"@id\":\"https:\/\/infoecos.com.ar\/#\/schema\/person\/8f5ace5ce73b4b4aac4b7245aee6f191\",\"name\":\"Jorge Matheus\",\"url\":\"https:\/\/infoecos.com.ar\/index.php\/author\/jomatheus\/\"}]}<\/script>\n<!-- \/ Yoast SEO plugin. -->","yoast_head_json":{"title":"Sin haberse dado a conocer el n\u00famero de personas en cuarentena, se inform\u00f3 que en Trenque Lauquen no hay casos sospechosos - Infoecos","robots":{"index":"index","follow":"follow","max-snippet":"max-snippet:-1","max-image-preview":"max-image-preview:large","max-video-preview":"max-video-preview:-1"},"canonical":"https:\/\/infoecos.com.ar\/index.php\/sin-haberse-dado-a-conocer-el-numero-de-personas-en-cuarentena-se-informo-que-en-trenque-lauquen-no-hay-casos-sospechosos\/","og_locale":"es_ES","og_type":"article","og_title":"Sin haberse dado a conocer el n\u00famero de personas en cuarentena, se inform\u00f3 que en Trenque Lauquen no hay casos sospechosos - Infoecos","og_description":"En un informe amplio difundido a trav\u00e9s de la gacetilla de prensa diaria, el municipio...","og_url":"https:\/\/infoecos.com.ar\/index.php\/sin-haberse-dado-a-conocer-el-numero-de-personas-en-cuarentena-se-informo-que-en-trenque-lauquen-no-hay-casos-sospechosos\/","og_site_name":"Infoecos","article_publisher":"https:\/\/www.facebook.com\/profile.php?id=100063200290284","article_published_time":"2020-03-19T18:22:33+00:00","article_modified_time":"2020-03-20T03:59:15+00:00","og_image":[{"width":400,"height":300,"url":"https:\/\/infoecos.com.ar\/wp-content\/uploads\/fd6deb3c-9218-4816-b243-9c2ad36be305-e1504233504477.jpg","type":"image\/jpeg"}],"author":"Jorge Matheus","twitter_card":"summary_large_image","twitter_creator":"@infoecos","twitter_site":"@infoecos","twitter_misc":{"Escrito por":"Jorge Matheus","Tiempo de lectura":"4 minutos"},"schema":{"@context":"https:\/\/schema.org","@graph":[{"@type":"Article","@id":"https:\/\/infoecos.com.ar\/index.php\/sin-haberse-dado-a-conocer-el-numero-de-personas-en-cuarentena-se-informo-que-en-trenque-lauquen-no-hay-casos-sospechosos\/#article","isPartOf":{"@id":"https:\/\/infoecos.com.ar\/index.php\/sin-haberse-dado-a-conocer-el-numero-de-personas-en-cuarentena-se-informo-que-en-trenque-lauquen-no-hay-casos-sospechosos\/"},"author":{"name":"Jorge Matheus","@id":"https:\/\/infoecos.com.ar\/#\/schema\/person\/8f5ace5ce73b4b4aac4b7245aee6f191"},"headline":"Sin haberse dado a conocer el n\u00famero de personas en cuarentena, se inform\u00f3 que en Trenque Lauquen no hay casos sospechosos","datePublished":"2020-03-19T18:22:33+00:00","dateModified":"2020-03-20T03:59:15+00:00","mainEntityOfPage":{"@id":"https:\/\/infoecos.com.ar\/index.php\/sin-haberse-dado-a-conocer-el-numero-de-personas-en-cuarentena-se-informo-que-en-trenque-lauquen-no-hay-casos-sospechosos\/"},"wordCount":758,"publisher":{"@id":"https:\/\/infoecos.com.ar\/#organization"},"image":{"@id":"https:\/\/infoecos.com.ar\/index.php\/sin-haberse-dado-a-conocer-el-numero-de-personas-en-cuarentena-se-informo-que-en-trenque-lauquen-no-hay-casos-sospechosos\/#primaryimage"},"thumbnailUrl":"","keywords":["CORONAVIRUS"],"articleSection":["C1 N3"],"inLanguage":"es"},{"@type":"WebPage","@id":"https:\/\/infoecos.com.ar\/index.php\/sin-haberse-dado-a-conocer-el-numero-de-personas-en-cuarentena-se-informo-que-en-trenque-lauquen-no-hay-casos-sospechosos\/","url":"https:\/\/infoecos.com.ar\/index.php\/sin-haberse-dado-a-conocer-el-numero-de-personas-en-cuarentena-se-informo-que-en-trenque-lauquen-no-hay-casos-sospechosos\/","name":"Sin haberse dado a conocer el n\u00famero de personas en cuarentena, se inform\u00f3 que en Trenque Lauquen no hay casos sospechosos - Infoecos","isPartOf":{"@id":"https:\/\/infoecos.com.ar\/#website"},"primaryImageOfPage":{"@id":"https:\/\/infoecos.com.ar\/index.php\/sin-haberse-dado-a-conocer-el-numero-de-personas-en-cuarentena-se-informo-que-en-trenque-lauquen-no-hay-casos-sospechosos\/#primaryimage"},"image":{"@id":"https:\/\/infoecos.com.ar\/index.php\/sin-haberse-dado-a-conocer-el-numero-de-personas-en-cuarentena-se-informo-que-en-trenque-lauquen-no-hay-casos-sospechosos\/#primaryimage"},"thumbnailUrl":"","datePublished":"2020-03-19T18:22:33+00:00","dateModified":"2020-03-20T03:59:15+00:00","breadcrumb":{"@id":"https:\/\/infoecos.com.ar\/index.php\/sin-haberse-dado-a-conocer-el-numero-de-personas-en-cuarentena-se-informo-que-en-trenque-lauquen-no-hay-casos-sospechosos\/#breadcrumb"},"inLanguage":"es","potentialAction":[{"@type":"ReadAction","target":["https:\/\/infoecos.com.ar\/index.php\/sin-haberse-dado-a-conocer-el-numero-de-personas-en-cuarentena-se-informo-que-en-trenque-lauquen-no-hay-casos-sospechosos\/"]}]},{"@type":"ImageObject","inLanguage":"es","@id":"https:\/\/infoecos.com.ar\/index.php\/sin-haberse-dado-a-conocer-el-numero-de-personas-en-cuarentena-se-informo-que-en-trenque-lauquen-no-hay-casos-sospechosos\/#primaryimage","url":"","contentUrl":""},{"@type":"BreadcrumbList","@id":"https:\/\/infoecos.com.ar\/index.php\/sin-haberse-dado-a-conocer-el-numero-de-personas-en-cuarentena-se-informo-que-en-trenque-lauquen-no-hay-casos-sospechosos\/#breadcrumb","itemListElement":[{"@type":"ListItem","position":1,"name":"Portada","item":"https:\/\/infoecos.com.ar\/"},{"@type":"ListItem","position":2,"name":"Sin haberse dado a conocer el n\u00famero de personas en cuarentena, se inform\u00f3 que en Trenque Lauquen no hay casos sospechosos"}]},{"@type":"WebSite","@id":"https:\/\/infoecos.com.ar\/#website","url":"https:\/\/infoecos.com.ar\/","name":"Infoecos","description":"Noticias de trenque lauquen y la zona","publisher":{"@id":"https:\/\/infoecos.com.ar\/#organization"},"alternateName":"Noticias","potentialAction":[{"@type":"SearchAction","target":{"@type":"EntryPoint","urlTemplate":"https:\/\/infoecos.com.ar\/?s={search_term_string}"},"query-input":{"@type":"PropertyValueSpecification","valueRequired":true,"valueName":"search_term_string"}}],"inLanguage":"es"},{"@type":"Organization","@id":"https:\/\/infoecos.com.ar\/#organization","name":"Infoecos","alternateName":"Noticias","url":"https:\/\/infoecos.com.ar\/","logo":{"@type":"ImageObject","inLanguage":"es","@id":"https:\/\/infoecos.com.ar\/#\/schema\/logo\/image\/","url":"https:\/\/infoecos.com.ar\/wp-content\/uploads\/2024\/03\/cropped-logo.png","contentUrl":"https:\/\/infoecos.com.ar\/wp-content\/uploads\/2024\/03\/cropped-logo.png","width":374,"height":90,"caption":"Infoecos"},"image":{"@id":"https:\/\/infoecos.com.ar\/#\/schema\/logo\/image\/"},"sameAs":["https:\/\/www.facebook.com\/profile.php?id=100063200290284","https:\/\/x.com\/infoecos"]},{"@type":"Person","@id":"https:\/\/infoecos.com.ar\/#\/schema\/person\/8f5ace5ce73b4b4aac4b7245aee6f191","name":"Jorge Matheus","url":"https:\/\/infoecos.com.ar\/index.php\/author\/jomatheus\/"}]}},"featured_image_urls":{"full":"","thumbnail":"","medium":"","medium_large":"","large":"","1536x1536":"","2048x2048":"","covernews-slider-full":"","covernews-slider-center":"","covernews-featured":"","covernews-medium":"","covernews-medium-square":""},"author_info":{"info":["Jorge Matheus"]},"category_info":"<a href=\"https:\/\/infoecos.com.ar\/index.php\/category\/c1nota3\/\" rel=\"category tag\">C1 N3<\/a>","tag_info":"C1 N3","comment_count":"0","_links":{"self":[{"href":"https:\/\/infoecos.com.ar\/index.php\/wp-json\/wp\/v2\/posts\/59246"}],"collection":[{"href":"https:\/\/infoecos.com.ar\/index.php\/wp-json\/wp\/v2\/posts"}],"about":[{"href":"https:\/\/infoecos.com.ar\/index.php\/wp-json\/wp\/v2\/types\/post"}],"author":[{"embeddable":true,"href":"https:\/\/infoecos.com.ar\/index.php\/wp-json\/wp\/v2\/users\/2"}],"replies":[{"embeddable":true,"href":"https:\/\/infoecos.com.ar\/index.php\/wp-json\/wp\/v2\/comments?post=59246"}],"version-history":[{"count":1,"href":"https:\/\/infoecos.com.ar\/index.php\/wp-json\/wp\/v2\/posts\/59246\/revisions"}],"predecessor-version":[{"id":59247,"href":"https:\/\/infoecos.com.ar\/index.php\/wp-json\/wp\/v2\/posts\/59246\/revisions\/59247"}],"wp:featuredmedia":[{"embeddable":true,"href":"https:\/\/infoecos.com.ar\/index.php\/wp-json\/"}],"wp:attachment":[{"href":"https:\/\/infoecos.com.ar\/index.php\/wp-json\/wp\/v2\/media?parent=59246"}],"wp:term":[{"taxonomy":"category","embeddable":true,"href":"https:\/\/infoecos.com.ar\/index.php\/wp-json\/wp\/v2\/categories?post=59246"},{"taxonomy":"post_tag","embeddable":true,"href":"https:\/\/infoecos.com.ar\/index.php\/wp-json\/wp\/v2\/tags?post=59246"}],"curies":[{"name":"wp","href":"https:\/\/api.w.org\/{rel}","templated":true}]}}