{"id":59375,"date":"2020-03-22T17:25:59","date_gmt":"2020-03-22T20:25:59","guid":{"rendered":"http:\/\/infoecos.com.ar\/?p=59375"},"modified":"2020-03-25T02:17:08","modified_gmt":"2020-03-25T05:17:08","slug":"texto-completo-del-decreto-del-municipio-de-trenque-lauquen-numero-541-2020-dado-a-conocer-este-domingo","status":"publish","type":"post","link":"https:\/\/infoecos.com.ar\/index.php\/texto-completo-del-decreto-del-municipio-de-trenque-lauquen-numero-541-2020-dado-a-conocer-este-domingo\/","title":{"rendered":"Texto completo del decreto del municipio de Trenque Lauquen n\u00famero 541\/2020 dado a conocer este domingo"},"content":{"rendered":"\n<div class=\"wp-block-image\"><figure class=\"aligncenter size-medium\"><img decoding=\"async\" src=\"http:\/\/infoecos.com.ar\/wp-content\/uploads\/Conferencia-de-Fern\u00e1ndez-3-460x307.jpg\" alt=\"\" class=\"wp-image-46600\"\/><figcaption>Fern\u00e1ndez, Miguel &#8211; Conferencia de Prensa &#8211; Tasas (archivo)<\/figcaption><\/figure><\/div>\n\n\n\n<p>Texto completo del Decreto n\u00ba 541\/2020 del Departamento Ejecutivo Municipal:<\/p>\n\n\n\n<p>VISTO:<\/p>\n\n\n\n<p>El Decreto de\nNecesidad y Urgencia N\u00b0 297\/2020, emitido por el Presidente de la Naci\u00f3n\nArgentina en acuerdo general de Ministros; y el Decreto 540\/20 de la\nMunicipalidad de Trenque Lauquen,<\/p>\n\n\n\n<p>CONSIDERANDO:<\/p>\n\n\n\n<p>Que como resulta\nde p\u00fablico y notorio conocimiento, el Coronavirus (COVID-19) viene propag\u00e1ndose\nr\u00e1pidamente de persona a persona <\/p>\n\n\n\n<p>Que su r\u00e1pida\npropagaci\u00f3n supone un riesgo para la salud p\u00fablica y exige una respuesta\ninmediata y coordinada para contener la enfermedad e interrumpir la propagaci\u00f3n\ny el contagio; <\/p>\n\n\n\n<p>Que el\nmencionado Decreto Presidencial establece el aislamiento social, preventivo y\nobligatorio en todo el territorio nacional; <\/p>\n\n\n\n<p>Que normativas\nvigentes en Naci\u00f3n, Provincia y Municipal al d\u00eda de hoy establecen distintas\nprohibiciones, suspensiones de actividades y controles que el Estado efect\u00faa\npara contener la Pandemia de Coronavirus; <\/p>\n\n\n\n<p>Que resulta\nnecesario a nivel local ampliar las medidas hasta aqu\u00ed adoptadas, en\nconsonancia con la Decisi\u00f3n Administrativa 429\/2020 del Jefe de Gabinete de\nMinistros, y a fin de lograr un mejor control de cumplimiento del Decreto\nNacional de Necesidad y Urgencia y Decreto 540\/20 de la Municipalidad de\nTrenque Lauquen;<\/p>\n\n\n\n<p>Por ello, en uso\nde las facultades legales que le son propias,<\/p>\n\n\n\n<p>EL INTENDENTE MUNICIPAL DEL PARTIDO DE TRENQUE\nLAUQUEN,<\/p>\n\n\n\n<p>D&nbsp; &nbsp;E&nbsp;&nbsp;\nC&nbsp;&nbsp; R&nbsp;&nbsp; E&nbsp;&nbsp;\nT&nbsp;&nbsp; A:<\/p>\n\n\n\n<p>ARTICULO 1\u00b0: El Personal Municipal afectado a Servicios Esenciales transitar\u00e1 por\nespacios p\u00fablicos y\/o v\u00edas de tr\u00e1nsito identificado con su correspondiente\ncredencial emitida por la Municipalidad de Trenque Lauquen. \u2013<\/p>\n\n\n\n<p>La Municipalidad\nde Trenque Lauquen, no emitir\u00e1 permiso alguno de circulaci\u00f3n en favor de ning\u00fan\nprivado, debiendo el mismo, en caso de encontrarse alcanzado por alguna de las\nexcepciones previstas en el Decreto Presidencial, acreditarlo ante la autoridad\nde control pertinente (por ej. mediante la exhibici\u00f3n del pertinente permiso\notorgado por el empleador).- <\/p>\n\n\n\n<p>Los permisos de\ntr\u00e1nsito o credenciales s\u00f3lo eximir\u00e1n a su poseedor de las responsabilidades\npertinentes cuando la circulaci\u00f3n se limite estrictamente al cumplimiento de\nlas actividades y servicios en virtud de los cuales hubieran sido extendidos.<\/p>\n\n\n\n<p>ARTICULO 2\u00b0: COMERCIOS: S\u00f3lo podr\u00e1n permanecer abiertos los Comercios y Servicios\nespecificados en el Art\u00edculo 6\u00b0 del DNU 297\/2020, de Presidencia de la Naci\u00f3n,\nlos que s\u00f3lo podr\u00e1n desarrollar sus actividades entre las 8 horas y las 17\nhoras, en las franjas horarias que m\u00e1s abajo se especifican.<\/p>\n\n\n\n<p>En base a las\ndisposiciones de la Decisi\u00f3n Administrativa 429\/2020 del Jefe de Gabinete de\nMinistros, quedan tambi\u00e9n exceptuados de la obligaci\u00f3n de aislamiento y por lo\ntanto podr\u00e1n proceder a su apertura, los restaurantes, locales de comida\npreparada y locales de comidas r\u00e1pidas, los que no obstante s\u00f3lo podr\u00e1n vender\nsus productos a trav\u00e9s de servicios de reparto domiciliario, con sujeci\u00f3n al\nprotocolo espec\u00edfico establecido por las autoridades sanitarias. <\/p>\n\n\n\n<p>En ning\u00fan caso\npodr\u00e1n brindar servicios con atenci\u00f3n al p\u00fablico en forma personal, esto\nsignifica, \u00fanicamente se encontrar\u00e1 permitida la modalidad de DELIVERY,\npudiendo desarrollarse s\u00f3lo en el horario restringido de 11 a 14 horas y de 19\na 22.30 horas.<\/p>\n\n\n\n<p>Los\ndesplazamientos de las personas alcanzadas por el presente art\u00edculo deber\u00e1n\nlimitarse al estricto cumplimiento de las actividades y servicios considerados\nesenciales.<\/p>\n\n\n\n<p>ARTICULO 3\u00b0: NO podr\u00e1n abrir sus puertas los Comercios y Servicios que no figuran\nen el DNU de Presidencia de la Naci\u00f3n como bares, discotecas, salones de\neventos, casa de venta de electrodom\u00e9sticos y\/o muebles, librer\u00edas,\njugueter\u00edas, locales de Quiniela, venta de indumentaria y\/o calzados, peluquer\u00edas,\nbarber\u00edas, centros de est\u00e9ticas, o cualquier otro que no est\u00e9 contemplado\nexpresamente en el mencionado DNU.-<\/p>\n\n\n\n<p>ARTICULO 4\u00b0: Los comercios expresamente exceptuados por el DNU, que no venden\nalimentos o medicamentos, como por ejemplo ferreter\u00edas, venta de garrafas,\nproductos de higiene y limpieza, etc; s\u00f3lo podr\u00e1n abrir sus puertas y\/o prestar\nsus servicios de 10 a 12 horas y de 15 a 17 horas. <\/p>\n\n\n\n<p>Los\nSUPERMERCADOS, ALMACENES, DESPENSAS, VENTA DE ALIMENTOS s\u00f3lo podr\u00e1n abrir sus\npuertas entre las 8 y las 17 horas.<\/p>\n\n\n\n<p>Las ESTACIONES\nDE SERVICIO Y FARMACIAS estar\u00e1n habilitados las 24 horas del d\u00eda.<\/p>\n\n\n\n<p>ARTICULO 5\u00b0: Se permitir\u00e1 la circulaci\u00f3n de los ministros de los diferentes cultos\na los efectos de brindar asistencia espiritual, de acuerdo al Art\u00edculo 2\u00b0 de la\nDecisi\u00f3n Administrativa 429\/2020 del Jefe de Gabinete de Ministros.-<\/p>\n\n\n\n<p>ART\u00cdCULO 6\u00b0: Instr\u00fayase a la Direcci\u00f3n de Contralor Municipal para que con el apoyo\nde personal voluntario de Defensa Civil y Polic\u00eda proceda a intensificar los\ncontroles de accesos de la ciudad, as\u00ed como para llevar a cabo el control\ndomiciliario de las personas que, de acuerdo al informe diario emitido por la\nSubsecretar\u00eda de Salud, deban permanecer en cuarentena.&nbsp; <\/p>\n\n\n\n<p>ART\u00cdCULO 7\u00b0: Instr\u00fayase a la Direcci\u00f3n de Contralor Municipal para que con la\ncolaboraci\u00f3n de Bomberos Voluntarios y Polic\u00eda local proceda a poner en\ncirculaci\u00f3n diferentes veh\u00edculos con altavoz concientizando a la poblaci\u00f3n de\nla necesidad de dar cumplimiento con las disposiciones del DNU Presidencial.<\/p>\n\n\n\n<p>ART\u00cdCULO 8\u00b0: En base a lo expuesto en el presente, luego de las 17 hs., solo podr\u00e1n\ncircular en la v\u00eda p\u00fablica las personas que se encuentren alcanzadas por alguna\nde las excepciones previstas en la normativa vigente, correspondiendo en caso\ncontrario la intervenci\u00f3n de Polic\u00eda y radicaci\u00f3n de la pertinente denuncia\nante el Juzgado Federal interviniente.- <\/p>\n\n\n\n<p>ARTICULO 9\u00b0: Comun\u00edquese, Publ\u00edquese, Reg\u00edstrese y oportunamente Arch\u00edvese.-<\/p>\n","protected":false},"excerpt":{"rendered":"<p>Texto completo del Decreto n\u00ba 541\/2020 del Departamento Ejecutivo Municipal: VISTO: El Decreto de Necesidad&#8230;<\/p>\n","protected":false},"author":2,"featured_media":44931,"comment_status":"closed","ping_status":"open","sticky":false,"template":"","format":"standard","meta":{"footnotes":""},"categories":[1333],"tags":[1785],"class_list":["post-59375","post","type-post","status-publish","format-standard","has-post-thumbnail","hentry","category-inferior13","tag-coronavirus"],"yoast_head":"<!-- This site is optimized with the Yoast SEO plugin v23.4 - https:\/\/yoast.com\/wordpress\/plugins\/seo\/ -->\n<title>Texto completo del decreto del municipio de Trenque Lauquen n\u00famero 541\/2020 dado a conocer este domingo - Infoecos<\/title>\n<meta name=\"robots\" content=\"index, follow, max-snippet:-1, max-image-preview:large, max-video-preview:-1\" \/>\n<link rel=\"canonical\" href=\"https:\/\/infoecos.com.ar\/index.php\/texto-completo-del-decreto-del-municipio-de-trenque-lauquen-numero-541-2020-dado-a-conocer-este-domingo\/\" \/>\n<meta property=\"og:locale\" content=\"es_ES\" \/>\n<meta property=\"og:type\" content=\"article\" \/>\n<meta property=\"og:title\" content=\"Texto completo del decreto del municipio de Trenque Lauquen n\u00famero 541\/2020 dado a conocer este domingo - Infoecos\" \/>\n<meta property=\"og:description\" content=\"Texto completo del Decreto n\u00ba 541\/2020 del Departamento Ejecutivo Municipal: VISTO: El Decreto de Necesidad...\" \/>\n<meta property=\"og:url\" content=\"https:\/\/infoecos.com.ar\/index.php\/texto-completo-del-decreto-del-municipio-de-trenque-lauquen-numero-541-2020-dado-a-conocer-este-domingo\/\" \/>\n<meta property=\"og:site_name\" content=\"Infoecos\" \/>\n<meta property=\"article:publisher\" content=\"https:\/\/www.facebook.com\/profile.php?id=100063200290284\" \/>\n<meta property=\"article:published_time\" content=\"2020-03-22T20:25:59+00:00\" \/>\n<meta property=\"article:modified_time\" content=\"2020-03-25T05:17:08+00:00\" \/>\n<meta property=\"og:image\" content=\"https:\/\/infoecos.com.ar\/wp-content\/uploads\/mf-e1515120763488.jpg\" \/>\n\t<meta property=\"og:image:width\" content=\"900\" \/>\n\t<meta property=\"og:image:height\" content=\"601\" \/>\n\t<meta property=\"og:image:type\" content=\"image\/jpeg\" \/>\n<meta name=\"author\" content=\"Jorge Matheus\" \/>\n<meta name=\"twitter:card\" content=\"summary_large_image\" \/>\n<meta name=\"twitter:creator\" content=\"@infoecos\" \/>\n<meta name=\"twitter:site\" content=\"@infoecos\" \/>\n<meta name=\"twitter:label1\" content=\"Escrito por\" \/>\n\t<meta name=\"twitter:data1\" content=\"Jorge Matheus\" \/>\n\t<meta name=\"twitter:label2\" content=\"Tiempo de lectura\" \/>\n\t<meta name=\"twitter:data2\" content=\"5 minutos\" \/>\n<script type=\"application\/ld+json\" class=\"yoast-schema-graph\">{\"@context\":\"https:\/\/schema.org\",\"@graph\":[{\"@type\":\"Article\",\"@id\":\"https:\/\/infoecos.com.ar\/index.php\/texto-completo-del-decreto-del-municipio-de-trenque-lauquen-numero-541-2020-dado-a-conocer-este-domingo\/#article\",\"isPartOf\":{\"@id\":\"https:\/\/infoecos.com.ar\/index.php\/texto-completo-del-decreto-del-municipio-de-trenque-lauquen-numero-541-2020-dado-a-conocer-este-domingo\/\"},\"author\":{\"name\":\"Jorge Matheus\",\"@id\":\"https:\/\/infoecos.com.ar\/#\/schema\/person\/8f5ace5ce73b4b4aac4b7245aee6f191\"},\"headline\":\"Texto completo del decreto del municipio de Trenque Lauquen n\u00famero 541\/2020 dado a conocer este domingo\",\"datePublished\":\"2020-03-22T20:25:59+00:00\",\"dateModified\":\"2020-03-25T05:17:08+00:00\",\"mainEntityOfPage\":{\"@id\":\"https:\/\/infoecos.com.ar\/index.php\/texto-completo-del-decreto-del-municipio-de-trenque-lauquen-numero-541-2020-dado-a-conocer-este-domingo\/\"},\"wordCount\":964,\"publisher\":{\"@id\":\"https:\/\/infoecos.com.ar\/#organization\"},\"image\":{\"@id\":\"https:\/\/infoecos.com.ar\/index.php\/texto-completo-del-decreto-del-municipio-de-trenque-lauquen-numero-541-2020-dado-a-conocer-este-domingo\/#primaryimage\"},\"thumbnailUrl\":\"\",\"keywords\":[\"CORONAVIRUS\"],\"articleSection\":[\"Bloque inferior - 13\"],\"inLanguage\":\"es\"},{\"@type\":\"WebPage\",\"@id\":\"https:\/\/infoecos.com.ar\/index.php\/texto-completo-del-decreto-del-municipio-de-trenque-lauquen-numero-541-2020-dado-a-conocer-este-domingo\/\",\"url\":\"https:\/\/infoecos.com.ar\/index.php\/texto-completo-del-decreto-del-municipio-de-trenque-lauquen-numero-541-2020-dado-a-conocer-este-domingo\/\",\"name\":\"Texto completo del decreto del municipio de Trenque Lauquen n\u00famero 541\/2020 dado a conocer este domingo - Infoecos\",\"isPartOf\":{\"@id\":\"https:\/\/infoecos.com.ar\/#website\"},\"primaryImageOfPage\":{\"@id\":\"https:\/\/infoecos.com.ar\/index.php\/texto-completo-del-decreto-del-municipio-de-trenque-lauquen-numero-541-2020-dado-a-conocer-este-domingo\/#primaryimage\"},\"image\":{\"@id\":\"https:\/\/infoecos.com.ar\/index.php\/texto-completo-del-decreto-del-municipio-de-trenque-lauquen-numero-541-2020-dado-a-conocer-este-domingo\/#primaryimage\"},\"thumbnailUrl\":\"\",\"datePublished\":\"2020-03-22T20:25:59+00:00\",\"dateModified\":\"2020-03-25T05:17:08+00:00\",\"breadcrumb\":{\"@id\":\"https:\/\/infoecos.com.ar\/index.php\/texto-completo-del-decreto-del-municipio-de-trenque-lauquen-numero-541-2020-dado-a-conocer-este-domingo\/#breadcrumb\"},\"inLanguage\":\"es\",\"potentialAction\":[{\"@type\":\"ReadAction\",\"target\":[\"https:\/\/infoecos.com.ar\/index.php\/texto-completo-del-decreto-del-municipio-de-trenque-lauquen-numero-541-2020-dado-a-conocer-este-domingo\/\"]}]},{\"@type\":\"ImageObject\",\"inLanguage\":\"es\",\"@id\":\"https:\/\/infoecos.com.ar\/index.php\/texto-completo-del-decreto-del-municipio-de-trenque-lauquen-numero-541-2020-dado-a-conocer-este-domingo\/#primaryimage\",\"url\":\"\",\"contentUrl\":\"\"},{\"@type\":\"BreadcrumbList\",\"@id\":\"https:\/\/infoecos.com.ar\/index.php\/texto-completo-del-decreto-del-municipio-de-trenque-lauquen-numero-541-2020-dado-a-conocer-este-domingo\/#breadcrumb\",\"itemListElement\":[{\"@type\":\"ListItem\",\"position\":1,\"name\":\"Portada\",\"item\":\"https:\/\/infoecos.com.ar\/\"},{\"@type\":\"ListItem\",\"position\":2,\"name\":\"Texto completo del decreto del municipio de Trenque Lauquen n\u00famero 541\/2020 dado a conocer este domingo\"}]},{\"@type\":\"WebSite\",\"@id\":\"https:\/\/infoecos.com.ar\/#website\",\"url\":\"https:\/\/infoecos.com.ar\/\",\"name\":\"Infoecos\",\"description\":\"Noticias de trenque lauquen y la zona\",\"publisher\":{\"@id\":\"https:\/\/infoecos.com.ar\/#organization\"},\"alternateName\":\"Noticias\",\"potentialAction\":[{\"@type\":\"SearchAction\",\"target\":{\"@type\":\"EntryPoint\",\"urlTemplate\":\"https:\/\/infoecos.com.ar\/?s={search_term_string}\"},\"query-input\":{\"@type\":\"PropertyValueSpecification\",\"valueRequired\":true,\"valueName\":\"search_term_string\"}}],\"inLanguage\":\"es\"},{\"@type\":\"Organization\",\"@id\":\"https:\/\/infoecos.com.ar\/#organization\",\"name\":\"Infoecos\",\"alternateName\":\"Noticias\",\"url\":\"https:\/\/infoecos.com.ar\/\",\"logo\":{\"@type\":\"ImageObject\",\"inLanguage\":\"es\",\"@id\":\"https:\/\/infoecos.com.ar\/#\/schema\/logo\/image\/\",\"url\":\"https:\/\/infoecos.com.ar\/wp-content\/uploads\/2024\/03\/cropped-logo.png\",\"contentUrl\":\"https:\/\/infoecos.com.ar\/wp-content\/uploads\/2024\/03\/cropped-logo.png\",\"width\":374,\"height\":90,\"caption\":\"Infoecos\"},\"image\":{\"@id\":\"https:\/\/infoecos.com.ar\/#\/schema\/logo\/image\/\"},\"sameAs\":[\"https:\/\/www.facebook.com\/profile.php?id=100063200290284\",\"https:\/\/x.com\/infoecos\"]},{\"@type\":\"Person\",\"@id\":\"https:\/\/infoecos.com.ar\/#\/schema\/person\/8f5ace5ce73b4b4aac4b7245aee6f191\",\"name\":\"Jorge Matheus\",\"url\":\"https:\/\/infoecos.com.ar\/index.php\/author\/jomatheus\/\"}]}<\/script>\n<!-- \/ Yoast SEO plugin. -->","yoast_head_json":{"title":"Texto completo del decreto del municipio de Trenque Lauquen n\u00famero 541\/2020 dado a conocer este domingo - Infoecos","robots":{"index":"index","follow":"follow","max-snippet":"max-snippet:-1","max-image-preview":"max-image-preview:large","max-video-preview":"max-video-preview:-1"},"canonical":"https:\/\/infoecos.com.ar\/index.php\/texto-completo-del-decreto-del-municipio-de-trenque-lauquen-numero-541-2020-dado-a-conocer-este-domingo\/","og_locale":"es_ES","og_type":"article","og_title":"Texto completo del decreto del municipio de Trenque Lauquen n\u00famero 541\/2020 dado a conocer este domingo - Infoecos","og_description":"Texto completo del Decreto n\u00ba 541\/2020 del Departamento Ejecutivo Municipal: VISTO: El Decreto de Necesidad...","og_url":"https:\/\/infoecos.com.ar\/index.php\/texto-completo-del-decreto-del-municipio-de-trenque-lauquen-numero-541-2020-dado-a-conocer-este-domingo\/","og_site_name":"Infoecos","article_publisher":"https:\/\/www.facebook.com\/profile.php?id=100063200290284","article_published_time":"2020-03-22T20:25:59+00:00","article_modified_time":"2020-03-25T05:17:08+00:00","og_image":[{"width":900,"height":601,"url":"https:\/\/infoecos.com.ar\/wp-content\/uploads\/mf-e1515120763488.jpg","type":"image\/jpeg"}],"author":"Jorge Matheus","twitter_card":"summary_large_image","twitter_creator":"@infoecos","twitter_site":"@infoecos","twitter_misc":{"Escrito por":"Jorge Matheus","Tiempo de lectura":"5 minutos"},"schema":{"@context":"https:\/\/schema.org","@graph":[{"@type":"Article","@id":"https:\/\/infoecos.com.ar\/index.php\/texto-completo-del-decreto-del-municipio-de-trenque-lauquen-numero-541-2020-dado-a-conocer-este-domingo\/#article","isPartOf":{"@id":"https:\/\/infoecos.com.ar\/index.php\/texto-completo-del-decreto-del-municipio-de-trenque-lauquen-numero-541-2020-dado-a-conocer-este-domingo\/"},"author":{"name":"Jorge Matheus","@id":"https:\/\/infoecos.com.ar\/#\/schema\/person\/8f5ace5ce73b4b4aac4b7245aee6f191"},"headline":"Texto completo del decreto del municipio de Trenque Lauquen n\u00famero 541\/2020 dado a conocer este domingo","datePublished":"2020-03-22T20:25:59+00:00","dateModified":"2020-03-25T05:17:08+00:00","mainEntityOfPage":{"@id":"https:\/\/infoecos.com.ar\/index.php\/texto-completo-del-decreto-del-municipio-de-trenque-lauquen-numero-541-2020-dado-a-conocer-este-domingo\/"},"wordCount":964,"publisher":{"@id":"https:\/\/infoecos.com.ar\/#organization"},"image":{"@id":"https:\/\/infoecos.com.ar\/index.php\/texto-completo-del-decreto-del-municipio-de-trenque-lauquen-numero-541-2020-dado-a-conocer-este-domingo\/#primaryimage"},"thumbnailUrl":"","keywords":["CORONAVIRUS"],"articleSection":["Bloque inferior - 13"],"inLanguage":"es"},{"@type":"WebPage","@id":"https:\/\/infoecos.com.ar\/index.php\/texto-completo-del-decreto-del-municipio-de-trenque-lauquen-numero-541-2020-dado-a-conocer-este-domingo\/","url":"https:\/\/infoecos.com.ar\/index.php\/texto-completo-del-decreto-del-municipio-de-trenque-lauquen-numero-541-2020-dado-a-conocer-este-domingo\/","name":"Texto completo del decreto del municipio de Trenque Lauquen n\u00famero 541\/2020 dado a conocer este domingo - Infoecos","isPartOf":{"@id":"https:\/\/infoecos.com.ar\/#website"},"primaryImageOfPage":{"@id":"https:\/\/infoecos.com.ar\/index.php\/texto-completo-del-decreto-del-municipio-de-trenque-lauquen-numero-541-2020-dado-a-conocer-este-domingo\/#primaryimage"},"image":{"@id":"https:\/\/infoecos.com.ar\/index.php\/texto-completo-del-decreto-del-municipio-de-trenque-lauquen-numero-541-2020-dado-a-conocer-este-domingo\/#primaryimage"},"thumbnailUrl":"","datePublished":"2020-03-22T20:25:59+00:00","dateModified":"2020-03-25T05:17:08+00:00","breadcrumb":{"@id":"https:\/\/infoecos.com.ar\/index.php\/texto-completo-del-decreto-del-municipio-de-trenque-lauquen-numero-541-2020-dado-a-conocer-este-domingo\/#breadcrumb"},"inLanguage":"es","potentialAction":[{"@type":"ReadAction","target":["https:\/\/infoecos.com.ar\/index.php\/texto-completo-del-decreto-del-municipio-de-trenque-lauquen-numero-541-2020-dado-a-conocer-este-domingo\/"]}]},{"@type":"ImageObject","inLanguage":"es","@id":"https:\/\/infoecos.com.ar\/index.php\/texto-completo-del-decreto-del-municipio-de-trenque-lauquen-numero-541-2020-dado-a-conocer-este-domingo\/#primaryimage","url":"","contentUrl":""},{"@type":"BreadcrumbList","@id":"https:\/\/infoecos.com.ar\/index.php\/texto-completo-del-decreto-del-municipio-de-trenque-lauquen-numero-541-2020-dado-a-conocer-este-domingo\/#breadcrumb","itemListElement":[{"@type":"ListItem","position":1,"name":"Portada","item":"https:\/\/infoecos.com.ar\/"},{"@type":"ListItem","position":2,"name":"Texto completo del decreto del municipio de Trenque Lauquen n\u00famero 541\/2020 dado a conocer este domingo"}]},{"@type":"WebSite","@id":"https:\/\/infoecos.com.ar\/#website","url":"https:\/\/infoecos.com.ar\/","name":"Infoecos","description":"Noticias de trenque lauquen y la zona","publisher":{"@id":"https:\/\/infoecos.com.ar\/#organization"},"alternateName":"Noticias","potentialAction":[{"@type":"SearchAction","target":{"@type":"EntryPoint","urlTemplate":"https:\/\/infoecos.com.ar\/?s={search_term_string}"},"query-input":{"@type":"PropertyValueSpecification","valueRequired":true,"valueName":"search_term_string"}}],"inLanguage":"es"},{"@type":"Organization","@id":"https:\/\/infoecos.com.ar\/#organization","name":"Infoecos","alternateName":"Noticias","url":"https:\/\/infoecos.com.ar\/","logo":{"@type":"ImageObject","inLanguage":"es","@id":"https:\/\/infoecos.com.ar\/#\/schema\/logo\/image\/","url":"https:\/\/infoecos.com.ar\/wp-content\/uploads\/2024\/03\/cropped-logo.png","contentUrl":"https:\/\/infoecos.com.ar\/wp-content\/uploads\/2024\/03\/cropped-logo.png","width":374,"height":90,"caption":"Infoecos"},"image":{"@id":"https:\/\/infoecos.com.ar\/#\/schema\/logo\/image\/"},"sameAs":["https:\/\/www.facebook.com\/profile.php?id=100063200290284","https:\/\/x.com\/infoecos"]},{"@type":"Person","@id":"https:\/\/infoecos.com.ar\/#\/schema\/person\/8f5ace5ce73b4b4aac4b7245aee6f191","name":"Jorge Matheus","url":"https:\/\/infoecos.com.ar\/index.php\/author\/jomatheus\/"}]}},"featured_image_urls":{"full":"","thumbnail":"","medium":"","medium_large":"","large":"","1536x1536":"","2048x2048":"","covernews-slider-full":"","covernews-slider-center":"","covernews-featured":"","covernews-medium":"","covernews-medium-square":""},"author_info":{"info":["Jorge Matheus"]},"category_info":"<a href=\"https:\/\/infoecos.com.ar\/index.php\/category\/inferior13\/\" rel=\"category tag\">Bloque inferior - 13<\/a>","tag_info":"Bloque inferior - 13","comment_count":"0","_links":{"self":[{"href":"https:\/\/infoecos.com.ar\/index.php\/wp-json\/wp\/v2\/posts\/59375"}],"collection":[{"href":"https:\/\/infoecos.com.ar\/index.php\/wp-json\/wp\/v2\/posts"}],"about":[{"href":"https:\/\/infoecos.com.ar\/index.php\/wp-json\/wp\/v2\/types\/post"}],"author":[{"embeddable":true,"href":"https:\/\/infoecos.com.ar\/index.php\/wp-json\/wp\/v2\/users\/2"}],"replies":[{"embeddable":true,"href":"https:\/\/infoecos.com.ar\/index.php\/wp-json\/wp\/v2\/comments?post=59375"}],"version-history":[{"count":1,"href":"https:\/\/infoecos.com.ar\/index.php\/wp-json\/wp\/v2\/posts\/59375\/revisions"}],"predecessor-version":[{"id":59376,"href":"https:\/\/infoecos.com.ar\/index.php\/wp-json\/wp\/v2\/posts\/59375\/revisions\/59376"}],"wp:featuredmedia":[{"embeddable":true,"href":"https:\/\/infoecos.com.ar\/index.php\/wp-json\/"}],"wp:attachment":[{"href":"https:\/\/infoecos.com.ar\/index.php\/wp-json\/wp\/v2\/media?parent=59375"}],"wp:term":[{"taxonomy":"category","embeddable":true,"href":"https:\/\/infoecos.com.ar\/index.php\/wp-json\/wp\/v2\/categories?post=59375"},{"taxonomy":"post_tag","embeddable":true,"href":"https:\/\/infoecos.com.ar\/index.php\/wp-json\/wp\/v2\/tags?post=59375"}],"curies":[{"name":"wp","href":"https:\/\/api.w.org\/{rel}","templated":true}]}}