{"id":59830,"date":"2020-03-31T18:34:40","date_gmt":"2020-03-31T21:34:40","guid":{"rendered":"http:\/\/infoecos.com.ar\/?p=59830"},"modified":"2020-04-02T00:54:34","modified_gmt":"2020-04-02T03:54:34","slug":"se-informo-desde-el-deliberante-de-trenque-lauquen-que-en-febrero-se-habia-resuelto-congelar-aumentos-y-que-concejales-pidieron-ahora-descuentos-en-las-dietas","status":"publish","type":"post","link":"https:\/\/infoecos.com.ar\/index.php\/se-informo-desde-el-deliberante-de-trenque-lauquen-que-en-febrero-se-habia-resuelto-congelar-aumentos-y-que-concejales-pidieron-ahora-descuentos-en-las-dietas\/","title":{"rendered":"Se inform\u00f3 desde el Deliberante de Trenque Lauquen que en Febrero se hab\u00eda resuelto congelar aumentos y que concejales pidieron, ahora, descuentos en las dietas"},"content":{"rendered":"\n<p>El Concejo Deliberante de Trenque Lauquen inform\u00f3 este martes que en la sesi\u00f3n del pasado 20 de Febrero los representantes de las distintas fuerzas pol\u00edticas resolvieron congelar por 180 d\u00edas los montos que perciben en calidad de dieta. Se agreg\u00f3 que a trav\u00e9s de la Ordenanza N\u00b0 5013\/2020 se reasignan los aumentos como el dispuesto por el Departamento Ejecutivo para el mes de Marzo y los que sucedan en el futuro hasta cumplirse el plazo.<\/p>\n\n\n\n<div class=\"wp-block-image\"><figure class=\"aligncenter size-medium\"><img decoding=\"async\" src=\"http:\/\/infoecos.com.ar\/wp-content\/uploads\/17632434_1484594201553615_8825000664030977191_o-460x259.jpg\" alt=\"\" class=\"wp-image-34098\"\/><figcaption>Trenque Lauquen &#8211; Concejo Deliberante<\/figcaption><\/figure><\/div>\n\n\n\n<p>&nbsp;A su vez en los \u00faltimos d\u00edas, concejales integrantes de&nbsp; todos los Bloques,&nbsp; por medio de notas presentadas a la presidencia, han solicitado se les realicen descuentos de sus dietas en los pr\u00f3ximos meses, destinados a la cuenta dispuesta por el Municipio para recibir donaciones para paliar la situaci\u00f3n generada por la Emergencia Sanitaria.<\/p>\n\n\n\n<p>La informaci\u00f3n que se distribuy\u00f3 en horas de la tarde confirma lo adelantado por nuestro sitio, pero no especifica el monto o porcentaje que se destina a la cuenta dispuesta por el municipio para recibir donaciones. Seg\u00fan se pudo saber se trata de congelar el incremento del 15 por ciento y donar un 30 por ciento. No todos los ediles habr\u00edan adherido al porcentual mencionado en \u00faltimo t\u00e9rmino. <\/p>\n","protected":false},"excerpt":{"rendered":"<p>El Concejo Deliberante de Trenque Lauquen inform\u00f3 este martes que en la sesi\u00f3n del pasado&#8230;<\/p>\n","protected":false},"author":2,"featured_media":34098,"comment_status":"closed","ping_status":"open","sticky":false,"template":"","format":"standard","meta":{"footnotes":""},"categories":[1332],"tags":[5],"class_list":["post-59830","post","type-post","status-publish","format-standard","has-post-thumbnail","hentry","category-inferior12","tag-trenque-lauquen"],"yoast_head":"<!-- This site is optimized with the Yoast SEO plugin v23.4 - https:\/\/yoast.com\/wordpress\/plugins\/seo\/ -->\n<title>Se inform\u00f3 desde el Deliberante de Trenque Lauquen que en Febrero se hab\u00eda resuelto congelar aumentos y que concejales pidieron, ahora, descuentos en las dietas - Infoecos<\/title>\n<meta name=\"robots\" content=\"index, follow, max-snippet:-1, max-image-preview:large, max-video-preview:-1\" \/>\n<link rel=\"canonical\" href=\"https:\/\/infoecos.com.ar\/index.php\/se-informo-desde-el-deliberante-de-trenque-lauquen-que-en-febrero-se-habia-resuelto-congelar-aumentos-y-que-concejales-pidieron-ahora-descuentos-en-las-dietas\/\" \/>\n<meta property=\"og:locale\" content=\"es_ES\" \/>\n<meta property=\"og:type\" content=\"article\" \/>\n<meta property=\"og:title\" content=\"Se inform\u00f3 desde el Deliberante de Trenque Lauquen que en Febrero se hab\u00eda resuelto congelar aumentos y que concejales pidieron, ahora, descuentos en las dietas - Infoecos\" \/>\n<meta property=\"og:description\" content=\"El Concejo Deliberante de Trenque Lauquen inform\u00f3 este martes que en la sesi\u00f3n del pasado...\" \/>\n<meta property=\"og:url\" content=\"https:\/\/infoecos.com.ar\/index.php\/se-informo-desde-el-deliberante-de-trenque-lauquen-que-en-febrero-se-habia-resuelto-congelar-aumentos-y-que-concejales-pidieron-ahora-descuentos-en-las-dietas\/\" \/>\n<meta property=\"og:site_name\" content=\"Infoecos\" \/>\n<meta property=\"article:publisher\" content=\"https:\/\/www.facebook.com\/profile.php?id=100063200290284\" \/>\n<meta property=\"article:published_time\" content=\"2020-03-31T21:34:40+00:00\" \/>\n<meta property=\"article:modified_time\" content=\"2020-04-02T03:54:34+00:00\" \/>\n<meta property=\"og:image\" content=\"https:\/\/infoecos.com.ar\/wp-content\/uploads\/17632434_1484594201553615_8825000664030977191_o-e1502771865458.jpg\" \/>\n\t<meta property=\"og:image:width\" content=\"400\" \/>\n\t<meta property=\"og:image:height\" content=\"225\" \/>\n\t<meta property=\"og:image:type\" content=\"image\/jpeg\" \/>\n<meta name=\"author\" content=\"Jorge Matheus\" \/>\n<meta name=\"twitter:card\" content=\"summary_large_image\" \/>\n<meta name=\"twitter:creator\" content=\"@infoecos\" \/>\n<meta name=\"twitter:site\" content=\"@infoecos\" \/>\n<meta name=\"twitter:label1\" content=\"Escrito por\" \/>\n\t<meta name=\"twitter:data1\" content=\"Jorge Matheus\" \/>\n\t<meta name=\"twitter:label2\" content=\"Tiempo de lectura\" \/>\n\t<meta name=\"twitter:data2\" content=\"1 minuto\" \/>\n<script type=\"application\/ld+json\" class=\"yoast-schema-graph\">{\"@context\":\"https:\/\/schema.org\",\"@graph\":[{\"@type\":\"Article\",\"@id\":\"https:\/\/infoecos.com.ar\/index.php\/se-informo-desde-el-deliberante-de-trenque-lauquen-que-en-febrero-se-habia-resuelto-congelar-aumentos-y-que-concejales-pidieron-ahora-descuentos-en-las-dietas\/#article\",\"isPartOf\":{\"@id\":\"https:\/\/infoecos.com.ar\/index.php\/se-informo-desde-el-deliberante-de-trenque-lauquen-que-en-febrero-se-habia-resuelto-congelar-aumentos-y-que-concejales-pidieron-ahora-descuentos-en-las-dietas\/\"},\"author\":{\"name\":\"Jorge Matheus\",\"@id\":\"https:\/\/infoecos.com.ar\/#\/schema\/person\/8f5ace5ce73b4b4aac4b7245aee6f191\"},\"headline\":\"Se inform\u00f3 desde el Deliberante de Trenque Lauquen que en Febrero se hab\u00eda resuelto congelar aumentos y que concejales pidieron, ahora, descuentos en las dietas\",\"datePublished\":\"2020-03-31T21:34:40+00:00\",\"dateModified\":\"2020-04-02T03:54:34+00:00\",\"mainEntityOfPage\":{\"@id\":\"https:\/\/infoecos.com.ar\/index.php\/se-informo-desde-el-deliberante-de-trenque-lauquen-que-en-febrero-se-habia-resuelto-congelar-aumentos-y-que-concejales-pidieron-ahora-descuentos-en-las-dietas\/\"},\"wordCount\":237,\"publisher\":{\"@id\":\"https:\/\/infoecos.com.ar\/#organization\"},\"image\":{\"@id\":\"https:\/\/infoecos.com.ar\/index.php\/se-informo-desde-el-deliberante-de-trenque-lauquen-que-en-febrero-se-habia-resuelto-congelar-aumentos-y-que-concejales-pidieron-ahora-descuentos-en-las-dietas\/#primaryimage\"},\"thumbnailUrl\":\"\",\"keywords\":[\"Trenque Lauquen\"],\"articleSection\":[\"Bloque inferior - 12\"],\"inLanguage\":\"es\"},{\"@type\":\"WebPage\",\"@id\":\"https:\/\/infoecos.com.ar\/index.php\/se-informo-desde-el-deliberante-de-trenque-lauquen-que-en-febrero-se-habia-resuelto-congelar-aumentos-y-que-concejales-pidieron-ahora-descuentos-en-las-dietas\/\",\"url\":\"https:\/\/infoecos.com.ar\/index.php\/se-informo-desde-el-deliberante-de-trenque-lauquen-que-en-febrero-se-habia-resuelto-congelar-aumentos-y-que-concejales-pidieron-ahora-descuentos-en-las-dietas\/\",\"name\":\"Se inform\u00f3 desde el Deliberante de Trenque Lauquen que en Febrero se hab\u00eda resuelto congelar aumentos y que concejales pidieron, ahora, descuentos en las dietas - Infoecos\",\"isPartOf\":{\"@id\":\"https:\/\/infoecos.com.ar\/#website\"},\"primaryImageOfPage\":{\"@id\":\"https:\/\/infoecos.com.ar\/index.php\/se-informo-desde-el-deliberante-de-trenque-lauquen-que-en-febrero-se-habia-resuelto-congelar-aumentos-y-que-concejales-pidieron-ahora-descuentos-en-las-dietas\/#primaryimage\"},\"image\":{\"@id\":\"https:\/\/infoecos.com.ar\/index.php\/se-informo-desde-el-deliberante-de-trenque-lauquen-que-en-febrero-se-habia-resuelto-congelar-aumentos-y-que-concejales-pidieron-ahora-descuentos-en-las-dietas\/#primaryimage\"},\"thumbnailUrl\":\"\",\"datePublished\":\"2020-03-31T21:34:40+00:00\",\"dateModified\":\"2020-04-02T03:54:34+00:00\",\"breadcrumb\":{\"@id\":\"https:\/\/infoecos.com.ar\/index.php\/se-informo-desde-el-deliberante-de-trenque-lauquen-que-en-febrero-se-habia-resuelto-congelar-aumentos-y-que-concejales-pidieron-ahora-descuentos-en-las-dietas\/#breadcrumb\"},\"inLanguage\":\"es\",\"potentialAction\":[{\"@type\":\"ReadAction\",\"target\":[\"https:\/\/infoecos.com.ar\/index.php\/se-informo-desde-el-deliberante-de-trenque-lauquen-que-en-febrero-se-habia-resuelto-congelar-aumentos-y-que-concejales-pidieron-ahora-descuentos-en-las-dietas\/\"]}]},{\"@type\":\"ImageObject\",\"inLanguage\":\"es\",\"@id\":\"https:\/\/infoecos.com.ar\/index.php\/se-informo-desde-el-deliberante-de-trenque-lauquen-que-en-febrero-se-habia-resuelto-congelar-aumentos-y-que-concejales-pidieron-ahora-descuentos-en-las-dietas\/#primaryimage\",\"url\":\"\",\"contentUrl\":\"\"},{\"@type\":\"BreadcrumbList\",\"@id\":\"https:\/\/infoecos.com.ar\/index.php\/se-informo-desde-el-deliberante-de-trenque-lauquen-que-en-febrero-se-habia-resuelto-congelar-aumentos-y-que-concejales-pidieron-ahora-descuentos-en-las-dietas\/#breadcrumb\",\"itemListElement\":[{\"@type\":\"ListItem\",\"position\":1,\"name\":\"Portada\",\"item\":\"https:\/\/infoecos.com.ar\/\"},{\"@type\":\"ListItem\",\"position\":2,\"name\":\"Se inform\u00f3 desde el Deliberante de Trenque Lauquen que en Febrero se hab\u00eda resuelto congelar aumentos y que concejales pidieron, ahora, descuentos en las dietas\"}]},{\"@type\":\"WebSite\",\"@id\":\"https:\/\/infoecos.com.ar\/#website\",\"url\":\"https:\/\/infoecos.com.ar\/\",\"name\":\"Infoecos\",\"description\":\"Noticias de trenque lauquen y la zona\",\"publisher\":{\"@id\":\"https:\/\/infoecos.com.ar\/#organization\"},\"alternateName\":\"Noticias\",\"potentialAction\":[{\"@type\":\"SearchAction\",\"target\":{\"@type\":\"EntryPoint\",\"urlTemplate\":\"https:\/\/infoecos.com.ar\/?s={search_term_string}\"},\"query-input\":{\"@type\":\"PropertyValueSpecification\",\"valueRequired\":true,\"valueName\":\"search_term_string\"}}],\"inLanguage\":\"es\"},{\"@type\":\"Organization\",\"@id\":\"https:\/\/infoecos.com.ar\/#organization\",\"name\":\"Infoecos\",\"alternateName\":\"Noticias\",\"url\":\"https:\/\/infoecos.com.ar\/\",\"logo\":{\"@type\":\"ImageObject\",\"inLanguage\":\"es\",\"@id\":\"https:\/\/infoecos.com.ar\/#\/schema\/logo\/image\/\",\"url\":\"https:\/\/infoecos.com.ar\/wp-content\/uploads\/2024\/03\/cropped-logo.png\",\"contentUrl\":\"https:\/\/infoecos.com.ar\/wp-content\/uploads\/2024\/03\/cropped-logo.png\",\"width\":374,\"height\":90,\"caption\":\"Infoecos\"},\"image\":{\"@id\":\"https:\/\/infoecos.com.ar\/#\/schema\/logo\/image\/\"},\"sameAs\":[\"https:\/\/www.facebook.com\/profile.php?id=100063200290284\",\"https:\/\/x.com\/infoecos\"]},{\"@type\":\"Person\",\"@id\":\"https:\/\/infoecos.com.ar\/#\/schema\/person\/8f5ace5ce73b4b4aac4b7245aee6f191\",\"name\":\"Jorge Matheus\",\"url\":\"https:\/\/infoecos.com.ar\/index.php\/author\/jomatheus\/\"}]}<\/script>\n<!-- \/ Yoast SEO plugin. -->","yoast_head_json":{"title":"Se inform\u00f3 desde el Deliberante de Trenque Lauquen que en Febrero se hab\u00eda resuelto congelar aumentos y que concejales pidieron, ahora, descuentos en las dietas - Infoecos","robots":{"index":"index","follow":"follow","max-snippet":"max-snippet:-1","max-image-preview":"max-image-preview:large","max-video-preview":"max-video-preview:-1"},"canonical":"https:\/\/infoecos.com.ar\/index.php\/se-informo-desde-el-deliberante-de-trenque-lauquen-que-en-febrero-se-habia-resuelto-congelar-aumentos-y-que-concejales-pidieron-ahora-descuentos-en-las-dietas\/","og_locale":"es_ES","og_type":"article","og_title":"Se inform\u00f3 desde el Deliberante de Trenque Lauquen que en Febrero se hab\u00eda resuelto congelar aumentos y que concejales pidieron, ahora, descuentos en las dietas - Infoecos","og_description":"El Concejo Deliberante de Trenque Lauquen inform\u00f3 este martes que en la sesi\u00f3n del pasado...","og_url":"https:\/\/infoecos.com.ar\/index.php\/se-informo-desde-el-deliberante-de-trenque-lauquen-que-en-febrero-se-habia-resuelto-congelar-aumentos-y-que-concejales-pidieron-ahora-descuentos-en-las-dietas\/","og_site_name":"Infoecos","article_publisher":"https:\/\/www.facebook.com\/profile.php?id=100063200290284","article_published_time":"2020-03-31T21:34:40+00:00","article_modified_time":"2020-04-02T03:54:34+00:00","og_image":[{"width":400,"height":225,"url":"https:\/\/infoecos.com.ar\/wp-content\/uploads\/17632434_1484594201553615_8825000664030977191_o-e1502771865458.jpg","type":"image\/jpeg"}],"author":"Jorge Matheus","twitter_card":"summary_large_image","twitter_creator":"@infoecos","twitter_site":"@infoecos","twitter_misc":{"Escrito por":"Jorge Matheus","Tiempo de lectura":"1 minuto"},"schema":{"@context":"https:\/\/schema.org","@graph":[{"@type":"Article","@id":"https:\/\/infoecos.com.ar\/index.php\/se-informo-desde-el-deliberante-de-trenque-lauquen-que-en-febrero-se-habia-resuelto-congelar-aumentos-y-que-concejales-pidieron-ahora-descuentos-en-las-dietas\/#article","isPartOf":{"@id":"https:\/\/infoecos.com.ar\/index.php\/se-informo-desde-el-deliberante-de-trenque-lauquen-que-en-febrero-se-habia-resuelto-congelar-aumentos-y-que-concejales-pidieron-ahora-descuentos-en-las-dietas\/"},"author":{"name":"Jorge Matheus","@id":"https:\/\/infoecos.com.ar\/#\/schema\/person\/8f5ace5ce73b4b4aac4b7245aee6f191"},"headline":"Se inform\u00f3 desde el Deliberante de Trenque Lauquen que en Febrero se hab\u00eda resuelto congelar aumentos y que concejales pidieron, ahora, descuentos en las dietas","datePublished":"2020-03-31T21:34:40+00:00","dateModified":"2020-04-02T03:54:34+00:00","mainEntityOfPage":{"@id":"https:\/\/infoecos.com.ar\/index.php\/se-informo-desde-el-deliberante-de-trenque-lauquen-que-en-febrero-se-habia-resuelto-congelar-aumentos-y-que-concejales-pidieron-ahora-descuentos-en-las-dietas\/"},"wordCount":237,"publisher":{"@id":"https:\/\/infoecos.com.ar\/#organization"},"image":{"@id":"https:\/\/infoecos.com.ar\/index.php\/se-informo-desde-el-deliberante-de-trenque-lauquen-que-en-febrero-se-habia-resuelto-congelar-aumentos-y-que-concejales-pidieron-ahora-descuentos-en-las-dietas\/#primaryimage"},"thumbnailUrl":"","keywords":["Trenque Lauquen"],"articleSection":["Bloque inferior - 12"],"inLanguage":"es"},{"@type":"WebPage","@id":"https:\/\/infoecos.com.ar\/index.php\/se-informo-desde-el-deliberante-de-trenque-lauquen-que-en-febrero-se-habia-resuelto-congelar-aumentos-y-que-concejales-pidieron-ahora-descuentos-en-las-dietas\/","url":"https:\/\/infoecos.com.ar\/index.php\/se-informo-desde-el-deliberante-de-trenque-lauquen-que-en-febrero-se-habia-resuelto-congelar-aumentos-y-que-concejales-pidieron-ahora-descuentos-en-las-dietas\/","name":"Se inform\u00f3 desde el Deliberante de Trenque Lauquen que en Febrero se hab\u00eda resuelto congelar aumentos y que concejales pidieron, ahora, descuentos en las dietas - Infoecos","isPartOf":{"@id":"https:\/\/infoecos.com.ar\/#website"},"primaryImageOfPage":{"@id":"https:\/\/infoecos.com.ar\/index.php\/se-informo-desde-el-deliberante-de-trenque-lauquen-que-en-febrero-se-habia-resuelto-congelar-aumentos-y-que-concejales-pidieron-ahora-descuentos-en-las-dietas\/#primaryimage"},"image":{"@id":"https:\/\/infoecos.com.ar\/index.php\/se-informo-desde-el-deliberante-de-trenque-lauquen-que-en-febrero-se-habia-resuelto-congelar-aumentos-y-que-concejales-pidieron-ahora-descuentos-en-las-dietas\/#primaryimage"},"thumbnailUrl":"","datePublished":"2020-03-31T21:34:40+00:00","dateModified":"2020-04-02T03:54:34+00:00","breadcrumb":{"@id":"https:\/\/infoecos.com.ar\/index.php\/se-informo-desde-el-deliberante-de-trenque-lauquen-que-en-febrero-se-habia-resuelto-congelar-aumentos-y-que-concejales-pidieron-ahora-descuentos-en-las-dietas\/#breadcrumb"},"inLanguage":"es","potentialAction":[{"@type":"ReadAction","target":["https:\/\/infoecos.com.ar\/index.php\/se-informo-desde-el-deliberante-de-trenque-lauquen-que-en-febrero-se-habia-resuelto-congelar-aumentos-y-que-concejales-pidieron-ahora-descuentos-en-las-dietas\/"]}]},{"@type":"ImageObject","inLanguage":"es","@id":"https:\/\/infoecos.com.ar\/index.php\/se-informo-desde-el-deliberante-de-trenque-lauquen-que-en-febrero-se-habia-resuelto-congelar-aumentos-y-que-concejales-pidieron-ahora-descuentos-en-las-dietas\/#primaryimage","url":"","contentUrl":""},{"@type":"BreadcrumbList","@id":"https:\/\/infoecos.com.ar\/index.php\/se-informo-desde-el-deliberante-de-trenque-lauquen-que-en-febrero-se-habia-resuelto-congelar-aumentos-y-que-concejales-pidieron-ahora-descuentos-en-las-dietas\/#breadcrumb","itemListElement":[{"@type":"ListItem","position":1,"name":"Portada","item":"https:\/\/infoecos.com.ar\/"},{"@type":"ListItem","position":2,"name":"Se inform\u00f3 desde el Deliberante de Trenque Lauquen que en Febrero se hab\u00eda resuelto congelar aumentos y que concejales pidieron, ahora, descuentos en las dietas"}]},{"@type":"WebSite","@id":"https:\/\/infoecos.com.ar\/#website","url":"https:\/\/infoecos.com.ar\/","name":"Infoecos","description":"Noticias de trenque lauquen y la zona","publisher":{"@id":"https:\/\/infoecos.com.ar\/#organization"},"alternateName":"Noticias","potentialAction":[{"@type":"SearchAction","target":{"@type":"EntryPoint","urlTemplate":"https:\/\/infoecos.com.ar\/?s={search_term_string}"},"query-input":{"@type":"PropertyValueSpecification","valueRequired":true,"valueName":"search_term_string"}}],"inLanguage":"es"},{"@type":"Organization","@id":"https:\/\/infoecos.com.ar\/#organization","name":"Infoecos","alternateName":"Noticias","url":"https:\/\/infoecos.com.ar\/","logo":{"@type":"ImageObject","inLanguage":"es","@id":"https:\/\/infoecos.com.ar\/#\/schema\/logo\/image\/","url":"https:\/\/infoecos.com.ar\/wp-content\/uploads\/2024\/03\/cropped-logo.png","contentUrl":"https:\/\/infoecos.com.ar\/wp-content\/uploads\/2024\/03\/cropped-logo.png","width":374,"height":90,"caption":"Infoecos"},"image":{"@id":"https:\/\/infoecos.com.ar\/#\/schema\/logo\/image\/"},"sameAs":["https:\/\/www.facebook.com\/profile.php?id=100063200290284","https:\/\/x.com\/infoecos"]},{"@type":"Person","@id":"https:\/\/infoecos.com.ar\/#\/schema\/person\/8f5ace5ce73b4b4aac4b7245aee6f191","name":"Jorge Matheus","url":"https:\/\/infoecos.com.ar\/index.php\/author\/jomatheus\/"}]}},"featured_image_urls":{"full":"","thumbnail":"","medium":"","medium_large":"","large":"","1536x1536":"","2048x2048":"","covernews-slider-full":"","covernews-slider-center":"","covernews-featured":"","covernews-medium":"","covernews-medium-square":""},"author_info":{"info":["Jorge Matheus"]},"category_info":"<a href=\"https:\/\/infoecos.com.ar\/index.php\/category\/inferior12\/\" rel=\"category tag\">Bloque inferior - 12<\/a>","tag_info":"Bloque inferior - 12","comment_count":"0","_links":{"self":[{"href":"https:\/\/infoecos.com.ar\/index.php\/wp-json\/wp\/v2\/posts\/59830"}],"collection":[{"href":"https:\/\/infoecos.com.ar\/index.php\/wp-json\/wp\/v2\/posts"}],"about":[{"href":"https:\/\/infoecos.com.ar\/index.php\/wp-json\/wp\/v2\/types\/post"}],"author":[{"embeddable":true,"href":"https:\/\/infoecos.com.ar\/index.php\/wp-json\/wp\/v2\/users\/2"}],"replies":[{"embeddable":true,"href":"https:\/\/infoecos.com.ar\/index.php\/wp-json\/wp\/v2\/comments?post=59830"}],"version-history":[{"count":2,"href":"https:\/\/infoecos.com.ar\/index.php\/wp-json\/wp\/v2\/posts\/59830\/revisions"}],"predecessor-version":[{"id":59958,"href":"https:\/\/infoecos.com.ar\/index.php\/wp-json\/wp\/v2\/posts\/59830\/revisions\/59958"}],"wp:featuredmedia":[{"embeddable":true,"href":"https:\/\/infoecos.com.ar\/index.php\/wp-json\/"}],"wp:attachment":[{"href":"https:\/\/infoecos.com.ar\/index.php\/wp-json\/wp\/v2\/media?parent=59830"}],"wp:term":[{"taxonomy":"category","embeddable":true,"href":"https:\/\/infoecos.com.ar\/index.php\/wp-json\/wp\/v2\/categories?post=59830"},{"taxonomy":"post_tag","embeddable":true,"href":"https:\/\/infoecos.com.ar\/index.php\/wp-json\/wp\/v2\/tags?post=59830"}],"curies":[{"name":"wp","href":"https:\/\/api.w.org\/{rel}","templated":true}]}}