{"id":60454,"date":"2020-04-11T16:17:27","date_gmt":"2020-04-11T19:17:27","guid":{"rendered":"http:\/\/infoecos.com.ar\/?p=60454"},"modified":"2020-04-11T21:31:43","modified_gmt":"2020-04-12T00:31:43","slug":"sin-modificaciones-en-el-numero-de-personas-en-cuarentena-pero-con-dos-personas-como-casos-sospechosos-en-trenque-lauquen","status":"publish","type":"post","link":"https:\/\/infoecos.com.ar\/index.php\/sin-modificaciones-en-el-numero-de-personas-en-cuarentena-pero-con-dos-personas-como-casos-sospechosos-en-trenque-lauquen\/","title":{"rendered":"Sin modificaciones del n\u00famero de personas en cuarentena, pero con un nuevo internado como caso sospechoso, en Trenque Lauquen"},"content":{"rendered":"\n<p>La subsecretar\u00eda de Salud municipal de Trenque Lauquen dio este s\u00e1bado un nuevo parte informando que ingresaron al Hospital Dr. Pedro T. Orellana dos personas como casos sospechosos, sin v\u00ednculo entre s\u00ed, ni nuevo nexo epidemiol\u00f3gico.<\/p>\n\n\n\n<p>Dada la definici\u00f3n actual de\ncasos sospechoso, que se ampli\u00f3 respecto de la inicial, en ambas personas se\nactiv\u00f3 el protocolo Covid-19, envi\u00e1ndose las muestras al centro de referencia\nindicado por las autoridades sanitarias de Provincia.<\/p>\n\n\n\n<div class=\"wp-block-image\"><figure class=\"aligncenter size-medium\"><img loading=\"lazy\" decoding=\"async\" width=\"460\" height=\"307\" src=\"http:\/\/infoecos.com.ar\/wp-content\/uploads\/valente-460x307.jpg\" alt=\"\" class=\"wp-image-60455\" srcset=\"https:\/\/infoecos.com.ar\/wp-content\/uploads\/valente-460x307.jpg 460w, https:\/\/infoecos.com.ar\/wp-content\/uploads\/valente-920x614.jpg 920w, https:\/\/infoecos.com.ar\/wp-content\/uploads\/valente-768x512.jpg 768w, https:\/\/infoecos.com.ar\/wp-content\/uploads\/valente-675x450.jpg 675w, https:\/\/infoecos.com.ar\/wp-content\/uploads\/valente.jpg 985w\" sizes=\"(max-width: 460px) 100vw, 460px\" \/><\/figure><\/div>\n\n\n\n<p>Una de ellas es personal de salud\ny se halla internada en buena condici\u00f3n, cumpliendo aislamiento seg\u00fan\nprotocolo.<\/p>\n\n\n\n<p>El otro caso es una persona que falleci\u00f3 por muerte s\u00fabita, de acuerdo a lo que pudimos saber de fuentes inobjetables. El parte de prensa se\u00f1al\u00f3 que presentaba una comorbilidad significativa que explica su abrupto desenlace. No obstante, debido a la contingencia que estamos pasando, se considera conveniente activar el protocolo. Una vez que se remitan los resultados de las muestras se informar\u00e1 al respecto. <\/p>\n\n\n\n<p>En el distrito hay registrados dos\ncasos confirmados, ahora dos casos sospechosos y 26 personas permanecen en\ncuarentena, 23 en la ciudad de Trenque Lauquen y 3 en Treinta de Agosto.<\/p>\n\n\n\n<p>Asimismo se recuerda que toda\npersona que venga a Trenque Lauquen desde Ciudad Aut\u00f3noma de Buenos Aires, \u00c1rea\nMetropolitana Buenos Aires (AMBA), provincias de Chaco y Santa Fe, C\u00f3rdoba\ncapital y las ciudades de R\u00edo Cuarto y Alta Gracia, o Ushuaia (Tierra del\nFuego) debe avisar en forma inmediata al tel\u00e9fono (2392) 41-5000 y permanecer\nen confinamiento durante 14 d\u00edas. Esto no incluye a quienes est\u00e1n exceptuados y\npueden circular de acuerdo al Decreto del Poder Ejecutivo Nacional (por\nejemplo, transportistas), respetando los requisitos en los controles ubicados\nen los accesos.<\/p>\n\n\n\n<p>Las zonas mencionadas son\nconsideradas de transmisi\u00f3n comunitaria o en conglomerados por Salud de Naci\u00f3n\ny por esa raz\u00f3n ahora demandan un control m\u00e1s riguroso.<\/p>\n\n\n\n<p>La reducci\u00f3n en la cantidad de\npersonas en cuarentena de ninguna manera significa que pueden dejar de\nrespetarse las normas y disposiciones de los gobiernos nacional, provincial y\nmunicipal para el aislamiento social preventivo y obligatorio, establecido\nhasta el domingo 12 de abril pr\u00f3ximo inclusive. Desde el Departamento Ejecutivo\nmunicipal se insta a la comunidad a no aflojar cuidados y prevenciones.<\/p>\n\n\n\n<p>&#8211; Casos confirmados: 2.<\/p>\n\n\n\n<p>&#8211; Casos sospechosos:2 .<\/p>\n\n\n\n<p>&#8211; Total de personas en cuarentena\nen el distrito: 26 .<br>\n&#8211; Personas en cuarentena en Trenque Lauquen: 23 .<br>\n&#8211; Personas en cuarentena en Treinta de Agosto: 3.<br>\n&#8211; Personas en cuarentena en Berutti: 0.<\/p>\n\n\n\n<p><strong>\u2022 L\u00ednea Telef\u00f3nica las 24 hs<\/strong>.<br> &#8211; (02392) 41-5000.<\/p>\n\n\n\n<figure class=\"wp-block-audio\"><audio controls src=\"http:\/\/infoecos.com.ar\/wp-content\/uploads\/VALENTE-11-DE-ABRIL.mp3\"><\/audio><\/figure>\n","protected":false},"excerpt":{"rendered":"<p>La subsecretar\u00eda de Salud municipal de Trenque Lauquen dio este s\u00e1bado un nuevo parte informando&#8230;<\/p>\n","protected":false},"author":2,"featured_media":60455,"comment_status":"closed","ping_status":"open","sticky":false,"template":"","format":"standard","meta":{"footnotes":""},"categories":[1612],"tags":[5],"class_list":["post-60454","post","type-post","status-publish","format-standard","has-post-thumbnail","hentry","category-noticia-principal","tag-trenque-lauquen"],"yoast_head":"<!-- This site is optimized with the Yoast SEO plugin v23.4 - https:\/\/yoast.com\/wordpress\/plugins\/seo\/ -->\n<title>Sin modificaciones del n\u00famero de personas en cuarentena, pero con un nuevo internado como caso sospechoso, en Trenque Lauquen - Infoecos<\/title>\n<meta name=\"robots\" content=\"index, follow, max-snippet:-1, max-image-preview:large, max-video-preview:-1\" \/>\n<link rel=\"canonical\" href=\"https:\/\/infoecos.com.ar\/index.php\/sin-modificaciones-en-el-numero-de-personas-en-cuarentena-pero-con-dos-personas-como-casos-sospechosos-en-trenque-lauquen\/\" \/>\n<meta property=\"og:locale\" content=\"es_ES\" \/>\n<meta property=\"og:type\" content=\"article\" \/>\n<meta property=\"og:title\" content=\"Sin modificaciones del n\u00famero de personas en cuarentena, pero con un nuevo internado como caso sospechoso, en Trenque Lauquen - Infoecos\" \/>\n<meta property=\"og:description\" content=\"La subsecretar\u00eda de Salud municipal de Trenque Lauquen dio este s\u00e1bado un nuevo parte informando...\" \/>\n<meta property=\"og:url\" content=\"https:\/\/infoecos.com.ar\/index.php\/sin-modificaciones-en-el-numero-de-personas-en-cuarentena-pero-con-dos-personas-como-casos-sospechosos-en-trenque-lauquen\/\" \/>\n<meta property=\"og:site_name\" content=\"Infoecos\" \/>\n<meta property=\"article:publisher\" content=\"https:\/\/www.facebook.com\/profile.php?id=100063200290284\" \/>\n<meta property=\"article:published_time\" content=\"2020-04-11T19:17:27+00:00\" \/>\n<meta property=\"article:modified_time\" content=\"2020-04-12T00:31:43+00:00\" \/>\n<meta property=\"og:image\" content=\"https:\/\/infoecos.com.ar\/wp-content\/uploads\/valente.jpg\" \/>\n\t<meta property=\"og:image:width\" content=\"985\" \/>\n\t<meta property=\"og:image:height\" content=\"657\" \/>\n\t<meta property=\"og:image:type\" content=\"image\/jpeg\" \/>\n<meta name=\"author\" content=\"Jorge Matheus\" \/>\n<meta name=\"twitter:card\" content=\"summary_large_image\" \/>\n<meta name=\"twitter:creator\" content=\"@infoecos\" \/>\n<meta name=\"twitter:site\" content=\"@infoecos\" \/>\n<meta name=\"twitter:label1\" content=\"Escrito por\" \/>\n\t<meta name=\"twitter:data1\" content=\"Jorge Matheus\" \/>\n\t<meta name=\"twitter:label2\" content=\"Tiempo de lectura\" \/>\n\t<meta name=\"twitter:data2\" content=\"2 minutos\" \/>\n<script type=\"application\/ld+json\" class=\"yoast-schema-graph\">{\"@context\":\"https:\/\/schema.org\",\"@graph\":[{\"@type\":\"Article\",\"@id\":\"https:\/\/infoecos.com.ar\/index.php\/sin-modificaciones-en-el-numero-de-personas-en-cuarentena-pero-con-dos-personas-como-casos-sospechosos-en-trenque-lauquen\/#article\",\"isPartOf\":{\"@id\":\"https:\/\/infoecos.com.ar\/index.php\/sin-modificaciones-en-el-numero-de-personas-en-cuarentena-pero-con-dos-personas-como-casos-sospechosos-en-trenque-lauquen\/\"},\"author\":{\"name\":\"Jorge Matheus\",\"@id\":\"https:\/\/infoecos.com.ar\/#\/schema\/person\/8f5ace5ce73b4b4aac4b7245aee6f191\"},\"headline\":\"Sin modificaciones del n\u00famero de personas en cuarentena, pero con un nuevo internado como caso sospechoso, en Trenque Lauquen\",\"datePublished\":\"2020-04-11T19:17:27+00:00\",\"dateModified\":\"2020-04-12T00:31:43+00:00\",\"mainEntityOfPage\":{\"@id\":\"https:\/\/infoecos.com.ar\/index.php\/sin-modificaciones-en-el-numero-de-personas-en-cuarentena-pero-con-dos-personas-como-casos-sospechosos-en-trenque-lauquen\/\"},\"wordCount\":443,\"publisher\":{\"@id\":\"https:\/\/infoecos.com.ar\/#organization\"},\"image\":{\"@id\":\"https:\/\/infoecos.com.ar\/index.php\/sin-modificaciones-en-el-numero-de-personas-en-cuarentena-pero-con-dos-personas-como-casos-sospechosos-en-trenque-lauquen\/#primaryimage\"},\"thumbnailUrl\":\"https:\/\/infoecos.com.ar\/wp-content\/uploads\/valente.jpg\",\"keywords\":[\"Trenque Lauquen\"],\"articleSection\":[\"Noticia Principal\"],\"inLanguage\":\"es\"},{\"@type\":\"WebPage\",\"@id\":\"https:\/\/infoecos.com.ar\/index.php\/sin-modificaciones-en-el-numero-de-personas-en-cuarentena-pero-con-dos-personas-como-casos-sospechosos-en-trenque-lauquen\/\",\"url\":\"https:\/\/infoecos.com.ar\/index.php\/sin-modificaciones-en-el-numero-de-personas-en-cuarentena-pero-con-dos-personas-como-casos-sospechosos-en-trenque-lauquen\/\",\"name\":\"Sin modificaciones del n\u00famero de personas en cuarentena, pero con un nuevo internado como caso sospechoso, en Trenque Lauquen - Infoecos\",\"isPartOf\":{\"@id\":\"https:\/\/infoecos.com.ar\/#website\"},\"primaryImageOfPage\":{\"@id\":\"https:\/\/infoecos.com.ar\/index.php\/sin-modificaciones-en-el-numero-de-personas-en-cuarentena-pero-con-dos-personas-como-casos-sospechosos-en-trenque-lauquen\/#primaryimage\"},\"image\":{\"@id\":\"https:\/\/infoecos.com.ar\/index.php\/sin-modificaciones-en-el-numero-de-personas-en-cuarentena-pero-con-dos-personas-como-casos-sospechosos-en-trenque-lauquen\/#primaryimage\"},\"thumbnailUrl\":\"https:\/\/infoecos.com.ar\/wp-content\/uploads\/valente.jpg\",\"datePublished\":\"2020-04-11T19:17:27+00:00\",\"dateModified\":\"2020-04-12T00:31:43+00:00\",\"breadcrumb\":{\"@id\":\"https:\/\/infoecos.com.ar\/index.php\/sin-modificaciones-en-el-numero-de-personas-en-cuarentena-pero-con-dos-personas-como-casos-sospechosos-en-trenque-lauquen\/#breadcrumb\"},\"inLanguage\":\"es\",\"potentialAction\":[{\"@type\":\"ReadAction\",\"target\":[\"https:\/\/infoecos.com.ar\/index.php\/sin-modificaciones-en-el-numero-de-personas-en-cuarentena-pero-con-dos-personas-como-casos-sospechosos-en-trenque-lauquen\/\"]}]},{\"@type\":\"ImageObject\",\"inLanguage\":\"es\",\"@id\":\"https:\/\/infoecos.com.ar\/index.php\/sin-modificaciones-en-el-numero-de-personas-en-cuarentena-pero-con-dos-personas-como-casos-sospechosos-en-trenque-lauquen\/#primaryimage\",\"url\":\"https:\/\/infoecos.com.ar\/wp-content\/uploads\/valente.jpg\",\"contentUrl\":\"https:\/\/infoecos.com.ar\/wp-content\/uploads\/valente.jpg\",\"width\":985,\"height\":657,\"caption\":\"Valente, Sergio\"},{\"@type\":\"BreadcrumbList\",\"@id\":\"https:\/\/infoecos.com.ar\/index.php\/sin-modificaciones-en-el-numero-de-personas-en-cuarentena-pero-con-dos-personas-como-casos-sospechosos-en-trenque-lauquen\/#breadcrumb\",\"itemListElement\":[{\"@type\":\"ListItem\",\"position\":1,\"name\":\"Portada\",\"item\":\"https:\/\/infoecos.com.ar\/\"},{\"@type\":\"ListItem\",\"position\":2,\"name\":\"Sin modificaciones del n\u00famero de personas en cuarentena, pero con un nuevo internado como caso sospechoso, en Trenque Lauquen\"}]},{\"@type\":\"WebSite\",\"@id\":\"https:\/\/infoecos.com.ar\/#website\",\"url\":\"https:\/\/infoecos.com.ar\/\",\"name\":\"Infoecos\",\"description\":\"Noticias de trenque lauquen y la zona\",\"publisher\":{\"@id\":\"https:\/\/infoecos.com.ar\/#organization\"},\"alternateName\":\"Noticias\",\"potentialAction\":[{\"@type\":\"SearchAction\",\"target\":{\"@type\":\"EntryPoint\",\"urlTemplate\":\"https:\/\/infoecos.com.ar\/?s={search_term_string}\"},\"query-input\":{\"@type\":\"PropertyValueSpecification\",\"valueRequired\":true,\"valueName\":\"search_term_string\"}}],\"inLanguage\":\"es\"},{\"@type\":\"Organization\",\"@id\":\"https:\/\/infoecos.com.ar\/#organization\",\"name\":\"Infoecos\",\"alternateName\":\"Noticias\",\"url\":\"https:\/\/infoecos.com.ar\/\",\"logo\":{\"@type\":\"ImageObject\",\"inLanguage\":\"es\",\"@id\":\"https:\/\/infoecos.com.ar\/#\/schema\/logo\/image\/\",\"url\":\"https:\/\/infoecos.com.ar\/wp-content\/uploads\/2024\/03\/cropped-logo.png\",\"contentUrl\":\"https:\/\/infoecos.com.ar\/wp-content\/uploads\/2024\/03\/cropped-logo.png\",\"width\":374,\"height\":90,\"caption\":\"Infoecos\"},\"image\":{\"@id\":\"https:\/\/infoecos.com.ar\/#\/schema\/logo\/image\/\"},\"sameAs\":[\"https:\/\/www.facebook.com\/profile.php?id=100063200290284\",\"https:\/\/x.com\/infoecos\"]},{\"@type\":\"Person\",\"@id\":\"https:\/\/infoecos.com.ar\/#\/schema\/person\/8f5ace5ce73b4b4aac4b7245aee6f191\",\"name\":\"Jorge Matheus\",\"url\":\"https:\/\/infoecos.com.ar\/index.php\/author\/jomatheus\/\"}]}<\/script>\n<!-- \/ Yoast SEO plugin. -->","yoast_head_json":{"title":"Sin modificaciones del n\u00famero de personas en cuarentena, pero con un nuevo internado como caso sospechoso, en Trenque Lauquen - Infoecos","robots":{"index":"index","follow":"follow","max-snippet":"max-snippet:-1","max-image-preview":"max-image-preview:large","max-video-preview":"max-video-preview:-1"},"canonical":"https:\/\/infoecos.com.ar\/index.php\/sin-modificaciones-en-el-numero-de-personas-en-cuarentena-pero-con-dos-personas-como-casos-sospechosos-en-trenque-lauquen\/","og_locale":"es_ES","og_type":"article","og_title":"Sin modificaciones del n\u00famero de personas en cuarentena, pero con un nuevo internado como caso sospechoso, en Trenque Lauquen - Infoecos","og_description":"La subsecretar\u00eda de Salud municipal de Trenque Lauquen dio este s\u00e1bado un nuevo parte informando...","og_url":"https:\/\/infoecos.com.ar\/index.php\/sin-modificaciones-en-el-numero-de-personas-en-cuarentena-pero-con-dos-personas-como-casos-sospechosos-en-trenque-lauquen\/","og_site_name":"Infoecos","article_publisher":"https:\/\/www.facebook.com\/profile.php?id=100063200290284","article_published_time":"2020-04-11T19:17:27+00:00","article_modified_time":"2020-04-12T00:31:43+00:00","og_image":[{"width":985,"height":657,"url":"https:\/\/infoecos.com.ar\/wp-content\/uploads\/valente.jpg","type":"image\/jpeg"}],"author":"Jorge Matheus","twitter_card":"summary_large_image","twitter_creator":"@infoecos","twitter_site":"@infoecos","twitter_misc":{"Escrito por":"Jorge Matheus","Tiempo de lectura":"2 minutos"},"schema":{"@context":"https:\/\/schema.org","@graph":[{"@type":"Article","@id":"https:\/\/infoecos.com.ar\/index.php\/sin-modificaciones-en-el-numero-de-personas-en-cuarentena-pero-con-dos-personas-como-casos-sospechosos-en-trenque-lauquen\/#article","isPartOf":{"@id":"https:\/\/infoecos.com.ar\/index.php\/sin-modificaciones-en-el-numero-de-personas-en-cuarentena-pero-con-dos-personas-como-casos-sospechosos-en-trenque-lauquen\/"},"author":{"name":"Jorge Matheus","@id":"https:\/\/infoecos.com.ar\/#\/schema\/person\/8f5ace5ce73b4b4aac4b7245aee6f191"},"headline":"Sin modificaciones del n\u00famero de personas en cuarentena, pero con un nuevo internado como caso sospechoso, en Trenque Lauquen","datePublished":"2020-04-11T19:17:27+00:00","dateModified":"2020-04-12T00:31:43+00:00","mainEntityOfPage":{"@id":"https:\/\/infoecos.com.ar\/index.php\/sin-modificaciones-en-el-numero-de-personas-en-cuarentena-pero-con-dos-personas-como-casos-sospechosos-en-trenque-lauquen\/"},"wordCount":443,"publisher":{"@id":"https:\/\/infoecos.com.ar\/#organization"},"image":{"@id":"https:\/\/infoecos.com.ar\/index.php\/sin-modificaciones-en-el-numero-de-personas-en-cuarentena-pero-con-dos-personas-como-casos-sospechosos-en-trenque-lauquen\/#primaryimage"},"thumbnailUrl":"https:\/\/infoecos.com.ar\/wp-content\/uploads\/valente.jpg","keywords":["Trenque Lauquen"],"articleSection":["Noticia Principal"],"inLanguage":"es"},{"@type":"WebPage","@id":"https:\/\/infoecos.com.ar\/index.php\/sin-modificaciones-en-el-numero-de-personas-en-cuarentena-pero-con-dos-personas-como-casos-sospechosos-en-trenque-lauquen\/","url":"https:\/\/infoecos.com.ar\/index.php\/sin-modificaciones-en-el-numero-de-personas-en-cuarentena-pero-con-dos-personas-como-casos-sospechosos-en-trenque-lauquen\/","name":"Sin modificaciones del n\u00famero de personas en cuarentena, pero con un nuevo internado como caso sospechoso, en Trenque Lauquen - Infoecos","isPartOf":{"@id":"https:\/\/infoecos.com.ar\/#website"},"primaryImageOfPage":{"@id":"https:\/\/infoecos.com.ar\/index.php\/sin-modificaciones-en-el-numero-de-personas-en-cuarentena-pero-con-dos-personas-como-casos-sospechosos-en-trenque-lauquen\/#primaryimage"},"image":{"@id":"https:\/\/infoecos.com.ar\/index.php\/sin-modificaciones-en-el-numero-de-personas-en-cuarentena-pero-con-dos-personas-como-casos-sospechosos-en-trenque-lauquen\/#primaryimage"},"thumbnailUrl":"https:\/\/infoecos.com.ar\/wp-content\/uploads\/valente.jpg","datePublished":"2020-04-11T19:17:27+00:00","dateModified":"2020-04-12T00:31:43+00:00","breadcrumb":{"@id":"https:\/\/infoecos.com.ar\/index.php\/sin-modificaciones-en-el-numero-de-personas-en-cuarentena-pero-con-dos-personas-como-casos-sospechosos-en-trenque-lauquen\/#breadcrumb"},"inLanguage":"es","potentialAction":[{"@type":"ReadAction","target":["https:\/\/infoecos.com.ar\/index.php\/sin-modificaciones-en-el-numero-de-personas-en-cuarentena-pero-con-dos-personas-como-casos-sospechosos-en-trenque-lauquen\/"]}]},{"@type":"ImageObject","inLanguage":"es","@id":"https:\/\/infoecos.com.ar\/index.php\/sin-modificaciones-en-el-numero-de-personas-en-cuarentena-pero-con-dos-personas-como-casos-sospechosos-en-trenque-lauquen\/#primaryimage","url":"https:\/\/infoecos.com.ar\/wp-content\/uploads\/valente.jpg","contentUrl":"https:\/\/infoecos.com.ar\/wp-content\/uploads\/valente.jpg","width":985,"height":657,"caption":"Valente, Sergio"},{"@type":"BreadcrumbList","@id":"https:\/\/infoecos.com.ar\/index.php\/sin-modificaciones-en-el-numero-de-personas-en-cuarentena-pero-con-dos-personas-como-casos-sospechosos-en-trenque-lauquen\/#breadcrumb","itemListElement":[{"@type":"ListItem","position":1,"name":"Portada","item":"https:\/\/infoecos.com.ar\/"},{"@type":"ListItem","position":2,"name":"Sin modificaciones del n\u00famero de personas en cuarentena, pero con un nuevo internado como caso sospechoso, en Trenque Lauquen"}]},{"@type":"WebSite","@id":"https:\/\/infoecos.com.ar\/#website","url":"https:\/\/infoecos.com.ar\/","name":"Infoecos","description":"Noticias de trenque lauquen y la zona","publisher":{"@id":"https:\/\/infoecos.com.ar\/#organization"},"alternateName":"Noticias","potentialAction":[{"@type":"SearchAction","target":{"@type":"EntryPoint","urlTemplate":"https:\/\/infoecos.com.ar\/?s={search_term_string}"},"query-input":{"@type":"PropertyValueSpecification","valueRequired":true,"valueName":"search_term_string"}}],"inLanguage":"es"},{"@type":"Organization","@id":"https:\/\/infoecos.com.ar\/#organization","name":"Infoecos","alternateName":"Noticias","url":"https:\/\/infoecos.com.ar\/","logo":{"@type":"ImageObject","inLanguage":"es","@id":"https:\/\/infoecos.com.ar\/#\/schema\/logo\/image\/","url":"https:\/\/infoecos.com.ar\/wp-content\/uploads\/2024\/03\/cropped-logo.png","contentUrl":"https:\/\/infoecos.com.ar\/wp-content\/uploads\/2024\/03\/cropped-logo.png","width":374,"height":90,"caption":"Infoecos"},"image":{"@id":"https:\/\/infoecos.com.ar\/#\/schema\/logo\/image\/"},"sameAs":["https:\/\/www.facebook.com\/profile.php?id=100063200290284","https:\/\/x.com\/infoecos"]},{"@type":"Person","@id":"https:\/\/infoecos.com.ar\/#\/schema\/person\/8f5ace5ce73b4b4aac4b7245aee6f191","name":"Jorge Matheus","url":"https:\/\/infoecos.com.ar\/index.php\/author\/jomatheus\/"}]}},"featured_image_urls":{"full":["https:\/\/infoecos.com.ar\/wp-content\/uploads\/valente.jpg",985,657,false],"thumbnail":["https:\/\/infoecos.com.ar\/wp-content\/uploads\/valente-150x150.jpg",150,150,true],"medium":["https:\/\/infoecos.com.ar\/wp-content\/uploads\/valente-460x307.jpg",460,307,true],"medium_large":["https:\/\/infoecos.com.ar\/wp-content\/uploads\/valente-768x512.jpg",640,427,true],"large":["https:\/\/infoecos.com.ar\/wp-content\/uploads\/valente-920x614.jpg",640,427,true],"1536x1536":["https:\/\/infoecos.com.ar\/wp-content\/uploads\/valente.jpg",985,657,false],"2048x2048":["https:\/\/infoecos.com.ar\/wp-content\/uploads\/valente.jpg",985,657,false],"covernews-slider-full":["https:\/\/infoecos.com.ar\/wp-content\/uploads\/valente.jpg",985,657,false],"covernews-slider-center":["https:\/\/infoecos.com.ar\/wp-content\/uploads\/valente-936x657.jpg",712,500,true],"covernews-featured":["https:\/\/infoecos.com.ar\/wp-content\/uploads\/valente.jpg",985,657,false],"covernews-medium":["https:\/\/infoecos.com.ar\/wp-content\/uploads\/valente-720x380.jpg",540,285,true],"covernews-medium-square":["https:\/\/infoecos.com.ar\/wp-content\/uploads\/valente-675x450.jpg",375,250,true]},"author_info":{"info":["Jorge Matheus"]},"category_info":"<a href=\"https:\/\/infoecos.com.ar\/index.php\/category\/noticia-principal\/\" rel=\"category tag\">Noticia Principal<\/a>","tag_info":"Noticia Principal","comment_count":"0","_links":{"self":[{"href":"https:\/\/infoecos.com.ar\/index.php\/wp-json\/wp\/v2\/posts\/60454"}],"collection":[{"href":"https:\/\/infoecos.com.ar\/index.php\/wp-json\/wp\/v2\/posts"}],"about":[{"href":"https:\/\/infoecos.com.ar\/index.php\/wp-json\/wp\/v2\/types\/post"}],"author":[{"embeddable":true,"href":"https:\/\/infoecos.com.ar\/index.php\/wp-json\/wp\/v2\/users\/2"}],"replies":[{"embeddable":true,"href":"https:\/\/infoecos.com.ar\/index.php\/wp-json\/wp\/v2\/comments?post=60454"}],"version-history":[{"count":5,"href":"https:\/\/infoecos.com.ar\/index.php\/wp-json\/wp\/v2\/posts\/60454\/revisions"}],"predecessor-version":[{"id":60467,"href":"https:\/\/infoecos.com.ar\/index.php\/wp-json\/wp\/v2\/posts\/60454\/revisions\/60467"}],"wp:featuredmedia":[{"embeddable":true,"href":"https:\/\/infoecos.com.ar\/index.php\/wp-json\/wp\/v2\/media\/60455"}],"wp:attachment":[{"href":"https:\/\/infoecos.com.ar\/index.php\/wp-json\/wp\/v2\/media?parent=60454"}],"wp:term":[{"taxonomy":"category","embeddable":true,"href":"https:\/\/infoecos.com.ar\/index.php\/wp-json\/wp\/v2\/categories?post=60454"},{"taxonomy":"post_tag","embeddable":true,"href":"https:\/\/infoecos.com.ar\/index.php\/wp-json\/wp\/v2\/tags?post=60454"}],"curies":[{"name":"wp","href":"https:\/\/api.w.org\/{rel}","templated":true}]}}