{"id":60767,"date":"2020-04-16T14:14:19","date_gmt":"2020-04-16T17:14:19","guid":{"rendered":"http:\/\/infoecos.com.ar\/?p=60767"},"modified":"2020-04-16T17:48:39","modified_gmt":"2020-04-16T20:48:39","slug":"en-videoconferencia-la-ministra-de-las-mujeres-expondra-ante-la-comision-de-diputados-de-la-nacion","status":"publish","type":"post","link":"https:\/\/infoecos.com.ar\/index.php\/en-videoconferencia-la-ministra-de-las-mujeres-expondra-ante-la-comision-de-diputados-de-la-nacion\/","title":{"rendered":"En videoconferencia, la ministra de las Mujeres expondr\u00e1, a partir de las 18.30, ante la comisi\u00f3n de Diputados de la Naci\u00f3n"},"content":{"rendered":"\n<p>La ministra de las Mujeres, G\u00e9nero y Diversidad, Elizabeth G\u00f3mez Alcorta, expondr\u00e1 esta tarde a trav\u00e9s de una videoconferencia ante los integrantes de la Comisi\u00f3n de Mujeres y Diversidad de la C\u00e1mara de Diputados.<\/p>\n\n\n\n<p>La reuni\u00f3n est\u00e1 prevista para las 18.30 ante los diputados que integran la comisi\u00f3n que encabeza la diputada del Frente de Todos M\u00f3nica Macha.<\/p>\n\n\n\n<div class=\"wp-block-image\"><figure class=\"aligncenter size-large\"><img loading=\"lazy\" decoding=\"async\" width=\"324\" height=\"182\" src=\"http:\/\/infoecos.com.ar\/wp-content\/uploads\/gomezalcorta.jpg\" alt=\"\" class=\"wp-image-60768\"\/><\/figure><\/div>\n\n\n\n<p>Con la exposici\u00f3n de G\u00f3mez Alcorta alcanzar\u00e1n a 10 los funcionarios del Poder Ejecutivo que participaron hasta el momento de videoconferencias con legisladores desde que se inici\u00f3 la cuarentena obligatoria dispuesta por el Gobierno el 20 de marzo pasado.<\/p>\n\n\n\n<p>En primer t\u00e9rmino, expusieron los ministros de Educaci\u00f3n, Nicolas Trotta; de Salud, Gin\u00e9s Gonz\u00e1lez Garc\u00eda, y de Desarrollo Social, Daniel Arroyo y la semana pasada lo hicieron los de Transporte, Mario Meoni; de Defensa, Agust\u00edn Rossi y de Seguridad, Sabina Frederic en las comisiones respectivas.<\/p>\n\n\n\n<p>En tanto, esta semana lo hicieron el ministro de Agricultura, Luis Basterra, el titular del Instituto Nacional de Asociativismo y Econom\u00eda Nacional (INAES), Mario Cafiero y ayer fue el turno del ministro de Trabajo, Claudio Moroni, ante la comisi\u00f3n de Legislaci\u00f3n del Trabajo.<\/p>\n\n\n\n<p>La intenci\u00f3n del cuerpo es mantener activa a la C\u00e1mara baja mediante este sistema como forma de no paralizar el funcionamiento del cuerpo y, adem\u00e1s, cumplir con el aislamiento obligatorio dispuesto por el gobierno.\n\n<\/p>\n","protected":false},"excerpt":{"rendered":"<p>La ministra de las Mujeres, G\u00e9nero y Diversidad, Elizabeth G\u00f3mez Alcorta, expondr\u00e1 esta tarde a&#8230;<\/p>\n","protected":false},"author":2,"featured_media":60769,"comment_status":"closed","ping_status":"open","sticky":false,"template":"","format":"standard","meta":{"footnotes":""},"categories":[1614],"tags":[155],"class_list":["post-60767","post","type-post","status-publish","format-standard","has-post-thumbnail","hentry","category-c2nota7","tag-politica"],"yoast_head":"<!-- This site is optimized with the Yoast SEO plugin v23.4 - https:\/\/yoast.com\/wordpress\/plugins\/seo\/ -->\n<title>En videoconferencia, la ministra de las Mujeres expondr\u00e1, a partir de las 18.30, ante la comisi\u00f3n de Diputados de la Naci\u00f3n - Infoecos<\/title>\n<meta name=\"robots\" content=\"index, follow, max-snippet:-1, max-image-preview:large, max-video-preview:-1\" \/>\n<link rel=\"canonical\" href=\"https:\/\/infoecos.com.ar\/index.php\/en-videoconferencia-la-ministra-de-las-mujeres-expondra-ante-la-comision-de-diputados-de-la-nacion\/\" \/>\n<meta property=\"og:locale\" content=\"es_ES\" \/>\n<meta property=\"og:type\" content=\"article\" \/>\n<meta property=\"og:title\" content=\"En videoconferencia, la ministra de las Mujeres expondr\u00e1, a partir de las 18.30, ante la comisi\u00f3n de Diputados de la Naci\u00f3n - Infoecos\" \/>\n<meta property=\"og:description\" content=\"La ministra de las Mujeres, G\u00e9nero y Diversidad, Elizabeth G\u00f3mez Alcorta, expondr\u00e1 esta tarde a...\" \/>\n<meta property=\"og:url\" content=\"https:\/\/infoecos.com.ar\/index.php\/en-videoconferencia-la-ministra-de-las-mujeres-expondra-ante-la-comision-de-diputados-de-la-nacion\/\" \/>\n<meta property=\"og:site_name\" content=\"Infoecos\" \/>\n<meta property=\"article:publisher\" content=\"https:\/\/www.facebook.com\/profile.php?id=100063200290284\" \/>\n<meta property=\"article:published_time\" content=\"2020-04-16T17:14:19+00:00\" \/>\n<meta property=\"article:modified_time\" content=\"2020-04-16T20:48:39+00:00\" \/>\n<meta property=\"og:image\" content=\"https:\/\/infoecos.com.ar\/wp-content\/uploads\/massateletrabajo-920x613.jpg\" \/>\n\t<meta property=\"og:image:width\" content=\"920\" \/>\n\t<meta property=\"og:image:height\" content=\"613\" \/>\n\t<meta property=\"og:image:type\" content=\"image\/jpeg\" \/>\n<meta name=\"author\" content=\"Jorge Matheus\" \/>\n<meta name=\"twitter:card\" content=\"summary_large_image\" \/>\n<meta name=\"twitter:creator\" content=\"@infoecos\" \/>\n<meta name=\"twitter:site\" content=\"@infoecos\" \/>\n<meta name=\"twitter:label1\" content=\"Escrito por\" \/>\n\t<meta name=\"twitter:data1\" content=\"Jorge Matheus\" \/>\n\t<meta name=\"twitter:label2\" content=\"Tiempo de lectura\" \/>\n\t<meta name=\"twitter:data2\" content=\"1 minuto\" \/>\n<script type=\"application\/ld+json\" class=\"yoast-schema-graph\">{\"@context\":\"https:\/\/schema.org\",\"@graph\":[{\"@type\":\"Article\",\"@id\":\"https:\/\/infoecos.com.ar\/index.php\/en-videoconferencia-la-ministra-de-las-mujeres-expondra-ante-la-comision-de-diputados-de-la-nacion\/#article\",\"isPartOf\":{\"@id\":\"https:\/\/infoecos.com.ar\/index.php\/en-videoconferencia-la-ministra-de-las-mujeres-expondra-ante-la-comision-de-diputados-de-la-nacion\/\"},\"author\":{\"name\":\"Jorge Matheus\",\"@id\":\"https:\/\/infoecos.com.ar\/#\/schema\/person\/8f5ace5ce73b4b4aac4b7245aee6f191\"},\"headline\":\"En videoconferencia, la ministra de las Mujeres expondr\u00e1, a partir de las 18.30, ante la comisi\u00f3n de Diputados de la Naci\u00f3n\",\"datePublished\":\"2020-04-16T17:14:19+00:00\",\"dateModified\":\"2020-04-16T20:48:39+00:00\",\"mainEntityOfPage\":{\"@id\":\"https:\/\/infoecos.com.ar\/index.php\/en-videoconferencia-la-ministra-de-las-mujeres-expondra-ante-la-comision-de-diputados-de-la-nacion\/\"},\"wordCount\":261,\"publisher\":{\"@id\":\"https:\/\/infoecos.com.ar\/#organization\"},\"image\":{\"@id\":\"https:\/\/infoecos.com.ar\/index.php\/en-videoconferencia-la-ministra-de-las-mujeres-expondra-ante-la-comision-de-diputados-de-la-nacion\/#primaryimage\"},\"thumbnailUrl\":\"https:\/\/infoecos.com.ar\/wp-content\/uploads\/massateletrabajo.jpg\",\"keywords\":[\"POL\u00cdTICA\"],\"articleSection\":[\"C2 N7\"],\"inLanguage\":\"es\"},{\"@type\":\"WebPage\",\"@id\":\"https:\/\/infoecos.com.ar\/index.php\/en-videoconferencia-la-ministra-de-las-mujeres-expondra-ante-la-comision-de-diputados-de-la-nacion\/\",\"url\":\"https:\/\/infoecos.com.ar\/index.php\/en-videoconferencia-la-ministra-de-las-mujeres-expondra-ante-la-comision-de-diputados-de-la-nacion\/\",\"name\":\"En videoconferencia, la ministra de las Mujeres expondr\u00e1, a partir de las 18.30, ante la comisi\u00f3n de Diputados de la Naci\u00f3n - Infoecos\",\"isPartOf\":{\"@id\":\"https:\/\/infoecos.com.ar\/#website\"},\"primaryImageOfPage\":{\"@id\":\"https:\/\/infoecos.com.ar\/index.php\/en-videoconferencia-la-ministra-de-las-mujeres-expondra-ante-la-comision-de-diputados-de-la-nacion\/#primaryimage\"},\"image\":{\"@id\":\"https:\/\/infoecos.com.ar\/index.php\/en-videoconferencia-la-ministra-de-las-mujeres-expondra-ante-la-comision-de-diputados-de-la-nacion\/#primaryimage\"},\"thumbnailUrl\":\"https:\/\/infoecos.com.ar\/wp-content\/uploads\/massateletrabajo.jpg\",\"datePublished\":\"2020-04-16T17:14:19+00:00\",\"dateModified\":\"2020-04-16T20:48:39+00:00\",\"breadcrumb\":{\"@id\":\"https:\/\/infoecos.com.ar\/index.php\/en-videoconferencia-la-ministra-de-las-mujeres-expondra-ante-la-comision-de-diputados-de-la-nacion\/#breadcrumb\"},\"inLanguage\":\"es\",\"potentialAction\":[{\"@type\":\"ReadAction\",\"target\":[\"https:\/\/infoecos.com.ar\/index.php\/en-videoconferencia-la-ministra-de-las-mujeres-expondra-ante-la-comision-de-diputados-de-la-nacion\/\"]}]},{\"@type\":\"ImageObject\",\"inLanguage\":\"es\",\"@id\":\"https:\/\/infoecos.com.ar\/index.php\/en-videoconferencia-la-ministra-de-las-mujeres-expondra-ante-la-comision-de-diputados-de-la-nacion\/#primaryimage\",\"url\":\"https:\/\/infoecos.com.ar\/wp-content\/uploads\/massateletrabajo.jpg\",\"contentUrl\":\"https:\/\/infoecos.com.ar\/wp-content\/uploads\/massateletrabajo.jpg\",\"width\":1920,\"height\":1280,\"caption\":\"Massa en videoconferencia\"},{\"@type\":\"BreadcrumbList\",\"@id\":\"https:\/\/infoecos.com.ar\/index.php\/en-videoconferencia-la-ministra-de-las-mujeres-expondra-ante-la-comision-de-diputados-de-la-nacion\/#breadcrumb\",\"itemListElement\":[{\"@type\":\"ListItem\",\"position\":1,\"name\":\"Portada\",\"item\":\"https:\/\/infoecos.com.ar\/\"},{\"@type\":\"ListItem\",\"position\":2,\"name\":\"En videoconferencia, la ministra de las Mujeres expondr\u00e1, a partir de las 18.30, ante la comisi\u00f3n de Diputados de la Naci\u00f3n\"}]},{\"@type\":\"WebSite\",\"@id\":\"https:\/\/infoecos.com.ar\/#website\",\"url\":\"https:\/\/infoecos.com.ar\/\",\"name\":\"Infoecos\",\"description\":\"Noticias de trenque lauquen y la zona\",\"publisher\":{\"@id\":\"https:\/\/infoecos.com.ar\/#organization\"},\"alternateName\":\"Noticias\",\"potentialAction\":[{\"@type\":\"SearchAction\",\"target\":{\"@type\":\"EntryPoint\",\"urlTemplate\":\"https:\/\/infoecos.com.ar\/?s={search_term_string}\"},\"query-input\":{\"@type\":\"PropertyValueSpecification\",\"valueRequired\":true,\"valueName\":\"search_term_string\"}}],\"inLanguage\":\"es\"},{\"@type\":\"Organization\",\"@id\":\"https:\/\/infoecos.com.ar\/#organization\",\"name\":\"Infoecos\",\"alternateName\":\"Noticias\",\"url\":\"https:\/\/infoecos.com.ar\/\",\"logo\":{\"@type\":\"ImageObject\",\"inLanguage\":\"es\",\"@id\":\"https:\/\/infoecos.com.ar\/#\/schema\/logo\/image\/\",\"url\":\"https:\/\/infoecos.com.ar\/wp-content\/uploads\/2024\/03\/cropped-logo.png\",\"contentUrl\":\"https:\/\/infoecos.com.ar\/wp-content\/uploads\/2024\/03\/cropped-logo.png\",\"width\":374,\"height\":90,\"caption\":\"Infoecos\"},\"image\":{\"@id\":\"https:\/\/infoecos.com.ar\/#\/schema\/logo\/image\/\"},\"sameAs\":[\"https:\/\/www.facebook.com\/profile.php?id=100063200290284\",\"https:\/\/x.com\/infoecos\"]},{\"@type\":\"Person\",\"@id\":\"https:\/\/infoecos.com.ar\/#\/schema\/person\/8f5ace5ce73b4b4aac4b7245aee6f191\",\"name\":\"Jorge Matheus\",\"url\":\"https:\/\/infoecos.com.ar\/index.php\/author\/jomatheus\/\"}]}<\/script>\n<!-- \/ Yoast SEO plugin. -->","yoast_head_json":{"title":"En videoconferencia, la ministra de las Mujeres expondr\u00e1, a partir de las 18.30, ante la comisi\u00f3n de Diputados de la Naci\u00f3n - Infoecos","robots":{"index":"index","follow":"follow","max-snippet":"max-snippet:-1","max-image-preview":"max-image-preview:large","max-video-preview":"max-video-preview:-1"},"canonical":"https:\/\/infoecos.com.ar\/index.php\/en-videoconferencia-la-ministra-de-las-mujeres-expondra-ante-la-comision-de-diputados-de-la-nacion\/","og_locale":"es_ES","og_type":"article","og_title":"En videoconferencia, la ministra de las Mujeres expondr\u00e1, a partir de las 18.30, ante la comisi\u00f3n de Diputados de la Naci\u00f3n - Infoecos","og_description":"La ministra de las Mujeres, G\u00e9nero y Diversidad, Elizabeth G\u00f3mez Alcorta, expondr\u00e1 esta tarde a...","og_url":"https:\/\/infoecos.com.ar\/index.php\/en-videoconferencia-la-ministra-de-las-mujeres-expondra-ante-la-comision-de-diputados-de-la-nacion\/","og_site_name":"Infoecos","article_publisher":"https:\/\/www.facebook.com\/profile.php?id=100063200290284","article_published_time":"2020-04-16T17:14:19+00:00","article_modified_time":"2020-04-16T20:48:39+00:00","og_image":[{"width":920,"height":613,"url":"https:\/\/infoecos.com.ar\/wp-content\/uploads\/massateletrabajo-920x613.jpg","type":"image\/jpeg"}],"author":"Jorge Matheus","twitter_card":"summary_large_image","twitter_creator":"@infoecos","twitter_site":"@infoecos","twitter_misc":{"Escrito por":"Jorge Matheus","Tiempo de lectura":"1 minuto"},"schema":{"@context":"https:\/\/schema.org","@graph":[{"@type":"Article","@id":"https:\/\/infoecos.com.ar\/index.php\/en-videoconferencia-la-ministra-de-las-mujeres-expondra-ante-la-comision-de-diputados-de-la-nacion\/#article","isPartOf":{"@id":"https:\/\/infoecos.com.ar\/index.php\/en-videoconferencia-la-ministra-de-las-mujeres-expondra-ante-la-comision-de-diputados-de-la-nacion\/"},"author":{"name":"Jorge Matheus","@id":"https:\/\/infoecos.com.ar\/#\/schema\/person\/8f5ace5ce73b4b4aac4b7245aee6f191"},"headline":"En videoconferencia, la ministra de las Mujeres expondr\u00e1, a partir de las 18.30, ante la comisi\u00f3n de Diputados de la Naci\u00f3n","datePublished":"2020-04-16T17:14:19+00:00","dateModified":"2020-04-16T20:48:39+00:00","mainEntityOfPage":{"@id":"https:\/\/infoecos.com.ar\/index.php\/en-videoconferencia-la-ministra-de-las-mujeres-expondra-ante-la-comision-de-diputados-de-la-nacion\/"},"wordCount":261,"publisher":{"@id":"https:\/\/infoecos.com.ar\/#organization"},"image":{"@id":"https:\/\/infoecos.com.ar\/index.php\/en-videoconferencia-la-ministra-de-las-mujeres-expondra-ante-la-comision-de-diputados-de-la-nacion\/#primaryimage"},"thumbnailUrl":"https:\/\/infoecos.com.ar\/wp-content\/uploads\/massateletrabajo.jpg","keywords":["POL\u00cdTICA"],"articleSection":["C2 N7"],"inLanguage":"es"},{"@type":"WebPage","@id":"https:\/\/infoecos.com.ar\/index.php\/en-videoconferencia-la-ministra-de-las-mujeres-expondra-ante-la-comision-de-diputados-de-la-nacion\/","url":"https:\/\/infoecos.com.ar\/index.php\/en-videoconferencia-la-ministra-de-las-mujeres-expondra-ante-la-comision-de-diputados-de-la-nacion\/","name":"En videoconferencia, la ministra de las Mujeres expondr\u00e1, a partir de las 18.30, ante la comisi\u00f3n de Diputados de la Naci\u00f3n - Infoecos","isPartOf":{"@id":"https:\/\/infoecos.com.ar\/#website"},"primaryImageOfPage":{"@id":"https:\/\/infoecos.com.ar\/index.php\/en-videoconferencia-la-ministra-de-las-mujeres-expondra-ante-la-comision-de-diputados-de-la-nacion\/#primaryimage"},"image":{"@id":"https:\/\/infoecos.com.ar\/index.php\/en-videoconferencia-la-ministra-de-las-mujeres-expondra-ante-la-comision-de-diputados-de-la-nacion\/#primaryimage"},"thumbnailUrl":"https:\/\/infoecos.com.ar\/wp-content\/uploads\/massateletrabajo.jpg","datePublished":"2020-04-16T17:14:19+00:00","dateModified":"2020-04-16T20:48:39+00:00","breadcrumb":{"@id":"https:\/\/infoecos.com.ar\/index.php\/en-videoconferencia-la-ministra-de-las-mujeres-expondra-ante-la-comision-de-diputados-de-la-nacion\/#breadcrumb"},"inLanguage":"es","potentialAction":[{"@type":"ReadAction","target":["https:\/\/infoecos.com.ar\/index.php\/en-videoconferencia-la-ministra-de-las-mujeres-expondra-ante-la-comision-de-diputados-de-la-nacion\/"]}]},{"@type":"ImageObject","inLanguage":"es","@id":"https:\/\/infoecos.com.ar\/index.php\/en-videoconferencia-la-ministra-de-las-mujeres-expondra-ante-la-comision-de-diputados-de-la-nacion\/#primaryimage","url":"https:\/\/infoecos.com.ar\/wp-content\/uploads\/massateletrabajo.jpg","contentUrl":"https:\/\/infoecos.com.ar\/wp-content\/uploads\/massateletrabajo.jpg","width":1920,"height":1280,"caption":"Massa en videoconferencia"},{"@type":"BreadcrumbList","@id":"https:\/\/infoecos.com.ar\/index.php\/en-videoconferencia-la-ministra-de-las-mujeres-expondra-ante-la-comision-de-diputados-de-la-nacion\/#breadcrumb","itemListElement":[{"@type":"ListItem","position":1,"name":"Portada","item":"https:\/\/infoecos.com.ar\/"},{"@type":"ListItem","position":2,"name":"En videoconferencia, la ministra de las Mujeres expondr\u00e1, a partir de las 18.30, ante la comisi\u00f3n de Diputados de la Naci\u00f3n"}]},{"@type":"WebSite","@id":"https:\/\/infoecos.com.ar\/#website","url":"https:\/\/infoecos.com.ar\/","name":"Infoecos","description":"Noticias de trenque lauquen y la zona","publisher":{"@id":"https:\/\/infoecos.com.ar\/#organization"},"alternateName":"Noticias","potentialAction":[{"@type":"SearchAction","target":{"@type":"EntryPoint","urlTemplate":"https:\/\/infoecos.com.ar\/?s={search_term_string}"},"query-input":{"@type":"PropertyValueSpecification","valueRequired":true,"valueName":"search_term_string"}}],"inLanguage":"es"},{"@type":"Organization","@id":"https:\/\/infoecos.com.ar\/#organization","name":"Infoecos","alternateName":"Noticias","url":"https:\/\/infoecos.com.ar\/","logo":{"@type":"ImageObject","inLanguage":"es","@id":"https:\/\/infoecos.com.ar\/#\/schema\/logo\/image\/","url":"https:\/\/infoecos.com.ar\/wp-content\/uploads\/2024\/03\/cropped-logo.png","contentUrl":"https:\/\/infoecos.com.ar\/wp-content\/uploads\/2024\/03\/cropped-logo.png","width":374,"height":90,"caption":"Infoecos"},"image":{"@id":"https:\/\/infoecos.com.ar\/#\/schema\/logo\/image\/"},"sameAs":["https:\/\/www.facebook.com\/profile.php?id=100063200290284","https:\/\/x.com\/infoecos"]},{"@type":"Person","@id":"https:\/\/infoecos.com.ar\/#\/schema\/person\/8f5ace5ce73b4b4aac4b7245aee6f191","name":"Jorge Matheus","url":"https:\/\/infoecos.com.ar\/index.php\/author\/jomatheus\/"}]}},"featured_image_urls":{"full":["https:\/\/infoecos.com.ar\/wp-content\/uploads\/massateletrabajo.jpg",1920,1280,false],"thumbnail":["https:\/\/infoecos.com.ar\/wp-content\/uploads\/massateletrabajo-150x150.jpg",150,150,true],"medium":["https:\/\/infoecos.com.ar\/wp-content\/uploads\/massateletrabajo-460x307.jpg",460,307,true],"medium_large":["https:\/\/infoecos.com.ar\/wp-content\/uploads\/massateletrabajo-768x512.jpg",640,427,true],"large":["https:\/\/infoecos.com.ar\/wp-content\/uploads\/massateletrabajo-920x613.jpg",640,426,true],"1536x1536":["https:\/\/infoecos.com.ar\/wp-content\/uploads\/massateletrabajo-1536x1024.jpg",1536,1024,true],"2048x2048":["https:\/\/infoecos.com.ar\/wp-content\/uploads\/massateletrabajo.jpg",1920,1280,false],"covernews-slider-full":["https:\/\/infoecos.com.ar\/wp-content\/uploads\/massateletrabajo-1536x1020.jpg",1077,715,true],"covernews-slider-center":["https:\/\/infoecos.com.ar\/wp-content\/uploads\/massateletrabajo-936x897.jpg",522,500,true],"covernews-featured":["https:\/\/infoecos.com.ar\/wp-content\/uploads\/massateletrabajo-1024x683.jpg",1024,683,true],"covernews-medium":["https:\/\/infoecos.com.ar\/wp-content\/uploads\/massateletrabajo-720x380.jpg",540,285,true],"covernews-medium-square":["https:\/\/infoecos.com.ar\/wp-content\/uploads\/massateletrabajo-675x450.jpg",375,250,true]},"author_info":{"info":["Jorge Matheus"]},"category_info":"<a href=\"https:\/\/infoecos.com.ar\/index.php\/category\/c2nota7\/\" rel=\"category tag\">C2 N7<\/a>","tag_info":"C2 N7","comment_count":"0","_links":{"self":[{"href":"https:\/\/infoecos.com.ar\/index.php\/wp-json\/wp\/v2\/posts\/60767"}],"collection":[{"href":"https:\/\/infoecos.com.ar\/index.php\/wp-json\/wp\/v2\/posts"}],"about":[{"href":"https:\/\/infoecos.com.ar\/index.php\/wp-json\/wp\/v2\/types\/post"}],"author":[{"embeddable":true,"href":"https:\/\/infoecos.com.ar\/index.php\/wp-json\/wp\/v2\/users\/2"}],"replies":[{"embeddable":true,"href":"https:\/\/infoecos.com.ar\/index.php\/wp-json\/wp\/v2\/comments?post=60767"}],"version-history":[{"count":2,"href":"https:\/\/infoecos.com.ar\/index.php\/wp-json\/wp\/v2\/posts\/60767\/revisions"}],"predecessor-version":[{"id":60789,"href":"https:\/\/infoecos.com.ar\/index.php\/wp-json\/wp\/v2\/posts\/60767\/revisions\/60789"}],"wp:featuredmedia":[{"embeddable":true,"href":"https:\/\/infoecos.com.ar\/index.php\/wp-json\/wp\/v2\/media\/60769"}],"wp:attachment":[{"href":"https:\/\/infoecos.com.ar\/index.php\/wp-json\/wp\/v2\/media?parent=60767"}],"wp:term":[{"taxonomy":"category","embeddable":true,"href":"https:\/\/infoecos.com.ar\/index.php\/wp-json\/wp\/v2\/categories?post=60767"},{"taxonomy":"post_tag","embeddable":true,"href":"https:\/\/infoecos.com.ar\/index.php\/wp-json\/wp\/v2\/tags?post=60767"}],"curies":[{"name":"wp","href":"https:\/\/api.w.org\/{rel}","templated":true}]}}