{"id":61106,"date":"2020-04-22T01:20:23","date_gmt":"2020-04-22T04:20:23","guid":{"rendered":"http:\/\/infoecos.com.ar\/?p=61106"},"modified":"2020-04-22T01:20:26","modified_gmt":"2020-04-22T04:20:26","slug":"coronavirus-9-personas-murieron-y-112-fueron-diagnosticadas-de-estar-contagiadas","status":"publish","type":"post","link":"https:\/\/infoecos.com.ar\/index.php\/coronavirus-9-personas-murieron-y-112-fueron-diagnosticadas-de-estar-contagiadas\/","title":{"rendered":"Coronavirus: 9 personas murieron y 112 fueron diagnosticadas de estar contagiadas"},"content":{"rendered":"\n<p><strong>Nueve personas murieron y 112 fueron diagnosticadas con coronavirus en las \u00faltimas 24 horas en la Argentina, con lo que ascienden a 151 los decesos y a 3.144 el total de infectados desde el inicio de la pandemia, inform\u00f3 esta noche el Ministerio de Salud de la Naci\u00f3n.<\/strong><\/p>\n\n\n\n<p>La cartera sanitaria comunic\u00f3 en su reporte vespertino que murieron dos mujeres, una de 76 a\u00f1os, residente en la provincia de La Rioja y otra de 62 a\u00f1os, en la provincia de Buenos Aires; y cuatro hombres, tres de 76, 77 y 83 a\u00f1os en la Ciudad de Buenos Aires (CABA), y uno de 86 a\u00f1os en la Rioja.<\/p>\n\n\n\n<div class=\"wp-block-image\"><figure class=\"aligncenter size-medium\"><img loading=\"lazy\" decoding=\"async\" width=\"460\" height=\"259\" src=\"http:\/\/infoecos.com.ar\/wp-content\/uploads\/coro-te-460x259.jpg\" alt=\"\" class=\"wp-image-59624\" srcset=\"https:\/\/infoecos.com.ar\/wp-content\/uploads\/coro-te-460x259.jpg 460w, https:\/\/infoecos.com.ar\/wp-content\/uploads\/coro-te-920x518.jpg 920w, https:\/\/infoecos.com.ar\/wp-content\/uploads\/coro-te-768x432.jpg 768w, https:\/\/infoecos.com.ar\/wp-content\/uploads\/coro-te.jpg 1004w\" sizes=\"(max-width: 460px) 100vw, 460px\" \/><figcaption>Coronavirus<\/figcaption><\/figure><\/div>\n\n\n\n<p>En el informe matutino se hab\u00edan consignado tres fallecimientos: una mujer de 53 a\u00f1os y dos hombres de 64 y 84, todos residentes en la provincia de Buenos Aires.<\/p>\n\n\n\n<p><strong>Del total de los 3.144 casos, 866 (27,6%) son importados, 1.346 (42,8%) contactos estrechos de casos confirmados, 618 (19,7%) casos de circulaci\u00f3n comunitaria y el resto se encuentra en investigaci\u00f3n epidemiol\u00f3gica.<\/strong><\/p>\n\n\n\n<p>De los diagnosticados con Covid-19 hoy, se registraron 60 en la provincia de Buenos Aires, 33 en la Ciudad de Buenos Aires, 5 en Chaco, 1 en La Rioja, 11 en R\u00edo Negro, 1 en Santa Fe, y 1 en Tierra del Fuego.<\/p>\n\n\n\n<p>En tanto, no se registraron infectados en Chubut, C\u00f3rdoba, Corrientes, Entre R\u00edos, Jujuy, La Pampa, Mendoza, Misiones, Neuqu\u00e9n, Salta, San Juan, San Luis, Santa Cruz, Santiago del Estero, y Tucum\u00e1n.<\/p>\n\n\n\n<p><strong>A su vez, el ministro de Salud, Gin\u00e9s Gonz\u00e1lez Garc\u00eda, destac\u00f3la primera foto que se logra tomar del virus SARS-CoV-2 del COVID-19 que circula en Argentina. El Instituto Malbr\u00e1n y Uba Conicet lograron im\u00e1genes a nivel microsc\u00f3pico.<\/strong><\/p>\n","protected":false},"excerpt":{"rendered":"<p>Nueve personas murieron y 112 fueron diagnosticadas con coronavirus en las \u00faltimas 24 horas en&#8230;<\/p>\n","protected":false},"author":2,"featured_media":59624,"comment_status":"closed","ping_status":"open","sticky":false,"template":"","format":"standard","meta":{"footnotes":""},"categories":[1614],"tags":[156],"class_list":["post-61106","post","type-post","status-publish","format-standard","has-post-thumbnail","hentry","category-c2nota7","tag-salud"],"yoast_head":"<!-- This site is optimized with the Yoast SEO plugin v23.4 - https:\/\/yoast.com\/wordpress\/plugins\/seo\/ -->\n<title>Coronavirus: 9 personas murieron y 112 fueron diagnosticadas de estar contagiadas - Infoecos<\/title>\n<meta name=\"robots\" content=\"index, follow, max-snippet:-1, max-image-preview:large, max-video-preview:-1\" \/>\n<link rel=\"canonical\" href=\"https:\/\/infoecos.com.ar\/index.php\/coronavirus-9-personas-murieron-y-112-fueron-diagnosticadas-de-estar-contagiadas\/\" \/>\n<meta property=\"og:locale\" content=\"es_ES\" \/>\n<meta property=\"og:type\" content=\"article\" \/>\n<meta property=\"og:title\" content=\"Coronavirus: 9 personas murieron y 112 fueron diagnosticadas de estar contagiadas - Infoecos\" \/>\n<meta property=\"og:description\" content=\"Nueve personas murieron y 112 fueron diagnosticadas con coronavirus en las \u00faltimas 24 horas en...\" \/>\n<meta property=\"og:url\" content=\"https:\/\/infoecos.com.ar\/index.php\/coronavirus-9-personas-murieron-y-112-fueron-diagnosticadas-de-estar-contagiadas\/\" \/>\n<meta property=\"og:site_name\" content=\"Infoecos\" \/>\n<meta property=\"article:publisher\" content=\"https:\/\/www.facebook.com\/profile.php?id=100063200290284\" \/>\n<meta property=\"article:published_time\" content=\"2020-04-22T04:20:23+00:00\" \/>\n<meta property=\"article:modified_time\" content=\"2020-04-22T04:20:26+00:00\" \/>\n<meta property=\"og:image\" content=\"https:\/\/infoecos.com.ar\/wp-content\/uploads\/coro-te.jpg\" \/>\n\t<meta property=\"og:image:width\" content=\"1004\" \/>\n\t<meta property=\"og:image:height\" content=\"565\" \/>\n\t<meta property=\"og:image:type\" content=\"image\/jpeg\" \/>\n<meta name=\"author\" content=\"Jorge Matheus\" \/>\n<meta name=\"twitter:card\" content=\"summary_large_image\" \/>\n<meta name=\"twitter:creator\" content=\"@infoecos\" \/>\n<meta name=\"twitter:site\" content=\"@infoecos\" \/>\n<meta name=\"twitter:label1\" content=\"Escrito por\" \/>\n\t<meta name=\"twitter:data1\" content=\"Jorge Matheus\" \/>\n\t<meta name=\"twitter:label2\" content=\"Tiempo de lectura\" \/>\n\t<meta name=\"twitter:data2\" content=\"1 minuto\" \/>\n<script type=\"application\/ld+json\" class=\"yoast-schema-graph\">{\"@context\":\"https:\/\/schema.org\",\"@graph\":[{\"@type\":\"Article\",\"@id\":\"https:\/\/infoecos.com.ar\/index.php\/coronavirus-9-personas-murieron-y-112-fueron-diagnosticadas-de-estar-contagiadas\/#article\",\"isPartOf\":{\"@id\":\"https:\/\/infoecos.com.ar\/index.php\/coronavirus-9-personas-murieron-y-112-fueron-diagnosticadas-de-estar-contagiadas\/\"},\"author\":{\"name\":\"Jorge Matheus\",\"@id\":\"https:\/\/infoecos.com.ar\/#\/schema\/person\/8f5ace5ce73b4b4aac4b7245aee6f191\"},\"headline\":\"Coronavirus: 9 personas murieron y 112 fueron diagnosticadas de estar contagiadas\",\"datePublished\":\"2020-04-22T04:20:23+00:00\",\"dateModified\":\"2020-04-22T04:20:26+00:00\",\"mainEntityOfPage\":{\"@id\":\"https:\/\/infoecos.com.ar\/index.php\/coronavirus-9-personas-murieron-y-112-fueron-diagnosticadas-de-estar-contagiadas\/\"},\"wordCount\":282,\"publisher\":{\"@id\":\"https:\/\/infoecos.com.ar\/#organization\"},\"image\":{\"@id\":\"https:\/\/infoecos.com.ar\/index.php\/coronavirus-9-personas-murieron-y-112-fueron-diagnosticadas-de-estar-contagiadas\/#primaryimage\"},\"thumbnailUrl\":\"https:\/\/infoecos.com.ar\/wp-content\/uploads\/coro-te.jpg\",\"keywords\":[\"SALUD\"],\"articleSection\":[\"C2 N7\"],\"inLanguage\":\"es\"},{\"@type\":\"WebPage\",\"@id\":\"https:\/\/infoecos.com.ar\/index.php\/coronavirus-9-personas-murieron-y-112-fueron-diagnosticadas-de-estar-contagiadas\/\",\"url\":\"https:\/\/infoecos.com.ar\/index.php\/coronavirus-9-personas-murieron-y-112-fueron-diagnosticadas-de-estar-contagiadas\/\",\"name\":\"Coronavirus: 9 personas murieron y 112 fueron diagnosticadas de estar contagiadas - Infoecos\",\"isPartOf\":{\"@id\":\"https:\/\/infoecos.com.ar\/#website\"},\"primaryImageOfPage\":{\"@id\":\"https:\/\/infoecos.com.ar\/index.php\/coronavirus-9-personas-murieron-y-112-fueron-diagnosticadas-de-estar-contagiadas\/#primaryimage\"},\"image\":{\"@id\":\"https:\/\/infoecos.com.ar\/index.php\/coronavirus-9-personas-murieron-y-112-fueron-diagnosticadas-de-estar-contagiadas\/#primaryimage\"},\"thumbnailUrl\":\"https:\/\/infoecos.com.ar\/wp-content\/uploads\/coro-te.jpg\",\"datePublished\":\"2020-04-22T04:20:23+00:00\",\"dateModified\":\"2020-04-22T04:20:26+00:00\",\"breadcrumb\":{\"@id\":\"https:\/\/infoecos.com.ar\/index.php\/coronavirus-9-personas-murieron-y-112-fueron-diagnosticadas-de-estar-contagiadas\/#breadcrumb\"},\"inLanguage\":\"es\",\"potentialAction\":[{\"@type\":\"ReadAction\",\"target\":[\"https:\/\/infoecos.com.ar\/index.php\/coronavirus-9-personas-murieron-y-112-fueron-diagnosticadas-de-estar-contagiadas\/\"]}]},{\"@type\":\"ImageObject\",\"inLanguage\":\"es\",\"@id\":\"https:\/\/infoecos.com.ar\/index.php\/coronavirus-9-personas-murieron-y-112-fueron-diagnosticadas-de-estar-contagiadas\/#primaryimage\",\"url\":\"https:\/\/infoecos.com.ar\/wp-content\/uploads\/coro-te.jpg\",\"contentUrl\":\"https:\/\/infoecos.com.ar\/wp-content\/uploads\/coro-te.jpg\",\"width\":1004,\"height\":565,\"caption\":\"Coronavirus\"},{\"@type\":\"BreadcrumbList\",\"@id\":\"https:\/\/infoecos.com.ar\/index.php\/coronavirus-9-personas-murieron-y-112-fueron-diagnosticadas-de-estar-contagiadas\/#breadcrumb\",\"itemListElement\":[{\"@type\":\"ListItem\",\"position\":1,\"name\":\"Portada\",\"item\":\"https:\/\/infoecos.com.ar\/\"},{\"@type\":\"ListItem\",\"position\":2,\"name\":\"Coronavirus: 9 personas murieron y 112 fueron diagnosticadas de estar contagiadas\"}]},{\"@type\":\"WebSite\",\"@id\":\"https:\/\/infoecos.com.ar\/#website\",\"url\":\"https:\/\/infoecos.com.ar\/\",\"name\":\"Infoecos\",\"description\":\"Noticias de trenque lauquen y la zona\",\"publisher\":{\"@id\":\"https:\/\/infoecos.com.ar\/#organization\"},\"alternateName\":\"Noticias\",\"potentialAction\":[{\"@type\":\"SearchAction\",\"target\":{\"@type\":\"EntryPoint\",\"urlTemplate\":\"https:\/\/infoecos.com.ar\/?s={search_term_string}\"},\"query-input\":{\"@type\":\"PropertyValueSpecification\",\"valueRequired\":true,\"valueName\":\"search_term_string\"}}],\"inLanguage\":\"es\"},{\"@type\":\"Organization\",\"@id\":\"https:\/\/infoecos.com.ar\/#organization\",\"name\":\"Infoecos\",\"alternateName\":\"Noticias\",\"url\":\"https:\/\/infoecos.com.ar\/\",\"logo\":{\"@type\":\"ImageObject\",\"inLanguage\":\"es\",\"@id\":\"https:\/\/infoecos.com.ar\/#\/schema\/logo\/image\/\",\"url\":\"https:\/\/infoecos.com.ar\/wp-content\/uploads\/2024\/03\/cropped-logo.png\",\"contentUrl\":\"https:\/\/infoecos.com.ar\/wp-content\/uploads\/2024\/03\/cropped-logo.png\",\"width\":374,\"height\":90,\"caption\":\"Infoecos\"},\"image\":{\"@id\":\"https:\/\/infoecos.com.ar\/#\/schema\/logo\/image\/\"},\"sameAs\":[\"https:\/\/www.facebook.com\/profile.php?id=100063200290284\",\"https:\/\/x.com\/infoecos\"]},{\"@type\":\"Person\",\"@id\":\"https:\/\/infoecos.com.ar\/#\/schema\/person\/8f5ace5ce73b4b4aac4b7245aee6f191\",\"name\":\"Jorge Matheus\",\"url\":\"https:\/\/infoecos.com.ar\/index.php\/author\/jomatheus\/\"}]}<\/script>\n<!-- \/ Yoast SEO plugin. -->","yoast_head_json":{"title":"Coronavirus: 9 personas murieron y 112 fueron diagnosticadas de estar contagiadas - Infoecos","robots":{"index":"index","follow":"follow","max-snippet":"max-snippet:-1","max-image-preview":"max-image-preview:large","max-video-preview":"max-video-preview:-1"},"canonical":"https:\/\/infoecos.com.ar\/index.php\/coronavirus-9-personas-murieron-y-112-fueron-diagnosticadas-de-estar-contagiadas\/","og_locale":"es_ES","og_type":"article","og_title":"Coronavirus: 9 personas murieron y 112 fueron diagnosticadas de estar contagiadas - Infoecos","og_description":"Nueve personas murieron y 112 fueron diagnosticadas con coronavirus en las \u00faltimas 24 horas en...","og_url":"https:\/\/infoecos.com.ar\/index.php\/coronavirus-9-personas-murieron-y-112-fueron-diagnosticadas-de-estar-contagiadas\/","og_site_name":"Infoecos","article_publisher":"https:\/\/www.facebook.com\/profile.php?id=100063200290284","article_published_time":"2020-04-22T04:20:23+00:00","article_modified_time":"2020-04-22T04:20:26+00:00","og_image":[{"width":1004,"height":565,"url":"https:\/\/infoecos.com.ar\/wp-content\/uploads\/coro-te.jpg","type":"image\/jpeg"}],"author":"Jorge Matheus","twitter_card":"summary_large_image","twitter_creator":"@infoecos","twitter_site":"@infoecos","twitter_misc":{"Escrito por":"Jorge Matheus","Tiempo de lectura":"1 minuto"},"schema":{"@context":"https:\/\/schema.org","@graph":[{"@type":"Article","@id":"https:\/\/infoecos.com.ar\/index.php\/coronavirus-9-personas-murieron-y-112-fueron-diagnosticadas-de-estar-contagiadas\/#article","isPartOf":{"@id":"https:\/\/infoecos.com.ar\/index.php\/coronavirus-9-personas-murieron-y-112-fueron-diagnosticadas-de-estar-contagiadas\/"},"author":{"name":"Jorge Matheus","@id":"https:\/\/infoecos.com.ar\/#\/schema\/person\/8f5ace5ce73b4b4aac4b7245aee6f191"},"headline":"Coronavirus: 9 personas murieron y 112 fueron diagnosticadas de estar contagiadas","datePublished":"2020-04-22T04:20:23+00:00","dateModified":"2020-04-22T04:20:26+00:00","mainEntityOfPage":{"@id":"https:\/\/infoecos.com.ar\/index.php\/coronavirus-9-personas-murieron-y-112-fueron-diagnosticadas-de-estar-contagiadas\/"},"wordCount":282,"publisher":{"@id":"https:\/\/infoecos.com.ar\/#organization"},"image":{"@id":"https:\/\/infoecos.com.ar\/index.php\/coronavirus-9-personas-murieron-y-112-fueron-diagnosticadas-de-estar-contagiadas\/#primaryimage"},"thumbnailUrl":"https:\/\/infoecos.com.ar\/wp-content\/uploads\/coro-te.jpg","keywords":["SALUD"],"articleSection":["C2 N7"],"inLanguage":"es"},{"@type":"WebPage","@id":"https:\/\/infoecos.com.ar\/index.php\/coronavirus-9-personas-murieron-y-112-fueron-diagnosticadas-de-estar-contagiadas\/","url":"https:\/\/infoecos.com.ar\/index.php\/coronavirus-9-personas-murieron-y-112-fueron-diagnosticadas-de-estar-contagiadas\/","name":"Coronavirus: 9 personas murieron y 112 fueron diagnosticadas de estar contagiadas - Infoecos","isPartOf":{"@id":"https:\/\/infoecos.com.ar\/#website"},"primaryImageOfPage":{"@id":"https:\/\/infoecos.com.ar\/index.php\/coronavirus-9-personas-murieron-y-112-fueron-diagnosticadas-de-estar-contagiadas\/#primaryimage"},"image":{"@id":"https:\/\/infoecos.com.ar\/index.php\/coronavirus-9-personas-murieron-y-112-fueron-diagnosticadas-de-estar-contagiadas\/#primaryimage"},"thumbnailUrl":"https:\/\/infoecos.com.ar\/wp-content\/uploads\/coro-te.jpg","datePublished":"2020-04-22T04:20:23+00:00","dateModified":"2020-04-22T04:20:26+00:00","breadcrumb":{"@id":"https:\/\/infoecos.com.ar\/index.php\/coronavirus-9-personas-murieron-y-112-fueron-diagnosticadas-de-estar-contagiadas\/#breadcrumb"},"inLanguage":"es","potentialAction":[{"@type":"ReadAction","target":["https:\/\/infoecos.com.ar\/index.php\/coronavirus-9-personas-murieron-y-112-fueron-diagnosticadas-de-estar-contagiadas\/"]}]},{"@type":"ImageObject","inLanguage":"es","@id":"https:\/\/infoecos.com.ar\/index.php\/coronavirus-9-personas-murieron-y-112-fueron-diagnosticadas-de-estar-contagiadas\/#primaryimage","url":"https:\/\/infoecos.com.ar\/wp-content\/uploads\/coro-te.jpg","contentUrl":"https:\/\/infoecos.com.ar\/wp-content\/uploads\/coro-te.jpg","width":1004,"height":565,"caption":"Coronavirus"},{"@type":"BreadcrumbList","@id":"https:\/\/infoecos.com.ar\/index.php\/coronavirus-9-personas-murieron-y-112-fueron-diagnosticadas-de-estar-contagiadas\/#breadcrumb","itemListElement":[{"@type":"ListItem","position":1,"name":"Portada","item":"https:\/\/infoecos.com.ar\/"},{"@type":"ListItem","position":2,"name":"Coronavirus: 9 personas murieron y 112 fueron diagnosticadas de estar contagiadas"}]},{"@type":"WebSite","@id":"https:\/\/infoecos.com.ar\/#website","url":"https:\/\/infoecos.com.ar\/","name":"Infoecos","description":"Noticias de trenque lauquen y la zona","publisher":{"@id":"https:\/\/infoecos.com.ar\/#organization"},"alternateName":"Noticias","potentialAction":[{"@type":"SearchAction","target":{"@type":"EntryPoint","urlTemplate":"https:\/\/infoecos.com.ar\/?s={search_term_string}"},"query-input":{"@type":"PropertyValueSpecification","valueRequired":true,"valueName":"search_term_string"}}],"inLanguage":"es"},{"@type":"Organization","@id":"https:\/\/infoecos.com.ar\/#organization","name":"Infoecos","alternateName":"Noticias","url":"https:\/\/infoecos.com.ar\/","logo":{"@type":"ImageObject","inLanguage":"es","@id":"https:\/\/infoecos.com.ar\/#\/schema\/logo\/image\/","url":"https:\/\/infoecos.com.ar\/wp-content\/uploads\/2024\/03\/cropped-logo.png","contentUrl":"https:\/\/infoecos.com.ar\/wp-content\/uploads\/2024\/03\/cropped-logo.png","width":374,"height":90,"caption":"Infoecos"},"image":{"@id":"https:\/\/infoecos.com.ar\/#\/schema\/logo\/image\/"},"sameAs":["https:\/\/www.facebook.com\/profile.php?id=100063200290284","https:\/\/x.com\/infoecos"]},{"@type":"Person","@id":"https:\/\/infoecos.com.ar\/#\/schema\/person\/8f5ace5ce73b4b4aac4b7245aee6f191","name":"Jorge Matheus","url":"https:\/\/infoecos.com.ar\/index.php\/author\/jomatheus\/"}]}},"featured_image_urls":{"full":["https:\/\/infoecos.com.ar\/wp-content\/uploads\/coro-te.jpg",1004,565,false],"thumbnail":["https:\/\/infoecos.com.ar\/wp-content\/uploads\/coro-te-150x150.jpg",150,150,true],"medium":["https:\/\/infoecos.com.ar\/wp-content\/uploads\/coro-te-460x259.jpg",460,259,true],"medium_large":["https:\/\/infoecos.com.ar\/wp-content\/uploads\/coro-te-768x432.jpg",640,360,true],"large":["https:\/\/infoecos.com.ar\/wp-content\/uploads\/coro-te-920x518.jpg",640,360,true],"1536x1536":["https:\/\/infoecos.com.ar\/wp-content\/uploads\/coro-te.jpg",1004,565,false],"2048x2048":["https:\/\/infoecos.com.ar\/wp-content\/uploads\/coro-te.jpg",1004,565,false],"covernews-slider-full":["https:\/\/infoecos.com.ar\/wp-content\/uploads\/coro-te.jpg",1004,565,false],"covernews-slider-center":["https:\/\/infoecos.com.ar\/wp-content\/uploads\/coro-te-936x565.jpg",800,483,true],"covernews-featured":["https:\/\/infoecos.com.ar\/wp-content\/uploads\/coro-te.jpg",1004,565,false],"covernews-medium":["https:\/\/infoecos.com.ar\/wp-content\/uploads\/coro-te-720x380.jpg",540,285,true],"covernews-medium-square":["https:\/\/infoecos.com.ar\/wp-content\/uploads\/coro-te-675x450.jpg",375,250,true]},"author_info":{"info":["Jorge Matheus"]},"category_info":"<a href=\"https:\/\/infoecos.com.ar\/index.php\/category\/c2nota7\/\" rel=\"category tag\">C2 N7<\/a>","tag_info":"C2 N7","comment_count":"0","_links":{"self":[{"href":"https:\/\/infoecos.com.ar\/index.php\/wp-json\/wp\/v2\/posts\/61106"}],"collection":[{"href":"https:\/\/infoecos.com.ar\/index.php\/wp-json\/wp\/v2\/posts"}],"about":[{"href":"https:\/\/infoecos.com.ar\/index.php\/wp-json\/wp\/v2\/types\/post"}],"author":[{"embeddable":true,"href":"https:\/\/infoecos.com.ar\/index.php\/wp-json\/wp\/v2\/users\/2"}],"replies":[{"embeddable":true,"href":"https:\/\/infoecos.com.ar\/index.php\/wp-json\/wp\/v2\/comments?post=61106"}],"version-history":[{"count":1,"href":"https:\/\/infoecos.com.ar\/index.php\/wp-json\/wp\/v2\/posts\/61106\/revisions"}],"predecessor-version":[{"id":61107,"href":"https:\/\/infoecos.com.ar\/index.php\/wp-json\/wp\/v2\/posts\/61106\/revisions\/61107"}],"wp:featuredmedia":[{"embeddable":true,"href":"https:\/\/infoecos.com.ar\/index.php\/wp-json\/wp\/v2\/media\/59624"}],"wp:attachment":[{"href":"https:\/\/infoecos.com.ar\/index.php\/wp-json\/wp\/v2\/media?parent=61106"}],"wp:term":[{"taxonomy":"category","embeddable":true,"href":"https:\/\/infoecos.com.ar\/index.php\/wp-json\/wp\/v2\/categories?post=61106"},{"taxonomy":"post_tag","embeddable":true,"href":"https:\/\/infoecos.com.ar\/index.php\/wp-json\/wp\/v2\/tags?post=61106"}],"curies":[{"name":"wp","href":"https:\/\/api.w.org\/{rel}","templated":true}]}}