{"id":61142,"date":"2020-04-23T00:14:30","date_gmt":"2020-04-23T03:14:30","guid":{"rendered":"http:\/\/infoecos.com.ar\/?p=61142"},"modified":"2020-04-23T00:16:32","modified_gmt":"2020-04-23T03:16:32","slug":"segundo-informe-para-la-comision-bicameral-de-seguimiento-fiscalizacion-y-control-para-la-emergencia-en-provincia-de-buenos-aires","status":"publish","type":"post","link":"https:\/\/infoecos.com.ar\/index.php\/segundo-informe-para-la-comision-bicameral-de-seguimiento-fiscalizacion-y-control-para-la-emergencia-en-provincia-de-buenos-aires\/","title":{"rendered":"Segundo informe para la Comisi\u00f3n Bicameral de Seguimiento, Fiscalizaci\u00f3n y control para la Emergencia en provincia de Buenos Aires"},"content":{"rendered":"\n<p>El jefe de Gabinete de la provincia de Buenos Aires, Carlos Bianco, present\u00f3 este mi\u00e9rcoles en la C\u00e1mara de Diputados bonaerense el segundo informe para la Comisi\u00f3n Bicameral de Seguimiento, Fiscalizaci\u00f3n y Control para la Emergencia, seg\u00fan lo estipulado en la Ley 15.165 de emergencia social, econ\u00f3mica, productiva y energ\u00e9tica. Estuvo acompa\u00f1ado por el ministro de Salud de la Provincia, Daniel Goll\u00e1n, y el Presidente de la C\u00e1mara de Diputados, Federico Oterm\u00edn.&nbsp;<\/p>\n\n\n\n<div class=\"wp-block-image\"><figure class=\"aligncenter size-medium\"><img loading=\"lazy\" decoding=\"async\" width=\"460\" height=\"306\" src=\"http:\/\/infoecos.com.ar\/wp-content\/uploads\/200422_CB_DIPUTADOS_DSN0386-460x306.jpg\" alt=\"\" class=\"wp-image-61146\" srcset=\"https:\/\/infoecos.com.ar\/wp-content\/uploads\/200422_CB_DIPUTADOS_DSN0386-460x306.jpg 460w, https:\/\/infoecos.com.ar\/wp-content\/uploads\/200422_CB_DIPUTADOS_DSN0386-920x612.jpg 920w, https:\/\/infoecos.com.ar\/wp-content\/uploads\/200422_CB_DIPUTADOS_DSN0386-768x511.jpg 768w, https:\/\/infoecos.com.ar\/wp-content\/uploads\/200422_CB_DIPUTADOS_DSN0386-1536x1020.jpg 1536w, https:\/\/infoecos.com.ar\/wp-content\/uploads\/200422_CB_DIPUTADOS_DSN0386-2048x1363.jpg 2048w, https:\/\/infoecos.com.ar\/wp-content\/uploads\/200422_CB_DIPUTADOS_DSN0386-1024x681.jpg 1024w, https:\/\/infoecos.com.ar\/wp-content\/uploads\/200422_CB_DIPUTADOS_DSN0386-675x450.jpg 675w\" sizes=\"(max-width: 460px) 100vw, 460px\" \/><\/figure><\/div>\n\n\n\n<p>En el informe presentado por Bianco ante los diputados miembros de la Comisi\u00f3n, elaborado por el Poder Ejecutivo provincial, se detallan las iniciativas implementadas por el Gobierno bonaerense ante la irrupci\u00f3n de la pandemia de COVID-19, en el marco de la emergencia sanitaria y el aislamiento social preventivo y obligatorio establecidos por el Decreto provincial 132\/2020. En tal sentido, el informe da cuenta de las medidas adoptadas por las \u00e1reas dependientes del Ejecutivo para hacer frente a los desaf\u00edos planteados por la emergencia, con la prioridad de orientar todos los recursos disponibles hacia el fortalecimiento del sistema sanitario y de las capacidades del Estado provincial para atender las necesidades de equipamiento e insumos para afrontar la situaci\u00f3n.&nbsp;<\/p>\n\n\n\n<div class=\"wp-block-image\"><figure class=\"aligncenter size-medium\"><img loading=\"lazy\" decoding=\"async\" width=\"460\" height=\"306\" src=\"http:\/\/infoecos.com.ar\/wp-content\/uploads\/200422_CB_DIPUTADOS_DSN0368-460x306.jpg\" alt=\"\" class=\"wp-image-61144\" srcset=\"https:\/\/infoecos.com.ar\/wp-content\/uploads\/200422_CB_DIPUTADOS_DSN0368-460x306.jpg 460w, https:\/\/infoecos.com.ar\/wp-content\/uploads\/200422_CB_DIPUTADOS_DSN0368-920x612.jpg 920w, https:\/\/infoecos.com.ar\/wp-content\/uploads\/200422_CB_DIPUTADOS_DSN0368-768x511.jpg 768w, https:\/\/infoecos.com.ar\/wp-content\/uploads\/200422_CB_DIPUTADOS_DSN0368-1536x1020.jpg 1536w, https:\/\/infoecos.com.ar\/wp-content\/uploads\/200422_CB_DIPUTADOS_DSN0368-2048x1363.jpg 2048w, https:\/\/infoecos.com.ar\/wp-content\/uploads\/200422_CB_DIPUTADOS_DSN0368-1024x681.jpg 1024w, https:\/\/infoecos.com.ar\/wp-content\/uploads\/200422_CB_DIPUTADOS_DSN0368-675x450.jpg 675w\" sizes=\"(max-width: 460px) 100vw, 460px\" \/><\/figure><\/div>\n\n\n\n<p>El jefe de Gabinete afirm\u00f3 que \u201cfue una reuni\u00f3n muy constructiva y productiva\u201d y agreg\u00f3: \u201cLa curva de contagios en la Provincia est\u00e1 controlada y todav\u00eda se mantiene aplanada, como est\u00e1 sucediendo a nivel nacional. Esto es un \u00e9xito relativo, que nos permite ganar valios\u00edsimo tiempo para preparar las infraestructuras y conseguir tanto equipamiento m\u00e9dico como profesionales para el sistema sanitario de la Provincia, para el momento en el que llegue el pico de contagios\u201d.&nbsp;<\/p>\n\n\n\n<p>En cuanto a la relaci\u00f3n con los legisladores, Bianco se\u00f1al\u00f3: \u201cLa respuesta de los presidentes de los bloques ha sido muy constructiva y hemos evacuado sus consultas puntuales. Lo importante es que todos se mostraron muy colaborativos para seguir apoyando la gesti\u00f3n del Gobierno provincial y hacer conocer sus observaciones. Trabajamos junto al Poder Legislativo porque entendemos que esa es la \u00fanica forma de llevar delante de manera exitosa la tarea de dar batalla a la pandemia\u201d. En tal sentido, Bianco agradeci\u00f3 el esfuerzo conjunto y explic\u00f3: \u201cM\u00e1s all\u00e1 de que no haya sesiones los diputados est\u00e1n trabajando, estamos permanentemente en contacto con ellos, nos est\u00e1n pidiendo informaci\u00f3n, nos hacen llegar constantemente propuestas para implementar desde el Poder Ejecutivo\u201d.<\/p>\n\n\n\n<div class=\"wp-block-image\"><figure class=\"aligncenter size-medium\"><img loading=\"lazy\" decoding=\"async\" width=\"460\" height=\"306\" src=\"http:\/\/infoecos.com.ar\/wp-content\/uploads\/200422_CB_DIPUTADOS_DSN0480-460x306.jpg\" alt=\"\" class=\"wp-image-61147\" srcset=\"https:\/\/infoecos.com.ar\/wp-content\/uploads\/200422_CB_DIPUTADOS_DSN0480-460x306.jpg 460w, https:\/\/infoecos.com.ar\/wp-content\/uploads\/200422_CB_DIPUTADOS_DSN0480-920x612.jpg 920w, https:\/\/infoecos.com.ar\/wp-content\/uploads\/200422_CB_DIPUTADOS_DSN0480-768x511.jpg 768w, https:\/\/infoecos.com.ar\/wp-content\/uploads\/200422_CB_DIPUTADOS_DSN0480-1536x1020.jpg 1536w, https:\/\/infoecos.com.ar\/wp-content\/uploads\/200422_CB_DIPUTADOS_DSN0480-2048x1363.jpg 2048w, https:\/\/infoecos.com.ar\/wp-content\/uploads\/200422_CB_DIPUTADOS_DSN0480-1024x681.jpg 1024w, https:\/\/infoecos.com.ar\/wp-content\/uploads\/200422_CB_DIPUTADOS_DSN0480-675x450.jpg 675w\" sizes=\"(max-width: 460px) 100vw, 460px\" \/><\/figure><\/div>\n\n\n\n<p>Por su parte, el Presidente de la C\u00e1mara de Diputados, Federico Oterm\u00edn, sostuvo: \u201cLa reuni\u00f3n es la continuidad de un encuentro que los presidentes de todos los bloques tuvimos con el Gobernador para manifestarle que en caso de que sea necesaria la sanci\u00f3n de alg\u00fan proyecto de ley en el marco de la emergencia, la C\u00e1mara de Diputados est\u00e1 lista para sesionar\u201d.<\/p>\n\n\n\n<p>Como continuidad del trabajo conjunto entre los poderes Ejecutivo y Legislativo, este jueves, el jefe de Gabinete y el ministro Goll\u00e1n realizar\u00e1n una presentaci\u00f3n ante la C\u00e1mara de Senadores de la Provincia de Buenos Aires, por invitaci\u00f3n de la Vicegobernadora Ver\u00f3nica Magario. <\/p>\n\n\n\n<figure class=\"wp-block-audio\"><audio controls src=\"http:\/\/infoecos.com.ar\/wp-content\/uploads\/Bianco-Otermin-audio.mp3\"><\/audio><\/figure>\n","protected":false},"excerpt":{"rendered":"<p>El jefe de Gabinete de la provincia de Buenos Aires, Carlos Bianco, present\u00f3 este mi\u00e9rcoles&#8230;<\/p>\n","protected":false},"author":2,"featured_media":61147,"comment_status":"closed","ping_status":"open","sticky":false,"template":"","format":"standard","meta":{"footnotes":""},"categories":[24],"tags":[53],"class_list":["post-61142","post","type-post","status-publish","format-standard","has-post-thumbnail","hentry","category-c1nota3","tag-provincia-de-buenos-aires"],"yoast_head":"<!-- This site is optimized with the Yoast SEO plugin v23.4 - https:\/\/yoast.com\/wordpress\/plugins\/seo\/ -->\n<title>Segundo informe para la Comisi\u00f3n Bicameral de Seguimiento, Fiscalizaci\u00f3n y control para la Emergencia en provincia de Buenos Aires - Infoecos<\/title>\n<meta name=\"robots\" content=\"index, follow, max-snippet:-1, max-image-preview:large, max-video-preview:-1\" \/>\n<link rel=\"canonical\" href=\"https:\/\/infoecos.com.ar\/index.php\/segundo-informe-para-la-comision-bicameral-de-seguimiento-fiscalizacion-y-control-para-la-emergencia-en-provincia-de-buenos-aires\/\" \/>\n<meta property=\"og:locale\" content=\"es_ES\" \/>\n<meta property=\"og:type\" content=\"article\" \/>\n<meta property=\"og:title\" content=\"Segundo informe para la Comisi\u00f3n Bicameral de Seguimiento, Fiscalizaci\u00f3n y control para la Emergencia en provincia de Buenos Aires - Infoecos\" \/>\n<meta property=\"og:description\" content=\"El jefe de Gabinete de la provincia de Buenos Aires, Carlos Bianco, present\u00f3 este mi\u00e9rcoles...\" \/>\n<meta property=\"og:url\" content=\"https:\/\/infoecos.com.ar\/index.php\/segundo-informe-para-la-comision-bicameral-de-seguimiento-fiscalizacion-y-control-para-la-emergencia-en-provincia-de-buenos-aires\/\" \/>\n<meta property=\"og:site_name\" content=\"Infoecos\" \/>\n<meta property=\"article:publisher\" content=\"https:\/\/www.facebook.com\/profile.php?id=100063200290284\" \/>\n<meta property=\"article:published_time\" content=\"2020-04-23T03:14:30+00:00\" \/>\n<meta property=\"article:modified_time\" content=\"2020-04-23T03:16:32+00:00\" \/>\n<meta property=\"og:image\" content=\"https:\/\/infoecos.com.ar\/wp-content\/uploads\/200422_CB_DIPUTADOS_DSN0480-scaled.jpg\" \/>\n\t<meta property=\"og:image:width\" content=\"2560\" \/>\n\t<meta property=\"og:image:height\" content=\"1703\" \/>\n\t<meta property=\"og:image:type\" content=\"image\/jpeg\" \/>\n<meta name=\"author\" content=\"Jorge Matheus\" \/>\n<meta name=\"twitter:card\" content=\"summary_large_image\" \/>\n<meta name=\"twitter:creator\" content=\"@infoecos\" \/>\n<meta name=\"twitter:site\" content=\"@infoecos\" \/>\n<meta name=\"twitter:label1\" content=\"Escrito por\" \/>\n\t<meta name=\"twitter:data1\" content=\"Jorge Matheus\" \/>\n\t<meta name=\"twitter:label2\" content=\"Tiempo de lectura\" \/>\n\t<meta name=\"twitter:data2\" content=\"3 minutos\" \/>\n<script type=\"application\/ld+json\" class=\"yoast-schema-graph\">{\"@context\":\"https:\/\/schema.org\",\"@graph\":[{\"@type\":\"Article\",\"@id\":\"https:\/\/infoecos.com.ar\/index.php\/segundo-informe-para-la-comision-bicameral-de-seguimiento-fiscalizacion-y-control-para-la-emergencia-en-provincia-de-buenos-aires\/#article\",\"isPartOf\":{\"@id\":\"https:\/\/infoecos.com.ar\/index.php\/segundo-informe-para-la-comision-bicameral-de-seguimiento-fiscalizacion-y-control-para-la-emergencia-en-provincia-de-buenos-aires\/\"},\"author\":{\"name\":\"Jorge Matheus\",\"@id\":\"https:\/\/infoecos.com.ar\/#\/schema\/person\/8f5ace5ce73b4b4aac4b7245aee6f191\"},\"headline\":\"Segundo informe para la Comisi\u00f3n Bicameral de Seguimiento, Fiscalizaci\u00f3n y control para la Emergencia en provincia de Buenos Aires\",\"datePublished\":\"2020-04-23T03:14:30+00:00\",\"dateModified\":\"2020-04-23T03:16:32+00:00\",\"mainEntityOfPage\":{\"@id\":\"https:\/\/infoecos.com.ar\/index.php\/segundo-informe-para-la-comision-bicameral-de-seguimiento-fiscalizacion-y-control-para-la-emergencia-en-provincia-de-buenos-aires\/\"},\"wordCount\":547,\"publisher\":{\"@id\":\"https:\/\/infoecos.com.ar\/#organization\"},\"image\":{\"@id\":\"https:\/\/infoecos.com.ar\/index.php\/segundo-informe-para-la-comision-bicameral-de-seguimiento-fiscalizacion-y-control-para-la-emergencia-en-provincia-de-buenos-aires\/#primaryimage\"},\"thumbnailUrl\":\"https:\/\/infoecos.com.ar\/wp-content\/uploads\/200422_CB_DIPUTADOS_DSN0480-scaled.jpg\",\"keywords\":[\"PROVINCIA DE BUENOS AIRES\"],\"articleSection\":[\"C1 N3\"],\"inLanguage\":\"es\"},{\"@type\":\"WebPage\",\"@id\":\"https:\/\/infoecos.com.ar\/index.php\/segundo-informe-para-la-comision-bicameral-de-seguimiento-fiscalizacion-y-control-para-la-emergencia-en-provincia-de-buenos-aires\/\",\"url\":\"https:\/\/infoecos.com.ar\/index.php\/segundo-informe-para-la-comision-bicameral-de-seguimiento-fiscalizacion-y-control-para-la-emergencia-en-provincia-de-buenos-aires\/\",\"name\":\"Segundo informe para la Comisi\u00f3n Bicameral de Seguimiento, Fiscalizaci\u00f3n y control para la Emergencia en provincia de Buenos Aires - Infoecos\",\"isPartOf\":{\"@id\":\"https:\/\/infoecos.com.ar\/#website\"},\"primaryImageOfPage\":{\"@id\":\"https:\/\/infoecos.com.ar\/index.php\/segundo-informe-para-la-comision-bicameral-de-seguimiento-fiscalizacion-y-control-para-la-emergencia-en-provincia-de-buenos-aires\/#primaryimage\"},\"image\":{\"@id\":\"https:\/\/infoecos.com.ar\/index.php\/segundo-informe-para-la-comision-bicameral-de-seguimiento-fiscalizacion-y-control-para-la-emergencia-en-provincia-de-buenos-aires\/#primaryimage\"},\"thumbnailUrl\":\"https:\/\/infoecos.com.ar\/wp-content\/uploads\/200422_CB_DIPUTADOS_DSN0480-scaled.jpg\",\"datePublished\":\"2020-04-23T03:14:30+00:00\",\"dateModified\":\"2020-04-23T03:16:32+00:00\",\"breadcrumb\":{\"@id\":\"https:\/\/infoecos.com.ar\/index.php\/segundo-informe-para-la-comision-bicameral-de-seguimiento-fiscalizacion-y-control-para-la-emergencia-en-provincia-de-buenos-aires\/#breadcrumb\"},\"inLanguage\":\"es\",\"potentialAction\":[{\"@type\":\"ReadAction\",\"target\":[\"https:\/\/infoecos.com.ar\/index.php\/segundo-informe-para-la-comision-bicameral-de-seguimiento-fiscalizacion-y-control-para-la-emergencia-en-provincia-de-buenos-aires\/\"]}]},{\"@type\":\"ImageObject\",\"inLanguage\":\"es\",\"@id\":\"https:\/\/infoecos.com.ar\/index.php\/segundo-informe-para-la-comision-bicameral-de-seguimiento-fiscalizacion-y-control-para-la-emergencia-en-provincia-de-buenos-aires\/#primaryimage\",\"url\":\"https:\/\/infoecos.com.ar\/wp-content\/uploads\/200422_CB_DIPUTADOS_DSN0480-scaled.jpg\",\"contentUrl\":\"https:\/\/infoecos.com.ar\/wp-content\/uploads\/200422_CB_DIPUTADOS_DSN0480-scaled.jpg\",\"width\":2560,\"height\":1703},{\"@type\":\"BreadcrumbList\",\"@id\":\"https:\/\/infoecos.com.ar\/index.php\/segundo-informe-para-la-comision-bicameral-de-seguimiento-fiscalizacion-y-control-para-la-emergencia-en-provincia-de-buenos-aires\/#breadcrumb\",\"itemListElement\":[{\"@type\":\"ListItem\",\"position\":1,\"name\":\"Portada\",\"item\":\"https:\/\/infoecos.com.ar\/\"},{\"@type\":\"ListItem\",\"position\":2,\"name\":\"Segundo informe para la Comisi\u00f3n Bicameral de Seguimiento, Fiscalizaci\u00f3n y control para la Emergencia en provincia de Buenos Aires\"}]},{\"@type\":\"WebSite\",\"@id\":\"https:\/\/infoecos.com.ar\/#website\",\"url\":\"https:\/\/infoecos.com.ar\/\",\"name\":\"Infoecos\",\"description\":\"Noticias de trenque lauquen y la zona\",\"publisher\":{\"@id\":\"https:\/\/infoecos.com.ar\/#organization\"},\"alternateName\":\"Noticias\",\"potentialAction\":[{\"@type\":\"SearchAction\",\"target\":{\"@type\":\"EntryPoint\",\"urlTemplate\":\"https:\/\/infoecos.com.ar\/?s={search_term_string}\"},\"query-input\":{\"@type\":\"PropertyValueSpecification\",\"valueRequired\":true,\"valueName\":\"search_term_string\"}}],\"inLanguage\":\"es\"},{\"@type\":\"Organization\",\"@id\":\"https:\/\/infoecos.com.ar\/#organization\",\"name\":\"Infoecos\",\"alternateName\":\"Noticias\",\"url\":\"https:\/\/infoecos.com.ar\/\",\"logo\":{\"@type\":\"ImageObject\",\"inLanguage\":\"es\",\"@id\":\"https:\/\/infoecos.com.ar\/#\/schema\/logo\/image\/\",\"url\":\"https:\/\/infoecos.com.ar\/wp-content\/uploads\/2024\/03\/cropped-logo.png\",\"contentUrl\":\"https:\/\/infoecos.com.ar\/wp-content\/uploads\/2024\/03\/cropped-logo.png\",\"width\":374,\"height\":90,\"caption\":\"Infoecos\"},\"image\":{\"@id\":\"https:\/\/infoecos.com.ar\/#\/schema\/logo\/image\/\"},\"sameAs\":[\"https:\/\/www.facebook.com\/profile.php?id=100063200290284\",\"https:\/\/x.com\/infoecos\"]},{\"@type\":\"Person\",\"@id\":\"https:\/\/infoecos.com.ar\/#\/schema\/person\/8f5ace5ce73b4b4aac4b7245aee6f191\",\"name\":\"Jorge Matheus\",\"url\":\"https:\/\/infoecos.com.ar\/index.php\/author\/jomatheus\/\"}]}<\/script>\n<!-- \/ Yoast SEO plugin. -->","yoast_head_json":{"title":"Segundo informe para la Comisi\u00f3n Bicameral de Seguimiento, Fiscalizaci\u00f3n y control para la Emergencia en provincia de Buenos Aires - Infoecos","robots":{"index":"index","follow":"follow","max-snippet":"max-snippet:-1","max-image-preview":"max-image-preview:large","max-video-preview":"max-video-preview:-1"},"canonical":"https:\/\/infoecos.com.ar\/index.php\/segundo-informe-para-la-comision-bicameral-de-seguimiento-fiscalizacion-y-control-para-la-emergencia-en-provincia-de-buenos-aires\/","og_locale":"es_ES","og_type":"article","og_title":"Segundo informe para la Comisi\u00f3n Bicameral de Seguimiento, Fiscalizaci\u00f3n y control para la Emergencia en provincia de Buenos Aires - Infoecos","og_description":"El jefe de Gabinete de la provincia de Buenos Aires, Carlos Bianco, present\u00f3 este mi\u00e9rcoles...","og_url":"https:\/\/infoecos.com.ar\/index.php\/segundo-informe-para-la-comision-bicameral-de-seguimiento-fiscalizacion-y-control-para-la-emergencia-en-provincia-de-buenos-aires\/","og_site_name":"Infoecos","article_publisher":"https:\/\/www.facebook.com\/profile.php?id=100063200290284","article_published_time":"2020-04-23T03:14:30+00:00","article_modified_time":"2020-04-23T03:16:32+00:00","og_image":[{"width":2560,"height":1703,"url":"https:\/\/infoecos.com.ar\/wp-content\/uploads\/200422_CB_DIPUTADOS_DSN0480-scaled.jpg","type":"image\/jpeg"}],"author":"Jorge Matheus","twitter_card":"summary_large_image","twitter_creator":"@infoecos","twitter_site":"@infoecos","twitter_misc":{"Escrito por":"Jorge Matheus","Tiempo de lectura":"3 minutos"},"schema":{"@context":"https:\/\/schema.org","@graph":[{"@type":"Article","@id":"https:\/\/infoecos.com.ar\/index.php\/segundo-informe-para-la-comision-bicameral-de-seguimiento-fiscalizacion-y-control-para-la-emergencia-en-provincia-de-buenos-aires\/#article","isPartOf":{"@id":"https:\/\/infoecos.com.ar\/index.php\/segundo-informe-para-la-comision-bicameral-de-seguimiento-fiscalizacion-y-control-para-la-emergencia-en-provincia-de-buenos-aires\/"},"author":{"name":"Jorge Matheus","@id":"https:\/\/infoecos.com.ar\/#\/schema\/person\/8f5ace5ce73b4b4aac4b7245aee6f191"},"headline":"Segundo informe para la Comisi\u00f3n Bicameral de Seguimiento, Fiscalizaci\u00f3n y control para la Emergencia en provincia de Buenos Aires","datePublished":"2020-04-23T03:14:30+00:00","dateModified":"2020-04-23T03:16:32+00:00","mainEntityOfPage":{"@id":"https:\/\/infoecos.com.ar\/index.php\/segundo-informe-para-la-comision-bicameral-de-seguimiento-fiscalizacion-y-control-para-la-emergencia-en-provincia-de-buenos-aires\/"},"wordCount":547,"publisher":{"@id":"https:\/\/infoecos.com.ar\/#organization"},"image":{"@id":"https:\/\/infoecos.com.ar\/index.php\/segundo-informe-para-la-comision-bicameral-de-seguimiento-fiscalizacion-y-control-para-la-emergencia-en-provincia-de-buenos-aires\/#primaryimage"},"thumbnailUrl":"https:\/\/infoecos.com.ar\/wp-content\/uploads\/200422_CB_DIPUTADOS_DSN0480-scaled.jpg","keywords":["PROVINCIA DE BUENOS AIRES"],"articleSection":["C1 N3"],"inLanguage":"es"},{"@type":"WebPage","@id":"https:\/\/infoecos.com.ar\/index.php\/segundo-informe-para-la-comision-bicameral-de-seguimiento-fiscalizacion-y-control-para-la-emergencia-en-provincia-de-buenos-aires\/","url":"https:\/\/infoecos.com.ar\/index.php\/segundo-informe-para-la-comision-bicameral-de-seguimiento-fiscalizacion-y-control-para-la-emergencia-en-provincia-de-buenos-aires\/","name":"Segundo informe para la Comisi\u00f3n Bicameral de Seguimiento, Fiscalizaci\u00f3n y control para la Emergencia en provincia de Buenos Aires - Infoecos","isPartOf":{"@id":"https:\/\/infoecos.com.ar\/#website"},"primaryImageOfPage":{"@id":"https:\/\/infoecos.com.ar\/index.php\/segundo-informe-para-la-comision-bicameral-de-seguimiento-fiscalizacion-y-control-para-la-emergencia-en-provincia-de-buenos-aires\/#primaryimage"},"image":{"@id":"https:\/\/infoecos.com.ar\/index.php\/segundo-informe-para-la-comision-bicameral-de-seguimiento-fiscalizacion-y-control-para-la-emergencia-en-provincia-de-buenos-aires\/#primaryimage"},"thumbnailUrl":"https:\/\/infoecos.com.ar\/wp-content\/uploads\/200422_CB_DIPUTADOS_DSN0480-scaled.jpg","datePublished":"2020-04-23T03:14:30+00:00","dateModified":"2020-04-23T03:16:32+00:00","breadcrumb":{"@id":"https:\/\/infoecos.com.ar\/index.php\/segundo-informe-para-la-comision-bicameral-de-seguimiento-fiscalizacion-y-control-para-la-emergencia-en-provincia-de-buenos-aires\/#breadcrumb"},"inLanguage":"es","potentialAction":[{"@type":"ReadAction","target":["https:\/\/infoecos.com.ar\/index.php\/segundo-informe-para-la-comision-bicameral-de-seguimiento-fiscalizacion-y-control-para-la-emergencia-en-provincia-de-buenos-aires\/"]}]},{"@type":"ImageObject","inLanguage":"es","@id":"https:\/\/infoecos.com.ar\/index.php\/segundo-informe-para-la-comision-bicameral-de-seguimiento-fiscalizacion-y-control-para-la-emergencia-en-provincia-de-buenos-aires\/#primaryimage","url":"https:\/\/infoecos.com.ar\/wp-content\/uploads\/200422_CB_DIPUTADOS_DSN0480-scaled.jpg","contentUrl":"https:\/\/infoecos.com.ar\/wp-content\/uploads\/200422_CB_DIPUTADOS_DSN0480-scaled.jpg","width":2560,"height":1703},{"@type":"BreadcrumbList","@id":"https:\/\/infoecos.com.ar\/index.php\/segundo-informe-para-la-comision-bicameral-de-seguimiento-fiscalizacion-y-control-para-la-emergencia-en-provincia-de-buenos-aires\/#breadcrumb","itemListElement":[{"@type":"ListItem","position":1,"name":"Portada","item":"https:\/\/infoecos.com.ar\/"},{"@type":"ListItem","position":2,"name":"Segundo informe para la Comisi\u00f3n Bicameral de Seguimiento, Fiscalizaci\u00f3n y control para la Emergencia en provincia de Buenos Aires"}]},{"@type":"WebSite","@id":"https:\/\/infoecos.com.ar\/#website","url":"https:\/\/infoecos.com.ar\/","name":"Infoecos","description":"Noticias de trenque lauquen y la zona","publisher":{"@id":"https:\/\/infoecos.com.ar\/#organization"},"alternateName":"Noticias","potentialAction":[{"@type":"SearchAction","target":{"@type":"EntryPoint","urlTemplate":"https:\/\/infoecos.com.ar\/?s={search_term_string}"},"query-input":{"@type":"PropertyValueSpecification","valueRequired":true,"valueName":"search_term_string"}}],"inLanguage":"es"},{"@type":"Organization","@id":"https:\/\/infoecos.com.ar\/#organization","name":"Infoecos","alternateName":"Noticias","url":"https:\/\/infoecos.com.ar\/","logo":{"@type":"ImageObject","inLanguage":"es","@id":"https:\/\/infoecos.com.ar\/#\/schema\/logo\/image\/","url":"https:\/\/infoecos.com.ar\/wp-content\/uploads\/2024\/03\/cropped-logo.png","contentUrl":"https:\/\/infoecos.com.ar\/wp-content\/uploads\/2024\/03\/cropped-logo.png","width":374,"height":90,"caption":"Infoecos"},"image":{"@id":"https:\/\/infoecos.com.ar\/#\/schema\/logo\/image\/"},"sameAs":["https:\/\/www.facebook.com\/profile.php?id=100063200290284","https:\/\/x.com\/infoecos"]},{"@type":"Person","@id":"https:\/\/infoecos.com.ar\/#\/schema\/person\/8f5ace5ce73b4b4aac4b7245aee6f191","name":"Jorge Matheus","url":"https:\/\/infoecos.com.ar\/index.php\/author\/jomatheus\/"}]}},"featured_image_urls":{"full":["https:\/\/infoecos.com.ar\/wp-content\/uploads\/200422_CB_DIPUTADOS_DSN0480-scaled.jpg",2560,1703,false],"thumbnail":["https:\/\/infoecos.com.ar\/wp-content\/uploads\/200422_CB_DIPUTADOS_DSN0480-150x150.jpg",150,150,true],"medium":["https:\/\/infoecos.com.ar\/wp-content\/uploads\/200422_CB_DIPUTADOS_DSN0480-460x306.jpg",460,306,true],"medium_large":["https:\/\/infoecos.com.ar\/wp-content\/uploads\/200422_CB_DIPUTADOS_DSN0480-768x511.jpg",640,426,true],"large":["https:\/\/infoecos.com.ar\/wp-content\/uploads\/200422_CB_DIPUTADOS_DSN0480-920x612.jpg",640,426,true],"1536x1536":["https:\/\/infoecos.com.ar\/wp-content\/uploads\/200422_CB_DIPUTADOS_DSN0480-1536x1022.jpg",1536,1022,true],"2048x2048":["https:\/\/infoecos.com.ar\/wp-content\/uploads\/200422_CB_DIPUTADOS_DSN0480-2048x1363.jpg",2048,1363,true],"covernews-slider-full":["https:\/\/infoecos.com.ar\/wp-content\/uploads\/200422_CB_DIPUTADOS_DSN0480-1536x1020.jpg",1077,715,true],"covernews-slider-center":["https:\/\/infoecos.com.ar\/wp-content\/uploads\/200422_CB_DIPUTADOS_DSN0480-936x897.jpg",522,500,true],"covernews-featured":["https:\/\/infoecos.com.ar\/wp-content\/uploads\/200422_CB_DIPUTADOS_DSN0480-1024x681.jpg",1024,681,true],"covernews-medium":["https:\/\/infoecos.com.ar\/wp-content\/uploads\/200422_CB_DIPUTADOS_DSN0480-720x380.jpg",540,285,true],"covernews-medium-square":["https:\/\/infoecos.com.ar\/wp-content\/uploads\/200422_CB_DIPUTADOS_DSN0480-675x450.jpg",375,250,true]},"author_info":{"info":["Jorge Matheus"]},"category_info":"<a href=\"https:\/\/infoecos.com.ar\/index.php\/category\/c1nota3\/\" rel=\"category tag\">C1 N3<\/a>","tag_info":"C1 N3","comment_count":"0","_links":{"self":[{"href":"https:\/\/infoecos.com.ar\/index.php\/wp-json\/wp\/v2\/posts\/61142"}],"collection":[{"href":"https:\/\/infoecos.com.ar\/index.php\/wp-json\/wp\/v2\/posts"}],"about":[{"href":"https:\/\/infoecos.com.ar\/index.php\/wp-json\/wp\/v2\/types\/post"}],"author":[{"embeddable":true,"href":"https:\/\/infoecos.com.ar\/index.php\/wp-json\/wp\/v2\/users\/2"}],"replies":[{"embeddable":true,"href":"https:\/\/infoecos.com.ar\/index.php\/wp-json\/wp\/v2\/comments?post=61142"}],"version-history":[{"count":3,"href":"https:\/\/infoecos.com.ar\/index.php\/wp-json\/wp\/v2\/posts\/61142\/revisions"}],"predecessor-version":[{"id":61152,"href":"https:\/\/infoecos.com.ar\/index.php\/wp-json\/wp\/v2\/posts\/61142\/revisions\/61152"}],"wp:featuredmedia":[{"embeddable":true,"href":"https:\/\/infoecos.com.ar\/index.php\/wp-json\/wp\/v2\/media\/61147"}],"wp:attachment":[{"href":"https:\/\/infoecos.com.ar\/index.php\/wp-json\/wp\/v2\/media?parent=61142"}],"wp:term":[{"taxonomy":"category","embeddable":true,"href":"https:\/\/infoecos.com.ar\/index.php\/wp-json\/wp\/v2\/categories?post=61142"},{"taxonomy":"post_tag","embeddable":true,"href":"https:\/\/infoecos.com.ar\/index.php\/wp-json\/wp\/v2\/tags?post=61142"}],"curies":[{"name":"wp","href":"https:\/\/api.w.org\/{rel}","templated":true}]}}