{"id":61191,"date":"2020-04-23T22:12:03","date_gmt":"2020-04-24T01:12:03","guid":{"rendered":"http:\/\/infoecos.com.ar\/?p=61191"},"modified":"2020-04-23T22:12:09","modified_gmt":"2020-04-24T01:12:09","slug":"la-economia-de-los-municipios-de-la-provincia-de-buenos-aires-en-el-centro-de-la-escena-por-los-efectos-que-genera-la-pandemia","status":"publish","type":"post","link":"https:\/\/infoecos.com.ar\/index.php\/la-economia-de-los-municipios-de-la-provincia-de-buenos-aires-en-el-centro-de-la-escena-por-los-efectos-que-genera-la-pandemia\/","title":{"rendered":"La econom\u00eda de los municipios de la provincia de Buenos Aires en el centro de la escena, por los efectos que genera la pandemia"},"content":{"rendered":"\n<p>La situaci\u00f3n econ\u00f3mica de los municipios de la provincia de Buenos Aires, pr\u00e1cticamente en su totalidad, ha quedado en el centro de la escena, m\u00e1s all\u00e1 de la pandemia del coronavirus. El gobernador ya comunic\u00f3 que se destinar\u00e1n 1.000 millones de pesos, de un total de 5 mil a los 135 distritos. Los cuatro restantes ser\u00e1n a trav\u00e9s de un bono que administrar\u00e1 el Banco de la Provincia de Buenos Aires, lo que significa que ser\u00e1n aportes reembolsables. Esto trajo aparejado el malestar hasta de los propios, y hace unas horas se supo que Jorge Macri que capitanea a los mandatarios comunales del PRO decidi\u00f3 retirarse de cualquier negociaci\u00f3n, argumentando que hay malestar en esa fuerza. Dijo a otros medios, que no es INFOECOS, que es discrecional el manejo de los recursos por parte de las autoridades bonaerenses. <\/p>\n\n\n\n<div class=\"wp-block-image\"><figure class=\"aligncenter size-medium\"><img loading=\"lazy\" decoding=\"async\" width=\"460\" height=\"302\" src=\"http:\/\/infoecos.com.ar\/wp-content\/uploads\/200421_AK_INTENDENTES_JxC_DSN0309-460x302.jpg\" alt=\"\" class=\"wp-image-61061\" srcset=\"https:\/\/infoecos.com.ar\/wp-content\/uploads\/200421_AK_INTENDENTES_JxC_DSN0309-460x302.jpg 460w, https:\/\/infoecos.com.ar\/wp-content\/uploads\/200421_AK_INTENDENTES_JxC_DSN0309-920x605.jpg 920w, https:\/\/infoecos.com.ar\/wp-content\/uploads\/200421_AK_INTENDENTES_JxC_DSN0309-768x505.jpg 768w, https:\/\/infoecos.com.ar\/wp-content\/uploads\/200421_AK_INTENDENTES_JxC_DSN0309-1536x1010.jpg 1536w, https:\/\/infoecos.com.ar\/wp-content\/uploads\/200421_AK_INTENDENTES_JxC_DSN0309-2048x1346.jpg 2048w, https:\/\/infoecos.com.ar\/wp-content\/uploads\/200421_AK_INTENDENTES_JxC_DSN0309-1024x673.jpg 1024w\" sizes=\"(max-width: 460px) 100vw, 460px\" \/><\/figure><\/div>\n\n\n\n<p>El gobernador tom\u00f3 nota de las inquietudes surgidas luego de las videoconferencias y reuniones presenciales con los intendentes del Frente para Todos, como as\u00ed tambi\u00e9n con los de la oposici\u00f3n con quienes mantiene contacto directo y casi diario, en forma directa o a trav\u00e9s de su ministra de Gobierno, Teresa Garc\u00eda. Las reuniones del Jefe de Gabinete, tanto en Diputados el mi\u00e9rcoles, como en Senadores este jueves, si bien estaban programadas, evidencian que busca evitar que la cuesti\u00f3n se le vaya de las manos y que produzca cimbronazos pol\u00edticos en la provincia.<\/p>\n\n\n\n<p>En el caso puntual del intendente de Trenque Lauquen, Miguel Fern\u00e1ndez, que preside el foro de sus pares del radicalismo, se pudo saber de fuentes extraoficiales, que mantuvo una videoconferencia con Kicillof en las \u00faltimas horas, habida cuenta que no asisti\u00f3 a la reuni\u00f3n que se hab\u00eda programado para el martes pasado donde se iba a hablar del panorama econ\u00f3mico de la provincia en general de cara a los pr\u00f3ximos tiempos. <\/p>\n\n\n\n<p>Fueron infructuosos los esfuerzos realizados por la redacci\u00f3n de Infoecos para hallar respuestas de Fern\u00e1ndez, en horas de la noche de este jueves. Los intentos de di\u00e1logo se dieron a ra\u00edz de que hab\u00eda sido entrevistado por el canal de noticias TN, donde seg\u00fan se dijo expres\u00f3 \u00abel inter\u00e9s de seguir conversando sobre el tema econ\u00f3mico con las autoridades bonaerenses y volvi\u00f3 a rescatar que hasta ahora el di\u00e1logo hab\u00eda sido fruct\u00edfero,aunque no todas son coincidencias\u00bb. <\/p>\n","protected":false},"excerpt":{"rendered":"<p>La situaci\u00f3n econ\u00f3mica de los municipios de la provincia de Buenos Aires, pr\u00e1cticamente en su&#8230;<\/p>\n","protected":false},"author":2,"featured_media":60665,"comment_status":"closed","ping_status":"open","sticky":false,"template":"","format":"standard","meta":{"footnotes":""},"categories":[1613],"tags":[53],"class_list":["post-61191","post","type-post","status-publish","format-standard","has-post-thumbnail","hentry","category-noticia-secundaria","tag-provincia-de-buenos-aires"],"yoast_head":"<!-- This site is optimized with the Yoast SEO plugin v23.4 - https:\/\/yoast.com\/wordpress\/plugins\/seo\/ -->\n<title>La econom\u00eda de los municipios de la provincia de Buenos Aires en el centro de la escena, por los efectos que genera la pandemia - Infoecos<\/title>\n<meta name=\"robots\" content=\"index, follow, max-snippet:-1, max-image-preview:large, max-video-preview:-1\" \/>\n<link rel=\"canonical\" href=\"https:\/\/infoecos.com.ar\/index.php\/la-economia-de-los-municipios-de-la-provincia-de-buenos-aires-en-el-centro-de-la-escena-por-los-efectos-que-genera-la-pandemia\/\" \/>\n<meta property=\"og:locale\" content=\"es_ES\" \/>\n<meta property=\"og:type\" content=\"article\" \/>\n<meta property=\"og:title\" content=\"La econom\u00eda de los municipios de la provincia de Buenos Aires en el centro de la escena, por los efectos que genera la pandemia - Infoecos\" \/>\n<meta property=\"og:description\" content=\"La situaci\u00f3n econ\u00f3mica de los municipios de la provincia de Buenos Aires, pr\u00e1cticamente en su...\" \/>\n<meta property=\"og:url\" content=\"https:\/\/infoecos.com.ar\/index.php\/la-economia-de-los-municipios-de-la-provincia-de-buenos-aires-en-el-centro-de-la-escena-por-los-efectos-que-genera-la-pandemia\/\" \/>\n<meta property=\"og:site_name\" content=\"Infoecos\" \/>\n<meta property=\"article:publisher\" content=\"https:\/\/www.facebook.com\/profile.php?id=100063200290284\" \/>\n<meta property=\"article:published_time\" content=\"2020-04-24T01:12:03+00:00\" \/>\n<meta property=\"article:modified_time\" content=\"2020-04-24T01:12:09+00:00\" \/>\n<meta property=\"og:image\" content=\"https:\/\/infoecos.com.ar\/wp-content\/uploads\/IMG_5688-scaled.jpg\" \/>\n\t<meta property=\"og:image:width\" content=\"2560\" \/>\n\t<meta property=\"og:image:height\" content=\"1707\" \/>\n\t<meta property=\"og:image:type\" content=\"image\/jpeg\" \/>\n<meta name=\"author\" content=\"Jorge Matheus\" \/>\n<meta name=\"twitter:card\" content=\"summary_large_image\" \/>\n<meta name=\"twitter:creator\" content=\"@infoecos\" \/>\n<meta name=\"twitter:site\" content=\"@infoecos\" \/>\n<meta name=\"twitter:label1\" content=\"Escrito por\" \/>\n\t<meta name=\"twitter:data1\" content=\"Jorge Matheus\" \/>\n\t<meta name=\"twitter:label2\" content=\"Tiempo de lectura\" \/>\n\t<meta name=\"twitter:data2\" content=\"2 minutos\" \/>\n<script type=\"application\/ld+json\" class=\"yoast-schema-graph\">{\"@context\":\"https:\/\/schema.org\",\"@graph\":[{\"@type\":\"Article\",\"@id\":\"https:\/\/infoecos.com.ar\/index.php\/la-economia-de-los-municipios-de-la-provincia-de-buenos-aires-en-el-centro-de-la-escena-por-los-efectos-que-genera-la-pandemia\/#article\",\"isPartOf\":{\"@id\":\"https:\/\/infoecos.com.ar\/index.php\/la-economia-de-los-municipios-de-la-provincia-de-buenos-aires-en-el-centro-de-la-escena-por-los-efectos-que-genera-la-pandemia\/\"},\"author\":{\"name\":\"Jorge Matheus\",\"@id\":\"https:\/\/infoecos.com.ar\/#\/schema\/person\/8f5ace5ce73b4b4aac4b7245aee6f191\"},\"headline\":\"La econom\u00eda de los municipios de la provincia de Buenos Aires en el centro de la escena, por los efectos que genera la pandemia\",\"datePublished\":\"2020-04-24T01:12:03+00:00\",\"dateModified\":\"2020-04-24T01:12:09+00:00\",\"mainEntityOfPage\":{\"@id\":\"https:\/\/infoecos.com.ar\/index.php\/la-economia-de-los-municipios-de-la-provincia-de-buenos-aires-en-el-centro-de-la-escena-por-los-efectos-que-genera-la-pandemia\/\"},\"wordCount\":432,\"publisher\":{\"@id\":\"https:\/\/infoecos.com.ar\/#organization\"},\"image\":{\"@id\":\"https:\/\/infoecos.com.ar\/index.php\/la-economia-de-los-municipios-de-la-provincia-de-buenos-aires-en-el-centro-de-la-escena-por-los-efectos-que-genera-la-pandemia\/#primaryimage\"},\"thumbnailUrl\":\"https:\/\/infoecos.com.ar\/wp-content\/uploads\/IMG_5688-scaled.jpg\",\"keywords\":[\"PROVINCIA DE BUENOS AIRES\"],\"articleSection\":[\"Noticia Secundaria\"],\"inLanguage\":\"es\"},{\"@type\":\"WebPage\",\"@id\":\"https:\/\/infoecos.com.ar\/index.php\/la-economia-de-los-municipios-de-la-provincia-de-buenos-aires-en-el-centro-de-la-escena-por-los-efectos-que-genera-la-pandemia\/\",\"url\":\"https:\/\/infoecos.com.ar\/index.php\/la-economia-de-los-municipios-de-la-provincia-de-buenos-aires-en-el-centro-de-la-escena-por-los-efectos-que-genera-la-pandemia\/\",\"name\":\"La econom\u00eda de los municipios de la provincia de Buenos Aires en el centro de la escena, por los efectos que genera la pandemia - Infoecos\",\"isPartOf\":{\"@id\":\"https:\/\/infoecos.com.ar\/#website\"},\"primaryImageOfPage\":{\"@id\":\"https:\/\/infoecos.com.ar\/index.php\/la-economia-de-los-municipios-de-la-provincia-de-buenos-aires-en-el-centro-de-la-escena-por-los-efectos-que-genera-la-pandemia\/#primaryimage\"},\"image\":{\"@id\":\"https:\/\/infoecos.com.ar\/index.php\/la-economia-de-los-municipios-de-la-provincia-de-buenos-aires-en-el-centro-de-la-escena-por-los-efectos-que-genera-la-pandemia\/#primaryimage\"},\"thumbnailUrl\":\"https:\/\/infoecos.com.ar\/wp-content\/uploads\/IMG_5688-scaled.jpg\",\"datePublished\":\"2020-04-24T01:12:03+00:00\",\"dateModified\":\"2020-04-24T01:12:09+00:00\",\"breadcrumb\":{\"@id\":\"https:\/\/infoecos.com.ar\/index.php\/la-economia-de-los-municipios-de-la-provincia-de-buenos-aires-en-el-centro-de-la-escena-por-los-efectos-que-genera-la-pandemia\/#breadcrumb\"},\"inLanguage\":\"es\",\"potentialAction\":[{\"@type\":\"ReadAction\",\"target\":[\"https:\/\/infoecos.com.ar\/index.php\/la-economia-de-los-municipios-de-la-provincia-de-buenos-aires-en-el-centro-de-la-escena-por-los-efectos-que-genera-la-pandemia\/\"]}]},{\"@type\":\"ImageObject\",\"inLanguage\":\"es\",\"@id\":\"https:\/\/infoecos.com.ar\/index.php\/la-economia-de-los-municipios-de-la-provincia-de-buenos-aires-en-el-centro-de-la-escena-por-los-efectos-que-genera-la-pandemia\/#primaryimage\",\"url\":\"https:\/\/infoecos.com.ar\/wp-content\/uploads\/IMG_5688-scaled.jpg\",\"contentUrl\":\"https:\/\/infoecos.com.ar\/wp-content\/uploads\/IMG_5688-scaled.jpg\",\"width\":2560,\"height\":1707,\"caption\":\"Kicillof, Axel en videoconferencia\"},{\"@type\":\"BreadcrumbList\",\"@id\":\"https:\/\/infoecos.com.ar\/index.php\/la-economia-de-los-municipios-de-la-provincia-de-buenos-aires-en-el-centro-de-la-escena-por-los-efectos-que-genera-la-pandemia\/#breadcrumb\",\"itemListElement\":[{\"@type\":\"ListItem\",\"position\":1,\"name\":\"Portada\",\"item\":\"https:\/\/infoecos.com.ar\/\"},{\"@type\":\"ListItem\",\"position\":2,\"name\":\"La econom\u00eda de los municipios de la provincia de Buenos Aires en el centro de la escena, por los efectos que genera la pandemia\"}]},{\"@type\":\"WebSite\",\"@id\":\"https:\/\/infoecos.com.ar\/#website\",\"url\":\"https:\/\/infoecos.com.ar\/\",\"name\":\"Infoecos\",\"description\":\"Noticias de trenque lauquen y la zona\",\"publisher\":{\"@id\":\"https:\/\/infoecos.com.ar\/#organization\"},\"alternateName\":\"Noticias\",\"potentialAction\":[{\"@type\":\"SearchAction\",\"target\":{\"@type\":\"EntryPoint\",\"urlTemplate\":\"https:\/\/infoecos.com.ar\/?s={search_term_string}\"},\"query-input\":{\"@type\":\"PropertyValueSpecification\",\"valueRequired\":true,\"valueName\":\"search_term_string\"}}],\"inLanguage\":\"es\"},{\"@type\":\"Organization\",\"@id\":\"https:\/\/infoecos.com.ar\/#organization\",\"name\":\"Infoecos\",\"alternateName\":\"Noticias\",\"url\":\"https:\/\/infoecos.com.ar\/\",\"logo\":{\"@type\":\"ImageObject\",\"inLanguage\":\"es\",\"@id\":\"https:\/\/infoecos.com.ar\/#\/schema\/logo\/image\/\",\"url\":\"https:\/\/infoecos.com.ar\/wp-content\/uploads\/2024\/03\/cropped-logo.png\",\"contentUrl\":\"https:\/\/infoecos.com.ar\/wp-content\/uploads\/2024\/03\/cropped-logo.png\",\"width\":374,\"height\":90,\"caption\":\"Infoecos\"},\"image\":{\"@id\":\"https:\/\/infoecos.com.ar\/#\/schema\/logo\/image\/\"},\"sameAs\":[\"https:\/\/www.facebook.com\/profile.php?id=100063200290284\",\"https:\/\/x.com\/infoecos\"]},{\"@type\":\"Person\",\"@id\":\"https:\/\/infoecos.com.ar\/#\/schema\/person\/8f5ace5ce73b4b4aac4b7245aee6f191\",\"name\":\"Jorge Matheus\",\"url\":\"https:\/\/infoecos.com.ar\/index.php\/author\/jomatheus\/\"}]}<\/script>\n<!-- \/ Yoast SEO plugin. -->","yoast_head_json":{"title":"La econom\u00eda de los municipios de la provincia de Buenos Aires en el centro de la escena, por los efectos que genera la pandemia - Infoecos","robots":{"index":"index","follow":"follow","max-snippet":"max-snippet:-1","max-image-preview":"max-image-preview:large","max-video-preview":"max-video-preview:-1"},"canonical":"https:\/\/infoecos.com.ar\/index.php\/la-economia-de-los-municipios-de-la-provincia-de-buenos-aires-en-el-centro-de-la-escena-por-los-efectos-que-genera-la-pandemia\/","og_locale":"es_ES","og_type":"article","og_title":"La econom\u00eda de los municipios de la provincia de Buenos Aires en el centro de la escena, por los efectos que genera la pandemia - Infoecos","og_description":"La situaci\u00f3n econ\u00f3mica de los municipios de la provincia de Buenos Aires, pr\u00e1cticamente en su...","og_url":"https:\/\/infoecos.com.ar\/index.php\/la-economia-de-los-municipios-de-la-provincia-de-buenos-aires-en-el-centro-de-la-escena-por-los-efectos-que-genera-la-pandemia\/","og_site_name":"Infoecos","article_publisher":"https:\/\/www.facebook.com\/profile.php?id=100063200290284","article_published_time":"2020-04-24T01:12:03+00:00","article_modified_time":"2020-04-24T01:12:09+00:00","og_image":[{"width":2560,"height":1707,"url":"https:\/\/infoecos.com.ar\/wp-content\/uploads\/IMG_5688-scaled.jpg","type":"image\/jpeg"}],"author":"Jorge Matheus","twitter_card":"summary_large_image","twitter_creator":"@infoecos","twitter_site":"@infoecos","twitter_misc":{"Escrito por":"Jorge Matheus","Tiempo de lectura":"2 minutos"},"schema":{"@context":"https:\/\/schema.org","@graph":[{"@type":"Article","@id":"https:\/\/infoecos.com.ar\/index.php\/la-economia-de-los-municipios-de-la-provincia-de-buenos-aires-en-el-centro-de-la-escena-por-los-efectos-que-genera-la-pandemia\/#article","isPartOf":{"@id":"https:\/\/infoecos.com.ar\/index.php\/la-economia-de-los-municipios-de-la-provincia-de-buenos-aires-en-el-centro-de-la-escena-por-los-efectos-que-genera-la-pandemia\/"},"author":{"name":"Jorge Matheus","@id":"https:\/\/infoecos.com.ar\/#\/schema\/person\/8f5ace5ce73b4b4aac4b7245aee6f191"},"headline":"La econom\u00eda de los municipios de la provincia de Buenos Aires en el centro de la escena, por los efectos que genera la pandemia","datePublished":"2020-04-24T01:12:03+00:00","dateModified":"2020-04-24T01:12:09+00:00","mainEntityOfPage":{"@id":"https:\/\/infoecos.com.ar\/index.php\/la-economia-de-los-municipios-de-la-provincia-de-buenos-aires-en-el-centro-de-la-escena-por-los-efectos-que-genera-la-pandemia\/"},"wordCount":432,"publisher":{"@id":"https:\/\/infoecos.com.ar\/#organization"},"image":{"@id":"https:\/\/infoecos.com.ar\/index.php\/la-economia-de-los-municipios-de-la-provincia-de-buenos-aires-en-el-centro-de-la-escena-por-los-efectos-que-genera-la-pandemia\/#primaryimage"},"thumbnailUrl":"https:\/\/infoecos.com.ar\/wp-content\/uploads\/IMG_5688-scaled.jpg","keywords":["PROVINCIA DE BUENOS AIRES"],"articleSection":["Noticia Secundaria"],"inLanguage":"es"},{"@type":"WebPage","@id":"https:\/\/infoecos.com.ar\/index.php\/la-economia-de-los-municipios-de-la-provincia-de-buenos-aires-en-el-centro-de-la-escena-por-los-efectos-que-genera-la-pandemia\/","url":"https:\/\/infoecos.com.ar\/index.php\/la-economia-de-los-municipios-de-la-provincia-de-buenos-aires-en-el-centro-de-la-escena-por-los-efectos-que-genera-la-pandemia\/","name":"La econom\u00eda de los municipios de la provincia de Buenos Aires en el centro de la escena, por los efectos que genera la pandemia - Infoecos","isPartOf":{"@id":"https:\/\/infoecos.com.ar\/#website"},"primaryImageOfPage":{"@id":"https:\/\/infoecos.com.ar\/index.php\/la-economia-de-los-municipios-de-la-provincia-de-buenos-aires-en-el-centro-de-la-escena-por-los-efectos-que-genera-la-pandemia\/#primaryimage"},"image":{"@id":"https:\/\/infoecos.com.ar\/index.php\/la-economia-de-los-municipios-de-la-provincia-de-buenos-aires-en-el-centro-de-la-escena-por-los-efectos-que-genera-la-pandemia\/#primaryimage"},"thumbnailUrl":"https:\/\/infoecos.com.ar\/wp-content\/uploads\/IMG_5688-scaled.jpg","datePublished":"2020-04-24T01:12:03+00:00","dateModified":"2020-04-24T01:12:09+00:00","breadcrumb":{"@id":"https:\/\/infoecos.com.ar\/index.php\/la-economia-de-los-municipios-de-la-provincia-de-buenos-aires-en-el-centro-de-la-escena-por-los-efectos-que-genera-la-pandemia\/#breadcrumb"},"inLanguage":"es","potentialAction":[{"@type":"ReadAction","target":["https:\/\/infoecos.com.ar\/index.php\/la-economia-de-los-municipios-de-la-provincia-de-buenos-aires-en-el-centro-de-la-escena-por-los-efectos-que-genera-la-pandemia\/"]}]},{"@type":"ImageObject","inLanguage":"es","@id":"https:\/\/infoecos.com.ar\/index.php\/la-economia-de-los-municipios-de-la-provincia-de-buenos-aires-en-el-centro-de-la-escena-por-los-efectos-que-genera-la-pandemia\/#primaryimage","url":"https:\/\/infoecos.com.ar\/wp-content\/uploads\/IMG_5688-scaled.jpg","contentUrl":"https:\/\/infoecos.com.ar\/wp-content\/uploads\/IMG_5688-scaled.jpg","width":2560,"height":1707,"caption":"Kicillof, Axel en videoconferencia"},{"@type":"BreadcrumbList","@id":"https:\/\/infoecos.com.ar\/index.php\/la-economia-de-los-municipios-de-la-provincia-de-buenos-aires-en-el-centro-de-la-escena-por-los-efectos-que-genera-la-pandemia\/#breadcrumb","itemListElement":[{"@type":"ListItem","position":1,"name":"Portada","item":"https:\/\/infoecos.com.ar\/"},{"@type":"ListItem","position":2,"name":"La econom\u00eda de los municipios de la provincia de Buenos Aires en el centro de la escena, por los efectos que genera la pandemia"}]},{"@type":"WebSite","@id":"https:\/\/infoecos.com.ar\/#website","url":"https:\/\/infoecos.com.ar\/","name":"Infoecos","description":"Noticias de trenque lauquen y la zona","publisher":{"@id":"https:\/\/infoecos.com.ar\/#organization"},"alternateName":"Noticias","potentialAction":[{"@type":"SearchAction","target":{"@type":"EntryPoint","urlTemplate":"https:\/\/infoecos.com.ar\/?s={search_term_string}"},"query-input":{"@type":"PropertyValueSpecification","valueRequired":true,"valueName":"search_term_string"}}],"inLanguage":"es"},{"@type":"Organization","@id":"https:\/\/infoecos.com.ar\/#organization","name":"Infoecos","alternateName":"Noticias","url":"https:\/\/infoecos.com.ar\/","logo":{"@type":"ImageObject","inLanguage":"es","@id":"https:\/\/infoecos.com.ar\/#\/schema\/logo\/image\/","url":"https:\/\/infoecos.com.ar\/wp-content\/uploads\/2024\/03\/cropped-logo.png","contentUrl":"https:\/\/infoecos.com.ar\/wp-content\/uploads\/2024\/03\/cropped-logo.png","width":374,"height":90,"caption":"Infoecos"},"image":{"@id":"https:\/\/infoecos.com.ar\/#\/schema\/logo\/image\/"},"sameAs":["https:\/\/www.facebook.com\/profile.php?id=100063200290284","https:\/\/x.com\/infoecos"]},{"@type":"Person","@id":"https:\/\/infoecos.com.ar\/#\/schema\/person\/8f5ace5ce73b4b4aac4b7245aee6f191","name":"Jorge Matheus","url":"https:\/\/infoecos.com.ar\/index.php\/author\/jomatheus\/"}]}},"featured_image_urls":{"full":["https:\/\/infoecos.com.ar\/wp-content\/uploads\/IMG_5688-scaled.jpg",2560,1707,false],"thumbnail":["https:\/\/infoecos.com.ar\/wp-content\/uploads\/IMG_5688-150x150.jpg",150,150,true],"medium":["https:\/\/infoecos.com.ar\/wp-content\/uploads\/IMG_5688-460x307.jpg",460,307,true],"medium_large":["https:\/\/infoecos.com.ar\/wp-content\/uploads\/IMG_5688-768x512.jpg",640,427,true],"large":["https:\/\/infoecos.com.ar\/wp-content\/uploads\/IMG_5688-920x613.jpg",640,426,true],"1536x1536":["https:\/\/infoecos.com.ar\/wp-content\/uploads\/IMG_5688-1536x1024.jpg",1536,1024,true],"2048x2048":["https:\/\/infoecos.com.ar\/wp-content\/uploads\/IMG_5688-2048x1365.jpg",2048,1365,true],"covernews-slider-full":["https:\/\/infoecos.com.ar\/wp-content\/uploads\/IMG_5688-1536x1020.jpg",1077,715,true],"covernews-slider-center":["https:\/\/infoecos.com.ar\/wp-content\/uploads\/IMG_5688-936x897.jpg",522,500,true],"covernews-featured":["https:\/\/infoecos.com.ar\/wp-content\/uploads\/IMG_5688-1024x683.jpg",1024,683,true],"covernews-medium":["https:\/\/infoecos.com.ar\/wp-content\/uploads\/IMG_5688-720x380.jpg",540,285,true],"covernews-medium-square":["https:\/\/infoecos.com.ar\/wp-content\/uploads\/IMG_5688-675x450.jpg",375,250,true]},"author_info":{"info":["Jorge Matheus"]},"category_info":"<a href=\"https:\/\/infoecos.com.ar\/index.php\/category\/noticia-secundaria\/\" rel=\"category tag\">Noticia Secundaria<\/a>","tag_info":"Noticia Secundaria","comment_count":"0","_links":{"self":[{"href":"https:\/\/infoecos.com.ar\/index.php\/wp-json\/wp\/v2\/posts\/61191"}],"collection":[{"href":"https:\/\/infoecos.com.ar\/index.php\/wp-json\/wp\/v2\/posts"}],"about":[{"href":"https:\/\/infoecos.com.ar\/index.php\/wp-json\/wp\/v2\/types\/post"}],"author":[{"embeddable":true,"href":"https:\/\/infoecos.com.ar\/index.php\/wp-json\/wp\/v2\/users\/2"}],"replies":[{"embeddable":true,"href":"https:\/\/infoecos.com.ar\/index.php\/wp-json\/wp\/v2\/comments?post=61191"}],"version-history":[{"count":1,"href":"https:\/\/infoecos.com.ar\/index.php\/wp-json\/wp\/v2\/posts\/61191\/revisions"}],"predecessor-version":[{"id":61192,"href":"https:\/\/infoecos.com.ar\/index.php\/wp-json\/wp\/v2\/posts\/61191\/revisions\/61192"}],"wp:featuredmedia":[{"embeddable":true,"href":"https:\/\/infoecos.com.ar\/index.php\/wp-json\/wp\/v2\/media\/60665"}],"wp:attachment":[{"href":"https:\/\/infoecos.com.ar\/index.php\/wp-json\/wp\/v2\/media?parent=61191"}],"wp:term":[{"taxonomy":"category","embeddable":true,"href":"https:\/\/infoecos.com.ar\/index.php\/wp-json\/wp\/v2\/categories?post=61191"},{"taxonomy":"post_tag","embeddable":true,"href":"https:\/\/infoecos.com.ar\/index.php\/wp-json\/wp\/v2\/tags?post=61191"}],"curies":[{"name":"wp","href":"https:\/\/api.w.org\/{rel}","templated":true}]}}