{"id":61244,"date":"2020-04-24T03:16:52","date_gmt":"2020-04-24T06:16:52","guid":{"rendered":"http:\/\/infoecos.com.ar\/?p=61244"},"modified":"2020-04-27T02:45:07","modified_gmt":"2020-04-27T05:45:07","slug":"la-vicegobernadora-veronica-magario-junto-a-senadoras-y-senadores-en-contacto-permanente-con-las-acciones-del-gobierno-de-la-provincia-en-el-marco-de-la-pandemia","status":"publish","type":"post","link":"https:\/\/infoecos.com.ar\/index.php\/la-vicegobernadora-veronica-magario-junto-a-senadoras-y-senadores-en-contacto-permanente-con-las-acciones-del-gobierno-de-la-provincia-en-el-marco-de-la-pandemia\/","title":{"rendered":"La vicegobernadora Ver\u00f3nica Magario, junto a senadoras y senadores, en contacto permanente con las acciones del gobierno de la provincia en el marco de la pandemia"},"content":{"rendered":"\n<p>La vicegobernadora bonaerense, Ver\u00f3nica Magario, acompa\u00f1ada por senadoras y senadores y con otros legisladores v\u00eda videoconferencia, se interioriz\u00f3 sobre el detalle del trabajo que realiza el Ejecutivo provincial en el marco de la emergencia sanitaria y el aislamiento social preventivo y obligatorio establecidos por el Decreto provincial 132\/2020.<br><br>En ese sentido, Carlos Bianco sostuvo que \u201capenas se declar\u00f3 la pandemia mundial nos pusimos en acci\u00f3n\u201d.<\/p>\n\n\n\n<div class=\"wp-block-image\"><figure class=\"aligncenter size-medium\"><img loading=\"lazy\" decoding=\"async\" width=\"460\" height=\"307\" src=\"http:\/\/infoecos.com.ar\/wp-content\/uploads\/MAG-460x307.jpg\" alt=\"\" class=\"wp-image-61245\" srcset=\"https:\/\/infoecos.com.ar\/wp-content\/uploads\/MAG-460x307.jpg 460w, https:\/\/infoecos.com.ar\/wp-content\/uploads\/MAG-920x613.jpg 920w, https:\/\/infoecos.com.ar\/wp-content\/uploads\/MAG-768x512.jpg 768w, https:\/\/infoecos.com.ar\/wp-content\/uploads\/MAG-1024x682.jpg 1024w, https:\/\/infoecos.com.ar\/wp-content\/uploads\/MAG-675x450.jpg 675w, https:\/\/infoecos.com.ar\/wp-content\/uploads\/MAG.jpg 1280w\" sizes=\"(max-width: 460px) 100vw, 460px\" \/><\/figure><\/div>\n\n\n\n<p>\u201cTuvimos que ir armando el plan de lucha contra el Coronavirus en la provincia, y eso implic\u00f3 mejorar la infraestructura sanitaria, poner a disposici\u00f3n m\u00e9dicos, comprar respiradores y modificar un mont\u00f3n de rutinas de Gobierno\u201d, afirm\u00f3.<br><br>Por su parte, el Ministro de Salud bonaerense, Daniel Goll\u00e1n, inform\u00f3 que a trav\u00e9s del desarrollo de un dispositivo hoy se cuenta con \u201cun mapa que nos permite monitorear todo el territorio de la provincia de Buenos Aires\u201d.<\/p>\n\n\n\n<p>Y cerr\u00f3: \u201cLa gesti\u00f3n de las camas, del tr\u00e1nsito de los pacientes, los insumos y los testeos forman parte del tablero de mando que hemos desarrollado\u201d.<\/p>\n\n\n\n<div class=\"wp-block-image\"><figure class=\"aligncenter size-medium\"><img loading=\"lazy\" decoding=\"async\" width=\"460\" height=\"307\" src=\"http:\/\/infoecos.com.ar\/wp-content\/uploads\/MAG1-460x307.jpg\" alt=\"\" class=\"wp-image-61246\" srcset=\"https:\/\/infoecos.com.ar\/wp-content\/uploads\/MAG1-460x307.jpg 460w, https:\/\/infoecos.com.ar\/wp-content\/uploads\/MAG1-920x613.jpg 920w, https:\/\/infoecos.com.ar\/wp-content\/uploads\/MAG1-768x512.jpg 768w, https:\/\/infoecos.com.ar\/wp-content\/uploads\/MAG1-1024x682.jpg 1024w, https:\/\/infoecos.com.ar\/wp-content\/uploads\/MAG1-675x450.jpg 675w, https:\/\/infoecos.com.ar\/wp-content\/uploads\/MAG1.jpg 1280w\" sizes=\"(max-width: 460px) 100vw, 460px\" \/><\/figure><\/div>\n\n\n\n<p>Participaron de la reuni\u00f3n los senadores del Frente Todos Francisco Dura\u00f1ona, Gervasio Bozzano y Jos\u00e9 Luis Pallares. En tanto, por el bloque de Juntos por el Cambio presenciaron Lorena Petrovich; Lucas Fiorini y Emiliano Reparaz.<\/p>\n","protected":false},"excerpt":{"rendered":"<p>La vicegobernadora bonaerense, Ver\u00f3nica Magario, acompa\u00f1ada por senadoras y senadores y con otros legisladores v\u00eda&#8230;<\/p>\n","protected":false},"author":2,"featured_media":61246,"comment_status":"closed","ping_status":"open","sticky":false,"template":"","format":"standard","meta":{"footnotes":""},"categories":[1332],"tags":[1785],"class_list":["post-61244","post","type-post","status-publish","format-standard","has-post-thumbnail","hentry","category-inferior12","tag-coronavirus"],"yoast_head":"<!-- This site is optimized with the Yoast SEO plugin v23.4 - https:\/\/yoast.com\/wordpress\/plugins\/seo\/ -->\n<title>La vicegobernadora Ver\u00f3nica Magario, junto a senadoras y senadores, en contacto permanente con las acciones del gobierno de la provincia en el marco de la pandemia - Infoecos<\/title>\n<meta name=\"robots\" content=\"index, follow, max-snippet:-1, max-image-preview:large, max-video-preview:-1\" \/>\n<link rel=\"canonical\" href=\"https:\/\/infoecos.com.ar\/index.php\/la-vicegobernadora-veronica-magario-junto-a-senadoras-y-senadores-en-contacto-permanente-con-las-acciones-del-gobierno-de-la-provincia-en-el-marco-de-la-pandemia\/\" \/>\n<meta property=\"og:locale\" content=\"es_ES\" \/>\n<meta property=\"og:type\" content=\"article\" \/>\n<meta property=\"og:title\" content=\"La vicegobernadora Ver\u00f3nica Magario, junto a senadoras y senadores, en contacto permanente con las acciones del gobierno de la provincia en el marco de la pandemia - Infoecos\" \/>\n<meta property=\"og:description\" content=\"La vicegobernadora bonaerense, Ver\u00f3nica Magario, acompa\u00f1ada por senadoras y senadores y con otros legisladores v\u00eda...\" \/>\n<meta property=\"og:url\" content=\"https:\/\/infoecos.com.ar\/index.php\/la-vicegobernadora-veronica-magario-junto-a-senadoras-y-senadores-en-contacto-permanente-con-las-acciones-del-gobierno-de-la-provincia-en-el-marco-de-la-pandemia\/\" \/>\n<meta property=\"og:site_name\" content=\"Infoecos\" \/>\n<meta property=\"article:publisher\" content=\"https:\/\/www.facebook.com\/profile.php?id=100063200290284\" \/>\n<meta property=\"article:published_time\" content=\"2020-04-24T06:16:52+00:00\" \/>\n<meta property=\"article:modified_time\" content=\"2020-04-27T05:45:07+00:00\" \/>\n<meta property=\"og:image\" content=\"https:\/\/infoecos.com.ar\/wp-content\/uploads\/MAG1.jpg\" \/>\n\t<meta property=\"og:image:width\" content=\"1280\" \/>\n\t<meta property=\"og:image:height\" content=\"853\" \/>\n\t<meta property=\"og:image:type\" content=\"image\/jpeg\" \/>\n<meta name=\"author\" content=\"Jorge Matheus\" \/>\n<meta name=\"twitter:card\" content=\"summary_large_image\" \/>\n<meta name=\"twitter:creator\" content=\"@infoecos\" \/>\n<meta name=\"twitter:site\" content=\"@infoecos\" \/>\n<meta name=\"twitter:label1\" content=\"Escrito por\" \/>\n\t<meta name=\"twitter:data1\" content=\"Jorge Matheus\" \/>\n\t<meta name=\"twitter:label2\" content=\"Tiempo de lectura\" \/>\n\t<meta name=\"twitter:data2\" content=\"1 minuto\" \/>\n<script type=\"application\/ld+json\" class=\"yoast-schema-graph\">{\"@context\":\"https:\/\/schema.org\",\"@graph\":[{\"@type\":\"Article\",\"@id\":\"https:\/\/infoecos.com.ar\/index.php\/la-vicegobernadora-veronica-magario-junto-a-senadoras-y-senadores-en-contacto-permanente-con-las-acciones-del-gobierno-de-la-provincia-en-el-marco-de-la-pandemia\/#article\",\"isPartOf\":{\"@id\":\"https:\/\/infoecos.com.ar\/index.php\/la-vicegobernadora-veronica-magario-junto-a-senadoras-y-senadores-en-contacto-permanente-con-las-acciones-del-gobierno-de-la-provincia-en-el-marco-de-la-pandemia\/\"},\"author\":{\"name\":\"Jorge Matheus\",\"@id\":\"https:\/\/infoecos.com.ar\/#\/schema\/person\/8f5ace5ce73b4b4aac4b7245aee6f191\"},\"headline\":\"La vicegobernadora Ver\u00f3nica Magario, junto a senadoras y senadores, en contacto permanente con las acciones del gobierno de la provincia en el marco de la pandemia\",\"datePublished\":\"2020-04-24T06:16:52+00:00\",\"dateModified\":\"2020-04-27T05:45:07+00:00\",\"mainEntityOfPage\":{\"@id\":\"https:\/\/infoecos.com.ar\/index.php\/la-vicegobernadora-veronica-magario-junto-a-senadoras-y-senadores-en-contacto-permanente-con-las-acciones-del-gobierno-de-la-provincia-en-el-marco-de-la-pandemia\/\"},\"wordCount\":239,\"publisher\":{\"@id\":\"https:\/\/infoecos.com.ar\/#organization\"},\"image\":{\"@id\":\"https:\/\/infoecos.com.ar\/index.php\/la-vicegobernadora-veronica-magario-junto-a-senadoras-y-senadores-en-contacto-permanente-con-las-acciones-del-gobierno-de-la-provincia-en-el-marco-de-la-pandemia\/#primaryimage\"},\"thumbnailUrl\":\"https:\/\/infoecos.com.ar\/wp-content\/uploads\/MAG1.jpg\",\"keywords\":[\"CORONAVIRUS\"],\"articleSection\":[\"Bloque inferior - 12\"],\"inLanguage\":\"es\"},{\"@type\":\"WebPage\",\"@id\":\"https:\/\/infoecos.com.ar\/index.php\/la-vicegobernadora-veronica-magario-junto-a-senadoras-y-senadores-en-contacto-permanente-con-las-acciones-del-gobierno-de-la-provincia-en-el-marco-de-la-pandemia\/\",\"url\":\"https:\/\/infoecos.com.ar\/index.php\/la-vicegobernadora-veronica-magario-junto-a-senadoras-y-senadores-en-contacto-permanente-con-las-acciones-del-gobierno-de-la-provincia-en-el-marco-de-la-pandemia\/\",\"name\":\"La vicegobernadora Ver\u00f3nica Magario, junto a senadoras y senadores, en contacto permanente con las acciones del gobierno de la provincia en el marco de la pandemia - Infoecos\",\"isPartOf\":{\"@id\":\"https:\/\/infoecos.com.ar\/#website\"},\"primaryImageOfPage\":{\"@id\":\"https:\/\/infoecos.com.ar\/index.php\/la-vicegobernadora-veronica-magario-junto-a-senadoras-y-senadores-en-contacto-permanente-con-las-acciones-del-gobierno-de-la-provincia-en-el-marco-de-la-pandemia\/#primaryimage\"},\"image\":{\"@id\":\"https:\/\/infoecos.com.ar\/index.php\/la-vicegobernadora-veronica-magario-junto-a-senadoras-y-senadores-en-contacto-permanente-con-las-acciones-del-gobierno-de-la-provincia-en-el-marco-de-la-pandemia\/#primaryimage\"},\"thumbnailUrl\":\"https:\/\/infoecos.com.ar\/wp-content\/uploads\/MAG1.jpg\",\"datePublished\":\"2020-04-24T06:16:52+00:00\",\"dateModified\":\"2020-04-27T05:45:07+00:00\",\"breadcrumb\":{\"@id\":\"https:\/\/infoecos.com.ar\/index.php\/la-vicegobernadora-veronica-magario-junto-a-senadoras-y-senadores-en-contacto-permanente-con-las-acciones-del-gobierno-de-la-provincia-en-el-marco-de-la-pandemia\/#breadcrumb\"},\"inLanguage\":\"es\",\"potentialAction\":[{\"@type\":\"ReadAction\",\"target\":[\"https:\/\/infoecos.com.ar\/index.php\/la-vicegobernadora-veronica-magario-junto-a-senadoras-y-senadores-en-contacto-permanente-con-las-acciones-del-gobierno-de-la-provincia-en-el-marco-de-la-pandemia\/\"]}]},{\"@type\":\"ImageObject\",\"inLanguage\":\"es\",\"@id\":\"https:\/\/infoecos.com.ar\/index.php\/la-vicegobernadora-veronica-magario-junto-a-senadoras-y-senadores-en-contacto-permanente-con-las-acciones-del-gobierno-de-la-provincia-en-el-marco-de-la-pandemia\/#primaryimage\",\"url\":\"https:\/\/infoecos.com.ar\/wp-content\/uploads\/MAG1.jpg\",\"contentUrl\":\"https:\/\/infoecos.com.ar\/wp-content\/uploads\/MAG1.jpg\",\"width\":1280,\"height\":853},{\"@type\":\"BreadcrumbList\",\"@id\":\"https:\/\/infoecos.com.ar\/index.php\/la-vicegobernadora-veronica-magario-junto-a-senadoras-y-senadores-en-contacto-permanente-con-las-acciones-del-gobierno-de-la-provincia-en-el-marco-de-la-pandemia\/#breadcrumb\",\"itemListElement\":[{\"@type\":\"ListItem\",\"position\":1,\"name\":\"Portada\",\"item\":\"https:\/\/infoecos.com.ar\/\"},{\"@type\":\"ListItem\",\"position\":2,\"name\":\"La vicegobernadora Ver\u00f3nica Magario, junto a senadoras y senadores, en contacto permanente con las acciones del gobierno de la provincia en el marco de la pandemia\"}]},{\"@type\":\"WebSite\",\"@id\":\"https:\/\/infoecos.com.ar\/#website\",\"url\":\"https:\/\/infoecos.com.ar\/\",\"name\":\"Infoecos\",\"description\":\"Noticias de trenque lauquen y la zona\",\"publisher\":{\"@id\":\"https:\/\/infoecos.com.ar\/#organization\"},\"alternateName\":\"Noticias\",\"potentialAction\":[{\"@type\":\"SearchAction\",\"target\":{\"@type\":\"EntryPoint\",\"urlTemplate\":\"https:\/\/infoecos.com.ar\/?s={search_term_string}\"},\"query-input\":{\"@type\":\"PropertyValueSpecification\",\"valueRequired\":true,\"valueName\":\"search_term_string\"}}],\"inLanguage\":\"es\"},{\"@type\":\"Organization\",\"@id\":\"https:\/\/infoecos.com.ar\/#organization\",\"name\":\"Infoecos\",\"alternateName\":\"Noticias\",\"url\":\"https:\/\/infoecos.com.ar\/\",\"logo\":{\"@type\":\"ImageObject\",\"inLanguage\":\"es\",\"@id\":\"https:\/\/infoecos.com.ar\/#\/schema\/logo\/image\/\",\"url\":\"https:\/\/infoecos.com.ar\/wp-content\/uploads\/2024\/03\/cropped-logo.png\",\"contentUrl\":\"https:\/\/infoecos.com.ar\/wp-content\/uploads\/2024\/03\/cropped-logo.png\",\"width\":374,\"height\":90,\"caption\":\"Infoecos\"},\"image\":{\"@id\":\"https:\/\/infoecos.com.ar\/#\/schema\/logo\/image\/\"},\"sameAs\":[\"https:\/\/www.facebook.com\/profile.php?id=100063200290284\",\"https:\/\/x.com\/infoecos\"]},{\"@type\":\"Person\",\"@id\":\"https:\/\/infoecos.com.ar\/#\/schema\/person\/8f5ace5ce73b4b4aac4b7245aee6f191\",\"name\":\"Jorge Matheus\",\"url\":\"https:\/\/infoecos.com.ar\/index.php\/author\/jomatheus\/\"}]}<\/script>\n<!-- \/ Yoast SEO plugin. -->","yoast_head_json":{"title":"La vicegobernadora Ver\u00f3nica Magario, junto a senadoras y senadores, en contacto permanente con las acciones del gobierno de la provincia en el marco de la pandemia - Infoecos","robots":{"index":"index","follow":"follow","max-snippet":"max-snippet:-1","max-image-preview":"max-image-preview:large","max-video-preview":"max-video-preview:-1"},"canonical":"https:\/\/infoecos.com.ar\/index.php\/la-vicegobernadora-veronica-magario-junto-a-senadoras-y-senadores-en-contacto-permanente-con-las-acciones-del-gobierno-de-la-provincia-en-el-marco-de-la-pandemia\/","og_locale":"es_ES","og_type":"article","og_title":"La vicegobernadora Ver\u00f3nica Magario, junto a senadoras y senadores, en contacto permanente con las acciones del gobierno de la provincia en el marco de la pandemia - Infoecos","og_description":"La vicegobernadora bonaerense, Ver\u00f3nica Magario, acompa\u00f1ada por senadoras y senadores y con otros legisladores v\u00eda...","og_url":"https:\/\/infoecos.com.ar\/index.php\/la-vicegobernadora-veronica-magario-junto-a-senadoras-y-senadores-en-contacto-permanente-con-las-acciones-del-gobierno-de-la-provincia-en-el-marco-de-la-pandemia\/","og_site_name":"Infoecos","article_publisher":"https:\/\/www.facebook.com\/profile.php?id=100063200290284","article_published_time":"2020-04-24T06:16:52+00:00","article_modified_time":"2020-04-27T05:45:07+00:00","og_image":[{"width":1280,"height":853,"url":"https:\/\/infoecos.com.ar\/wp-content\/uploads\/MAG1.jpg","type":"image\/jpeg"}],"author":"Jorge Matheus","twitter_card":"summary_large_image","twitter_creator":"@infoecos","twitter_site":"@infoecos","twitter_misc":{"Escrito por":"Jorge Matheus","Tiempo de lectura":"1 minuto"},"schema":{"@context":"https:\/\/schema.org","@graph":[{"@type":"Article","@id":"https:\/\/infoecos.com.ar\/index.php\/la-vicegobernadora-veronica-magario-junto-a-senadoras-y-senadores-en-contacto-permanente-con-las-acciones-del-gobierno-de-la-provincia-en-el-marco-de-la-pandemia\/#article","isPartOf":{"@id":"https:\/\/infoecos.com.ar\/index.php\/la-vicegobernadora-veronica-magario-junto-a-senadoras-y-senadores-en-contacto-permanente-con-las-acciones-del-gobierno-de-la-provincia-en-el-marco-de-la-pandemia\/"},"author":{"name":"Jorge Matheus","@id":"https:\/\/infoecos.com.ar\/#\/schema\/person\/8f5ace5ce73b4b4aac4b7245aee6f191"},"headline":"La vicegobernadora Ver\u00f3nica Magario, junto a senadoras y senadores, en contacto permanente con las acciones del gobierno de la provincia en el marco de la pandemia","datePublished":"2020-04-24T06:16:52+00:00","dateModified":"2020-04-27T05:45:07+00:00","mainEntityOfPage":{"@id":"https:\/\/infoecos.com.ar\/index.php\/la-vicegobernadora-veronica-magario-junto-a-senadoras-y-senadores-en-contacto-permanente-con-las-acciones-del-gobierno-de-la-provincia-en-el-marco-de-la-pandemia\/"},"wordCount":239,"publisher":{"@id":"https:\/\/infoecos.com.ar\/#organization"},"image":{"@id":"https:\/\/infoecos.com.ar\/index.php\/la-vicegobernadora-veronica-magario-junto-a-senadoras-y-senadores-en-contacto-permanente-con-las-acciones-del-gobierno-de-la-provincia-en-el-marco-de-la-pandemia\/#primaryimage"},"thumbnailUrl":"https:\/\/infoecos.com.ar\/wp-content\/uploads\/MAG1.jpg","keywords":["CORONAVIRUS"],"articleSection":["Bloque inferior - 12"],"inLanguage":"es"},{"@type":"WebPage","@id":"https:\/\/infoecos.com.ar\/index.php\/la-vicegobernadora-veronica-magario-junto-a-senadoras-y-senadores-en-contacto-permanente-con-las-acciones-del-gobierno-de-la-provincia-en-el-marco-de-la-pandemia\/","url":"https:\/\/infoecos.com.ar\/index.php\/la-vicegobernadora-veronica-magario-junto-a-senadoras-y-senadores-en-contacto-permanente-con-las-acciones-del-gobierno-de-la-provincia-en-el-marco-de-la-pandemia\/","name":"La vicegobernadora Ver\u00f3nica Magario, junto a senadoras y senadores, en contacto permanente con las acciones del gobierno de la provincia en el marco de la pandemia - Infoecos","isPartOf":{"@id":"https:\/\/infoecos.com.ar\/#website"},"primaryImageOfPage":{"@id":"https:\/\/infoecos.com.ar\/index.php\/la-vicegobernadora-veronica-magario-junto-a-senadoras-y-senadores-en-contacto-permanente-con-las-acciones-del-gobierno-de-la-provincia-en-el-marco-de-la-pandemia\/#primaryimage"},"image":{"@id":"https:\/\/infoecos.com.ar\/index.php\/la-vicegobernadora-veronica-magario-junto-a-senadoras-y-senadores-en-contacto-permanente-con-las-acciones-del-gobierno-de-la-provincia-en-el-marco-de-la-pandemia\/#primaryimage"},"thumbnailUrl":"https:\/\/infoecos.com.ar\/wp-content\/uploads\/MAG1.jpg","datePublished":"2020-04-24T06:16:52+00:00","dateModified":"2020-04-27T05:45:07+00:00","breadcrumb":{"@id":"https:\/\/infoecos.com.ar\/index.php\/la-vicegobernadora-veronica-magario-junto-a-senadoras-y-senadores-en-contacto-permanente-con-las-acciones-del-gobierno-de-la-provincia-en-el-marco-de-la-pandemia\/#breadcrumb"},"inLanguage":"es","potentialAction":[{"@type":"ReadAction","target":["https:\/\/infoecos.com.ar\/index.php\/la-vicegobernadora-veronica-magario-junto-a-senadoras-y-senadores-en-contacto-permanente-con-las-acciones-del-gobierno-de-la-provincia-en-el-marco-de-la-pandemia\/"]}]},{"@type":"ImageObject","inLanguage":"es","@id":"https:\/\/infoecos.com.ar\/index.php\/la-vicegobernadora-veronica-magario-junto-a-senadoras-y-senadores-en-contacto-permanente-con-las-acciones-del-gobierno-de-la-provincia-en-el-marco-de-la-pandemia\/#primaryimage","url":"https:\/\/infoecos.com.ar\/wp-content\/uploads\/MAG1.jpg","contentUrl":"https:\/\/infoecos.com.ar\/wp-content\/uploads\/MAG1.jpg","width":1280,"height":853},{"@type":"BreadcrumbList","@id":"https:\/\/infoecos.com.ar\/index.php\/la-vicegobernadora-veronica-magario-junto-a-senadoras-y-senadores-en-contacto-permanente-con-las-acciones-del-gobierno-de-la-provincia-en-el-marco-de-la-pandemia\/#breadcrumb","itemListElement":[{"@type":"ListItem","position":1,"name":"Portada","item":"https:\/\/infoecos.com.ar\/"},{"@type":"ListItem","position":2,"name":"La vicegobernadora Ver\u00f3nica Magario, junto a senadoras y senadores, en contacto permanente con las acciones del gobierno de la provincia en el marco de la pandemia"}]},{"@type":"WebSite","@id":"https:\/\/infoecos.com.ar\/#website","url":"https:\/\/infoecos.com.ar\/","name":"Infoecos","description":"Noticias de trenque lauquen y la zona","publisher":{"@id":"https:\/\/infoecos.com.ar\/#organization"},"alternateName":"Noticias","potentialAction":[{"@type":"SearchAction","target":{"@type":"EntryPoint","urlTemplate":"https:\/\/infoecos.com.ar\/?s={search_term_string}"},"query-input":{"@type":"PropertyValueSpecification","valueRequired":true,"valueName":"search_term_string"}}],"inLanguage":"es"},{"@type":"Organization","@id":"https:\/\/infoecos.com.ar\/#organization","name":"Infoecos","alternateName":"Noticias","url":"https:\/\/infoecos.com.ar\/","logo":{"@type":"ImageObject","inLanguage":"es","@id":"https:\/\/infoecos.com.ar\/#\/schema\/logo\/image\/","url":"https:\/\/infoecos.com.ar\/wp-content\/uploads\/2024\/03\/cropped-logo.png","contentUrl":"https:\/\/infoecos.com.ar\/wp-content\/uploads\/2024\/03\/cropped-logo.png","width":374,"height":90,"caption":"Infoecos"},"image":{"@id":"https:\/\/infoecos.com.ar\/#\/schema\/logo\/image\/"},"sameAs":["https:\/\/www.facebook.com\/profile.php?id=100063200290284","https:\/\/x.com\/infoecos"]},{"@type":"Person","@id":"https:\/\/infoecos.com.ar\/#\/schema\/person\/8f5ace5ce73b4b4aac4b7245aee6f191","name":"Jorge Matheus","url":"https:\/\/infoecos.com.ar\/index.php\/author\/jomatheus\/"}]}},"featured_image_urls":{"full":["https:\/\/infoecos.com.ar\/wp-content\/uploads\/MAG1.jpg",1280,853,false],"thumbnail":["https:\/\/infoecos.com.ar\/wp-content\/uploads\/MAG1-150x150.jpg",150,150,true],"medium":["https:\/\/infoecos.com.ar\/wp-content\/uploads\/MAG1-460x307.jpg",460,307,true],"medium_large":["https:\/\/infoecos.com.ar\/wp-content\/uploads\/MAG1-768x512.jpg",640,427,true],"large":["https:\/\/infoecos.com.ar\/wp-content\/uploads\/MAG1-920x613.jpg",640,426,true],"1536x1536":["https:\/\/infoecos.com.ar\/wp-content\/uploads\/MAG1.jpg",1280,853,false],"2048x2048":["https:\/\/infoecos.com.ar\/wp-content\/uploads\/MAG1.jpg",1280,853,false],"covernews-slider-full":["https:\/\/infoecos.com.ar\/wp-content\/uploads\/MAG1.jpg",1073,715,false],"covernews-slider-center":["https:\/\/infoecos.com.ar\/wp-content\/uploads\/MAG1-936x853.jpg",549,500,true],"covernews-featured":["https:\/\/infoecos.com.ar\/wp-content\/uploads\/MAG1-1024x682.jpg",1024,682,true],"covernews-medium":["https:\/\/infoecos.com.ar\/wp-content\/uploads\/MAG1-720x380.jpg",540,285,true],"covernews-medium-square":["https:\/\/infoecos.com.ar\/wp-content\/uploads\/MAG1-675x450.jpg",375,250,true]},"author_info":{"info":["Jorge Matheus"]},"category_info":"<a href=\"https:\/\/infoecos.com.ar\/index.php\/category\/inferior12\/\" rel=\"category tag\">Bloque inferior - 12<\/a>","tag_info":"Bloque inferior - 12","comment_count":"0","_links":{"self":[{"href":"https:\/\/infoecos.com.ar\/index.php\/wp-json\/wp\/v2\/posts\/61244"}],"collection":[{"href":"https:\/\/infoecos.com.ar\/index.php\/wp-json\/wp\/v2\/posts"}],"about":[{"href":"https:\/\/infoecos.com.ar\/index.php\/wp-json\/wp\/v2\/types\/post"}],"author":[{"embeddable":true,"href":"https:\/\/infoecos.com.ar\/index.php\/wp-json\/wp\/v2\/users\/2"}],"replies":[{"embeddable":true,"href":"https:\/\/infoecos.com.ar\/index.php\/wp-json\/wp\/v2\/comments?post=61244"}],"version-history":[{"count":1,"href":"https:\/\/infoecos.com.ar\/index.php\/wp-json\/wp\/v2\/posts\/61244\/revisions"}],"predecessor-version":[{"id":61247,"href":"https:\/\/infoecos.com.ar\/index.php\/wp-json\/wp\/v2\/posts\/61244\/revisions\/61247"}],"wp:featuredmedia":[{"embeddable":true,"href":"https:\/\/infoecos.com.ar\/index.php\/wp-json\/wp\/v2\/media\/61246"}],"wp:attachment":[{"href":"https:\/\/infoecos.com.ar\/index.php\/wp-json\/wp\/v2\/media?parent=61244"}],"wp:term":[{"taxonomy":"category","embeddable":true,"href":"https:\/\/infoecos.com.ar\/index.php\/wp-json\/wp\/v2\/categories?post=61244"},{"taxonomy":"post_tag","embeddable":true,"href":"https:\/\/infoecos.com.ar\/index.php\/wp-json\/wp\/v2\/tags?post=61244"}],"curies":[{"name":"wp","href":"https:\/\/api.w.org\/{rel}","templated":true}]}}