{"id":61275,"date":"2020-04-24T22:18:01","date_gmt":"2020-04-25T01:18:01","guid":{"rendered":"http:\/\/infoecos.com.ar\/?p=61275"},"modified":"2020-04-27T02:42:13","modified_gmt":"2020-04-27T05:42:13","slug":"uno-de-los-periodistas-mas-cuestionados-de-la-radio-y-television-argentina-recibio-una-respuesta-al-estilo-pablo-zurro-intendente-de-pehuajo","status":"publish","type":"post","link":"https:\/\/infoecos.com.ar\/index.php\/uno-de-los-periodistas-mas-cuestionados-de-la-radio-y-television-argentina-recibio-una-respuesta-al-estilo-pablo-zurro-intendente-de-pehuajo\/","title":{"rendered":"Uno de los periodistas m\u00e1s cuestionados de la radio y televisi\u00f3n Argentina recibi\u00f3 una respuesta al \u00abestilo\u00bb Pablo Zurro, intendente de Pehuaj\u00f3"},"content":{"rendered":"\n<p>El intendente de Pehuaj\u00f3, Pablo Zurro cuestion\u00f3 en severos t\u00e9rminos,  al aire, a Eduardo Feinmann en medio de una nota, cuando el periodista se refiri\u00f3 a Cristina Kirchner a qui\u00e9n calific\u00f3 como la \u00abJefe de una Asociaci\u00f3n Il\u00edcita\u00bb. <\/p>\n\n\n\n<p>Feinmann falt\u00f3 a la verdad al decir que los m\u00e9dicos cubanos que pide el Jefe Comunal, no lo eran y que vendr\u00edan a la Argentina a hacer otra cosa que atender pacientes.<\/p>\n\n\n\n<p>Zurro, antes de defender el pedido que realiz\u00f3 al gobernador de la provincia y a su ministro de salud, le record\u00f3 al periodista que \u00e9l hab\u00eda defendido el aumento de la pobreza durante la gesti\u00f3n de Macri, a la par de calificarlo de \u00abgorila\u00bb. De ah\u00ed en m\u00e1s el di\u00e1logo no pudo encarrilarse. El intendente intent\u00f3 hacerle entender que en su distrito faltan m\u00e9dicos en las localidades del distrito, pese a las convocatorias que ha venido realizando. El controvertido periodista volvi\u00f3 a insistir en cuestiones jur\u00eddicas que involucran a la vicepresidenta y a Goll\u00e1n (ministro de Salud). <\/p>\n\n\n\n<p>Por lo anterior, el pehuajense resolvi\u00f3 poner fin al di\u00e1logo con una expresi\u00f3n de alto voltaje:  \u201cUsted es un irrespetuoso, la jefa de banda no,<strong>&nbsp;<\/strong>a<strong>ndate a la concha de tu hermana, Feinmann\u201d.&nbsp;<\/strong> <\/p>\n\n\n\n<div class=\"wp-block-image\"><figure class=\"aligncenter size-large\"><img loading=\"lazy\" decoding=\"async\" width=\"780\" height=\"470\" src=\"http:\/\/infoecos.com.ar\/wp-content\/uploads\/zurro-feinmann.jpg\" alt=\"\" class=\"wp-image-61276\" srcset=\"https:\/\/infoecos.com.ar\/wp-content\/uploads\/zurro-feinmann.jpg 780w, https:\/\/infoecos.com.ar\/wp-content\/uploads\/zurro-feinmann-460x277.jpg 460w, https:\/\/infoecos.com.ar\/wp-content\/uploads\/zurro-feinmann-768x463.jpg 768w\" sizes=\"(max-width: 780px) 100vw, 780px\" \/><\/figure><\/div>\n\n\n\n<figure class=\"wp-block-embed-youtube wp-block-embed is-type-video is-provider-youtube wp-embed-aspect-4-3 wp-has-aspect-ratio\"><div class=\"wp-block-embed__wrapper\">\nhttps:\/\/www.youtube.com\/watch?v=_iNdMUCdgWQ\n<\/div><\/figure>\n\n\n\n<p><\/p>\n","protected":false},"excerpt":{"rendered":"<p>El intendente de Pehuaj\u00f3, Pablo Zurro cuestion\u00f3 en severos t\u00e9rminos, al aire, a Eduardo Feinmann&#8230;<\/p>\n","protected":false},"author":2,"featured_media":61276,"comment_status":"closed","ping_status":"open","sticky":false,"template":"","format":"standard","meta":{"footnotes":""},"categories":[1327,201],"tags":[16],"class_list":["post-61275","post","type-post","status-publish","format-standard","has-post-thumbnail","hentry","category-audio","category-inferior9","tag-pehuajo"],"yoast_head":"<!-- This site is optimized with the Yoast SEO plugin v23.4 - https:\/\/yoast.com\/wordpress\/plugins\/seo\/ -->\n<title>Uno de los periodistas m\u00e1s cuestionados de la radio y televisi\u00f3n Argentina recibi\u00f3 una respuesta al &quot;estilo&quot; Pablo Zurro, intendente de Pehuaj\u00f3 - Infoecos<\/title>\n<meta name=\"robots\" content=\"index, follow, max-snippet:-1, max-image-preview:large, max-video-preview:-1\" \/>\n<link rel=\"canonical\" href=\"https:\/\/infoecos.com.ar\/index.php\/uno-de-los-periodistas-mas-cuestionados-de-la-radio-y-television-argentina-recibio-una-respuesta-al-estilo-pablo-zurro-intendente-de-pehuajo\/\" \/>\n<meta property=\"og:locale\" content=\"es_ES\" \/>\n<meta property=\"og:type\" content=\"article\" \/>\n<meta property=\"og:title\" content=\"Uno de los periodistas m\u00e1s cuestionados de la radio y televisi\u00f3n Argentina recibi\u00f3 una respuesta al &quot;estilo&quot; Pablo Zurro, intendente de Pehuaj\u00f3 - Infoecos\" \/>\n<meta property=\"og:description\" content=\"El intendente de Pehuaj\u00f3, Pablo Zurro cuestion\u00f3 en severos t\u00e9rminos, al aire, a Eduardo Feinmann...\" \/>\n<meta property=\"og:url\" content=\"https:\/\/infoecos.com.ar\/index.php\/uno-de-los-periodistas-mas-cuestionados-de-la-radio-y-television-argentina-recibio-una-respuesta-al-estilo-pablo-zurro-intendente-de-pehuajo\/\" \/>\n<meta property=\"og:site_name\" content=\"Infoecos\" \/>\n<meta property=\"article:publisher\" content=\"https:\/\/www.facebook.com\/profile.php?id=100063200290284\" \/>\n<meta property=\"article:published_time\" content=\"2020-04-25T01:18:01+00:00\" \/>\n<meta property=\"article:modified_time\" content=\"2020-04-27T05:42:13+00:00\" \/>\n<meta property=\"og:image\" content=\"https:\/\/infoecos.com.ar\/wp-content\/uploads\/zurro-feinmann.jpg\" \/>\n\t<meta property=\"og:image:width\" content=\"780\" \/>\n\t<meta property=\"og:image:height\" content=\"470\" \/>\n\t<meta property=\"og:image:type\" content=\"image\/jpeg\" \/>\n<meta name=\"author\" content=\"Jorge Matheus\" \/>\n<meta name=\"twitter:card\" content=\"summary_large_image\" \/>\n<meta name=\"twitter:creator\" content=\"@infoecos\" \/>\n<meta name=\"twitter:site\" content=\"@infoecos\" \/>\n<meta name=\"twitter:label1\" content=\"Escrito por\" \/>\n\t<meta name=\"twitter:data1\" content=\"Jorge Matheus\" \/>\n\t<meta name=\"twitter:label2\" content=\"Tiempo de lectura\" \/>\n\t<meta name=\"twitter:data2\" content=\"1 minuto\" \/>\n<script type=\"application\/ld+json\" class=\"yoast-schema-graph\">{\"@context\":\"https:\/\/schema.org\",\"@graph\":[{\"@type\":\"Article\",\"@id\":\"https:\/\/infoecos.com.ar\/index.php\/uno-de-los-periodistas-mas-cuestionados-de-la-radio-y-television-argentina-recibio-una-respuesta-al-estilo-pablo-zurro-intendente-de-pehuajo\/#article\",\"isPartOf\":{\"@id\":\"https:\/\/infoecos.com.ar\/index.php\/uno-de-los-periodistas-mas-cuestionados-de-la-radio-y-television-argentina-recibio-una-respuesta-al-estilo-pablo-zurro-intendente-de-pehuajo\/\"},\"author\":{\"name\":\"Jorge Matheus\",\"@id\":\"https:\/\/infoecos.com.ar\/#\/schema\/person\/8f5ace5ce73b4b4aac4b7245aee6f191\"},\"headline\":\"Uno de los periodistas m\u00e1s cuestionados de la radio y televisi\u00f3n Argentina recibi\u00f3 una respuesta al \u00abestilo\u00bb Pablo Zurro, intendente de Pehuaj\u00f3\",\"datePublished\":\"2020-04-25T01:18:01+00:00\",\"dateModified\":\"2020-04-27T05:42:13+00:00\",\"mainEntityOfPage\":{\"@id\":\"https:\/\/infoecos.com.ar\/index.php\/uno-de-los-periodistas-mas-cuestionados-de-la-radio-y-television-argentina-recibio-una-respuesta-al-estilo-pablo-zurro-intendente-de-pehuajo\/\"},\"wordCount\":248,\"publisher\":{\"@id\":\"https:\/\/infoecos.com.ar\/#organization\"},\"image\":{\"@id\":\"https:\/\/infoecos.com.ar\/index.php\/uno-de-los-periodistas-mas-cuestionados-de-la-radio-y-television-argentina-recibio-una-respuesta-al-estilo-pablo-zurro-intendente-de-pehuajo\/#primaryimage\"},\"thumbnailUrl\":\"https:\/\/infoecos.com.ar\/wp-content\/uploads\/zurro-feinmann.jpg\",\"keywords\":[\"Pehuaj\u00f3\"],\"articleSection\":[\"Audio\",\"Bloque inferior - 9\"],\"inLanguage\":\"es\"},{\"@type\":\"WebPage\",\"@id\":\"https:\/\/infoecos.com.ar\/index.php\/uno-de-los-periodistas-mas-cuestionados-de-la-radio-y-television-argentina-recibio-una-respuesta-al-estilo-pablo-zurro-intendente-de-pehuajo\/\",\"url\":\"https:\/\/infoecos.com.ar\/index.php\/uno-de-los-periodistas-mas-cuestionados-de-la-radio-y-television-argentina-recibio-una-respuesta-al-estilo-pablo-zurro-intendente-de-pehuajo\/\",\"name\":\"Uno de los periodistas m\u00e1s cuestionados de la radio y televisi\u00f3n Argentina recibi\u00f3 una respuesta al \\\"estilo\\\" Pablo Zurro, intendente de Pehuaj\u00f3 - Infoecos\",\"isPartOf\":{\"@id\":\"https:\/\/infoecos.com.ar\/#website\"},\"primaryImageOfPage\":{\"@id\":\"https:\/\/infoecos.com.ar\/index.php\/uno-de-los-periodistas-mas-cuestionados-de-la-radio-y-television-argentina-recibio-una-respuesta-al-estilo-pablo-zurro-intendente-de-pehuajo\/#primaryimage\"},\"image\":{\"@id\":\"https:\/\/infoecos.com.ar\/index.php\/uno-de-los-periodistas-mas-cuestionados-de-la-radio-y-television-argentina-recibio-una-respuesta-al-estilo-pablo-zurro-intendente-de-pehuajo\/#primaryimage\"},\"thumbnailUrl\":\"https:\/\/infoecos.com.ar\/wp-content\/uploads\/zurro-feinmann.jpg\",\"datePublished\":\"2020-04-25T01:18:01+00:00\",\"dateModified\":\"2020-04-27T05:42:13+00:00\",\"breadcrumb\":{\"@id\":\"https:\/\/infoecos.com.ar\/index.php\/uno-de-los-periodistas-mas-cuestionados-de-la-radio-y-television-argentina-recibio-una-respuesta-al-estilo-pablo-zurro-intendente-de-pehuajo\/#breadcrumb\"},\"inLanguage\":\"es\",\"potentialAction\":[{\"@type\":\"ReadAction\",\"target\":[\"https:\/\/infoecos.com.ar\/index.php\/uno-de-los-periodistas-mas-cuestionados-de-la-radio-y-television-argentina-recibio-una-respuesta-al-estilo-pablo-zurro-intendente-de-pehuajo\/\"]}]},{\"@type\":\"ImageObject\",\"inLanguage\":\"es\",\"@id\":\"https:\/\/infoecos.com.ar\/index.php\/uno-de-los-periodistas-mas-cuestionados-de-la-radio-y-television-argentina-recibio-una-respuesta-al-estilo-pablo-zurro-intendente-de-pehuajo\/#primaryimage\",\"url\":\"https:\/\/infoecos.com.ar\/wp-content\/uploads\/zurro-feinmann.jpg\",\"contentUrl\":\"https:\/\/infoecos.com.ar\/wp-content\/uploads\/zurro-feinmann.jpg\",\"width\":780,\"height\":470,\"caption\":\"Zurro - Feinmann\"},{\"@type\":\"BreadcrumbList\",\"@id\":\"https:\/\/infoecos.com.ar\/index.php\/uno-de-los-periodistas-mas-cuestionados-de-la-radio-y-television-argentina-recibio-una-respuesta-al-estilo-pablo-zurro-intendente-de-pehuajo\/#breadcrumb\",\"itemListElement\":[{\"@type\":\"ListItem\",\"position\":1,\"name\":\"Portada\",\"item\":\"https:\/\/infoecos.com.ar\/\"},{\"@type\":\"ListItem\",\"position\":2,\"name\":\"Uno de los periodistas m\u00e1s cuestionados de la radio y televisi\u00f3n Argentina recibi\u00f3 una respuesta al \u00abestilo\u00bb Pablo Zurro, intendente de Pehuaj\u00f3\"}]},{\"@type\":\"WebSite\",\"@id\":\"https:\/\/infoecos.com.ar\/#website\",\"url\":\"https:\/\/infoecos.com.ar\/\",\"name\":\"Infoecos\",\"description\":\"Noticias de trenque lauquen y la zona\",\"publisher\":{\"@id\":\"https:\/\/infoecos.com.ar\/#organization\"},\"alternateName\":\"Noticias\",\"potentialAction\":[{\"@type\":\"SearchAction\",\"target\":{\"@type\":\"EntryPoint\",\"urlTemplate\":\"https:\/\/infoecos.com.ar\/?s={search_term_string}\"},\"query-input\":{\"@type\":\"PropertyValueSpecification\",\"valueRequired\":true,\"valueName\":\"search_term_string\"}}],\"inLanguage\":\"es\"},{\"@type\":\"Organization\",\"@id\":\"https:\/\/infoecos.com.ar\/#organization\",\"name\":\"Infoecos\",\"alternateName\":\"Noticias\",\"url\":\"https:\/\/infoecos.com.ar\/\",\"logo\":{\"@type\":\"ImageObject\",\"inLanguage\":\"es\",\"@id\":\"https:\/\/infoecos.com.ar\/#\/schema\/logo\/image\/\",\"url\":\"https:\/\/infoecos.com.ar\/wp-content\/uploads\/2024\/03\/cropped-logo.png\",\"contentUrl\":\"https:\/\/infoecos.com.ar\/wp-content\/uploads\/2024\/03\/cropped-logo.png\",\"width\":374,\"height\":90,\"caption\":\"Infoecos\"},\"image\":{\"@id\":\"https:\/\/infoecos.com.ar\/#\/schema\/logo\/image\/\"},\"sameAs\":[\"https:\/\/www.facebook.com\/profile.php?id=100063200290284\",\"https:\/\/x.com\/infoecos\"]},{\"@type\":\"Person\",\"@id\":\"https:\/\/infoecos.com.ar\/#\/schema\/person\/8f5ace5ce73b4b4aac4b7245aee6f191\",\"name\":\"Jorge Matheus\",\"url\":\"https:\/\/infoecos.com.ar\/index.php\/author\/jomatheus\/\"}]}<\/script>\n<!-- \/ Yoast SEO plugin. -->","yoast_head_json":{"title":"Uno de los periodistas m\u00e1s cuestionados de la radio y televisi\u00f3n Argentina recibi\u00f3 una respuesta al \"estilo\" Pablo Zurro, intendente de Pehuaj\u00f3 - Infoecos","robots":{"index":"index","follow":"follow","max-snippet":"max-snippet:-1","max-image-preview":"max-image-preview:large","max-video-preview":"max-video-preview:-1"},"canonical":"https:\/\/infoecos.com.ar\/index.php\/uno-de-los-periodistas-mas-cuestionados-de-la-radio-y-television-argentina-recibio-una-respuesta-al-estilo-pablo-zurro-intendente-de-pehuajo\/","og_locale":"es_ES","og_type":"article","og_title":"Uno de los periodistas m\u00e1s cuestionados de la radio y televisi\u00f3n Argentina recibi\u00f3 una respuesta al \"estilo\" Pablo Zurro, intendente de Pehuaj\u00f3 - Infoecos","og_description":"El intendente de Pehuaj\u00f3, Pablo Zurro cuestion\u00f3 en severos t\u00e9rminos, al aire, a Eduardo Feinmann...","og_url":"https:\/\/infoecos.com.ar\/index.php\/uno-de-los-periodistas-mas-cuestionados-de-la-radio-y-television-argentina-recibio-una-respuesta-al-estilo-pablo-zurro-intendente-de-pehuajo\/","og_site_name":"Infoecos","article_publisher":"https:\/\/www.facebook.com\/profile.php?id=100063200290284","article_published_time":"2020-04-25T01:18:01+00:00","article_modified_time":"2020-04-27T05:42:13+00:00","og_image":[{"width":780,"height":470,"url":"https:\/\/infoecos.com.ar\/wp-content\/uploads\/zurro-feinmann.jpg","type":"image\/jpeg"}],"author":"Jorge Matheus","twitter_card":"summary_large_image","twitter_creator":"@infoecos","twitter_site":"@infoecos","twitter_misc":{"Escrito por":"Jorge Matheus","Tiempo de lectura":"1 minuto"},"schema":{"@context":"https:\/\/schema.org","@graph":[{"@type":"Article","@id":"https:\/\/infoecos.com.ar\/index.php\/uno-de-los-periodistas-mas-cuestionados-de-la-radio-y-television-argentina-recibio-una-respuesta-al-estilo-pablo-zurro-intendente-de-pehuajo\/#article","isPartOf":{"@id":"https:\/\/infoecos.com.ar\/index.php\/uno-de-los-periodistas-mas-cuestionados-de-la-radio-y-television-argentina-recibio-una-respuesta-al-estilo-pablo-zurro-intendente-de-pehuajo\/"},"author":{"name":"Jorge Matheus","@id":"https:\/\/infoecos.com.ar\/#\/schema\/person\/8f5ace5ce73b4b4aac4b7245aee6f191"},"headline":"Uno de los periodistas m\u00e1s cuestionados de la radio y televisi\u00f3n Argentina recibi\u00f3 una respuesta al \u00abestilo\u00bb Pablo Zurro, intendente de Pehuaj\u00f3","datePublished":"2020-04-25T01:18:01+00:00","dateModified":"2020-04-27T05:42:13+00:00","mainEntityOfPage":{"@id":"https:\/\/infoecos.com.ar\/index.php\/uno-de-los-periodistas-mas-cuestionados-de-la-radio-y-television-argentina-recibio-una-respuesta-al-estilo-pablo-zurro-intendente-de-pehuajo\/"},"wordCount":248,"publisher":{"@id":"https:\/\/infoecos.com.ar\/#organization"},"image":{"@id":"https:\/\/infoecos.com.ar\/index.php\/uno-de-los-periodistas-mas-cuestionados-de-la-radio-y-television-argentina-recibio-una-respuesta-al-estilo-pablo-zurro-intendente-de-pehuajo\/#primaryimage"},"thumbnailUrl":"https:\/\/infoecos.com.ar\/wp-content\/uploads\/zurro-feinmann.jpg","keywords":["Pehuaj\u00f3"],"articleSection":["Audio","Bloque inferior - 9"],"inLanguage":"es"},{"@type":"WebPage","@id":"https:\/\/infoecos.com.ar\/index.php\/uno-de-los-periodistas-mas-cuestionados-de-la-radio-y-television-argentina-recibio-una-respuesta-al-estilo-pablo-zurro-intendente-de-pehuajo\/","url":"https:\/\/infoecos.com.ar\/index.php\/uno-de-los-periodistas-mas-cuestionados-de-la-radio-y-television-argentina-recibio-una-respuesta-al-estilo-pablo-zurro-intendente-de-pehuajo\/","name":"Uno de los periodistas m\u00e1s cuestionados de la radio y televisi\u00f3n Argentina recibi\u00f3 una respuesta al \"estilo\" Pablo Zurro, intendente de Pehuaj\u00f3 - Infoecos","isPartOf":{"@id":"https:\/\/infoecos.com.ar\/#website"},"primaryImageOfPage":{"@id":"https:\/\/infoecos.com.ar\/index.php\/uno-de-los-periodistas-mas-cuestionados-de-la-radio-y-television-argentina-recibio-una-respuesta-al-estilo-pablo-zurro-intendente-de-pehuajo\/#primaryimage"},"image":{"@id":"https:\/\/infoecos.com.ar\/index.php\/uno-de-los-periodistas-mas-cuestionados-de-la-radio-y-television-argentina-recibio-una-respuesta-al-estilo-pablo-zurro-intendente-de-pehuajo\/#primaryimage"},"thumbnailUrl":"https:\/\/infoecos.com.ar\/wp-content\/uploads\/zurro-feinmann.jpg","datePublished":"2020-04-25T01:18:01+00:00","dateModified":"2020-04-27T05:42:13+00:00","breadcrumb":{"@id":"https:\/\/infoecos.com.ar\/index.php\/uno-de-los-periodistas-mas-cuestionados-de-la-radio-y-television-argentina-recibio-una-respuesta-al-estilo-pablo-zurro-intendente-de-pehuajo\/#breadcrumb"},"inLanguage":"es","potentialAction":[{"@type":"ReadAction","target":["https:\/\/infoecos.com.ar\/index.php\/uno-de-los-periodistas-mas-cuestionados-de-la-radio-y-television-argentina-recibio-una-respuesta-al-estilo-pablo-zurro-intendente-de-pehuajo\/"]}]},{"@type":"ImageObject","inLanguage":"es","@id":"https:\/\/infoecos.com.ar\/index.php\/uno-de-los-periodistas-mas-cuestionados-de-la-radio-y-television-argentina-recibio-una-respuesta-al-estilo-pablo-zurro-intendente-de-pehuajo\/#primaryimage","url":"https:\/\/infoecos.com.ar\/wp-content\/uploads\/zurro-feinmann.jpg","contentUrl":"https:\/\/infoecos.com.ar\/wp-content\/uploads\/zurro-feinmann.jpg","width":780,"height":470,"caption":"Zurro - Feinmann"},{"@type":"BreadcrumbList","@id":"https:\/\/infoecos.com.ar\/index.php\/uno-de-los-periodistas-mas-cuestionados-de-la-radio-y-television-argentina-recibio-una-respuesta-al-estilo-pablo-zurro-intendente-de-pehuajo\/#breadcrumb","itemListElement":[{"@type":"ListItem","position":1,"name":"Portada","item":"https:\/\/infoecos.com.ar\/"},{"@type":"ListItem","position":2,"name":"Uno de los periodistas m\u00e1s cuestionados de la radio y televisi\u00f3n Argentina recibi\u00f3 una respuesta al \u00abestilo\u00bb Pablo Zurro, intendente de Pehuaj\u00f3"}]},{"@type":"WebSite","@id":"https:\/\/infoecos.com.ar\/#website","url":"https:\/\/infoecos.com.ar\/","name":"Infoecos","description":"Noticias de trenque lauquen y la zona","publisher":{"@id":"https:\/\/infoecos.com.ar\/#organization"},"alternateName":"Noticias","potentialAction":[{"@type":"SearchAction","target":{"@type":"EntryPoint","urlTemplate":"https:\/\/infoecos.com.ar\/?s={search_term_string}"},"query-input":{"@type":"PropertyValueSpecification","valueRequired":true,"valueName":"search_term_string"}}],"inLanguage":"es"},{"@type":"Organization","@id":"https:\/\/infoecos.com.ar\/#organization","name":"Infoecos","alternateName":"Noticias","url":"https:\/\/infoecos.com.ar\/","logo":{"@type":"ImageObject","inLanguage":"es","@id":"https:\/\/infoecos.com.ar\/#\/schema\/logo\/image\/","url":"https:\/\/infoecos.com.ar\/wp-content\/uploads\/2024\/03\/cropped-logo.png","contentUrl":"https:\/\/infoecos.com.ar\/wp-content\/uploads\/2024\/03\/cropped-logo.png","width":374,"height":90,"caption":"Infoecos"},"image":{"@id":"https:\/\/infoecos.com.ar\/#\/schema\/logo\/image\/"},"sameAs":["https:\/\/www.facebook.com\/profile.php?id=100063200290284","https:\/\/x.com\/infoecos"]},{"@type":"Person","@id":"https:\/\/infoecos.com.ar\/#\/schema\/person\/8f5ace5ce73b4b4aac4b7245aee6f191","name":"Jorge Matheus","url":"https:\/\/infoecos.com.ar\/index.php\/author\/jomatheus\/"}]}},"featured_image_urls":{"full":["https:\/\/infoecos.com.ar\/wp-content\/uploads\/zurro-feinmann.jpg",780,470,false],"thumbnail":["https:\/\/infoecos.com.ar\/wp-content\/uploads\/zurro-feinmann-150x150.jpg",150,150,true],"medium":["https:\/\/infoecos.com.ar\/wp-content\/uploads\/zurro-feinmann-460x277.jpg",460,277,true],"medium_large":["https:\/\/infoecos.com.ar\/wp-content\/uploads\/zurro-feinmann-768x463.jpg",640,386,true],"large":["https:\/\/infoecos.com.ar\/wp-content\/uploads\/zurro-feinmann.jpg",640,386,false],"1536x1536":["https:\/\/infoecos.com.ar\/wp-content\/uploads\/zurro-feinmann.jpg",780,470,false],"2048x2048":["https:\/\/infoecos.com.ar\/wp-content\/uploads\/zurro-feinmann.jpg",780,470,false],"covernews-slider-full":["https:\/\/infoecos.com.ar\/wp-content\/uploads\/zurro-feinmann.jpg",780,470,false],"covernews-slider-center":["https:\/\/infoecos.com.ar\/wp-content\/uploads\/zurro-feinmann.jpg",780,470,false],"covernews-featured":["https:\/\/infoecos.com.ar\/wp-content\/uploads\/zurro-feinmann.jpg",780,470,false],"covernews-medium":["https:\/\/infoecos.com.ar\/wp-content\/uploads\/zurro-feinmann-720x380.jpg",540,285,true],"covernews-medium-square":["https:\/\/infoecos.com.ar\/wp-content\/uploads\/zurro-feinmann-675x450.jpg",375,250,true]},"author_info":{"info":["Jorge Matheus"]},"category_info":"<a href=\"https:\/\/infoecos.com.ar\/index.php\/category\/audio\/\" rel=\"category tag\">Audio<\/a> <a href=\"https:\/\/infoecos.com.ar\/index.php\/category\/inferior9\/\" rel=\"category tag\">Bloque inferior - 9<\/a>","tag_info":"Bloque inferior - 9","comment_count":"0","_links":{"self":[{"href":"https:\/\/infoecos.com.ar\/index.php\/wp-json\/wp\/v2\/posts\/61275"}],"collection":[{"href":"https:\/\/infoecos.com.ar\/index.php\/wp-json\/wp\/v2\/posts"}],"about":[{"href":"https:\/\/infoecos.com.ar\/index.php\/wp-json\/wp\/v2\/types\/post"}],"author":[{"embeddable":true,"href":"https:\/\/infoecos.com.ar\/index.php\/wp-json\/wp\/v2\/users\/2"}],"replies":[{"embeddable":true,"href":"https:\/\/infoecos.com.ar\/index.php\/wp-json\/wp\/v2\/comments?post=61275"}],"version-history":[{"count":2,"href":"https:\/\/infoecos.com.ar\/index.php\/wp-json\/wp\/v2\/posts\/61275\/revisions"}],"predecessor-version":[{"id":61278,"href":"https:\/\/infoecos.com.ar\/index.php\/wp-json\/wp\/v2\/posts\/61275\/revisions\/61278"}],"wp:featuredmedia":[{"embeddable":true,"href":"https:\/\/infoecos.com.ar\/index.php\/wp-json\/wp\/v2\/media\/61276"}],"wp:attachment":[{"href":"https:\/\/infoecos.com.ar\/index.php\/wp-json\/wp\/v2\/media?parent=61275"}],"wp:term":[{"taxonomy":"category","embeddable":true,"href":"https:\/\/infoecos.com.ar\/index.php\/wp-json\/wp\/v2\/categories?post=61275"},{"taxonomy":"post_tag","embeddable":true,"href":"https:\/\/infoecos.com.ar\/index.php\/wp-json\/wp\/v2\/tags?post=61275"}],"curies":[{"name":"wp","href":"https:\/\/api.w.org\/{rel}","templated":true}]}}