{"id":61290,"date":"2020-04-25T00:44:08","date_gmt":"2020-04-25T03:44:08","guid":{"rendered":"http:\/\/infoecos.com.ar\/?p=61290"},"modified":"2020-04-27T02:40:07","modified_gmt":"2020-04-27T05:40:07","slug":"segun-la-bolsa-de-cereales-y-productos-de-bahia-blanca-caeria-los-rendimientos-de-maiz-y-soja-en-esta-region","status":"publish","type":"post","link":"https:\/\/infoecos.com.ar\/index.php\/segun-la-bolsa-de-cereales-y-productos-de-bahia-blanca-caeria-los-rendimientos-de-maiz-y-soja-en-esta-region\/","title":{"rendered":"Seg\u00fan la Bolsa de Cereales y Productos de Bah\u00eda Blanca caer\u00edan los rendimientos de Ma\u00edz y Soja en esta regi\u00f3n"},"content":{"rendered":"\n<p>La Bolsa de Cereales y Productos de Bah\u00eda Blanca dio a conocer un nuevo reporte sobre la producci\u00f3n de cereales en el \u00e1rea de su jurisdicci\u00f3n.<\/p>\n\n\n\n<p>Se esperan m\u00e1rgenes positivos para la pr\u00f3xima campa\u00f1a de fina con una relaci\u00f3n \/insumo producto favorables.<\/p>\n\n\n\n<div class=\"wp-block-image\"><figure class=\"aligncenter size-large\"><img decoding=\"async\" src=\"http:\/\/infoecos.com.ar\/wp-content\/uploads\/maiz.jpg\" alt=\"\" class=\"wp-image-17734\"\/><figcaption>Ma\u00edz<\/figcaption><\/figure><\/div>\n\n\n\n<p>Se mantiene el \u00e1rea de cultivos invernales y se estima un leve aumento en la superficie de trigo.<\/p>\n\n\n\n<p>Posibles precipitaciones recargar\u00edan el perfil de suelo, y atrasar\u00edan la cosecha gruesa.<\/p>\n\n\n\n<p>-MAIZ: Se proyecta un rendimiento de 6.500 kg\/ha (- 5%), con 5,72 M tn la producci\u00f3n caer\u00eda un 7%.<\/p>\n\n\n\n<p>-SOJA: Se espera un rinde de 2.500 kg\/ha (-9%), y una producci\u00f3n de 6.47 M tn (-9%). <\/p>\n\n\n\n<p>(Ampliaremos)<\/p>\n","protected":false},"excerpt":{"rendered":"<p>La Bolsa de Cereales y Productos de Bah\u00eda Blanca dio a conocer un nuevo reporte&#8230;<\/p>\n","protected":false},"author":2,"featured_media":17734,"comment_status":"closed","ping_status":"open","sticky":false,"template":"","format":"standard","meta":{"footnotes":""},"categories":[26],"tags":[1377],"class_list":["post-61290","post","type-post","status-publish","format-standard","has-post-thumbnail","hentry","category-inferior6","tag-produccion-y-economia"],"yoast_head":"<!-- This site is optimized with the Yoast SEO plugin v23.4 - https:\/\/yoast.com\/wordpress\/plugins\/seo\/ -->\n<title>Seg\u00fan la Bolsa de Cereales y Productos de Bah\u00eda Blanca caer\u00edan los rendimientos de Ma\u00edz y Soja en esta regi\u00f3n - Infoecos<\/title>\n<meta name=\"robots\" content=\"index, follow, max-snippet:-1, max-image-preview:large, max-video-preview:-1\" \/>\n<link rel=\"canonical\" href=\"https:\/\/infoecos.com.ar\/index.php\/segun-la-bolsa-de-cereales-y-productos-de-bahia-blanca-caeria-los-rendimientos-de-maiz-y-soja-en-esta-region\/\" \/>\n<meta property=\"og:locale\" content=\"es_ES\" \/>\n<meta property=\"og:type\" content=\"article\" \/>\n<meta property=\"og:title\" content=\"Seg\u00fan la Bolsa de Cereales y Productos de Bah\u00eda Blanca caer\u00edan los rendimientos de Ma\u00edz y Soja en esta regi\u00f3n - Infoecos\" \/>\n<meta property=\"og:description\" content=\"La Bolsa de Cereales y Productos de Bah\u00eda Blanca dio a conocer un nuevo reporte...\" \/>\n<meta property=\"og:url\" content=\"https:\/\/infoecos.com.ar\/index.php\/segun-la-bolsa-de-cereales-y-productos-de-bahia-blanca-caeria-los-rendimientos-de-maiz-y-soja-en-esta-region\/\" \/>\n<meta property=\"og:site_name\" content=\"Infoecos\" \/>\n<meta property=\"article:publisher\" content=\"https:\/\/www.facebook.com\/profile.php?id=100063200290284\" \/>\n<meta property=\"article:published_time\" content=\"2020-04-25T03:44:08+00:00\" \/>\n<meta property=\"article:modified_time\" content=\"2020-04-27T05:40:07+00:00\" \/>\n<meta property=\"og:image\" content=\"https:\/\/infoecos.com.ar\/wp-content\/uploads\/maiz.jpg\" \/>\n\t<meta property=\"og:image:width\" content=\"284\" \/>\n\t<meta property=\"og:image:height\" content=\"177\" \/>\n\t<meta property=\"og:image:type\" content=\"image\/jpeg\" \/>\n<meta name=\"author\" content=\"Jorge Matheus\" \/>\n<meta name=\"twitter:card\" content=\"summary_large_image\" \/>\n<meta name=\"twitter:creator\" content=\"@infoecos\" \/>\n<meta name=\"twitter:site\" content=\"@infoecos\" \/>\n<meta name=\"twitter:label1\" content=\"Escrito por\" \/>\n\t<meta name=\"twitter:data1\" content=\"Jorge Matheus\" \/>\n\t<meta name=\"twitter:label2\" content=\"Tiempo de lectura\" \/>\n\t<meta name=\"twitter:data2\" content=\"1 minuto\" \/>\n<script type=\"application\/ld+json\" class=\"yoast-schema-graph\">{\"@context\":\"https:\/\/schema.org\",\"@graph\":[{\"@type\":\"Article\",\"@id\":\"https:\/\/infoecos.com.ar\/index.php\/segun-la-bolsa-de-cereales-y-productos-de-bahia-blanca-caeria-los-rendimientos-de-maiz-y-soja-en-esta-region\/#article\",\"isPartOf\":{\"@id\":\"https:\/\/infoecos.com.ar\/index.php\/segun-la-bolsa-de-cereales-y-productos-de-bahia-blanca-caeria-los-rendimientos-de-maiz-y-soja-en-esta-region\/\"},\"author\":{\"name\":\"Jorge Matheus\",\"@id\":\"https:\/\/infoecos.com.ar\/#\/schema\/person\/8f5ace5ce73b4b4aac4b7245aee6f191\"},\"headline\":\"Seg\u00fan la Bolsa de Cereales y Productos de Bah\u00eda Blanca caer\u00edan los rendimientos de Ma\u00edz y Soja en esta regi\u00f3n\",\"datePublished\":\"2020-04-25T03:44:08+00:00\",\"dateModified\":\"2020-04-27T05:40:07+00:00\",\"mainEntityOfPage\":{\"@id\":\"https:\/\/infoecos.com.ar\/index.php\/segun-la-bolsa-de-cereales-y-productos-de-bahia-blanca-caeria-los-rendimientos-de-maiz-y-soja-en-esta-region\/\"},\"wordCount\":144,\"publisher\":{\"@id\":\"https:\/\/infoecos.com.ar\/#organization\"},\"image\":{\"@id\":\"https:\/\/infoecos.com.ar\/index.php\/segun-la-bolsa-de-cereales-y-productos-de-bahia-blanca-caeria-los-rendimientos-de-maiz-y-soja-en-esta-region\/#primaryimage\"},\"thumbnailUrl\":\"\",\"keywords\":[\"PRODUCCI\u00d3N Y ECONOM\u00cdA\"],\"articleSection\":[\"Bloque inferior - 6\"],\"inLanguage\":\"es\"},{\"@type\":\"WebPage\",\"@id\":\"https:\/\/infoecos.com.ar\/index.php\/segun-la-bolsa-de-cereales-y-productos-de-bahia-blanca-caeria-los-rendimientos-de-maiz-y-soja-en-esta-region\/\",\"url\":\"https:\/\/infoecos.com.ar\/index.php\/segun-la-bolsa-de-cereales-y-productos-de-bahia-blanca-caeria-los-rendimientos-de-maiz-y-soja-en-esta-region\/\",\"name\":\"Seg\u00fan la Bolsa de Cereales y Productos de Bah\u00eda Blanca caer\u00edan los rendimientos de Ma\u00edz y Soja en esta regi\u00f3n - Infoecos\",\"isPartOf\":{\"@id\":\"https:\/\/infoecos.com.ar\/#website\"},\"primaryImageOfPage\":{\"@id\":\"https:\/\/infoecos.com.ar\/index.php\/segun-la-bolsa-de-cereales-y-productos-de-bahia-blanca-caeria-los-rendimientos-de-maiz-y-soja-en-esta-region\/#primaryimage\"},\"image\":{\"@id\":\"https:\/\/infoecos.com.ar\/index.php\/segun-la-bolsa-de-cereales-y-productos-de-bahia-blanca-caeria-los-rendimientos-de-maiz-y-soja-en-esta-region\/#primaryimage\"},\"thumbnailUrl\":\"\",\"datePublished\":\"2020-04-25T03:44:08+00:00\",\"dateModified\":\"2020-04-27T05:40:07+00:00\",\"breadcrumb\":{\"@id\":\"https:\/\/infoecos.com.ar\/index.php\/segun-la-bolsa-de-cereales-y-productos-de-bahia-blanca-caeria-los-rendimientos-de-maiz-y-soja-en-esta-region\/#breadcrumb\"},\"inLanguage\":\"es\",\"potentialAction\":[{\"@type\":\"ReadAction\",\"target\":[\"https:\/\/infoecos.com.ar\/index.php\/segun-la-bolsa-de-cereales-y-productos-de-bahia-blanca-caeria-los-rendimientos-de-maiz-y-soja-en-esta-region\/\"]}]},{\"@type\":\"ImageObject\",\"inLanguage\":\"es\",\"@id\":\"https:\/\/infoecos.com.ar\/index.php\/segun-la-bolsa-de-cereales-y-productos-de-bahia-blanca-caeria-los-rendimientos-de-maiz-y-soja-en-esta-region\/#primaryimage\",\"url\":\"\",\"contentUrl\":\"\"},{\"@type\":\"BreadcrumbList\",\"@id\":\"https:\/\/infoecos.com.ar\/index.php\/segun-la-bolsa-de-cereales-y-productos-de-bahia-blanca-caeria-los-rendimientos-de-maiz-y-soja-en-esta-region\/#breadcrumb\",\"itemListElement\":[{\"@type\":\"ListItem\",\"position\":1,\"name\":\"Portada\",\"item\":\"https:\/\/infoecos.com.ar\/\"},{\"@type\":\"ListItem\",\"position\":2,\"name\":\"Seg\u00fan la Bolsa de Cereales y Productos de Bah\u00eda Blanca caer\u00edan los rendimientos de Ma\u00edz y Soja en esta regi\u00f3n\"}]},{\"@type\":\"WebSite\",\"@id\":\"https:\/\/infoecos.com.ar\/#website\",\"url\":\"https:\/\/infoecos.com.ar\/\",\"name\":\"Infoecos\",\"description\":\"Noticias de trenque lauquen y la zona\",\"publisher\":{\"@id\":\"https:\/\/infoecos.com.ar\/#organization\"},\"alternateName\":\"Noticias\",\"potentialAction\":[{\"@type\":\"SearchAction\",\"target\":{\"@type\":\"EntryPoint\",\"urlTemplate\":\"https:\/\/infoecos.com.ar\/?s={search_term_string}\"},\"query-input\":{\"@type\":\"PropertyValueSpecification\",\"valueRequired\":true,\"valueName\":\"search_term_string\"}}],\"inLanguage\":\"es\"},{\"@type\":\"Organization\",\"@id\":\"https:\/\/infoecos.com.ar\/#organization\",\"name\":\"Infoecos\",\"alternateName\":\"Noticias\",\"url\":\"https:\/\/infoecos.com.ar\/\",\"logo\":{\"@type\":\"ImageObject\",\"inLanguage\":\"es\",\"@id\":\"https:\/\/infoecos.com.ar\/#\/schema\/logo\/image\/\",\"url\":\"https:\/\/infoecos.com.ar\/wp-content\/uploads\/2024\/03\/cropped-logo.png\",\"contentUrl\":\"https:\/\/infoecos.com.ar\/wp-content\/uploads\/2024\/03\/cropped-logo.png\",\"width\":374,\"height\":90,\"caption\":\"Infoecos\"},\"image\":{\"@id\":\"https:\/\/infoecos.com.ar\/#\/schema\/logo\/image\/\"},\"sameAs\":[\"https:\/\/www.facebook.com\/profile.php?id=100063200290284\",\"https:\/\/x.com\/infoecos\"]},{\"@type\":\"Person\",\"@id\":\"https:\/\/infoecos.com.ar\/#\/schema\/person\/8f5ace5ce73b4b4aac4b7245aee6f191\",\"name\":\"Jorge Matheus\",\"url\":\"https:\/\/infoecos.com.ar\/index.php\/author\/jomatheus\/\"}]}<\/script>\n<!-- \/ Yoast SEO plugin. -->","yoast_head_json":{"title":"Seg\u00fan la Bolsa de Cereales y Productos de Bah\u00eda Blanca caer\u00edan los rendimientos de Ma\u00edz y Soja en esta regi\u00f3n - Infoecos","robots":{"index":"index","follow":"follow","max-snippet":"max-snippet:-1","max-image-preview":"max-image-preview:large","max-video-preview":"max-video-preview:-1"},"canonical":"https:\/\/infoecos.com.ar\/index.php\/segun-la-bolsa-de-cereales-y-productos-de-bahia-blanca-caeria-los-rendimientos-de-maiz-y-soja-en-esta-region\/","og_locale":"es_ES","og_type":"article","og_title":"Seg\u00fan la Bolsa de Cereales y Productos de Bah\u00eda Blanca caer\u00edan los rendimientos de Ma\u00edz y Soja en esta regi\u00f3n - Infoecos","og_description":"La Bolsa de Cereales y Productos de Bah\u00eda Blanca dio a conocer un nuevo reporte...","og_url":"https:\/\/infoecos.com.ar\/index.php\/segun-la-bolsa-de-cereales-y-productos-de-bahia-blanca-caeria-los-rendimientos-de-maiz-y-soja-en-esta-region\/","og_site_name":"Infoecos","article_publisher":"https:\/\/www.facebook.com\/profile.php?id=100063200290284","article_published_time":"2020-04-25T03:44:08+00:00","article_modified_time":"2020-04-27T05:40:07+00:00","og_image":[{"width":284,"height":177,"url":"https:\/\/infoecos.com.ar\/wp-content\/uploads\/maiz.jpg","type":"image\/jpeg"}],"author":"Jorge Matheus","twitter_card":"summary_large_image","twitter_creator":"@infoecos","twitter_site":"@infoecos","twitter_misc":{"Escrito por":"Jorge Matheus","Tiempo de lectura":"1 minuto"},"schema":{"@context":"https:\/\/schema.org","@graph":[{"@type":"Article","@id":"https:\/\/infoecos.com.ar\/index.php\/segun-la-bolsa-de-cereales-y-productos-de-bahia-blanca-caeria-los-rendimientos-de-maiz-y-soja-en-esta-region\/#article","isPartOf":{"@id":"https:\/\/infoecos.com.ar\/index.php\/segun-la-bolsa-de-cereales-y-productos-de-bahia-blanca-caeria-los-rendimientos-de-maiz-y-soja-en-esta-region\/"},"author":{"name":"Jorge Matheus","@id":"https:\/\/infoecos.com.ar\/#\/schema\/person\/8f5ace5ce73b4b4aac4b7245aee6f191"},"headline":"Seg\u00fan la Bolsa de Cereales y Productos de Bah\u00eda Blanca caer\u00edan los rendimientos de Ma\u00edz y Soja en esta regi\u00f3n","datePublished":"2020-04-25T03:44:08+00:00","dateModified":"2020-04-27T05:40:07+00:00","mainEntityOfPage":{"@id":"https:\/\/infoecos.com.ar\/index.php\/segun-la-bolsa-de-cereales-y-productos-de-bahia-blanca-caeria-los-rendimientos-de-maiz-y-soja-en-esta-region\/"},"wordCount":144,"publisher":{"@id":"https:\/\/infoecos.com.ar\/#organization"},"image":{"@id":"https:\/\/infoecos.com.ar\/index.php\/segun-la-bolsa-de-cereales-y-productos-de-bahia-blanca-caeria-los-rendimientos-de-maiz-y-soja-en-esta-region\/#primaryimage"},"thumbnailUrl":"","keywords":["PRODUCCI\u00d3N Y ECONOM\u00cdA"],"articleSection":["Bloque inferior - 6"],"inLanguage":"es"},{"@type":"WebPage","@id":"https:\/\/infoecos.com.ar\/index.php\/segun-la-bolsa-de-cereales-y-productos-de-bahia-blanca-caeria-los-rendimientos-de-maiz-y-soja-en-esta-region\/","url":"https:\/\/infoecos.com.ar\/index.php\/segun-la-bolsa-de-cereales-y-productos-de-bahia-blanca-caeria-los-rendimientos-de-maiz-y-soja-en-esta-region\/","name":"Seg\u00fan la Bolsa de Cereales y Productos de Bah\u00eda Blanca caer\u00edan los rendimientos de Ma\u00edz y Soja en esta regi\u00f3n - Infoecos","isPartOf":{"@id":"https:\/\/infoecos.com.ar\/#website"},"primaryImageOfPage":{"@id":"https:\/\/infoecos.com.ar\/index.php\/segun-la-bolsa-de-cereales-y-productos-de-bahia-blanca-caeria-los-rendimientos-de-maiz-y-soja-en-esta-region\/#primaryimage"},"image":{"@id":"https:\/\/infoecos.com.ar\/index.php\/segun-la-bolsa-de-cereales-y-productos-de-bahia-blanca-caeria-los-rendimientos-de-maiz-y-soja-en-esta-region\/#primaryimage"},"thumbnailUrl":"","datePublished":"2020-04-25T03:44:08+00:00","dateModified":"2020-04-27T05:40:07+00:00","breadcrumb":{"@id":"https:\/\/infoecos.com.ar\/index.php\/segun-la-bolsa-de-cereales-y-productos-de-bahia-blanca-caeria-los-rendimientos-de-maiz-y-soja-en-esta-region\/#breadcrumb"},"inLanguage":"es","potentialAction":[{"@type":"ReadAction","target":["https:\/\/infoecos.com.ar\/index.php\/segun-la-bolsa-de-cereales-y-productos-de-bahia-blanca-caeria-los-rendimientos-de-maiz-y-soja-en-esta-region\/"]}]},{"@type":"ImageObject","inLanguage":"es","@id":"https:\/\/infoecos.com.ar\/index.php\/segun-la-bolsa-de-cereales-y-productos-de-bahia-blanca-caeria-los-rendimientos-de-maiz-y-soja-en-esta-region\/#primaryimage","url":"","contentUrl":""},{"@type":"BreadcrumbList","@id":"https:\/\/infoecos.com.ar\/index.php\/segun-la-bolsa-de-cereales-y-productos-de-bahia-blanca-caeria-los-rendimientos-de-maiz-y-soja-en-esta-region\/#breadcrumb","itemListElement":[{"@type":"ListItem","position":1,"name":"Portada","item":"https:\/\/infoecos.com.ar\/"},{"@type":"ListItem","position":2,"name":"Seg\u00fan la Bolsa de Cereales y Productos de Bah\u00eda Blanca caer\u00edan los rendimientos de Ma\u00edz y Soja en esta regi\u00f3n"}]},{"@type":"WebSite","@id":"https:\/\/infoecos.com.ar\/#website","url":"https:\/\/infoecos.com.ar\/","name":"Infoecos","description":"Noticias de trenque lauquen y la zona","publisher":{"@id":"https:\/\/infoecos.com.ar\/#organization"},"alternateName":"Noticias","potentialAction":[{"@type":"SearchAction","target":{"@type":"EntryPoint","urlTemplate":"https:\/\/infoecos.com.ar\/?s={search_term_string}"},"query-input":{"@type":"PropertyValueSpecification","valueRequired":true,"valueName":"search_term_string"}}],"inLanguage":"es"},{"@type":"Organization","@id":"https:\/\/infoecos.com.ar\/#organization","name":"Infoecos","alternateName":"Noticias","url":"https:\/\/infoecos.com.ar\/","logo":{"@type":"ImageObject","inLanguage":"es","@id":"https:\/\/infoecos.com.ar\/#\/schema\/logo\/image\/","url":"https:\/\/infoecos.com.ar\/wp-content\/uploads\/2024\/03\/cropped-logo.png","contentUrl":"https:\/\/infoecos.com.ar\/wp-content\/uploads\/2024\/03\/cropped-logo.png","width":374,"height":90,"caption":"Infoecos"},"image":{"@id":"https:\/\/infoecos.com.ar\/#\/schema\/logo\/image\/"},"sameAs":["https:\/\/www.facebook.com\/profile.php?id=100063200290284","https:\/\/x.com\/infoecos"]},{"@type":"Person","@id":"https:\/\/infoecos.com.ar\/#\/schema\/person\/8f5ace5ce73b4b4aac4b7245aee6f191","name":"Jorge Matheus","url":"https:\/\/infoecos.com.ar\/index.php\/author\/jomatheus\/"}]}},"featured_image_urls":{"full":"","thumbnail":"","medium":"","medium_large":"","large":"","1536x1536":"","2048x2048":"","covernews-slider-full":"","covernews-slider-center":"","covernews-featured":"","covernews-medium":"","covernews-medium-square":""},"author_info":{"info":["Jorge Matheus"]},"category_info":"<a href=\"https:\/\/infoecos.com.ar\/index.php\/category\/inferior6\/\" rel=\"category tag\">Bloque inferior - 6<\/a>","tag_info":"Bloque inferior - 6","comment_count":"0","_links":{"self":[{"href":"https:\/\/infoecos.com.ar\/index.php\/wp-json\/wp\/v2\/posts\/61290"}],"collection":[{"href":"https:\/\/infoecos.com.ar\/index.php\/wp-json\/wp\/v2\/posts"}],"about":[{"href":"https:\/\/infoecos.com.ar\/index.php\/wp-json\/wp\/v2\/types\/post"}],"author":[{"embeddable":true,"href":"https:\/\/infoecos.com.ar\/index.php\/wp-json\/wp\/v2\/users\/2"}],"replies":[{"embeddable":true,"href":"https:\/\/infoecos.com.ar\/index.php\/wp-json\/wp\/v2\/comments?post=61290"}],"version-history":[{"count":2,"href":"https:\/\/infoecos.com.ar\/index.php\/wp-json\/wp\/v2\/posts\/61290\/revisions"}],"predecessor-version":[{"id":61292,"href":"https:\/\/infoecos.com.ar\/index.php\/wp-json\/wp\/v2\/posts\/61290\/revisions\/61292"}],"wp:featuredmedia":[{"embeddable":true,"href":"https:\/\/infoecos.com.ar\/index.php\/wp-json\/"}],"wp:attachment":[{"href":"https:\/\/infoecos.com.ar\/index.php\/wp-json\/wp\/v2\/media?parent=61290"}],"wp:term":[{"taxonomy":"category","embeddable":true,"href":"https:\/\/infoecos.com.ar\/index.php\/wp-json\/wp\/v2\/categories?post=61290"},{"taxonomy":"post_tag","embeddable":true,"href":"https:\/\/infoecos.com.ar\/index.php\/wp-json\/wp\/v2\/tags?post=61290"}],"curies":[{"name":"wp","href":"https:\/\/api.w.org\/{rel}","templated":true}]}}