{"id":61296,"date":"2020-04-25T00:53:56","date_gmt":"2020-04-25T03:53:56","guid":{"rendered":"http:\/\/infoecos.com.ar\/?p=61296"},"modified":"2020-04-27T02:38:45","modified_gmt":"2020-04-27T05:38:45","slug":"el-polo-cientifico-de-trenque-lauquen-desarrolla-sus-actividades-en-forma-online","status":"publish","type":"post","link":"https:\/\/infoecos.com.ar\/index.php\/el-polo-cientifico-de-trenque-lauquen-desarrolla-sus-actividades-en-forma-online\/","title":{"rendered":"El Polo Cient\u00edfico de Trenque Lauquen desarrolla sus actividades en forma online"},"content":{"rendered":"\n<p>El Polo Cient\u00edfico Tecnol\u00f3gico de Trenque Lauquen contin\u00faa con el desarrollo de sus actividades que incluyen el dictado de charlas y talleres en forma online y el trabajo de impresi\u00f3n en 3D, junto a otras instituciones locales, de protectores faciales para el personal de la salud en el marco de las medidas preventivas adoptadas a ra\u00edz de la pandemia de Coronavirus durante el aislamiento social, preventivo y obligatorio dispuesto por el Gobierno nacional hasta el pr\u00f3ximo domingo (26).<\/p>\n\n\n\n<div class=\"wp-block-image\"><figure class=\"aligncenter size-medium\"><img loading=\"lazy\" decoding=\"async\" width=\"460\" height=\"345\" src=\"http:\/\/infoecos.com.ar\/wp-content\/uploads\/Polo-Cientifico-Tecnol\u00f3gico-460x345.jpeg\" alt=\"\" class=\"wp-image-61297\" srcset=\"https:\/\/infoecos.com.ar\/wp-content\/uploads\/Polo-Cientifico-Tecnol\u00f3gico-460x345.jpeg 460w, https:\/\/infoecos.com.ar\/wp-content\/uploads\/Polo-Cientifico-Tecnol\u00f3gico-920x690.jpeg 920w, https:\/\/infoecos.com.ar\/wp-content\/uploads\/Polo-Cientifico-Tecnol\u00f3gico-768x576.jpeg 768w, https:\/\/infoecos.com.ar\/wp-content\/uploads\/Polo-Cientifico-Tecnol\u00f3gico.jpeg 960w\" sizes=\"(max-width: 460px) 100vw, 460px\" \/><\/figure><\/div>\n\n\n\n<p>La coordinadora del Polo Cient\u00edfico Tecnol\u00f3gico,\nLaura Marchabalo, inform\u00f3 que se termin\u00f3 de dictar en forma online el segundo\ntaller de \u201cRedes Sociales para potenciar tu negocio\u201d, que tuvo muy buena\naceptaci\u00f3n y participaci\u00f3n por parte de emprendedores locales, quienes se\nmostraron entusiasmados con esta nueva modalidad que permite estar comunicados.<\/p>\n\n\n\n<p>Tambi\u00e9n cont\u00f3 que se contin\u00faa trabajando con las\nimpresoras 3D en el dise\u00f1o de protectores faciales para los trabajadores de la\nsalud junto a otras instituciones como la Facultad Regional Trenque Lauquen de\nla UTN, algunos emprendedores locales y docentes de la Escuela de Mart\u00edn\nFierro, al tiempo que adelant\u00f3 que hasta el momento se llevan entregados unos\n300 protectores, entre viseras y cascos que llevan mascarillas de acetato de\nprotecci\u00f3n.<\/p>\n\n\n\n<p>Como parte del trabajo diario que desarrolla el Polo\nCient\u00edfico Tecnol\u00f3gico tambi\u00e9n se difunden charlas y capacitaciones dictadas\npor otras instituciones y en este sentido ayer (jueves) se comparti\u00f3 una charla\nsobre \u201cEducaci\u00f3n en tiempos de aislamiento\u201d brindada desde el programa \u201cPunto\nDigital\u201d.<\/p>\n","protected":false},"excerpt":{"rendered":"<p>El Polo Cient\u00edfico Tecnol\u00f3gico de Trenque Lauquen contin\u00faa con el desarrollo de sus actividades que&#8230;<\/p>\n","protected":false},"author":2,"featured_media":61297,"comment_status":"closed","ping_status":"open","sticky":false,"template":"","format":"standard","meta":{"footnotes":""},"categories":[43],"tags":[5],"class_list":["post-61296","post","type-post","status-publish","format-standard","has-post-thumbnail","hentry","category-inferior4","tag-trenque-lauquen"],"yoast_head":"<!-- This site is optimized with the Yoast SEO plugin v23.4 - https:\/\/yoast.com\/wordpress\/plugins\/seo\/ -->\n<title>El Polo Cient\u00edfico de Trenque Lauquen desarrolla sus actividades en forma online - Infoecos<\/title>\n<meta name=\"robots\" content=\"index, follow, max-snippet:-1, max-image-preview:large, max-video-preview:-1\" \/>\n<link rel=\"canonical\" href=\"https:\/\/infoecos.com.ar\/index.php\/el-polo-cientifico-de-trenque-lauquen-desarrolla-sus-actividades-en-forma-online\/\" \/>\n<meta property=\"og:locale\" content=\"es_ES\" \/>\n<meta property=\"og:type\" content=\"article\" \/>\n<meta property=\"og:title\" content=\"El Polo Cient\u00edfico de Trenque Lauquen desarrolla sus actividades en forma online - Infoecos\" \/>\n<meta property=\"og:description\" content=\"El Polo Cient\u00edfico Tecnol\u00f3gico de Trenque Lauquen contin\u00faa con el desarrollo de sus actividades que...\" \/>\n<meta property=\"og:url\" content=\"https:\/\/infoecos.com.ar\/index.php\/el-polo-cientifico-de-trenque-lauquen-desarrolla-sus-actividades-en-forma-online\/\" \/>\n<meta property=\"og:site_name\" content=\"Infoecos\" \/>\n<meta property=\"article:publisher\" content=\"https:\/\/www.facebook.com\/profile.php?id=100063200290284\" \/>\n<meta property=\"article:published_time\" content=\"2020-04-25T03:53:56+00:00\" \/>\n<meta property=\"article:modified_time\" content=\"2020-04-27T05:38:45+00:00\" \/>\n<meta property=\"og:image\" content=\"https:\/\/infoecos.com.ar\/wp-content\/uploads\/Polo-Cientifico-Tecnol\u00f3gico.jpeg\" \/>\n\t<meta property=\"og:image:width\" content=\"960\" \/>\n\t<meta property=\"og:image:height\" content=\"720\" \/>\n\t<meta property=\"og:image:type\" content=\"image\/jpeg\" \/>\n<meta name=\"author\" content=\"Jorge Matheus\" \/>\n<meta name=\"twitter:card\" content=\"summary_large_image\" \/>\n<meta name=\"twitter:creator\" content=\"@infoecos\" \/>\n<meta name=\"twitter:site\" content=\"@infoecos\" \/>\n<meta name=\"twitter:label1\" content=\"Escrito por\" \/>\n\t<meta name=\"twitter:data1\" content=\"Jorge Matheus\" \/>\n\t<meta name=\"twitter:label2\" content=\"Tiempo de lectura\" \/>\n\t<meta name=\"twitter:data2\" content=\"1 minuto\" \/>\n<script type=\"application\/ld+json\" class=\"yoast-schema-graph\">{\"@context\":\"https:\/\/schema.org\",\"@graph\":[{\"@type\":\"Article\",\"@id\":\"https:\/\/infoecos.com.ar\/index.php\/el-polo-cientifico-de-trenque-lauquen-desarrolla-sus-actividades-en-forma-online\/#article\",\"isPartOf\":{\"@id\":\"https:\/\/infoecos.com.ar\/index.php\/el-polo-cientifico-de-trenque-lauquen-desarrolla-sus-actividades-en-forma-online\/\"},\"author\":{\"name\":\"Jorge Matheus\",\"@id\":\"https:\/\/infoecos.com.ar\/#\/schema\/person\/8f5ace5ce73b4b4aac4b7245aee6f191\"},\"headline\":\"El Polo Cient\u00edfico de Trenque Lauquen desarrolla sus actividades en forma online\",\"datePublished\":\"2020-04-25T03:53:56+00:00\",\"dateModified\":\"2020-04-27T05:38:45+00:00\",\"mainEntityOfPage\":{\"@id\":\"https:\/\/infoecos.com.ar\/index.php\/el-polo-cientifico-de-trenque-lauquen-desarrolla-sus-actividades-en-forma-online\/\"},\"wordCount\":273,\"publisher\":{\"@id\":\"https:\/\/infoecos.com.ar\/#organization\"},\"image\":{\"@id\":\"https:\/\/infoecos.com.ar\/index.php\/el-polo-cientifico-de-trenque-lauquen-desarrolla-sus-actividades-en-forma-online\/#primaryimage\"},\"thumbnailUrl\":\"https:\/\/infoecos.com.ar\/wp-content\/uploads\/Polo-Cientifico-Tecnol\u00f3gico.jpeg\",\"keywords\":[\"Trenque Lauquen\"],\"articleSection\":[\"Bloque inferior - 4\"],\"inLanguage\":\"es\"},{\"@type\":\"WebPage\",\"@id\":\"https:\/\/infoecos.com.ar\/index.php\/el-polo-cientifico-de-trenque-lauquen-desarrolla-sus-actividades-en-forma-online\/\",\"url\":\"https:\/\/infoecos.com.ar\/index.php\/el-polo-cientifico-de-trenque-lauquen-desarrolla-sus-actividades-en-forma-online\/\",\"name\":\"El Polo Cient\u00edfico de Trenque Lauquen desarrolla sus actividades en forma online - Infoecos\",\"isPartOf\":{\"@id\":\"https:\/\/infoecos.com.ar\/#website\"},\"primaryImageOfPage\":{\"@id\":\"https:\/\/infoecos.com.ar\/index.php\/el-polo-cientifico-de-trenque-lauquen-desarrolla-sus-actividades-en-forma-online\/#primaryimage\"},\"image\":{\"@id\":\"https:\/\/infoecos.com.ar\/index.php\/el-polo-cientifico-de-trenque-lauquen-desarrolla-sus-actividades-en-forma-online\/#primaryimage\"},\"thumbnailUrl\":\"https:\/\/infoecos.com.ar\/wp-content\/uploads\/Polo-Cientifico-Tecnol\u00f3gico.jpeg\",\"datePublished\":\"2020-04-25T03:53:56+00:00\",\"dateModified\":\"2020-04-27T05:38:45+00:00\",\"breadcrumb\":{\"@id\":\"https:\/\/infoecos.com.ar\/index.php\/el-polo-cientifico-de-trenque-lauquen-desarrolla-sus-actividades-en-forma-online\/#breadcrumb\"},\"inLanguage\":\"es\",\"potentialAction\":[{\"@type\":\"ReadAction\",\"target\":[\"https:\/\/infoecos.com.ar\/index.php\/el-polo-cientifico-de-trenque-lauquen-desarrolla-sus-actividades-en-forma-online\/\"]}]},{\"@type\":\"ImageObject\",\"inLanguage\":\"es\",\"@id\":\"https:\/\/infoecos.com.ar\/index.php\/el-polo-cientifico-de-trenque-lauquen-desarrolla-sus-actividades-en-forma-online\/#primaryimage\",\"url\":\"https:\/\/infoecos.com.ar\/wp-content\/uploads\/Polo-Cientifico-Tecnol\u00f3gico.jpeg\",\"contentUrl\":\"https:\/\/infoecos.com.ar\/wp-content\/uploads\/Polo-Cientifico-Tecnol\u00f3gico.jpeg\",\"width\":960,\"height\":720},{\"@type\":\"BreadcrumbList\",\"@id\":\"https:\/\/infoecos.com.ar\/index.php\/el-polo-cientifico-de-trenque-lauquen-desarrolla-sus-actividades-en-forma-online\/#breadcrumb\",\"itemListElement\":[{\"@type\":\"ListItem\",\"position\":1,\"name\":\"Portada\",\"item\":\"https:\/\/infoecos.com.ar\/\"},{\"@type\":\"ListItem\",\"position\":2,\"name\":\"El Polo Cient\u00edfico de Trenque Lauquen desarrolla sus actividades en forma online\"}]},{\"@type\":\"WebSite\",\"@id\":\"https:\/\/infoecos.com.ar\/#website\",\"url\":\"https:\/\/infoecos.com.ar\/\",\"name\":\"Infoecos\",\"description\":\"Noticias de trenque lauquen y la zona\",\"publisher\":{\"@id\":\"https:\/\/infoecos.com.ar\/#organization\"},\"alternateName\":\"Noticias\",\"potentialAction\":[{\"@type\":\"SearchAction\",\"target\":{\"@type\":\"EntryPoint\",\"urlTemplate\":\"https:\/\/infoecos.com.ar\/?s={search_term_string}\"},\"query-input\":{\"@type\":\"PropertyValueSpecification\",\"valueRequired\":true,\"valueName\":\"search_term_string\"}}],\"inLanguage\":\"es\"},{\"@type\":\"Organization\",\"@id\":\"https:\/\/infoecos.com.ar\/#organization\",\"name\":\"Infoecos\",\"alternateName\":\"Noticias\",\"url\":\"https:\/\/infoecos.com.ar\/\",\"logo\":{\"@type\":\"ImageObject\",\"inLanguage\":\"es\",\"@id\":\"https:\/\/infoecos.com.ar\/#\/schema\/logo\/image\/\",\"url\":\"https:\/\/infoecos.com.ar\/wp-content\/uploads\/2024\/03\/cropped-logo.png\",\"contentUrl\":\"https:\/\/infoecos.com.ar\/wp-content\/uploads\/2024\/03\/cropped-logo.png\",\"width\":374,\"height\":90,\"caption\":\"Infoecos\"},\"image\":{\"@id\":\"https:\/\/infoecos.com.ar\/#\/schema\/logo\/image\/\"},\"sameAs\":[\"https:\/\/www.facebook.com\/profile.php?id=100063200290284\",\"https:\/\/x.com\/infoecos\"]},{\"@type\":\"Person\",\"@id\":\"https:\/\/infoecos.com.ar\/#\/schema\/person\/8f5ace5ce73b4b4aac4b7245aee6f191\",\"name\":\"Jorge Matheus\",\"url\":\"https:\/\/infoecos.com.ar\/index.php\/author\/jomatheus\/\"}]}<\/script>\n<!-- \/ Yoast SEO plugin. -->","yoast_head_json":{"title":"El Polo Cient\u00edfico de Trenque Lauquen desarrolla sus actividades en forma online - Infoecos","robots":{"index":"index","follow":"follow","max-snippet":"max-snippet:-1","max-image-preview":"max-image-preview:large","max-video-preview":"max-video-preview:-1"},"canonical":"https:\/\/infoecos.com.ar\/index.php\/el-polo-cientifico-de-trenque-lauquen-desarrolla-sus-actividades-en-forma-online\/","og_locale":"es_ES","og_type":"article","og_title":"El Polo Cient\u00edfico de Trenque Lauquen desarrolla sus actividades en forma online - Infoecos","og_description":"El Polo Cient\u00edfico Tecnol\u00f3gico de Trenque Lauquen contin\u00faa con el desarrollo de sus actividades que...","og_url":"https:\/\/infoecos.com.ar\/index.php\/el-polo-cientifico-de-trenque-lauquen-desarrolla-sus-actividades-en-forma-online\/","og_site_name":"Infoecos","article_publisher":"https:\/\/www.facebook.com\/profile.php?id=100063200290284","article_published_time":"2020-04-25T03:53:56+00:00","article_modified_time":"2020-04-27T05:38:45+00:00","og_image":[{"width":960,"height":720,"url":"https:\/\/infoecos.com.ar\/wp-content\/uploads\/Polo-Cientifico-Tecnol\u00f3gico.jpeg","type":"image\/jpeg"}],"author":"Jorge Matheus","twitter_card":"summary_large_image","twitter_creator":"@infoecos","twitter_site":"@infoecos","twitter_misc":{"Escrito por":"Jorge Matheus","Tiempo de lectura":"1 minuto"},"schema":{"@context":"https:\/\/schema.org","@graph":[{"@type":"Article","@id":"https:\/\/infoecos.com.ar\/index.php\/el-polo-cientifico-de-trenque-lauquen-desarrolla-sus-actividades-en-forma-online\/#article","isPartOf":{"@id":"https:\/\/infoecos.com.ar\/index.php\/el-polo-cientifico-de-trenque-lauquen-desarrolla-sus-actividades-en-forma-online\/"},"author":{"name":"Jorge Matheus","@id":"https:\/\/infoecos.com.ar\/#\/schema\/person\/8f5ace5ce73b4b4aac4b7245aee6f191"},"headline":"El Polo Cient\u00edfico de Trenque Lauquen desarrolla sus actividades en forma online","datePublished":"2020-04-25T03:53:56+00:00","dateModified":"2020-04-27T05:38:45+00:00","mainEntityOfPage":{"@id":"https:\/\/infoecos.com.ar\/index.php\/el-polo-cientifico-de-trenque-lauquen-desarrolla-sus-actividades-en-forma-online\/"},"wordCount":273,"publisher":{"@id":"https:\/\/infoecos.com.ar\/#organization"},"image":{"@id":"https:\/\/infoecos.com.ar\/index.php\/el-polo-cientifico-de-trenque-lauquen-desarrolla-sus-actividades-en-forma-online\/#primaryimage"},"thumbnailUrl":"https:\/\/infoecos.com.ar\/wp-content\/uploads\/Polo-Cientifico-Tecnol\u00f3gico.jpeg","keywords":["Trenque Lauquen"],"articleSection":["Bloque inferior - 4"],"inLanguage":"es"},{"@type":"WebPage","@id":"https:\/\/infoecos.com.ar\/index.php\/el-polo-cientifico-de-trenque-lauquen-desarrolla-sus-actividades-en-forma-online\/","url":"https:\/\/infoecos.com.ar\/index.php\/el-polo-cientifico-de-trenque-lauquen-desarrolla-sus-actividades-en-forma-online\/","name":"El Polo Cient\u00edfico de Trenque Lauquen desarrolla sus actividades en forma online - Infoecos","isPartOf":{"@id":"https:\/\/infoecos.com.ar\/#website"},"primaryImageOfPage":{"@id":"https:\/\/infoecos.com.ar\/index.php\/el-polo-cientifico-de-trenque-lauquen-desarrolla-sus-actividades-en-forma-online\/#primaryimage"},"image":{"@id":"https:\/\/infoecos.com.ar\/index.php\/el-polo-cientifico-de-trenque-lauquen-desarrolla-sus-actividades-en-forma-online\/#primaryimage"},"thumbnailUrl":"https:\/\/infoecos.com.ar\/wp-content\/uploads\/Polo-Cientifico-Tecnol\u00f3gico.jpeg","datePublished":"2020-04-25T03:53:56+00:00","dateModified":"2020-04-27T05:38:45+00:00","breadcrumb":{"@id":"https:\/\/infoecos.com.ar\/index.php\/el-polo-cientifico-de-trenque-lauquen-desarrolla-sus-actividades-en-forma-online\/#breadcrumb"},"inLanguage":"es","potentialAction":[{"@type":"ReadAction","target":["https:\/\/infoecos.com.ar\/index.php\/el-polo-cientifico-de-trenque-lauquen-desarrolla-sus-actividades-en-forma-online\/"]}]},{"@type":"ImageObject","inLanguage":"es","@id":"https:\/\/infoecos.com.ar\/index.php\/el-polo-cientifico-de-trenque-lauquen-desarrolla-sus-actividades-en-forma-online\/#primaryimage","url":"https:\/\/infoecos.com.ar\/wp-content\/uploads\/Polo-Cientifico-Tecnol\u00f3gico.jpeg","contentUrl":"https:\/\/infoecos.com.ar\/wp-content\/uploads\/Polo-Cientifico-Tecnol\u00f3gico.jpeg","width":960,"height":720},{"@type":"BreadcrumbList","@id":"https:\/\/infoecos.com.ar\/index.php\/el-polo-cientifico-de-trenque-lauquen-desarrolla-sus-actividades-en-forma-online\/#breadcrumb","itemListElement":[{"@type":"ListItem","position":1,"name":"Portada","item":"https:\/\/infoecos.com.ar\/"},{"@type":"ListItem","position":2,"name":"El Polo Cient\u00edfico de Trenque Lauquen desarrolla sus actividades en forma online"}]},{"@type":"WebSite","@id":"https:\/\/infoecos.com.ar\/#website","url":"https:\/\/infoecos.com.ar\/","name":"Infoecos","description":"Noticias de trenque lauquen y la zona","publisher":{"@id":"https:\/\/infoecos.com.ar\/#organization"},"alternateName":"Noticias","potentialAction":[{"@type":"SearchAction","target":{"@type":"EntryPoint","urlTemplate":"https:\/\/infoecos.com.ar\/?s={search_term_string}"},"query-input":{"@type":"PropertyValueSpecification","valueRequired":true,"valueName":"search_term_string"}}],"inLanguage":"es"},{"@type":"Organization","@id":"https:\/\/infoecos.com.ar\/#organization","name":"Infoecos","alternateName":"Noticias","url":"https:\/\/infoecos.com.ar\/","logo":{"@type":"ImageObject","inLanguage":"es","@id":"https:\/\/infoecos.com.ar\/#\/schema\/logo\/image\/","url":"https:\/\/infoecos.com.ar\/wp-content\/uploads\/2024\/03\/cropped-logo.png","contentUrl":"https:\/\/infoecos.com.ar\/wp-content\/uploads\/2024\/03\/cropped-logo.png","width":374,"height":90,"caption":"Infoecos"},"image":{"@id":"https:\/\/infoecos.com.ar\/#\/schema\/logo\/image\/"},"sameAs":["https:\/\/www.facebook.com\/profile.php?id=100063200290284","https:\/\/x.com\/infoecos"]},{"@type":"Person","@id":"https:\/\/infoecos.com.ar\/#\/schema\/person\/8f5ace5ce73b4b4aac4b7245aee6f191","name":"Jorge Matheus","url":"https:\/\/infoecos.com.ar\/index.php\/author\/jomatheus\/"}]}},"featured_image_urls":{"full":["https:\/\/infoecos.com.ar\/wp-content\/uploads\/Polo-Cientifico-Tecnol\u00f3gico.jpeg",960,720,false],"thumbnail":["https:\/\/infoecos.com.ar\/wp-content\/uploads\/Polo-Cientifico-Tecnol\u00f3gico-150x150.jpeg",150,150,true],"medium":["https:\/\/infoecos.com.ar\/wp-content\/uploads\/Polo-Cientifico-Tecnol\u00f3gico-460x345.jpeg",460,345,true],"medium_large":["https:\/\/infoecos.com.ar\/wp-content\/uploads\/Polo-Cientifico-Tecnol\u00f3gico-768x576.jpeg",640,480,true],"large":["https:\/\/infoecos.com.ar\/wp-content\/uploads\/Polo-Cientifico-Tecnol\u00f3gico-920x690.jpeg",640,480,true],"1536x1536":["https:\/\/infoecos.com.ar\/wp-content\/uploads\/Polo-Cientifico-Tecnol\u00f3gico.jpeg",960,720,false],"2048x2048":["https:\/\/infoecos.com.ar\/wp-content\/uploads\/Polo-Cientifico-Tecnol\u00f3gico.jpeg",960,720,false],"covernews-slider-full":["https:\/\/infoecos.com.ar\/wp-content\/uploads\/Polo-Cientifico-Tecnol\u00f3gico.jpeg",953,715,false],"covernews-slider-center":["https:\/\/infoecos.com.ar\/wp-content\/uploads\/Polo-Cientifico-Tecnol\u00f3gico-936x720.jpeg",650,500,true],"covernews-featured":["https:\/\/infoecos.com.ar\/wp-content\/uploads\/Polo-Cientifico-Tecnol\u00f3gico.jpeg",960,720,false],"covernews-medium":["https:\/\/infoecos.com.ar\/wp-content\/uploads\/Polo-Cientifico-Tecnol\u00f3gico-720x380.jpeg",540,285,true],"covernews-medium-square":["https:\/\/infoecos.com.ar\/wp-content\/uploads\/Polo-Cientifico-Tecnol\u00f3gico-675x450.jpeg",375,250,true]},"author_info":{"info":["Jorge Matheus"]},"category_info":"<a href=\"https:\/\/infoecos.com.ar\/index.php\/category\/inferior4\/\" rel=\"category tag\">Bloque inferior - 4<\/a>","tag_info":"Bloque inferior - 4","comment_count":"0","_links":{"self":[{"href":"https:\/\/infoecos.com.ar\/index.php\/wp-json\/wp\/v2\/posts\/61296"}],"collection":[{"href":"https:\/\/infoecos.com.ar\/index.php\/wp-json\/wp\/v2\/posts"}],"about":[{"href":"https:\/\/infoecos.com.ar\/index.php\/wp-json\/wp\/v2\/types\/post"}],"author":[{"embeddable":true,"href":"https:\/\/infoecos.com.ar\/index.php\/wp-json\/wp\/v2\/users\/2"}],"replies":[{"embeddable":true,"href":"https:\/\/infoecos.com.ar\/index.php\/wp-json\/wp\/v2\/comments?post=61296"}],"version-history":[{"count":1,"href":"https:\/\/infoecos.com.ar\/index.php\/wp-json\/wp\/v2\/posts\/61296\/revisions"}],"predecessor-version":[{"id":61298,"href":"https:\/\/infoecos.com.ar\/index.php\/wp-json\/wp\/v2\/posts\/61296\/revisions\/61298"}],"wp:featuredmedia":[{"embeddable":true,"href":"https:\/\/infoecos.com.ar\/index.php\/wp-json\/wp\/v2\/media\/61297"}],"wp:attachment":[{"href":"https:\/\/infoecos.com.ar\/index.php\/wp-json\/wp\/v2\/media?parent=61296"}],"wp:term":[{"taxonomy":"category","embeddable":true,"href":"https:\/\/infoecos.com.ar\/index.php\/wp-json\/wp\/v2\/categories?post=61296"},{"taxonomy":"post_tag","embeddable":true,"href":"https:\/\/infoecos.com.ar\/index.php\/wp-json\/wp\/v2\/tags?post=61296"}],"curies":[{"name":"wp","href":"https:\/\/api.w.org\/{rel}","templated":true}]}}