{"id":61304,"date":"2020-04-25T01:12:26","date_gmt":"2020-04-25T04:12:26","guid":{"rendered":"http:\/\/infoecos.com.ar\/?p=61304"},"modified":"2020-04-25T01:12:28","modified_gmt":"2020-04-25T04:12:28","slug":"arrojo-resultado-negativo-el-caso-sospechoso-de-covid-19-en-ameghino","status":"publish","type":"post","link":"https:\/\/infoecos.com.ar\/index.php\/arrojo-resultado-negativo-el-caso-sospechoso-de-covid-19-en-ameghino\/","title":{"rendered":"Arroj\u00f3 resultado negativo el caso sospechoso de COVID-19 en Ameghino"},"content":{"rendered":"\n<p>La Direcci\u00f3n de Salud de Florentino Ameghino inform\u00f3 en relaci\u00f3n <br>al estudio pendiente del caso sospechoso de COVID-19 arroj\u00f3 resultado negativo.<\/p>\n\n\n\n<div class=\"wp-block-image\"><figure class=\"aligncenter size-medium\"><img loading=\"lazy\" decoding=\"async\" width=\"460\" height=\"261\" src=\"http:\/\/infoecos.com.ar\/wp-content\/uploads\/hospameghino-460x261.jpg\" alt=\"\" class=\"wp-image-60122\" srcset=\"https:\/\/infoecos.com.ar\/wp-content\/uploads\/hospameghino-460x261.jpg 460w, https:\/\/infoecos.com.ar\/wp-content\/uploads\/hospameghino-920x522.jpg 920w, https:\/\/infoecos.com.ar\/wp-content\/uploads\/hospameghino-768x435.jpg 768w, https:\/\/infoecos.com.ar\/wp-content\/uploads\/hospameghino.jpg 970w\" sizes=\"(max-width: 460px) 100vw, 460px\" \/><figcaption>Ameghino &#8211; Hospital<\/figcaption><\/figure><\/div>\n\n\n\n<p>A este viernes 24 de abril, no se registran casos sospechosos, ni positivos de Coronavirus.<\/p>\n\n\n\n<p>19 personas se encuentran cumpliendo la cuarentena preventiva, siendo todos monitoreados en forma diaria por el equipo de salud. Ninguno de ellos ha presentado s\u00edntomas hasta el momento.<\/p>\n","protected":false},"excerpt":{"rendered":"<p>La Direcci\u00f3n de Salud de Florentino Ameghino inform\u00f3 en relaci\u00f3n al estudio pendiente del caso&#8230;<\/p>\n","protected":false},"author":2,"featured_media":60122,"comment_status":"closed","ping_status":"open","sticky":false,"template":"","format":"standard","meta":{"footnotes":""},"categories":[198],"tags":[719],"class_list":["post-61304","post","type-post","status-publish","format-standard","has-post-thumbnail","hentry","category-c1nota5","tag-ameghino"],"yoast_head":"<!-- This site is optimized with the Yoast SEO plugin v23.4 - https:\/\/yoast.com\/wordpress\/plugins\/seo\/ -->\n<title>Arroj\u00f3 resultado negativo el caso sospechoso de COVID-19 en Ameghino - Infoecos<\/title>\n<meta name=\"robots\" content=\"index, follow, max-snippet:-1, max-image-preview:large, max-video-preview:-1\" \/>\n<link rel=\"canonical\" href=\"https:\/\/infoecos.com.ar\/index.php\/arrojo-resultado-negativo-el-caso-sospechoso-de-covid-19-en-ameghino\/\" \/>\n<meta property=\"og:locale\" content=\"es_ES\" \/>\n<meta property=\"og:type\" content=\"article\" \/>\n<meta property=\"og:title\" content=\"Arroj\u00f3 resultado negativo el caso sospechoso de COVID-19 en Ameghino - Infoecos\" \/>\n<meta property=\"og:description\" content=\"La Direcci\u00f3n de Salud de Florentino Ameghino inform\u00f3 en relaci\u00f3n al estudio pendiente del caso...\" \/>\n<meta property=\"og:url\" content=\"https:\/\/infoecos.com.ar\/index.php\/arrojo-resultado-negativo-el-caso-sospechoso-de-covid-19-en-ameghino\/\" \/>\n<meta property=\"og:site_name\" content=\"Infoecos\" \/>\n<meta property=\"article:publisher\" content=\"https:\/\/www.facebook.com\/profile.php?id=100063200290284\" \/>\n<meta property=\"article:published_time\" content=\"2020-04-25T04:12:26+00:00\" \/>\n<meta property=\"article:modified_time\" content=\"2020-04-25T04:12:28+00:00\" \/>\n<meta property=\"og:image\" content=\"https:\/\/infoecos.com.ar\/wp-content\/uploads\/hospameghino.jpg\" \/>\n\t<meta property=\"og:image:width\" content=\"970\" \/>\n\t<meta property=\"og:image:height\" content=\"550\" \/>\n\t<meta property=\"og:image:type\" content=\"image\/jpeg\" \/>\n<meta name=\"author\" content=\"Jorge Matheus\" \/>\n<meta name=\"twitter:card\" content=\"summary_large_image\" \/>\n<meta name=\"twitter:creator\" content=\"@infoecos\" \/>\n<meta name=\"twitter:site\" content=\"@infoecos\" \/>\n<meta name=\"twitter:label1\" content=\"Escrito por\" \/>\n\t<meta name=\"twitter:data1\" content=\"Jorge Matheus\" \/>\n<script type=\"application\/ld+json\" class=\"yoast-schema-graph\">{\"@context\":\"https:\/\/schema.org\",\"@graph\":[{\"@type\":\"Article\",\"@id\":\"https:\/\/infoecos.com.ar\/index.php\/arrojo-resultado-negativo-el-caso-sospechoso-de-covid-19-en-ameghino\/#article\",\"isPartOf\":{\"@id\":\"https:\/\/infoecos.com.ar\/index.php\/arrojo-resultado-negativo-el-caso-sospechoso-de-covid-19-en-ameghino\/\"},\"author\":{\"name\":\"Jorge Matheus\",\"@id\":\"https:\/\/infoecos.com.ar\/#\/schema\/person\/8f5ace5ce73b4b4aac4b7245aee6f191\"},\"headline\":\"Arroj\u00f3 resultado negativo el caso sospechoso de COVID-19 en Ameghino\",\"datePublished\":\"2020-04-25T04:12:26+00:00\",\"dateModified\":\"2020-04-25T04:12:28+00:00\",\"mainEntityOfPage\":{\"@id\":\"https:\/\/infoecos.com.ar\/index.php\/arrojo-resultado-negativo-el-caso-sospechoso-de-covid-19-en-ameghino\/\"},\"wordCount\":78,\"publisher\":{\"@id\":\"https:\/\/infoecos.com.ar\/#organization\"},\"image\":{\"@id\":\"https:\/\/infoecos.com.ar\/index.php\/arrojo-resultado-negativo-el-caso-sospechoso-de-covid-19-en-ameghino\/#primaryimage\"},\"thumbnailUrl\":\"https:\/\/infoecos.com.ar\/wp-content\/uploads\/hospameghino.jpg\",\"keywords\":[\"AMEGHINO\"],\"articleSection\":[\"C1 nota 5\"],\"inLanguage\":\"es\"},{\"@type\":\"WebPage\",\"@id\":\"https:\/\/infoecos.com.ar\/index.php\/arrojo-resultado-negativo-el-caso-sospechoso-de-covid-19-en-ameghino\/\",\"url\":\"https:\/\/infoecos.com.ar\/index.php\/arrojo-resultado-negativo-el-caso-sospechoso-de-covid-19-en-ameghino\/\",\"name\":\"Arroj\u00f3 resultado negativo el caso sospechoso de COVID-19 en Ameghino - Infoecos\",\"isPartOf\":{\"@id\":\"https:\/\/infoecos.com.ar\/#website\"},\"primaryImageOfPage\":{\"@id\":\"https:\/\/infoecos.com.ar\/index.php\/arrojo-resultado-negativo-el-caso-sospechoso-de-covid-19-en-ameghino\/#primaryimage\"},\"image\":{\"@id\":\"https:\/\/infoecos.com.ar\/index.php\/arrojo-resultado-negativo-el-caso-sospechoso-de-covid-19-en-ameghino\/#primaryimage\"},\"thumbnailUrl\":\"https:\/\/infoecos.com.ar\/wp-content\/uploads\/hospameghino.jpg\",\"datePublished\":\"2020-04-25T04:12:26+00:00\",\"dateModified\":\"2020-04-25T04:12:28+00:00\",\"breadcrumb\":{\"@id\":\"https:\/\/infoecos.com.ar\/index.php\/arrojo-resultado-negativo-el-caso-sospechoso-de-covid-19-en-ameghino\/#breadcrumb\"},\"inLanguage\":\"es\",\"potentialAction\":[{\"@type\":\"ReadAction\",\"target\":[\"https:\/\/infoecos.com.ar\/index.php\/arrojo-resultado-negativo-el-caso-sospechoso-de-covid-19-en-ameghino\/\"]}]},{\"@type\":\"ImageObject\",\"inLanguage\":\"es\",\"@id\":\"https:\/\/infoecos.com.ar\/index.php\/arrojo-resultado-negativo-el-caso-sospechoso-de-covid-19-en-ameghino\/#primaryimage\",\"url\":\"https:\/\/infoecos.com.ar\/wp-content\/uploads\/hospameghino.jpg\",\"contentUrl\":\"https:\/\/infoecos.com.ar\/wp-content\/uploads\/hospameghino.jpg\",\"width\":970,\"height\":550,\"caption\":\"Ameghino - Hospital\"},{\"@type\":\"BreadcrumbList\",\"@id\":\"https:\/\/infoecos.com.ar\/index.php\/arrojo-resultado-negativo-el-caso-sospechoso-de-covid-19-en-ameghino\/#breadcrumb\",\"itemListElement\":[{\"@type\":\"ListItem\",\"position\":1,\"name\":\"Portada\",\"item\":\"https:\/\/infoecos.com.ar\/\"},{\"@type\":\"ListItem\",\"position\":2,\"name\":\"Arroj\u00f3 resultado negativo el caso sospechoso de COVID-19 en Ameghino\"}]},{\"@type\":\"WebSite\",\"@id\":\"https:\/\/infoecos.com.ar\/#website\",\"url\":\"https:\/\/infoecos.com.ar\/\",\"name\":\"Infoecos\",\"description\":\"Noticias de trenque lauquen y la zona\",\"publisher\":{\"@id\":\"https:\/\/infoecos.com.ar\/#organization\"},\"alternateName\":\"Noticias\",\"potentialAction\":[{\"@type\":\"SearchAction\",\"target\":{\"@type\":\"EntryPoint\",\"urlTemplate\":\"https:\/\/infoecos.com.ar\/?s={search_term_string}\"},\"query-input\":{\"@type\":\"PropertyValueSpecification\",\"valueRequired\":true,\"valueName\":\"search_term_string\"}}],\"inLanguage\":\"es\"},{\"@type\":\"Organization\",\"@id\":\"https:\/\/infoecos.com.ar\/#organization\",\"name\":\"Infoecos\",\"alternateName\":\"Noticias\",\"url\":\"https:\/\/infoecos.com.ar\/\",\"logo\":{\"@type\":\"ImageObject\",\"inLanguage\":\"es\",\"@id\":\"https:\/\/infoecos.com.ar\/#\/schema\/logo\/image\/\",\"url\":\"https:\/\/infoecos.com.ar\/wp-content\/uploads\/2024\/03\/cropped-logo.png\",\"contentUrl\":\"https:\/\/infoecos.com.ar\/wp-content\/uploads\/2024\/03\/cropped-logo.png\",\"width\":374,\"height\":90,\"caption\":\"Infoecos\"},\"image\":{\"@id\":\"https:\/\/infoecos.com.ar\/#\/schema\/logo\/image\/\"},\"sameAs\":[\"https:\/\/www.facebook.com\/profile.php?id=100063200290284\",\"https:\/\/x.com\/infoecos\"]},{\"@type\":\"Person\",\"@id\":\"https:\/\/infoecos.com.ar\/#\/schema\/person\/8f5ace5ce73b4b4aac4b7245aee6f191\",\"name\":\"Jorge Matheus\",\"url\":\"https:\/\/infoecos.com.ar\/index.php\/author\/jomatheus\/\"}]}<\/script>\n<!-- \/ Yoast SEO plugin. -->","yoast_head_json":{"title":"Arroj\u00f3 resultado negativo el caso sospechoso de COVID-19 en Ameghino - Infoecos","robots":{"index":"index","follow":"follow","max-snippet":"max-snippet:-1","max-image-preview":"max-image-preview:large","max-video-preview":"max-video-preview:-1"},"canonical":"https:\/\/infoecos.com.ar\/index.php\/arrojo-resultado-negativo-el-caso-sospechoso-de-covid-19-en-ameghino\/","og_locale":"es_ES","og_type":"article","og_title":"Arroj\u00f3 resultado negativo el caso sospechoso de COVID-19 en Ameghino - Infoecos","og_description":"La Direcci\u00f3n de Salud de Florentino Ameghino inform\u00f3 en relaci\u00f3n al estudio pendiente del caso...","og_url":"https:\/\/infoecos.com.ar\/index.php\/arrojo-resultado-negativo-el-caso-sospechoso-de-covid-19-en-ameghino\/","og_site_name":"Infoecos","article_publisher":"https:\/\/www.facebook.com\/profile.php?id=100063200290284","article_published_time":"2020-04-25T04:12:26+00:00","article_modified_time":"2020-04-25T04:12:28+00:00","og_image":[{"width":970,"height":550,"url":"https:\/\/infoecos.com.ar\/wp-content\/uploads\/hospameghino.jpg","type":"image\/jpeg"}],"author":"Jorge Matheus","twitter_card":"summary_large_image","twitter_creator":"@infoecos","twitter_site":"@infoecos","twitter_misc":{"Escrito por":"Jorge Matheus"},"schema":{"@context":"https:\/\/schema.org","@graph":[{"@type":"Article","@id":"https:\/\/infoecos.com.ar\/index.php\/arrojo-resultado-negativo-el-caso-sospechoso-de-covid-19-en-ameghino\/#article","isPartOf":{"@id":"https:\/\/infoecos.com.ar\/index.php\/arrojo-resultado-negativo-el-caso-sospechoso-de-covid-19-en-ameghino\/"},"author":{"name":"Jorge Matheus","@id":"https:\/\/infoecos.com.ar\/#\/schema\/person\/8f5ace5ce73b4b4aac4b7245aee6f191"},"headline":"Arroj\u00f3 resultado negativo el caso sospechoso de COVID-19 en Ameghino","datePublished":"2020-04-25T04:12:26+00:00","dateModified":"2020-04-25T04:12:28+00:00","mainEntityOfPage":{"@id":"https:\/\/infoecos.com.ar\/index.php\/arrojo-resultado-negativo-el-caso-sospechoso-de-covid-19-en-ameghino\/"},"wordCount":78,"publisher":{"@id":"https:\/\/infoecos.com.ar\/#organization"},"image":{"@id":"https:\/\/infoecos.com.ar\/index.php\/arrojo-resultado-negativo-el-caso-sospechoso-de-covid-19-en-ameghino\/#primaryimage"},"thumbnailUrl":"https:\/\/infoecos.com.ar\/wp-content\/uploads\/hospameghino.jpg","keywords":["AMEGHINO"],"articleSection":["C1 nota 5"],"inLanguage":"es"},{"@type":"WebPage","@id":"https:\/\/infoecos.com.ar\/index.php\/arrojo-resultado-negativo-el-caso-sospechoso-de-covid-19-en-ameghino\/","url":"https:\/\/infoecos.com.ar\/index.php\/arrojo-resultado-negativo-el-caso-sospechoso-de-covid-19-en-ameghino\/","name":"Arroj\u00f3 resultado negativo el caso sospechoso de COVID-19 en Ameghino - Infoecos","isPartOf":{"@id":"https:\/\/infoecos.com.ar\/#website"},"primaryImageOfPage":{"@id":"https:\/\/infoecos.com.ar\/index.php\/arrojo-resultado-negativo-el-caso-sospechoso-de-covid-19-en-ameghino\/#primaryimage"},"image":{"@id":"https:\/\/infoecos.com.ar\/index.php\/arrojo-resultado-negativo-el-caso-sospechoso-de-covid-19-en-ameghino\/#primaryimage"},"thumbnailUrl":"https:\/\/infoecos.com.ar\/wp-content\/uploads\/hospameghino.jpg","datePublished":"2020-04-25T04:12:26+00:00","dateModified":"2020-04-25T04:12:28+00:00","breadcrumb":{"@id":"https:\/\/infoecos.com.ar\/index.php\/arrojo-resultado-negativo-el-caso-sospechoso-de-covid-19-en-ameghino\/#breadcrumb"},"inLanguage":"es","potentialAction":[{"@type":"ReadAction","target":["https:\/\/infoecos.com.ar\/index.php\/arrojo-resultado-negativo-el-caso-sospechoso-de-covid-19-en-ameghino\/"]}]},{"@type":"ImageObject","inLanguage":"es","@id":"https:\/\/infoecos.com.ar\/index.php\/arrojo-resultado-negativo-el-caso-sospechoso-de-covid-19-en-ameghino\/#primaryimage","url":"https:\/\/infoecos.com.ar\/wp-content\/uploads\/hospameghino.jpg","contentUrl":"https:\/\/infoecos.com.ar\/wp-content\/uploads\/hospameghino.jpg","width":970,"height":550,"caption":"Ameghino - Hospital"},{"@type":"BreadcrumbList","@id":"https:\/\/infoecos.com.ar\/index.php\/arrojo-resultado-negativo-el-caso-sospechoso-de-covid-19-en-ameghino\/#breadcrumb","itemListElement":[{"@type":"ListItem","position":1,"name":"Portada","item":"https:\/\/infoecos.com.ar\/"},{"@type":"ListItem","position":2,"name":"Arroj\u00f3 resultado negativo el caso sospechoso de COVID-19 en Ameghino"}]},{"@type":"WebSite","@id":"https:\/\/infoecos.com.ar\/#website","url":"https:\/\/infoecos.com.ar\/","name":"Infoecos","description":"Noticias de trenque lauquen y la zona","publisher":{"@id":"https:\/\/infoecos.com.ar\/#organization"},"alternateName":"Noticias","potentialAction":[{"@type":"SearchAction","target":{"@type":"EntryPoint","urlTemplate":"https:\/\/infoecos.com.ar\/?s={search_term_string}"},"query-input":{"@type":"PropertyValueSpecification","valueRequired":true,"valueName":"search_term_string"}}],"inLanguage":"es"},{"@type":"Organization","@id":"https:\/\/infoecos.com.ar\/#organization","name":"Infoecos","alternateName":"Noticias","url":"https:\/\/infoecos.com.ar\/","logo":{"@type":"ImageObject","inLanguage":"es","@id":"https:\/\/infoecos.com.ar\/#\/schema\/logo\/image\/","url":"https:\/\/infoecos.com.ar\/wp-content\/uploads\/2024\/03\/cropped-logo.png","contentUrl":"https:\/\/infoecos.com.ar\/wp-content\/uploads\/2024\/03\/cropped-logo.png","width":374,"height":90,"caption":"Infoecos"},"image":{"@id":"https:\/\/infoecos.com.ar\/#\/schema\/logo\/image\/"},"sameAs":["https:\/\/www.facebook.com\/profile.php?id=100063200290284","https:\/\/x.com\/infoecos"]},{"@type":"Person","@id":"https:\/\/infoecos.com.ar\/#\/schema\/person\/8f5ace5ce73b4b4aac4b7245aee6f191","name":"Jorge Matheus","url":"https:\/\/infoecos.com.ar\/index.php\/author\/jomatheus\/"}]}},"featured_image_urls":{"full":["https:\/\/infoecos.com.ar\/wp-content\/uploads\/hospameghino.jpg",970,550,false],"thumbnail":["https:\/\/infoecos.com.ar\/wp-content\/uploads\/hospameghino-150x150.jpg",150,150,true],"medium":["https:\/\/infoecos.com.ar\/wp-content\/uploads\/hospameghino-460x261.jpg",460,261,true],"medium_large":["https:\/\/infoecos.com.ar\/wp-content\/uploads\/hospameghino-768x435.jpg",640,363,true],"large":["https:\/\/infoecos.com.ar\/wp-content\/uploads\/hospameghino-920x522.jpg",640,363,true],"1536x1536":["https:\/\/infoecos.com.ar\/wp-content\/uploads\/hospameghino.jpg",970,550,false],"2048x2048":["https:\/\/infoecos.com.ar\/wp-content\/uploads\/hospameghino.jpg",970,550,false],"covernews-slider-full":["https:\/\/infoecos.com.ar\/wp-content\/uploads\/hospameghino.jpg",970,550,false],"covernews-slider-center":["https:\/\/infoecos.com.ar\/wp-content\/uploads\/hospameghino-936x550.jpg",800,470,true],"covernews-featured":["https:\/\/infoecos.com.ar\/wp-content\/uploads\/hospameghino.jpg",970,550,false],"covernews-medium":["https:\/\/infoecos.com.ar\/wp-content\/uploads\/hospameghino-720x380.jpg",540,285,true],"covernews-medium-square":["https:\/\/infoecos.com.ar\/wp-content\/uploads\/hospameghino-675x450.jpg",375,250,true]},"author_info":{"info":["Jorge Matheus"]},"category_info":"<a href=\"https:\/\/infoecos.com.ar\/index.php\/category\/c1nota5\/\" rel=\"category tag\">C1 nota 5<\/a>","tag_info":"C1 nota 5","comment_count":"0","_links":{"self":[{"href":"https:\/\/infoecos.com.ar\/index.php\/wp-json\/wp\/v2\/posts\/61304"}],"collection":[{"href":"https:\/\/infoecos.com.ar\/index.php\/wp-json\/wp\/v2\/posts"}],"about":[{"href":"https:\/\/infoecos.com.ar\/index.php\/wp-json\/wp\/v2\/types\/post"}],"author":[{"embeddable":true,"href":"https:\/\/infoecos.com.ar\/index.php\/wp-json\/wp\/v2\/users\/2"}],"replies":[{"embeddable":true,"href":"https:\/\/infoecos.com.ar\/index.php\/wp-json\/wp\/v2\/comments?post=61304"}],"version-history":[{"count":1,"href":"https:\/\/infoecos.com.ar\/index.php\/wp-json\/wp\/v2\/posts\/61304\/revisions"}],"predecessor-version":[{"id":61305,"href":"https:\/\/infoecos.com.ar\/index.php\/wp-json\/wp\/v2\/posts\/61304\/revisions\/61305"}],"wp:featuredmedia":[{"embeddable":true,"href":"https:\/\/infoecos.com.ar\/index.php\/wp-json\/wp\/v2\/media\/60122"}],"wp:attachment":[{"href":"https:\/\/infoecos.com.ar\/index.php\/wp-json\/wp\/v2\/media?parent=61304"}],"wp:term":[{"taxonomy":"category","embeddable":true,"href":"https:\/\/infoecos.com.ar\/index.php\/wp-json\/wp\/v2\/categories?post=61304"},{"taxonomy":"post_tag","embeddable":true,"href":"https:\/\/infoecos.com.ar\/index.php\/wp-json\/wp\/v2\/tags?post=61304"}],"curies":[{"name":"wp","href":"https:\/\/api.w.org\/{rel}","templated":true}]}}