{"id":61320,"date":"2020-04-25T22:26:58","date_gmt":"2020-04-26T01:26:58","guid":{"rendered":"http:\/\/infoecos.com.ar\/?p=61320"},"modified":"2020-04-26T23:51:28","modified_gmt":"2020-04-27T02:51:28","slug":"fernandez-dijo-que-vamos-a-seguir-sin-clases-sin-la-administracion-publica-y-sin-actividades-recreativas-ni-espectaculos","status":"publish","type":"post","link":"https:\/\/infoecos.com.ar\/index.php\/fernandez-dijo-que-vamos-a-seguir-sin-clases-sin-la-administracion-publica-y-sin-actividades-recreativas-ni-espectaculos\/","title":{"rendered":"Fern\u00e1ndez dijo que \u00abvamos a seguir sin clases, sin la administraci\u00f3n p\u00fablica y sin actividades recreativas, ni espect\u00e1culos\u00bb"},"content":{"rendered":"\n<p>El Presidente se\u00f1al\u00f3 que el Gobierno nacional har\u00e1 un \u00abseguimiento estricto de la pandemia\u00bb en los distritos donde se abrir\u00e1n excepciones y advirti\u00f3 que \u00absi se desbordan los n\u00fameros o las exigencia dejan de cumplirse vamos a poder dar marcha atr\u00e1s con la decisi\u00f3n provincial\u00bb.<\/p>\n\n\n\n<p>Adem\u00e1s, anunci\u00f3 que \u00abvamos a seguir sin clases, sin la administraci\u00f3n p\u00fablica y sin actividades recreativas, ni espect\u00e1culos\u00bb.<\/p>\n\n\n\n<div class=\"wp-block-image\"><figure class=\"aligncenter size-medium\"><img loading=\"lazy\" decoding=\"async\" width=\"460\" height=\"259\" src=\"http:\/\/infoecos.com.ar\/wp-content\/uploads\/fernandezfilmina-460x259.jpg\" alt=\"\" class=\"wp-image-61321\" srcset=\"https:\/\/infoecos.com.ar\/wp-content\/uploads\/fernandezfilmina-460x259.jpg 460w, https:\/\/infoecos.com.ar\/wp-content\/uploads\/fernandezfilmina-920x518.jpg 920w, https:\/\/infoecos.com.ar\/wp-content\/uploads\/fernandezfilmina-768x432.jpg 768w, https:\/\/infoecos.com.ar\/wp-content\/uploads\/fernandezfilmina.jpg 1004w\" sizes=\"(max-width: 460px) 100vw, 460px\" \/><\/figure><\/div>\n\n\n\n<p>Adelant\u00f3 que el gobierno nacional \u00abva a autorizar que cualquier persona pueda salir un radio de 500 metros fuera de su casa con fines de esparciamiento\u00bb.<\/p>\n\n\n\n<p>\u00abSe trata de una hora diariamente y en un radio de 500 metros. Los ni\u00f1os pueden salir acompa\u00f1ados por sus padres, y los adolescentes solos\u00bb, dijo el mandatario en un mensaje desde Olivos, en el que resalt\u00f2 la necesidad de mantener el protocolo establecido para evitar contagios.<\/p>\n\n\n\n<p>El presidente Alberto Fern\u00e1ndez dijo que \u00abnos abrimos a un nuevo desaf\u00edo\u00bb y pidi\u00f3 a la poblaci\u00f3n que \u00abtodos entendamos que estamos en nueva etapa\u00bb<\/p>\n\n\n\n<p>\u00abTenemos prevista dos etapas m\u00e1s hasta llegar al final del tiempo en que todo quede liberado\u00bb, dijo el mandatario desde Olivos y solicit\u00f3 que, \u00aben toda actividad que se inicie\u00bb, sean tomados \u00abtodos los recaudos necesarios para minimizar posibilidades de contagio\u00bb.<\/p>\n\n\n\n<p>Fern\u00e1ndez dijo que \u00abnos abrimos a un nuevo desaf\u00edo\u00bb y pidi\u00f3 a la poblaci\u00f3n que \u00abtodos entendamos que estamos en nueva etapa\u00bb<\/p>\n\n\n\n<p>\u00abTenemos prevista dos etapas m\u00e1s hasta llegar al final del tiempo en que todo quede liberado\u00bb, dijo el mandatario desde Olivos y solicit\u00f3 que, \u00aben toda actividad que se inicie\u00bb, sean tomados \u00abtodos los recaudos necesarios para minimizar posibilidades de contagio\u00bb.<\/p>\n\n\n\n<p>Agradeci\u00f3 \u00aba cada argentino por haber entendido lo que queremos hacer, cuidar la salud de los argentinos\u00bb, y dijo que \u00abla salud nos ha unido a todos, sin marcar diferencias\u00bb.<\/p>\n\n\n\n<p>\u00abLes doy las gracias; sigamos juntos, trabajando unidos; as\u00ed, vamos a poder salir mucho m\u00e1s r\u00e1pido y con menos dolor de este tiempo que nos ha tocado vivir\u00bb, afirm\u00f3\n\n<\/p>\n","protected":false},"excerpt":{"rendered":"<p>El Presidente se\u00f1al\u00f3 que el Gobierno nacional har\u00e1 un \u00abseguimiento estricto de la pandemia\u00bb en&#8230;<\/p>\n","protected":false},"author":2,"featured_media":61321,"comment_status":"closed","ping_status":"open","sticky":false,"template":"","format":"standard","meta":{"footnotes":""},"categories":[29],"tags":[1785],"class_list":["post-61320","post","type-post","status-publish","format-standard","has-post-thumbnail","hentry","category-c2nota1","tag-coronavirus"],"yoast_head":"<!-- This site is optimized with the Yoast SEO plugin v23.4 - https:\/\/yoast.com\/wordpress\/plugins\/seo\/ -->\n<title>Fern\u00e1ndez dijo que &quot;vamos a seguir sin clases, sin la administraci\u00f3n p\u00fablica y sin actividades recreativas, ni espect\u00e1culos&quot; - Infoecos<\/title>\n<meta name=\"robots\" content=\"index, follow, max-snippet:-1, max-image-preview:large, max-video-preview:-1\" \/>\n<link rel=\"canonical\" href=\"https:\/\/infoecos.com.ar\/index.php\/fernandez-dijo-que-vamos-a-seguir-sin-clases-sin-la-administracion-publica-y-sin-actividades-recreativas-ni-espectaculos\/\" \/>\n<meta property=\"og:locale\" content=\"es_ES\" \/>\n<meta property=\"og:type\" content=\"article\" \/>\n<meta property=\"og:title\" content=\"Fern\u00e1ndez dijo que &quot;vamos a seguir sin clases, sin la administraci\u00f3n p\u00fablica y sin actividades recreativas, ni espect\u00e1culos&quot; - Infoecos\" \/>\n<meta property=\"og:description\" content=\"El Presidente se\u00f1al\u00f3 que el Gobierno nacional har\u00e1 un \u00abseguimiento estricto de la pandemia\u00bb en...\" \/>\n<meta property=\"og:url\" content=\"https:\/\/infoecos.com.ar\/index.php\/fernandez-dijo-que-vamos-a-seguir-sin-clases-sin-la-administracion-publica-y-sin-actividades-recreativas-ni-espectaculos\/\" \/>\n<meta property=\"og:site_name\" content=\"Infoecos\" \/>\n<meta property=\"article:publisher\" content=\"https:\/\/www.facebook.com\/profile.php?id=100063200290284\" \/>\n<meta property=\"article:published_time\" content=\"2020-04-26T01:26:58+00:00\" \/>\n<meta property=\"article:modified_time\" content=\"2020-04-27T02:51:28+00:00\" \/>\n<meta property=\"og:image\" content=\"https:\/\/infoecos.com.ar\/wp-content\/uploads\/fernandezfilmina.jpg\" \/>\n\t<meta property=\"og:image:width\" content=\"1004\" \/>\n\t<meta property=\"og:image:height\" content=\"565\" \/>\n\t<meta property=\"og:image:type\" content=\"image\/jpeg\" \/>\n<meta name=\"author\" content=\"Jorge Matheus\" \/>\n<meta name=\"twitter:card\" content=\"summary_large_image\" \/>\n<meta name=\"twitter:creator\" content=\"@infoecos\" \/>\n<meta name=\"twitter:site\" content=\"@infoecos\" \/>\n<meta name=\"twitter:label1\" content=\"Escrito por\" \/>\n\t<meta name=\"twitter:data1\" content=\"Jorge Matheus\" \/>\n\t<meta name=\"twitter:label2\" content=\"Tiempo de lectura\" \/>\n\t<meta name=\"twitter:data2\" content=\"2 minutos\" \/>\n<script type=\"application\/ld+json\" class=\"yoast-schema-graph\">{\"@context\":\"https:\/\/schema.org\",\"@graph\":[{\"@type\":\"Article\",\"@id\":\"https:\/\/infoecos.com.ar\/index.php\/fernandez-dijo-que-vamos-a-seguir-sin-clases-sin-la-administracion-publica-y-sin-actividades-recreativas-ni-espectaculos\/#article\",\"isPartOf\":{\"@id\":\"https:\/\/infoecos.com.ar\/index.php\/fernandez-dijo-que-vamos-a-seguir-sin-clases-sin-la-administracion-publica-y-sin-actividades-recreativas-ni-espectaculos\/\"},\"author\":{\"name\":\"Jorge Matheus\",\"@id\":\"https:\/\/infoecos.com.ar\/#\/schema\/person\/8f5ace5ce73b4b4aac4b7245aee6f191\"},\"headline\":\"Fern\u00e1ndez dijo que \u00abvamos a seguir sin clases, sin la administraci\u00f3n p\u00fablica y sin actividades recreativas, ni espect\u00e1culos\u00bb\",\"datePublished\":\"2020-04-26T01:26:58+00:00\",\"dateModified\":\"2020-04-27T02:51:28+00:00\",\"mainEntityOfPage\":{\"@id\":\"https:\/\/infoecos.com.ar\/index.php\/fernandez-dijo-que-vamos-a-seguir-sin-clases-sin-la-administracion-publica-y-sin-actividades-recreativas-ni-espectaculos\/\"},\"wordCount\":365,\"publisher\":{\"@id\":\"https:\/\/infoecos.com.ar\/#organization\"},\"image\":{\"@id\":\"https:\/\/infoecos.com.ar\/index.php\/fernandez-dijo-que-vamos-a-seguir-sin-clases-sin-la-administracion-publica-y-sin-actividades-recreativas-ni-espectaculos\/#primaryimage\"},\"thumbnailUrl\":\"https:\/\/infoecos.com.ar\/wp-content\/uploads\/fernandezfilmina.jpg\",\"keywords\":[\"CORONAVIRUS\"],\"articleSection\":[\"C2 nota 1\"],\"inLanguage\":\"es\"},{\"@type\":\"WebPage\",\"@id\":\"https:\/\/infoecos.com.ar\/index.php\/fernandez-dijo-que-vamos-a-seguir-sin-clases-sin-la-administracion-publica-y-sin-actividades-recreativas-ni-espectaculos\/\",\"url\":\"https:\/\/infoecos.com.ar\/index.php\/fernandez-dijo-que-vamos-a-seguir-sin-clases-sin-la-administracion-publica-y-sin-actividades-recreativas-ni-espectaculos\/\",\"name\":\"Fern\u00e1ndez dijo que \\\"vamos a seguir sin clases, sin la administraci\u00f3n p\u00fablica y sin actividades recreativas, ni espect\u00e1culos\\\" - Infoecos\",\"isPartOf\":{\"@id\":\"https:\/\/infoecos.com.ar\/#website\"},\"primaryImageOfPage\":{\"@id\":\"https:\/\/infoecos.com.ar\/index.php\/fernandez-dijo-que-vamos-a-seguir-sin-clases-sin-la-administracion-publica-y-sin-actividades-recreativas-ni-espectaculos\/#primaryimage\"},\"image\":{\"@id\":\"https:\/\/infoecos.com.ar\/index.php\/fernandez-dijo-que-vamos-a-seguir-sin-clases-sin-la-administracion-publica-y-sin-actividades-recreativas-ni-espectaculos\/#primaryimage\"},\"thumbnailUrl\":\"https:\/\/infoecos.com.ar\/wp-content\/uploads\/fernandezfilmina.jpg\",\"datePublished\":\"2020-04-26T01:26:58+00:00\",\"dateModified\":\"2020-04-27T02:51:28+00:00\",\"breadcrumb\":{\"@id\":\"https:\/\/infoecos.com.ar\/index.php\/fernandez-dijo-que-vamos-a-seguir-sin-clases-sin-la-administracion-publica-y-sin-actividades-recreativas-ni-espectaculos\/#breadcrumb\"},\"inLanguage\":\"es\",\"potentialAction\":[{\"@type\":\"ReadAction\",\"target\":[\"https:\/\/infoecos.com.ar\/index.php\/fernandez-dijo-que-vamos-a-seguir-sin-clases-sin-la-administracion-publica-y-sin-actividades-recreativas-ni-espectaculos\/\"]}]},{\"@type\":\"ImageObject\",\"inLanguage\":\"es\",\"@id\":\"https:\/\/infoecos.com.ar\/index.php\/fernandez-dijo-que-vamos-a-seguir-sin-clases-sin-la-administracion-publica-y-sin-actividades-recreativas-ni-espectaculos\/#primaryimage\",\"url\":\"https:\/\/infoecos.com.ar\/wp-content\/uploads\/fernandezfilmina.jpg\",\"contentUrl\":\"https:\/\/infoecos.com.ar\/wp-content\/uploads\/fernandezfilmina.jpg\",\"width\":1004,\"height\":565},{\"@type\":\"BreadcrumbList\",\"@id\":\"https:\/\/infoecos.com.ar\/index.php\/fernandez-dijo-que-vamos-a-seguir-sin-clases-sin-la-administracion-publica-y-sin-actividades-recreativas-ni-espectaculos\/#breadcrumb\",\"itemListElement\":[{\"@type\":\"ListItem\",\"position\":1,\"name\":\"Portada\",\"item\":\"https:\/\/infoecos.com.ar\/\"},{\"@type\":\"ListItem\",\"position\":2,\"name\":\"Fern\u00e1ndez dijo que \u00abvamos a seguir sin clases, sin la administraci\u00f3n p\u00fablica y sin actividades recreativas, ni espect\u00e1culos\u00bb\"}]},{\"@type\":\"WebSite\",\"@id\":\"https:\/\/infoecos.com.ar\/#website\",\"url\":\"https:\/\/infoecos.com.ar\/\",\"name\":\"Infoecos\",\"description\":\"Noticias de trenque lauquen y la zona\",\"publisher\":{\"@id\":\"https:\/\/infoecos.com.ar\/#organization\"},\"alternateName\":\"Noticias\",\"potentialAction\":[{\"@type\":\"SearchAction\",\"target\":{\"@type\":\"EntryPoint\",\"urlTemplate\":\"https:\/\/infoecos.com.ar\/?s={search_term_string}\"},\"query-input\":{\"@type\":\"PropertyValueSpecification\",\"valueRequired\":true,\"valueName\":\"search_term_string\"}}],\"inLanguage\":\"es\"},{\"@type\":\"Organization\",\"@id\":\"https:\/\/infoecos.com.ar\/#organization\",\"name\":\"Infoecos\",\"alternateName\":\"Noticias\",\"url\":\"https:\/\/infoecos.com.ar\/\",\"logo\":{\"@type\":\"ImageObject\",\"inLanguage\":\"es\",\"@id\":\"https:\/\/infoecos.com.ar\/#\/schema\/logo\/image\/\",\"url\":\"https:\/\/infoecos.com.ar\/wp-content\/uploads\/2024\/03\/cropped-logo.png\",\"contentUrl\":\"https:\/\/infoecos.com.ar\/wp-content\/uploads\/2024\/03\/cropped-logo.png\",\"width\":374,\"height\":90,\"caption\":\"Infoecos\"},\"image\":{\"@id\":\"https:\/\/infoecos.com.ar\/#\/schema\/logo\/image\/\"},\"sameAs\":[\"https:\/\/www.facebook.com\/profile.php?id=100063200290284\",\"https:\/\/x.com\/infoecos\"]},{\"@type\":\"Person\",\"@id\":\"https:\/\/infoecos.com.ar\/#\/schema\/person\/8f5ace5ce73b4b4aac4b7245aee6f191\",\"name\":\"Jorge Matheus\",\"url\":\"https:\/\/infoecos.com.ar\/index.php\/author\/jomatheus\/\"}]}<\/script>\n<!-- \/ Yoast SEO plugin. -->","yoast_head_json":{"title":"Fern\u00e1ndez dijo que \"vamos a seguir sin clases, sin la administraci\u00f3n p\u00fablica y sin actividades recreativas, ni espect\u00e1culos\" - Infoecos","robots":{"index":"index","follow":"follow","max-snippet":"max-snippet:-1","max-image-preview":"max-image-preview:large","max-video-preview":"max-video-preview:-1"},"canonical":"https:\/\/infoecos.com.ar\/index.php\/fernandez-dijo-que-vamos-a-seguir-sin-clases-sin-la-administracion-publica-y-sin-actividades-recreativas-ni-espectaculos\/","og_locale":"es_ES","og_type":"article","og_title":"Fern\u00e1ndez dijo que \"vamos a seguir sin clases, sin la administraci\u00f3n p\u00fablica y sin actividades recreativas, ni espect\u00e1culos\" - Infoecos","og_description":"El Presidente se\u00f1al\u00f3 que el Gobierno nacional har\u00e1 un \u00abseguimiento estricto de la pandemia\u00bb en...","og_url":"https:\/\/infoecos.com.ar\/index.php\/fernandez-dijo-que-vamos-a-seguir-sin-clases-sin-la-administracion-publica-y-sin-actividades-recreativas-ni-espectaculos\/","og_site_name":"Infoecos","article_publisher":"https:\/\/www.facebook.com\/profile.php?id=100063200290284","article_published_time":"2020-04-26T01:26:58+00:00","article_modified_time":"2020-04-27T02:51:28+00:00","og_image":[{"width":1004,"height":565,"url":"https:\/\/infoecos.com.ar\/wp-content\/uploads\/fernandezfilmina.jpg","type":"image\/jpeg"}],"author":"Jorge Matheus","twitter_card":"summary_large_image","twitter_creator":"@infoecos","twitter_site":"@infoecos","twitter_misc":{"Escrito por":"Jorge Matheus","Tiempo de lectura":"2 minutos"},"schema":{"@context":"https:\/\/schema.org","@graph":[{"@type":"Article","@id":"https:\/\/infoecos.com.ar\/index.php\/fernandez-dijo-que-vamos-a-seguir-sin-clases-sin-la-administracion-publica-y-sin-actividades-recreativas-ni-espectaculos\/#article","isPartOf":{"@id":"https:\/\/infoecos.com.ar\/index.php\/fernandez-dijo-que-vamos-a-seguir-sin-clases-sin-la-administracion-publica-y-sin-actividades-recreativas-ni-espectaculos\/"},"author":{"name":"Jorge Matheus","@id":"https:\/\/infoecos.com.ar\/#\/schema\/person\/8f5ace5ce73b4b4aac4b7245aee6f191"},"headline":"Fern\u00e1ndez dijo que \u00abvamos a seguir sin clases, sin la administraci\u00f3n p\u00fablica y sin actividades recreativas, ni espect\u00e1culos\u00bb","datePublished":"2020-04-26T01:26:58+00:00","dateModified":"2020-04-27T02:51:28+00:00","mainEntityOfPage":{"@id":"https:\/\/infoecos.com.ar\/index.php\/fernandez-dijo-que-vamos-a-seguir-sin-clases-sin-la-administracion-publica-y-sin-actividades-recreativas-ni-espectaculos\/"},"wordCount":365,"publisher":{"@id":"https:\/\/infoecos.com.ar\/#organization"},"image":{"@id":"https:\/\/infoecos.com.ar\/index.php\/fernandez-dijo-que-vamos-a-seguir-sin-clases-sin-la-administracion-publica-y-sin-actividades-recreativas-ni-espectaculos\/#primaryimage"},"thumbnailUrl":"https:\/\/infoecos.com.ar\/wp-content\/uploads\/fernandezfilmina.jpg","keywords":["CORONAVIRUS"],"articleSection":["C2 nota 1"],"inLanguage":"es"},{"@type":"WebPage","@id":"https:\/\/infoecos.com.ar\/index.php\/fernandez-dijo-que-vamos-a-seguir-sin-clases-sin-la-administracion-publica-y-sin-actividades-recreativas-ni-espectaculos\/","url":"https:\/\/infoecos.com.ar\/index.php\/fernandez-dijo-que-vamos-a-seguir-sin-clases-sin-la-administracion-publica-y-sin-actividades-recreativas-ni-espectaculos\/","name":"Fern\u00e1ndez dijo que \"vamos a seguir sin clases, sin la administraci\u00f3n p\u00fablica y sin actividades recreativas, ni espect\u00e1culos\" - Infoecos","isPartOf":{"@id":"https:\/\/infoecos.com.ar\/#website"},"primaryImageOfPage":{"@id":"https:\/\/infoecos.com.ar\/index.php\/fernandez-dijo-que-vamos-a-seguir-sin-clases-sin-la-administracion-publica-y-sin-actividades-recreativas-ni-espectaculos\/#primaryimage"},"image":{"@id":"https:\/\/infoecos.com.ar\/index.php\/fernandez-dijo-que-vamos-a-seguir-sin-clases-sin-la-administracion-publica-y-sin-actividades-recreativas-ni-espectaculos\/#primaryimage"},"thumbnailUrl":"https:\/\/infoecos.com.ar\/wp-content\/uploads\/fernandezfilmina.jpg","datePublished":"2020-04-26T01:26:58+00:00","dateModified":"2020-04-27T02:51:28+00:00","breadcrumb":{"@id":"https:\/\/infoecos.com.ar\/index.php\/fernandez-dijo-que-vamos-a-seguir-sin-clases-sin-la-administracion-publica-y-sin-actividades-recreativas-ni-espectaculos\/#breadcrumb"},"inLanguage":"es","potentialAction":[{"@type":"ReadAction","target":["https:\/\/infoecos.com.ar\/index.php\/fernandez-dijo-que-vamos-a-seguir-sin-clases-sin-la-administracion-publica-y-sin-actividades-recreativas-ni-espectaculos\/"]}]},{"@type":"ImageObject","inLanguage":"es","@id":"https:\/\/infoecos.com.ar\/index.php\/fernandez-dijo-que-vamos-a-seguir-sin-clases-sin-la-administracion-publica-y-sin-actividades-recreativas-ni-espectaculos\/#primaryimage","url":"https:\/\/infoecos.com.ar\/wp-content\/uploads\/fernandezfilmina.jpg","contentUrl":"https:\/\/infoecos.com.ar\/wp-content\/uploads\/fernandezfilmina.jpg","width":1004,"height":565},{"@type":"BreadcrumbList","@id":"https:\/\/infoecos.com.ar\/index.php\/fernandez-dijo-que-vamos-a-seguir-sin-clases-sin-la-administracion-publica-y-sin-actividades-recreativas-ni-espectaculos\/#breadcrumb","itemListElement":[{"@type":"ListItem","position":1,"name":"Portada","item":"https:\/\/infoecos.com.ar\/"},{"@type":"ListItem","position":2,"name":"Fern\u00e1ndez dijo que \u00abvamos a seguir sin clases, sin la administraci\u00f3n p\u00fablica y sin actividades recreativas, ni espect\u00e1culos\u00bb"}]},{"@type":"WebSite","@id":"https:\/\/infoecos.com.ar\/#website","url":"https:\/\/infoecos.com.ar\/","name":"Infoecos","description":"Noticias de trenque lauquen y la zona","publisher":{"@id":"https:\/\/infoecos.com.ar\/#organization"},"alternateName":"Noticias","potentialAction":[{"@type":"SearchAction","target":{"@type":"EntryPoint","urlTemplate":"https:\/\/infoecos.com.ar\/?s={search_term_string}"},"query-input":{"@type":"PropertyValueSpecification","valueRequired":true,"valueName":"search_term_string"}}],"inLanguage":"es"},{"@type":"Organization","@id":"https:\/\/infoecos.com.ar\/#organization","name":"Infoecos","alternateName":"Noticias","url":"https:\/\/infoecos.com.ar\/","logo":{"@type":"ImageObject","inLanguage":"es","@id":"https:\/\/infoecos.com.ar\/#\/schema\/logo\/image\/","url":"https:\/\/infoecos.com.ar\/wp-content\/uploads\/2024\/03\/cropped-logo.png","contentUrl":"https:\/\/infoecos.com.ar\/wp-content\/uploads\/2024\/03\/cropped-logo.png","width":374,"height":90,"caption":"Infoecos"},"image":{"@id":"https:\/\/infoecos.com.ar\/#\/schema\/logo\/image\/"},"sameAs":["https:\/\/www.facebook.com\/profile.php?id=100063200290284","https:\/\/x.com\/infoecos"]},{"@type":"Person","@id":"https:\/\/infoecos.com.ar\/#\/schema\/person\/8f5ace5ce73b4b4aac4b7245aee6f191","name":"Jorge Matheus","url":"https:\/\/infoecos.com.ar\/index.php\/author\/jomatheus\/"}]}},"featured_image_urls":{"full":["https:\/\/infoecos.com.ar\/wp-content\/uploads\/fernandezfilmina.jpg",1004,565,false],"thumbnail":["https:\/\/infoecos.com.ar\/wp-content\/uploads\/fernandezfilmina-150x150.jpg",150,150,true],"medium":["https:\/\/infoecos.com.ar\/wp-content\/uploads\/fernandezfilmina-460x259.jpg",460,259,true],"medium_large":["https:\/\/infoecos.com.ar\/wp-content\/uploads\/fernandezfilmina-768x432.jpg",640,360,true],"large":["https:\/\/infoecos.com.ar\/wp-content\/uploads\/fernandezfilmina-920x518.jpg",640,360,true],"1536x1536":["https:\/\/infoecos.com.ar\/wp-content\/uploads\/fernandezfilmina.jpg",1004,565,false],"2048x2048":["https:\/\/infoecos.com.ar\/wp-content\/uploads\/fernandezfilmina.jpg",1004,565,false],"covernews-slider-full":["https:\/\/infoecos.com.ar\/wp-content\/uploads\/fernandezfilmina.jpg",1004,565,false],"covernews-slider-center":["https:\/\/infoecos.com.ar\/wp-content\/uploads\/fernandezfilmina-936x565.jpg",800,483,true],"covernews-featured":["https:\/\/infoecos.com.ar\/wp-content\/uploads\/fernandezfilmina.jpg",1004,565,false],"covernews-medium":["https:\/\/infoecos.com.ar\/wp-content\/uploads\/fernandezfilmina-720x380.jpg",540,285,true],"covernews-medium-square":["https:\/\/infoecos.com.ar\/wp-content\/uploads\/fernandezfilmina-675x450.jpg",375,250,true]},"author_info":{"info":["Jorge Matheus"]},"category_info":"<a href=\"https:\/\/infoecos.com.ar\/index.php\/category\/c2nota1\/\" rel=\"category tag\">C2 nota 1<\/a>","tag_info":"C2 nota 1","comment_count":"0","_links":{"self":[{"href":"https:\/\/infoecos.com.ar\/index.php\/wp-json\/wp\/v2\/posts\/61320"}],"collection":[{"href":"https:\/\/infoecos.com.ar\/index.php\/wp-json\/wp\/v2\/posts"}],"about":[{"href":"https:\/\/infoecos.com.ar\/index.php\/wp-json\/wp\/v2\/types\/post"}],"author":[{"embeddable":true,"href":"https:\/\/infoecos.com.ar\/index.php\/wp-json\/wp\/v2\/users\/2"}],"replies":[{"embeddable":true,"href":"https:\/\/infoecos.com.ar\/index.php\/wp-json\/wp\/v2\/comments?post=61320"}],"version-history":[{"count":1,"href":"https:\/\/infoecos.com.ar\/index.php\/wp-json\/wp\/v2\/posts\/61320\/revisions"}],"predecessor-version":[{"id":61322,"href":"https:\/\/infoecos.com.ar\/index.php\/wp-json\/wp\/v2\/posts\/61320\/revisions\/61322"}],"wp:featuredmedia":[{"embeddable":true,"href":"https:\/\/infoecos.com.ar\/index.php\/wp-json\/wp\/v2\/media\/61321"}],"wp:attachment":[{"href":"https:\/\/infoecos.com.ar\/index.php\/wp-json\/wp\/v2\/media?parent=61320"}],"wp:term":[{"taxonomy":"category","embeddable":true,"href":"https:\/\/infoecos.com.ar\/index.php\/wp-json\/wp\/v2\/categories?post=61320"},{"taxonomy":"post_tag","embeddable":true,"href":"https:\/\/infoecos.com.ar\/index.php\/wp-json\/wp\/v2\/tags?post=61320"}],"curies":[{"name":"wp","href":"https:\/\/api.w.org\/{rel}","templated":true}]}}