{"id":61445,"date":"2020-04-28T01:28:24","date_gmt":"2020-04-28T04:28:24","guid":{"rendered":"http:\/\/infoecos.com.ar\/?p=61445"},"modified":"2020-04-28T01:38:32","modified_gmt":"2020-04-28T04:38:32","slug":"5-personas-murieryon-por-el-coronavirus-y-fueron-diagnosticados-111-nuevos-casos-positivos-en-argentina","status":"publish","type":"post","link":"https:\/\/infoecos.com.ar\/index.php\/5-personas-murieryon-por-el-coronavirus-y-fueron-diagnosticados-111-nuevos-casos-positivos-en-argentina\/","title":{"rendered":"5 personas murieron por el coronavirus y fueron diagnosticados 111 nuevos casos positivos en Argentina"},"content":{"rendered":"\n<p>Cinco personas murieron por el nuevo coronavirus en las \u00faltimas 24 horas y fueron diagnosticados 111 nuevos casos positivos, con lo que suman 197 los fallecidos y 4.003 los infectados desde el inicio de la pandemia en la Argentina, en un contexto donde el presidente Alberto Fern\u00e1ndez aclar\u00f3 que \u00abno hubo conflicto\u00bb con los gobiernos provinciales que decidieron no habilitar salidas recreativas para zonas de bajo riesgo.<\/p>\n\n\n\n<div class=\"wp-block-image\"><figure class=\"aligncenter size-medium\"><img loading=\"lazy\" decoding=\"async\" width=\"460\" height=\"259\" src=\"http:\/\/infoecos.com.ar\/wp-content\/uploads\/corote-460x259.jpg\" alt=\"\" class=\"wp-image-61446\" srcset=\"https:\/\/infoecos.com.ar\/wp-content\/uploads\/corote-460x259.jpg 460w, https:\/\/infoecos.com.ar\/wp-content\/uploads\/corote-920x518.jpg 920w, https:\/\/infoecos.com.ar\/wp-content\/uploads\/corote-768x432.jpg 768w, https:\/\/infoecos.com.ar\/wp-content\/uploads\/corote.jpg 1004w\" sizes=\"(max-width: 460px) 100vw, 460px\" \/><\/figure><\/div>\n\n\n\n<p>Del total de casos registrados hasta el momento, 905 (22,6%) son importados, 1.725 (43,1%) contactos estrechos de casos confirmados, 897 (22,4%) casos de circulaci\u00f3n comunitaria y el resto se encuentra en investigaci\u00f3n epidemiol\u00f3gica, inform\u00f3 el Ministerio de Salud.<\/p>\n\n\n\n<p><strong>Los cinco nuevos fallecimientos son de dos mujeres, una de 81 a\u00f1os, residente en la provincia de Buenos Aires; y otra de 70, en la provincia de C\u00f3rdoba; y tres hombres, dos de 81 y 68 a\u00f1os, ambos residentes en la Ciudad de Buenos Aires (CABA) y otro de 90, en la provincia de Chaco, por lo que el total de decesos es de 197 desde el inicio de la pandemia en el pa\u00eds .<\/strong><\/p>\n","protected":false},"excerpt":{"rendered":"<p>Cinco personas murieron por el nuevo coronavirus en las \u00faltimas 24 horas y fueron diagnosticados&#8230;<\/p>\n","protected":false},"author":2,"featured_media":61446,"comment_status":"closed","ping_status":"open","sticky":false,"template":"","format":"standard","meta":{"footnotes":""},"categories":[1341],"tags":[1785],"class_list":["post-61445","post","type-post","status-publish","format-standard","has-post-thumbnail","hentry","category-c1nota7","tag-coronavirus"],"yoast_head":"<!-- This site is optimized with the Yoast SEO plugin v23.4 - https:\/\/yoast.com\/wordpress\/plugins\/seo\/ -->\n<title>5 personas murieron por el coronavirus y fueron diagnosticados 111 nuevos casos positivos en Argentina - Infoecos<\/title>\n<meta name=\"robots\" content=\"index, follow, max-snippet:-1, max-image-preview:large, max-video-preview:-1\" \/>\n<link rel=\"canonical\" href=\"https:\/\/infoecos.com.ar\/index.php\/5-personas-murieryon-por-el-coronavirus-y-fueron-diagnosticados-111-nuevos-casos-positivos-en-argentina\/\" \/>\n<meta property=\"og:locale\" content=\"es_ES\" \/>\n<meta property=\"og:type\" content=\"article\" \/>\n<meta property=\"og:title\" content=\"5 personas murieron por el coronavirus y fueron diagnosticados 111 nuevos casos positivos en Argentina - Infoecos\" \/>\n<meta property=\"og:description\" content=\"Cinco personas murieron por el nuevo coronavirus en las \u00faltimas 24 horas y fueron diagnosticados...\" \/>\n<meta property=\"og:url\" content=\"https:\/\/infoecos.com.ar\/index.php\/5-personas-murieryon-por-el-coronavirus-y-fueron-diagnosticados-111-nuevos-casos-positivos-en-argentina\/\" \/>\n<meta property=\"og:site_name\" content=\"Infoecos\" \/>\n<meta property=\"article:publisher\" content=\"https:\/\/www.facebook.com\/profile.php?id=100063200290284\" \/>\n<meta property=\"article:published_time\" content=\"2020-04-28T04:28:24+00:00\" \/>\n<meta property=\"article:modified_time\" content=\"2020-04-28T04:38:32+00:00\" \/>\n<meta property=\"og:image\" content=\"https:\/\/infoecos.com.ar\/wp-content\/uploads\/corote.jpg\" \/>\n\t<meta property=\"og:image:width\" content=\"1004\" \/>\n\t<meta property=\"og:image:height\" content=\"565\" \/>\n\t<meta property=\"og:image:type\" content=\"image\/jpeg\" \/>\n<meta name=\"author\" content=\"Jorge Matheus\" \/>\n<meta name=\"twitter:card\" content=\"summary_large_image\" \/>\n<meta name=\"twitter:creator\" content=\"@infoecos\" \/>\n<meta name=\"twitter:site\" content=\"@infoecos\" \/>\n<meta name=\"twitter:label1\" content=\"Escrito por\" \/>\n\t<meta name=\"twitter:data1\" content=\"Jorge Matheus\" \/>\n\t<meta name=\"twitter:label2\" content=\"Tiempo de lectura\" \/>\n\t<meta name=\"twitter:data2\" content=\"1 minuto\" \/>\n<script type=\"application\/ld+json\" class=\"yoast-schema-graph\">{\"@context\":\"https:\/\/schema.org\",\"@graph\":[{\"@type\":\"Article\",\"@id\":\"https:\/\/infoecos.com.ar\/index.php\/5-personas-murieryon-por-el-coronavirus-y-fueron-diagnosticados-111-nuevos-casos-positivos-en-argentina\/#article\",\"isPartOf\":{\"@id\":\"https:\/\/infoecos.com.ar\/index.php\/5-personas-murieryon-por-el-coronavirus-y-fueron-diagnosticados-111-nuevos-casos-positivos-en-argentina\/\"},\"author\":{\"name\":\"Jorge Matheus\",\"@id\":\"https:\/\/infoecos.com.ar\/#\/schema\/person\/8f5ace5ce73b4b4aac4b7245aee6f191\"},\"headline\":\"5 personas murieron por el coronavirus y fueron diagnosticados 111 nuevos casos positivos en Argentina\",\"datePublished\":\"2020-04-28T04:28:24+00:00\",\"dateModified\":\"2020-04-28T04:38:32+00:00\",\"mainEntityOfPage\":{\"@id\":\"https:\/\/infoecos.com.ar\/index.php\/5-personas-murieryon-por-el-coronavirus-y-fueron-diagnosticados-111-nuevos-casos-positivos-en-argentina\/\"},\"wordCount\":184,\"publisher\":{\"@id\":\"https:\/\/infoecos.com.ar\/#organization\"},\"image\":{\"@id\":\"https:\/\/infoecos.com.ar\/index.php\/5-personas-murieryon-por-el-coronavirus-y-fueron-diagnosticados-111-nuevos-casos-positivos-en-argentina\/#primaryimage\"},\"thumbnailUrl\":\"https:\/\/infoecos.com.ar\/wp-content\/uploads\/corote.jpg\",\"keywords\":[\"CORONAVIRUS\"],\"articleSection\":[\"C1 nota 7\"],\"inLanguage\":\"es\"},{\"@type\":\"WebPage\",\"@id\":\"https:\/\/infoecos.com.ar\/index.php\/5-personas-murieryon-por-el-coronavirus-y-fueron-diagnosticados-111-nuevos-casos-positivos-en-argentina\/\",\"url\":\"https:\/\/infoecos.com.ar\/index.php\/5-personas-murieryon-por-el-coronavirus-y-fueron-diagnosticados-111-nuevos-casos-positivos-en-argentina\/\",\"name\":\"5 personas murieron por el coronavirus y fueron diagnosticados 111 nuevos casos positivos en Argentina - Infoecos\",\"isPartOf\":{\"@id\":\"https:\/\/infoecos.com.ar\/#website\"},\"primaryImageOfPage\":{\"@id\":\"https:\/\/infoecos.com.ar\/index.php\/5-personas-murieryon-por-el-coronavirus-y-fueron-diagnosticados-111-nuevos-casos-positivos-en-argentina\/#primaryimage\"},\"image\":{\"@id\":\"https:\/\/infoecos.com.ar\/index.php\/5-personas-murieryon-por-el-coronavirus-y-fueron-diagnosticados-111-nuevos-casos-positivos-en-argentina\/#primaryimage\"},\"thumbnailUrl\":\"https:\/\/infoecos.com.ar\/wp-content\/uploads\/corote.jpg\",\"datePublished\":\"2020-04-28T04:28:24+00:00\",\"dateModified\":\"2020-04-28T04:38:32+00:00\",\"breadcrumb\":{\"@id\":\"https:\/\/infoecos.com.ar\/index.php\/5-personas-murieryon-por-el-coronavirus-y-fueron-diagnosticados-111-nuevos-casos-positivos-en-argentina\/#breadcrumb\"},\"inLanguage\":\"es\",\"potentialAction\":[{\"@type\":\"ReadAction\",\"target\":[\"https:\/\/infoecos.com.ar\/index.php\/5-personas-murieryon-por-el-coronavirus-y-fueron-diagnosticados-111-nuevos-casos-positivos-en-argentina\/\"]}]},{\"@type\":\"ImageObject\",\"inLanguage\":\"es\",\"@id\":\"https:\/\/infoecos.com.ar\/index.php\/5-personas-murieryon-por-el-coronavirus-y-fueron-diagnosticados-111-nuevos-casos-positivos-en-argentina\/#primaryimage\",\"url\":\"https:\/\/infoecos.com.ar\/wp-content\/uploads\/corote.jpg\",\"contentUrl\":\"https:\/\/infoecos.com.ar\/wp-content\/uploads\/corote.jpg\",\"width\":1004,\"height\":565},{\"@type\":\"BreadcrumbList\",\"@id\":\"https:\/\/infoecos.com.ar\/index.php\/5-personas-murieryon-por-el-coronavirus-y-fueron-diagnosticados-111-nuevos-casos-positivos-en-argentina\/#breadcrumb\",\"itemListElement\":[{\"@type\":\"ListItem\",\"position\":1,\"name\":\"Portada\",\"item\":\"https:\/\/infoecos.com.ar\/\"},{\"@type\":\"ListItem\",\"position\":2,\"name\":\"5 personas murieron por el coronavirus y fueron diagnosticados 111 nuevos casos positivos en Argentina\"}]},{\"@type\":\"WebSite\",\"@id\":\"https:\/\/infoecos.com.ar\/#website\",\"url\":\"https:\/\/infoecos.com.ar\/\",\"name\":\"Infoecos\",\"description\":\"Noticias de trenque lauquen y la zona\",\"publisher\":{\"@id\":\"https:\/\/infoecos.com.ar\/#organization\"},\"alternateName\":\"Noticias\",\"potentialAction\":[{\"@type\":\"SearchAction\",\"target\":{\"@type\":\"EntryPoint\",\"urlTemplate\":\"https:\/\/infoecos.com.ar\/?s={search_term_string}\"},\"query-input\":{\"@type\":\"PropertyValueSpecification\",\"valueRequired\":true,\"valueName\":\"search_term_string\"}}],\"inLanguage\":\"es\"},{\"@type\":\"Organization\",\"@id\":\"https:\/\/infoecos.com.ar\/#organization\",\"name\":\"Infoecos\",\"alternateName\":\"Noticias\",\"url\":\"https:\/\/infoecos.com.ar\/\",\"logo\":{\"@type\":\"ImageObject\",\"inLanguage\":\"es\",\"@id\":\"https:\/\/infoecos.com.ar\/#\/schema\/logo\/image\/\",\"url\":\"https:\/\/infoecos.com.ar\/wp-content\/uploads\/2024\/03\/cropped-logo.png\",\"contentUrl\":\"https:\/\/infoecos.com.ar\/wp-content\/uploads\/2024\/03\/cropped-logo.png\",\"width\":374,\"height\":90,\"caption\":\"Infoecos\"},\"image\":{\"@id\":\"https:\/\/infoecos.com.ar\/#\/schema\/logo\/image\/\"},\"sameAs\":[\"https:\/\/www.facebook.com\/profile.php?id=100063200290284\",\"https:\/\/x.com\/infoecos\"]},{\"@type\":\"Person\",\"@id\":\"https:\/\/infoecos.com.ar\/#\/schema\/person\/8f5ace5ce73b4b4aac4b7245aee6f191\",\"name\":\"Jorge Matheus\",\"url\":\"https:\/\/infoecos.com.ar\/index.php\/author\/jomatheus\/\"}]}<\/script>\n<!-- \/ Yoast SEO plugin. -->","yoast_head_json":{"title":"5 personas murieron por el coronavirus y fueron diagnosticados 111 nuevos casos positivos en Argentina - Infoecos","robots":{"index":"index","follow":"follow","max-snippet":"max-snippet:-1","max-image-preview":"max-image-preview:large","max-video-preview":"max-video-preview:-1"},"canonical":"https:\/\/infoecos.com.ar\/index.php\/5-personas-murieryon-por-el-coronavirus-y-fueron-diagnosticados-111-nuevos-casos-positivos-en-argentina\/","og_locale":"es_ES","og_type":"article","og_title":"5 personas murieron por el coronavirus y fueron diagnosticados 111 nuevos casos positivos en Argentina - Infoecos","og_description":"Cinco personas murieron por el nuevo coronavirus en las \u00faltimas 24 horas y fueron diagnosticados...","og_url":"https:\/\/infoecos.com.ar\/index.php\/5-personas-murieryon-por-el-coronavirus-y-fueron-diagnosticados-111-nuevos-casos-positivos-en-argentina\/","og_site_name":"Infoecos","article_publisher":"https:\/\/www.facebook.com\/profile.php?id=100063200290284","article_published_time":"2020-04-28T04:28:24+00:00","article_modified_time":"2020-04-28T04:38:32+00:00","og_image":[{"width":1004,"height":565,"url":"https:\/\/infoecos.com.ar\/wp-content\/uploads\/corote.jpg","type":"image\/jpeg"}],"author":"Jorge Matheus","twitter_card":"summary_large_image","twitter_creator":"@infoecos","twitter_site":"@infoecos","twitter_misc":{"Escrito por":"Jorge Matheus","Tiempo de lectura":"1 minuto"},"schema":{"@context":"https:\/\/schema.org","@graph":[{"@type":"Article","@id":"https:\/\/infoecos.com.ar\/index.php\/5-personas-murieryon-por-el-coronavirus-y-fueron-diagnosticados-111-nuevos-casos-positivos-en-argentina\/#article","isPartOf":{"@id":"https:\/\/infoecos.com.ar\/index.php\/5-personas-murieryon-por-el-coronavirus-y-fueron-diagnosticados-111-nuevos-casos-positivos-en-argentina\/"},"author":{"name":"Jorge Matheus","@id":"https:\/\/infoecos.com.ar\/#\/schema\/person\/8f5ace5ce73b4b4aac4b7245aee6f191"},"headline":"5 personas murieron por el coronavirus y fueron diagnosticados 111 nuevos casos positivos en Argentina","datePublished":"2020-04-28T04:28:24+00:00","dateModified":"2020-04-28T04:38:32+00:00","mainEntityOfPage":{"@id":"https:\/\/infoecos.com.ar\/index.php\/5-personas-murieryon-por-el-coronavirus-y-fueron-diagnosticados-111-nuevos-casos-positivos-en-argentina\/"},"wordCount":184,"publisher":{"@id":"https:\/\/infoecos.com.ar\/#organization"},"image":{"@id":"https:\/\/infoecos.com.ar\/index.php\/5-personas-murieryon-por-el-coronavirus-y-fueron-diagnosticados-111-nuevos-casos-positivos-en-argentina\/#primaryimage"},"thumbnailUrl":"https:\/\/infoecos.com.ar\/wp-content\/uploads\/corote.jpg","keywords":["CORONAVIRUS"],"articleSection":["C1 nota 7"],"inLanguage":"es"},{"@type":"WebPage","@id":"https:\/\/infoecos.com.ar\/index.php\/5-personas-murieryon-por-el-coronavirus-y-fueron-diagnosticados-111-nuevos-casos-positivos-en-argentina\/","url":"https:\/\/infoecos.com.ar\/index.php\/5-personas-murieryon-por-el-coronavirus-y-fueron-diagnosticados-111-nuevos-casos-positivos-en-argentina\/","name":"5 personas murieron por el coronavirus y fueron diagnosticados 111 nuevos casos positivos en Argentina - Infoecos","isPartOf":{"@id":"https:\/\/infoecos.com.ar\/#website"},"primaryImageOfPage":{"@id":"https:\/\/infoecos.com.ar\/index.php\/5-personas-murieryon-por-el-coronavirus-y-fueron-diagnosticados-111-nuevos-casos-positivos-en-argentina\/#primaryimage"},"image":{"@id":"https:\/\/infoecos.com.ar\/index.php\/5-personas-murieryon-por-el-coronavirus-y-fueron-diagnosticados-111-nuevos-casos-positivos-en-argentina\/#primaryimage"},"thumbnailUrl":"https:\/\/infoecos.com.ar\/wp-content\/uploads\/corote.jpg","datePublished":"2020-04-28T04:28:24+00:00","dateModified":"2020-04-28T04:38:32+00:00","breadcrumb":{"@id":"https:\/\/infoecos.com.ar\/index.php\/5-personas-murieryon-por-el-coronavirus-y-fueron-diagnosticados-111-nuevos-casos-positivos-en-argentina\/#breadcrumb"},"inLanguage":"es","potentialAction":[{"@type":"ReadAction","target":["https:\/\/infoecos.com.ar\/index.php\/5-personas-murieryon-por-el-coronavirus-y-fueron-diagnosticados-111-nuevos-casos-positivos-en-argentina\/"]}]},{"@type":"ImageObject","inLanguage":"es","@id":"https:\/\/infoecos.com.ar\/index.php\/5-personas-murieryon-por-el-coronavirus-y-fueron-diagnosticados-111-nuevos-casos-positivos-en-argentina\/#primaryimage","url":"https:\/\/infoecos.com.ar\/wp-content\/uploads\/corote.jpg","contentUrl":"https:\/\/infoecos.com.ar\/wp-content\/uploads\/corote.jpg","width":1004,"height":565},{"@type":"BreadcrumbList","@id":"https:\/\/infoecos.com.ar\/index.php\/5-personas-murieryon-por-el-coronavirus-y-fueron-diagnosticados-111-nuevos-casos-positivos-en-argentina\/#breadcrumb","itemListElement":[{"@type":"ListItem","position":1,"name":"Portada","item":"https:\/\/infoecos.com.ar\/"},{"@type":"ListItem","position":2,"name":"5 personas murieron por el coronavirus y fueron diagnosticados 111 nuevos casos positivos en Argentina"}]},{"@type":"WebSite","@id":"https:\/\/infoecos.com.ar\/#website","url":"https:\/\/infoecos.com.ar\/","name":"Infoecos","description":"Noticias de trenque lauquen y la zona","publisher":{"@id":"https:\/\/infoecos.com.ar\/#organization"},"alternateName":"Noticias","potentialAction":[{"@type":"SearchAction","target":{"@type":"EntryPoint","urlTemplate":"https:\/\/infoecos.com.ar\/?s={search_term_string}"},"query-input":{"@type":"PropertyValueSpecification","valueRequired":true,"valueName":"search_term_string"}}],"inLanguage":"es"},{"@type":"Organization","@id":"https:\/\/infoecos.com.ar\/#organization","name":"Infoecos","alternateName":"Noticias","url":"https:\/\/infoecos.com.ar\/","logo":{"@type":"ImageObject","inLanguage":"es","@id":"https:\/\/infoecos.com.ar\/#\/schema\/logo\/image\/","url":"https:\/\/infoecos.com.ar\/wp-content\/uploads\/2024\/03\/cropped-logo.png","contentUrl":"https:\/\/infoecos.com.ar\/wp-content\/uploads\/2024\/03\/cropped-logo.png","width":374,"height":90,"caption":"Infoecos"},"image":{"@id":"https:\/\/infoecos.com.ar\/#\/schema\/logo\/image\/"},"sameAs":["https:\/\/www.facebook.com\/profile.php?id=100063200290284","https:\/\/x.com\/infoecos"]},{"@type":"Person","@id":"https:\/\/infoecos.com.ar\/#\/schema\/person\/8f5ace5ce73b4b4aac4b7245aee6f191","name":"Jorge Matheus","url":"https:\/\/infoecos.com.ar\/index.php\/author\/jomatheus\/"}]}},"featured_image_urls":{"full":["https:\/\/infoecos.com.ar\/wp-content\/uploads\/corote.jpg",1004,565,false],"thumbnail":["https:\/\/infoecos.com.ar\/wp-content\/uploads\/corote-150x150.jpg",150,150,true],"medium":["https:\/\/infoecos.com.ar\/wp-content\/uploads\/corote-460x259.jpg",460,259,true],"medium_large":["https:\/\/infoecos.com.ar\/wp-content\/uploads\/corote-768x432.jpg",640,360,true],"large":["https:\/\/infoecos.com.ar\/wp-content\/uploads\/corote-920x518.jpg",640,360,true],"1536x1536":["https:\/\/infoecos.com.ar\/wp-content\/uploads\/corote.jpg",1004,565,false],"2048x2048":["https:\/\/infoecos.com.ar\/wp-content\/uploads\/corote.jpg",1004,565,false],"covernews-slider-full":["https:\/\/infoecos.com.ar\/wp-content\/uploads\/corote.jpg",1004,565,false],"covernews-slider-center":["https:\/\/infoecos.com.ar\/wp-content\/uploads\/corote-936x565.jpg",800,483,true],"covernews-featured":["https:\/\/infoecos.com.ar\/wp-content\/uploads\/corote.jpg",1004,565,false],"covernews-medium":["https:\/\/infoecos.com.ar\/wp-content\/uploads\/corote-720x380.jpg",540,285,true],"covernews-medium-square":["https:\/\/infoecos.com.ar\/wp-content\/uploads\/corote-675x450.jpg",375,250,true]},"author_info":{"info":["Jorge Matheus"]},"category_info":"<a href=\"https:\/\/infoecos.com.ar\/index.php\/category\/c1nota7\/\" rel=\"category tag\">C1 nota 7<\/a>","tag_info":"C1 nota 7","comment_count":"0","_links":{"self":[{"href":"https:\/\/infoecos.com.ar\/index.php\/wp-json\/wp\/v2\/posts\/61445"}],"collection":[{"href":"https:\/\/infoecos.com.ar\/index.php\/wp-json\/wp\/v2\/posts"}],"about":[{"href":"https:\/\/infoecos.com.ar\/index.php\/wp-json\/wp\/v2\/types\/post"}],"author":[{"embeddable":true,"href":"https:\/\/infoecos.com.ar\/index.php\/wp-json\/wp\/v2\/users\/2"}],"replies":[{"embeddable":true,"href":"https:\/\/infoecos.com.ar\/index.php\/wp-json\/wp\/v2\/comments?post=61445"}],"version-history":[{"count":2,"href":"https:\/\/infoecos.com.ar\/index.php\/wp-json\/wp\/v2\/posts\/61445\/revisions"}],"predecessor-version":[{"id":61452,"href":"https:\/\/infoecos.com.ar\/index.php\/wp-json\/wp\/v2\/posts\/61445\/revisions\/61452"}],"wp:featuredmedia":[{"embeddable":true,"href":"https:\/\/infoecos.com.ar\/index.php\/wp-json\/wp\/v2\/media\/61446"}],"wp:attachment":[{"href":"https:\/\/infoecos.com.ar\/index.php\/wp-json\/wp\/v2\/media?parent=61445"}],"wp:term":[{"taxonomy":"category","embeddable":true,"href":"https:\/\/infoecos.com.ar\/index.php\/wp-json\/wp\/v2\/categories?post=61445"},{"taxonomy":"post_tag","embeddable":true,"href":"https:\/\/infoecos.com.ar\/index.php\/wp-json\/wp\/v2\/tags?post=61445"}],"curies":[{"name":"wp","href":"https:\/\/api.w.org\/{rel}","templated":true}]}}