{"id":61459,"date":"2020-04-28T23:25:01","date_gmt":"2020-04-29T02:25:01","guid":{"rendered":"http:\/\/infoecos.com.ar\/?p=61459"},"modified":"2020-04-28T23:25:07","modified_gmt":"2020-04-29T02:25:07","slug":"el-gobernador-kicillof-volvio-a-reunirse-con-intendentes-de-juntos-por-el-cambio-y-les-habria-asegurado-que-habra-mas-recursos-economicos-para-enfrentar-la-crisis","status":"publish","type":"post","link":"https:\/\/infoecos.com.ar\/index.php\/el-gobernador-kicillof-volvio-a-reunirse-con-intendentes-de-juntos-por-el-cambio-y-les-habria-asegurado-que-habra-mas-recursos-economicos-para-enfrentar-la-crisis\/","title":{"rendered":"El gobernador Kicillof volvi\u00f3 a reunirse con intendentes de Juntos por el Cambio y les habr\u00eda asegurado que habr\u00e1 m\u00e1s recursos econ\u00f3micos para enfrentar la crisis"},"content":{"rendered":"\n<p>El gobernador de la provincia de Buenos Aires, Axel Kicillof, recibi\u00f3 este martes a los intendentes Julio Garro (La Plata), Jorge Macri (Vicente L\u00f3pez), Miguel Fern\u00e1ndez (Trenque Lauquen) y Manuel Passaglia (San Nicol\u00e1s). Estuvo acompa\u00f1ado por el jefe de Gabinete bonaerense, Carlos Bianco, y particip\u00f3 en teleconferencia la ministra de Gobierno, Teresa Garc\u00eda.<\/p>\n\n\n\n<div class=\"wp-block-image\"><figure class=\"aligncenter size-medium\"><img loading=\"lazy\" decoding=\"async\" width=\"460\" height=\"287\" src=\"http:\/\/infoecos.com.ar\/wp-content\/uploads\/20200428173541_kicillofjxc-460x287.jpg\" alt=\"\" class=\"wp-image-61460\" srcset=\"https:\/\/infoecos.com.ar\/wp-content\/uploads\/20200428173541_kicillofjxc-460x287.jpg 460w, https:\/\/infoecos.com.ar\/wp-content\/uploads\/20200428173541_kicillofjxc-768x480.jpg 768w, https:\/\/infoecos.com.ar\/wp-content\/uploads\/20200428173541_kicillofjxc.jpg 887w\" sizes=\"(max-width: 460px) 100vw, 460px\" \/><\/figure><\/div>\n\n\n\n<p>Durante el encuentro se analiz\u00f3 la situaci\u00f3n econ\u00f3mica de cada uno de los distritos bonaerenses. Este mes la Provincia ya asisti\u00f3 financieramente a los municipios que no contaban con recursos para pagar sueldos, a trav\u00e9s de Aportes del Tesoro Provincial (ATP) y el Fondo de emergencia. Asimismo, para el mes pr\u00f3ximo se acordar\u00e1 un cronograma de desembolsos con las autoridades municipales. <\/p>\n\n\n\n<p>Los intendentes de Juntos por el Cambio, seg\u00fan publican algunos medios platenses, le pidieron al gobierno bonaerense un refuerzo de dinero para el mes de mayo, entre la segunda y la cuarta semana, para poder hacer frente a las obligaciones de las 135 administraciones comunales.<\/p>\n\n\n\n<p>Adem\u00e1s, aseguraron que elevar\u00e1n una propuesta de acuerdo a las necesidades de cada municipio para la distribuci\u00f3n de estos fondos. <\/p>\n\n\n\n<div class=\"wp-block-image\"><figure class=\"aligncenter size-medium\"><img loading=\"lazy\" decoding=\"async\" width=\"460\" height=\"306\" src=\"http:\/\/infoecos.com.ar\/wp-content\/uploads\/reunionconkicillof-460x306.jpg\" alt=\"\" class=\"wp-image-61461\" srcset=\"https:\/\/infoecos.com.ar\/wp-content\/uploads\/reunionconkicillof-460x306.jpg 460w, https:\/\/infoecos.com.ar\/wp-content\/uploads\/reunionconkicillof-768x511.jpg 768w, https:\/\/infoecos.com.ar\/wp-content\/uploads\/reunionconkicillof-675x450.jpg 675w, https:\/\/infoecos.com.ar\/wp-content\/uploads\/reunionconkicillof.jpg 862w\" sizes=\"(max-width: 460px) 100vw, 460px\" \/><\/figure><\/div>\n\n\n\n<p>Fern\u00e1ndez que preside el Foro de Intendentes Radicales se hab\u00eda reunido, acompa\u00f1ado por algunos de su pares, con el ministro del Interior, Wado de Pedro. El titular de la cartera pol\u00edtica, en compa\u00f1\u00eda del secretario de Asuntos Municipales, doctor Avelino Zurro, hab\u00eda escuchado el pedido de 10 mil millones de pesos para las comunas. El vocero de ese encuentro fue el mandatario comunal de Trenque Lauquen qui\u00e9n dijo \u00abestamos acompa\u00f1ando al gobernador en este pedido de mayores recursos y por eso hoy le solicitamos al Ministro que la Naci\u00f3n env\u00ede m\u00e1s fondos a la Provincia\u00bb. Es una discusi\u00f3n que tiene que zanjarse urgente\u00bb.<\/p>\n\n\n\n<p>En un comunicado breve distribuido por el ministerio de Comunicaci\u00f3n de la provincia de Buenos Aires se se\u00f1ala que <strong>el Gobierno provincial ratifica su compromiso de asistir a los distritos para el pago de salarios, las prestaciones b\u00e1sicas y las demandas sanitarias que genera la pandemia<\/strong>. <\/p>\n\n\n\n<p>La presencia de Jorge Macri en la reuni\u00f3n de hoy, pareciera que permite el acercamiento con las autoridades provinciales., despu\u00e9s de algunos entredichos que se produjeron sobre las postrimerias de la semana anterior.<\/p>\n","protected":false},"excerpt":{"rendered":"<p>El gobernador de la provincia de Buenos Aires, Axel Kicillof, recibi\u00f3 este martes a los&#8230;<\/p>\n","protected":false},"author":2,"featured_media":61461,"comment_status":"closed","ping_status":"open","sticky":false,"template":"","format":"standard","meta":{"footnotes":""},"categories":[1613],"tags":[154],"class_list":["post-61459","post","type-post","status-publish","format-standard","has-post-thumbnail","hentry","category-noticia-secundaria","tag-la-plata"],"yoast_head":"<!-- This site is optimized with the Yoast SEO plugin v23.4 - https:\/\/yoast.com\/wordpress\/plugins\/seo\/ -->\n<title>El gobernador Kicillof volvi\u00f3 a reunirse con intendentes de Juntos por el Cambio y les habr\u00eda asegurado que habr\u00e1 m\u00e1s recursos econ\u00f3micos para enfrentar la crisis - Infoecos<\/title>\n<meta name=\"robots\" content=\"index, follow, max-snippet:-1, max-image-preview:large, max-video-preview:-1\" \/>\n<link rel=\"canonical\" href=\"https:\/\/infoecos.com.ar\/index.php\/el-gobernador-kicillof-volvio-a-reunirse-con-intendentes-de-juntos-por-el-cambio-y-les-habria-asegurado-que-habra-mas-recursos-economicos-para-enfrentar-la-crisis\/\" \/>\n<meta property=\"og:locale\" content=\"es_ES\" \/>\n<meta property=\"og:type\" content=\"article\" \/>\n<meta property=\"og:title\" content=\"El gobernador Kicillof volvi\u00f3 a reunirse con intendentes de Juntos por el Cambio y les habr\u00eda asegurado que habr\u00e1 m\u00e1s recursos econ\u00f3micos para enfrentar la crisis - Infoecos\" \/>\n<meta property=\"og:description\" content=\"El gobernador de la provincia de Buenos Aires, Axel Kicillof, recibi\u00f3 este martes a los...\" \/>\n<meta property=\"og:url\" content=\"https:\/\/infoecos.com.ar\/index.php\/el-gobernador-kicillof-volvio-a-reunirse-con-intendentes-de-juntos-por-el-cambio-y-les-habria-asegurado-que-habra-mas-recursos-economicos-para-enfrentar-la-crisis\/\" \/>\n<meta property=\"og:site_name\" content=\"Infoecos\" \/>\n<meta property=\"article:publisher\" content=\"https:\/\/www.facebook.com\/profile.php?id=100063200290284\" \/>\n<meta property=\"article:published_time\" content=\"2020-04-29T02:25:01+00:00\" \/>\n<meta property=\"article:modified_time\" content=\"2020-04-29T02:25:07+00:00\" \/>\n<meta property=\"og:image\" content=\"https:\/\/infoecos.com.ar\/wp-content\/uploads\/reunionconkicillof.jpg\" \/>\n\t<meta property=\"og:image:width\" content=\"862\" \/>\n\t<meta property=\"og:image:height\" content=\"574\" \/>\n\t<meta property=\"og:image:type\" content=\"image\/jpeg\" \/>\n<meta name=\"author\" content=\"Jorge Matheus\" \/>\n<meta name=\"twitter:card\" content=\"summary_large_image\" \/>\n<meta name=\"twitter:creator\" content=\"@infoecos\" \/>\n<meta name=\"twitter:site\" content=\"@infoecos\" \/>\n<meta name=\"twitter:label1\" content=\"Escrito por\" \/>\n\t<meta name=\"twitter:data1\" content=\"Jorge Matheus\" \/>\n\t<meta name=\"twitter:label2\" content=\"Tiempo de lectura\" \/>\n\t<meta name=\"twitter:data2\" content=\"2 minutos\" \/>\n<script type=\"application\/ld+json\" class=\"yoast-schema-graph\">{\"@context\":\"https:\/\/schema.org\",\"@graph\":[{\"@type\":\"Article\",\"@id\":\"https:\/\/infoecos.com.ar\/index.php\/el-gobernador-kicillof-volvio-a-reunirse-con-intendentes-de-juntos-por-el-cambio-y-les-habria-asegurado-que-habra-mas-recursos-economicos-para-enfrentar-la-crisis\/#article\",\"isPartOf\":{\"@id\":\"https:\/\/infoecos.com.ar\/index.php\/el-gobernador-kicillof-volvio-a-reunirse-con-intendentes-de-juntos-por-el-cambio-y-les-habria-asegurado-que-habra-mas-recursos-economicos-para-enfrentar-la-crisis\/\"},\"author\":{\"name\":\"Jorge Matheus\",\"@id\":\"https:\/\/infoecos.com.ar\/#\/schema\/person\/8f5ace5ce73b4b4aac4b7245aee6f191\"},\"headline\":\"El gobernador Kicillof volvi\u00f3 a reunirse con intendentes de Juntos por el Cambio y les habr\u00eda asegurado que habr\u00e1 m\u00e1s recursos econ\u00f3micos para enfrentar la crisis\",\"datePublished\":\"2020-04-29T02:25:01+00:00\",\"dateModified\":\"2020-04-29T02:25:07+00:00\",\"mainEntityOfPage\":{\"@id\":\"https:\/\/infoecos.com.ar\/index.php\/el-gobernador-kicillof-volvio-a-reunirse-con-intendentes-de-juntos-por-el-cambio-y-les-habria-asegurado-que-habra-mas-recursos-economicos-para-enfrentar-la-crisis\/\"},\"wordCount\":418,\"publisher\":{\"@id\":\"https:\/\/infoecos.com.ar\/#organization\"},\"image\":{\"@id\":\"https:\/\/infoecos.com.ar\/index.php\/el-gobernador-kicillof-volvio-a-reunirse-con-intendentes-de-juntos-por-el-cambio-y-les-habria-asegurado-que-habra-mas-recursos-economicos-para-enfrentar-la-crisis\/#primaryimage\"},\"thumbnailUrl\":\"https:\/\/infoecos.com.ar\/wp-content\/uploads\/reunionconkicillof.jpg\",\"keywords\":[\"LA PLATA\"],\"articleSection\":[\"Noticia Secundaria\"],\"inLanguage\":\"es\"},{\"@type\":\"WebPage\",\"@id\":\"https:\/\/infoecos.com.ar\/index.php\/el-gobernador-kicillof-volvio-a-reunirse-con-intendentes-de-juntos-por-el-cambio-y-les-habria-asegurado-que-habra-mas-recursos-economicos-para-enfrentar-la-crisis\/\",\"url\":\"https:\/\/infoecos.com.ar\/index.php\/el-gobernador-kicillof-volvio-a-reunirse-con-intendentes-de-juntos-por-el-cambio-y-les-habria-asegurado-que-habra-mas-recursos-economicos-para-enfrentar-la-crisis\/\",\"name\":\"El gobernador Kicillof volvi\u00f3 a reunirse con intendentes de Juntos por el Cambio y les habr\u00eda asegurado que habr\u00e1 m\u00e1s recursos econ\u00f3micos para enfrentar la crisis - Infoecos\",\"isPartOf\":{\"@id\":\"https:\/\/infoecos.com.ar\/#website\"},\"primaryImageOfPage\":{\"@id\":\"https:\/\/infoecos.com.ar\/index.php\/el-gobernador-kicillof-volvio-a-reunirse-con-intendentes-de-juntos-por-el-cambio-y-les-habria-asegurado-que-habra-mas-recursos-economicos-para-enfrentar-la-crisis\/#primaryimage\"},\"image\":{\"@id\":\"https:\/\/infoecos.com.ar\/index.php\/el-gobernador-kicillof-volvio-a-reunirse-con-intendentes-de-juntos-por-el-cambio-y-les-habria-asegurado-que-habra-mas-recursos-economicos-para-enfrentar-la-crisis\/#primaryimage\"},\"thumbnailUrl\":\"https:\/\/infoecos.com.ar\/wp-content\/uploads\/reunionconkicillof.jpg\",\"datePublished\":\"2020-04-29T02:25:01+00:00\",\"dateModified\":\"2020-04-29T02:25:07+00:00\",\"breadcrumb\":{\"@id\":\"https:\/\/infoecos.com.ar\/index.php\/el-gobernador-kicillof-volvio-a-reunirse-con-intendentes-de-juntos-por-el-cambio-y-les-habria-asegurado-que-habra-mas-recursos-economicos-para-enfrentar-la-crisis\/#breadcrumb\"},\"inLanguage\":\"es\",\"potentialAction\":[{\"@type\":\"ReadAction\",\"target\":[\"https:\/\/infoecos.com.ar\/index.php\/el-gobernador-kicillof-volvio-a-reunirse-con-intendentes-de-juntos-por-el-cambio-y-les-habria-asegurado-que-habra-mas-recursos-economicos-para-enfrentar-la-crisis\/\"]}]},{\"@type\":\"ImageObject\",\"inLanguage\":\"es\",\"@id\":\"https:\/\/infoecos.com.ar\/index.php\/el-gobernador-kicillof-volvio-a-reunirse-con-intendentes-de-juntos-por-el-cambio-y-les-habria-asegurado-que-habra-mas-recursos-economicos-para-enfrentar-la-crisis\/#primaryimage\",\"url\":\"https:\/\/infoecos.com.ar\/wp-content\/uploads\/reunionconkicillof.jpg\",\"contentUrl\":\"https:\/\/infoecos.com.ar\/wp-content\/uploads\/reunionconkicillof.jpg\",\"width\":862,\"height\":574,\"caption\":\"Fern\u00e1ndez con Kicillof e intendentes\"},{\"@type\":\"BreadcrumbList\",\"@id\":\"https:\/\/infoecos.com.ar\/index.php\/el-gobernador-kicillof-volvio-a-reunirse-con-intendentes-de-juntos-por-el-cambio-y-les-habria-asegurado-que-habra-mas-recursos-economicos-para-enfrentar-la-crisis\/#breadcrumb\",\"itemListElement\":[{\"@type\":\"ListItem\",\"position\":1,\"name\":\"Portada\",\"item\":\"https:\/\/infoecos.com.ar\/\"},{\"@type\":\"ListItem\",\"position\":2,\"name\":\"El gobernador Kicillof volvi\u00f3 a reunirse con intendentes de Juntos por el Cambio y les habr\u00eda asegurado que habr\u00e1 m\u00e1s recursos econ\u00f3micos para enfrentar la crisis\"}]},{\"@type\":\"WebSite\",\"@id\":\"https:\/\/infoecos.com.ar\/#website\",\"url\":\"https:\/\/infoecos.com.ar\/\",\"name\":\"Infoecos\",\"description\":\"Noticias de trenque lauquen y la zona\",\"publisher\":{\"@id\":\"https:\/\/infoecos.com.ar\/#organization\"},\"alternateName\":\"Noticias\",\"potentialAction\":[{\"@type\":\"SearchAction\",\"target\":{\"@type\":\"EntryPoint\",\"urlTemplate\":\"https:\/\/infoecos.com.ar\/?s={search_term_string}\"},\"query-input\":{\"@type\":\"PropertyValueSpecification\",\"valueRequired\":true,\"valueName\":\"search_term_string\"}}],\"inLanguage\":\"es\"},{\"@type\":\"Organization\",\"@id\":\"https:\/\/infoecos.com.ar\/#organization\",\"name\":\"Infoecos\",\"alternateName\":\"Noticias\",\"url\":\"https:\/\/infoecos.com.ar\/\",\"logo\":{\"@type\":\"ImageObject\",\"inLanguage\":\"es\",\"@id\":\"https:\/\/infoecos.com.ar\/#\/schema\/logo\/image\/\",\"url\":\"https:\/\/infoecos.com.ar\/wp-content\/uploads\/2024\/03\/cropped-logo.png\",\"contentUrl\":\"https:\/\/infoecos.com.ar\/wp-content\/uploads\/2024\/03\/cropped-logo.png\",\"width\":374,\"height\":90,\"caption\":\"Infoecos\"},\"image\":{\"@id\":\"https:\/\/infoecos.com.ar\/#\/schema\/logo\/image\/\"},\"sameAs\":[\"https:\/\/www.facebook.com\/profile.php?id=100063200290284\",\"https:\/\/x.com\/infoecos\"]},{\"@type\":\"Person\",\"@id\":\"https:\/\/infoecos.com.ar\/#\/schema\/person\/8f5ace5ce73b4b4aac4b7245aee6f191\",\"name\":\"Jorge Matheus\",\"url\":\"https:\/\/infoecos.com.ar\/index.php\/author\/jomatheus\/\"}]}<\/script>\n<!-- \/ Yoast SEO plugin. -->","yoast_head_json":{"title":"El gobernador Kicillof volvi\u00f3 a reunirse con intendentes de Juntos por el Cambio y les habr\u00eda asegurado que habr\u00e1 m\u00e1s recursos econ\u00f3micos para enfrentar la crisis - Infoecos","robots":{"index":"index","follow":"follow","max-snippet":"max-snippet:-1","max-image-preview":"max-image-preview:large","max-video-preview":"max-video-preview:-1"},"canonical":"https:\/\/infoecos.com.ar\/index.php\/el-gobernador-kicillof-volvio-a-reunirse-con-intendentes-de-juntos-por-el-cambio-y-les-habria-asegurado-que-habra-mas-recursos-economicos-para-enfrentar-la-crisis\/","og_locale":"es_ES","og_type":"article","og_title":"El gobernador Kicillof volvi\u00f3 a reunirse con intendentes de Juntos por el Cambio y les habr\u00eda asegurado que habr\u00e1 m\u00e1s recursos econ\u00f3micos para enfrentar la crisis - Infoecos","og_description":"El gobernador de la provincia de Buenos Aires, Axel Kicillof, recibi\u00f3 este martes a los...","og_url":"https:\/\/infoecos.com.ar\/index.php\/el-gobernador-kicillof-volvio-a-reunirse-con-intendentes-de-juntos-por-el-cambio-y-les-habria-asegurado-que-habra-mas-recursos-economicos-para-enfrentar-la-crisis\/","og_site_name":"Infoecos","article_publisher":"https:\/\/www.facebook.com\/profile.php?id=100063200290284","article_published_time":"2020-04-29T02:25:01+00:00","article_modified_time":"2020-04-29T02:25:07+00:00","og_image":[{"width":862,"height":574,"url":"https:\/\/infoecos.com.ar\/wp-content\/uploads\/reunionconkicillof.jpg","type":"image\/jpeg"}],"author":"Jorge Matheus","twitter_card":"summary_large_image","twitter_creator":"@infoecos","twitter_site":"@infoecos","twitter_misc":{"Escrito por":"Jorge Matheus","Tiempo de lectura":"2 minutos"},"schema":{"@context":"https:\/\/schema.org","@graph":[{"@type":"Article","@id":"https:\/\/infoecos.com.ar\/index.php\/el-gobernador-kicillof-volvio-a-reunirse-con-intendentes-de-juntos-por-el-cambio-y-les-habria-asegurado-que-habra-mas-recursos-economicos-para-enfrentar-la-crisis\/#article","isPartOf":{"@id":"https:\/\/infoecos.com.ar\/index.php\/el-gobernador-kicillof-volvio-a-reunirse-con-intendentes-de-juntos-por-el-cambio-y-les-habria-asegurado-que-habra-mas-recursos-economicos-para-enfrentar-la-crisis\/"},"author":{"name":"Jorge Matheus","@id":"https:\/\/infoecos.com.ar\/#\/schema\/person\/8f5ace5ce73b4b4aac4b7245aee6f191"},"headline":"El gobernador Kicillof volvi\u00f3 a reunirse con intendentes de Juntos por el Cambio y les habr\u00eda asegurado que habr\u00e1 m\u00e1s recursos econ\u00f3micos para enfrentar la crisis","datePublished":"2020-04-29T02:25:01+00:00","dateModified":"2020-04-29T02:25:07+00:00","mainEntityOfPage":{"@id":"https:\/\/infoecos.com.ar\/index.php\/el-gobernador-kicillof-volvio-a-reunirse-con-intendentes-de-juntos-por-el-cambio-y-les-habria-asegurado-que-habra-mas-recursos-economicos-para-enfrentar-la-crisis\/"},"wordCount":418,"publisher":{"@id":"https:\/\/infoecos.com.ar\/#organization"},"image":{"@id":"https:\/\/infoecos.com.ar\/index.php\/el-gobernador-kicillof-volvio-a-reunirse-con-intendentes-de-juntos-por-el-cambio-y-les-habria-asegurado-que-habra-mas-recursos-economicos-para-enfrentar-la-crisis\/#primaryimage"},"thumbnailUrl":"https:\/\/infoecos.com.ar\/wp-content\/uploads\/reunionconkicillof.jpg","keywords":["LA PLATA"],"articleSection":["Noticia Secundaria"],"inLanguage":"es"},{"@type":"WebPage","@id":"https:\/\/infoecos.com.ar\/index.php\/el-gobernador-kicillof-volvio-a-reunirse-con-intendentes-de-juntos-por-el-cambio-y-les-habria-asegurado-que-habra-mas-recursos-economicos-para-enfrentar-la-crisis\/","url":"https:\/\/infoecos.com.ar\/index.php\/el-gobernador-kicillof-volvio-a-reunirse-con-intendentes-de-juntos-por-el-cambio-y-les-habria-asegurado-que-habra-mas-recursos-economicos-para-enfrentar-la-crisis\/","name":"El gobernador Kicillof volvi\u00f3 a reunirse con intendentes de Juntos por el Cambio y les habr\u00eda asegurado que habr\u00e1 m\u00e1s recursos econ\u00f3micos para enfrentar la crisis - Infoecos","isPartOf":{"@id":"https:\/\/infoecos.com.ar\/#website"},"primaryImageOfPage":{"@id":"https:\/\/infoecos.com.ar\/index.php\/el-gobernador-kicillof-volvio-a-reunirse-con-intendentes-de-juntos-por-el-cambio-y-les-habria-asegurado-que-habra-mas-recursos-economicos-para-enfrentar-la-crisis\/#primaryimage"},"image":{"@id":"https:\/\/infoecos.com.ar\/index.php\/el-gobernador-kicillof-volvio-a-reunirse-con-intendentes-de-juntos-por-el-cambio-y-les-habria-asegurado-que-habra-mas-recursos-economicos-para-enfrentar-la-crisis\/#primaryimage"},"thumbnailUrl":"https:\/\/infoecos.com.ar\/wp-content\/uploads\/reunionconkicillof.jpg","datePublished":"2020-04-29T02:25:01+00:00","dateModified":"2020-04-29T02:25:07+00:00","breadcrumb":{"@id":"https:\/\/infoecos.com.ar\/index.php\/el-gobernador-kicillof-volvio-a-reunirse-con-intendentes-de-juntos-por-el-cambio-y-les-habria-asegurado-que-habra-mas-recursos-economicos-para-enfrentar-la-crisis\/#breadcrumb"},"inLanguage":"es","potentialAction":[{"@type":"ReadAction","target":["https:\/\/infoecos.com.ar\/index.php\/el-gobernador-kicillof-volvio-a-reunirse-con-intendentes-de-juntos-por-el-cambio-y-les-habria-asegurado-que-habra-mas-recursos-economicos-para-enfrentar-la-crisis\/"]}]},{"@type":"ImageObject","inLanguage":"es","@id":"https:\/\/infoecos.com.ar\/index.php\/el-gobernador-kicillof-volvio-a-reunirse-con-intendentes-de-juntos-por-el-cambio-y-les-habria-asegurado-que-habra-mas-recursos-economicos-para-enfrentar-la-crisis\/#primaryimage","url":"https:\/\/infoecos.com.ar\/wp-content\/uploads\/reunionconkicillof.jpg","contentUrl":"https:\/\/infoecos.com.ar\/wp-content\/uploads\/reunionconkicillof.jpg","width":862,"height":574,"caption":"Fern\u00e1ndez con Kicillof e intendentes"},{"@type":"BreadcrumbList","@id":"https:\/\/infoecos.com.ar\/index.php\/el-gobernador-kicillof-volvio-a-reunirse-con-intendentes-de-juntos-por-el-cambio-y-les-habria-asegurado-que-habra-mas-recursos-economicos-para-enfrentar-la-crisis\/#breadcrumb","itemListElement":[{"@type":"ListItem","position":1,"name":"Portada","item":"https:\/\/infoecos.com.ar\/"},{"@type":"ListItem","position":2,"name":"El gobernador Kicillof volvi\u00f3 a reunirse con intendentes de Juntos por el Cambio y les habr\u00eda asegurado que habr\u00e1 m\u00e1s recursos econ\u00f3micos para enfrentar la crisis"}]},{"@type":"WebSite","@id":"https:\/\/infoecos.com.ar\/#website","url":"https:\/\/infoecos.com.ar\/","name":"Infoecos","description":"Noticias de trenque lauquen y la zona","publisher":{"@id":"https:\/\/infoecos.com.ar\/#organization"},"alternateName":"Noticias","potentialAction":[{"@type":"SearchAction","target":{"@type":"EntryPoint","urlTemplate":"https:\/\/infoecos.com.ar\/?s={search_term_string}"},"query-input":{"@type":"PropertyValueSpecification","valueRequired":true,"valueName":"search_term_string"}}],"inLanguage":"es"},{"@type":"Organization","@id":"https:\/\/infoecos.com.ar\/#organization","name":"Infoecos","alternateName":"Noticias","url":"https:\/\/infoecos.com.ar\/","logo":{"@type":"ImageObject","inLanguage":"es","@id":"https:\/\/infoecos.com.ar\/#\/schema\/logo\/image\/","url":"https:\/\/infoecos.com.ar\/wp-content\/uploads\/2024\/03\/cropped-logo.png","contentUrl":"https:\/\/infoecos.com.ar\/wp-content\/uploads\/2024\/03\/cropped-logo.png","width":374,"height":90,"caption":"Infoecos"},"image":{"@id":"https:\/\/infoecos.com.ar\/#\/schema\/logo\/image\/"},"sameAs":["https:\/\/www.facebook.com\/profile.php?id=100063200290284","https:\/\/x.com\/infoecos"]},{"@type":"Person","@id":"https:\/\/infoecos.com.ar\/#\/schema\/person\/8f5ace5ce73b4b4aac4b7245aee6f191","name":"Jorge Matheus","url":"https:\/\/infoecos.com.ar\/index.php\/author\/jomatheus\/"}]}},"featured_image_urls":{"full":["https:\/\/infoecos.com.ar\/wp-content\/uploads\/reunionconkicillof.jpg",862,574,false],"thumbnail":["https:\/\/infoecos.com.ar\/wp-content\/uploads\/reunionconkicillof-150x150.jpg",150,150,true],"medium":["https:\/\/infoecos.com.ar\/wp-content\/uploads\/reunionconkicillof-460x306.jpg",460,306,true],"medium_large":["https:\/\/infoecos.com.ar\/wp-content\/uploads\/reunionconkicillof-768x511.jpg",640,426,true],"large":["https:\/\/infoecos.com.ar\/wp-content\/uploads\/reunionconkicillof.jpg",640,426,false],"1536x1536":["https:\/\/infoecos.com.ar\/wp-content\/uploads\/reunionconkicillof.jpg",862,574,false],"2048x2048":["https:\/\/infoecos.com.ar\/wp-content\/uploads\/reunionconkicillof.jpg",862,574,false],"covernews-slider-full":["https:\/\/infoecos.com.ar\/wp-content\/uploads\/reunionconkicillof.jpg",862,574,false],"covernews-slider-center":["https:\/\/infoecos.com.ar\/wp-content\/uploads\/reunionconkicillof.jpg",751,500,false],"covernews-featured":["https:\/\/infoecos.com.ar\/wp-content\/uploads\/reunionconkicillof.jpg",862,574,false],"covernews-medium":["https:\/\/infoecos.com.ar\/wp-content\/uploads\/reunionconkicillof-720x380.jpg",540,285,true],"covernews-medium-square":["https:\/\/infoecos.com.ar\/wp-content\/uploads\/reunionconkicillof-675x450.jpg",375,250,true]},"author_info":{"info":["Jorge Matheus"]},"category_info":"<a href=\"https:\/\/infoecos.com.ar\/index.php\/category\/noticia-secundaria\/\" rel=\"category tag\">Noticia Secundaria<\/a>","tag_info":"Noticia Secundaria","comment_count":"0","_links":{"self":[{"href":"https:\/\/infoecos.com.ar\/index.php\/wp-json\/wp\/v2\/posts\/61459"}],"collection":[{"href":"https:\/\/infoecos.com.ar\/index.php\/wp-json\/wp\/v2\/posts"}],"about":[{"href":"https:\/\/infoecos.com.ar\/index.php\/wp-json\/wp\/v2\/types\/post"}],"author":[{"embeddable":true,"href":"https:\/\/infoecos.com.ar\/index.php\/wp-json\/wp\/v2\/users\/2"}],"replies":[{"embeddable":true,"href":"https:\/\/infoecos.com.ar\/index.php\/wp-json\/wp\/v2\/comments?post=61459"}],"version-history":[{"count":1,"href":"https:\/\/infoecos.com.ar\/index.php\/wp-json\/wp\/v2\/posts\/61459\/revisions"}],"predecessor-version":[{"id":61462,"href":"https:\/\/infoecos.com.ar\/index.php\/wp-json\/wp\/v2\/posts\/61459\/revisions\/61462"}],"wp:featuredmedia":[{"embeddable":true,"href":"https:\/\/infoecos.com.ar\/index.php\/wp-json\/wp\/v2\/media\/61461"}],"wp:attachment":[{"href":"https:\/\/infoecos.com.ar\/index.php\/wp-json\/wp\/v2\/media?parent=61459"}],"wp:term":[{"taxonomy":"category","embeddable":true,"href":"https:\/\/infoecos.com.ar\/index.php\/wp-json\/wp\/v2\/categories?post=61459"},{"taxonomy":"post_tag","embeddable":true,"href":"https:\/\/infoecos.com.ar\/index.php\/wp-json\/wp\/v2\/tags?post=61459"}],"curies":[{"name":"wp","href":"https:\/\/api.w.org\/{rel}","templated":true}]}}