{"id":61512,"date":"2020-04-29T17:51:25","date_gmt":"2020-04-29T20:51:25","guid":{"rendered":"http:\/\/infoecos.com.ar\/?p=61512"},"modified":"2020-04-29T17:51:28","modified_gmt":"2020-04-29T20:51:28","slug":"autoridades-y-gremios-municipales-de-general-villegas-deciden-postergar-el-aumento-del-4-previsto-para-abril","status":"publish","type":"post","link":"https:\/\/infoecos.com.ar\/index.php\/autoridades-y-gremios-municipales-de-general-villegas-deciden-postergar-el-aumento-del-4-previsto-para-abril\/","title":{"rendered":"Autoridades y gremios municipales de General Villegas deciden postergar el aumento del 4 % previsto para Abril"},"content":{"rendered":"\n<p>Este mi\u00e9rcoles, se llev\u00f3 a cabo una reuni\u00f3n en General Villegas con los dirigentes de los sindicatos que tienen representaci\u00f3n en el \u00e1mbito comunal. Se analiz\u00f3 la situaci\u00f3n econ\u00f3mico-financiera producto de la pandemia. <\/p>\n\n\n\n<div class=\"wp-block-image\"><figure class=\"aligncenter size-medium\"><img loading=\"lazy\" decoding=\"async\" width=\"460\" height=\"259\" src=\"http:\/\/infoecos.com.ar\/wp-content\/uploads\/Reunion-Gremios-29-4-460x259.jpeg\" alt=\"\" class=\"wp-image-61513\" srcset=\"https:\/\/infoecos.com.ar\/wp-content\/uploads\/Reunion-Gremios-29-4-460x259.jpeg 460w, https:\/\/infoecos.com.ar\/wp-content\/uploads\/Reunion-Gremios-29-4-920x518.jpeg 920w, https:\/\/infoecos.com.ar\/wp-content\/uploads\/Reunion-Gremios-29-4-768x432.jpeg 768w, https:\/\/infoecos.com.ar\/wp-content\/uploads\/Reunion-Gremios-29-4-1024x576.jpeg 1024w, https:\/\/infoecos.com.ar\/wp-content\/uploads\/Reunion-Gremios-29-4.jpeg 1280w\" sizes=\"(max-width: 460px) 100vw, 460px\" \/><\/figure><\/div>\n\n\n\n<p>En el encuentro se decidi\u00f3 postergar el aumento del 4 % que estaba previsto para el mes de abril, con el fin de garantizar el pago de los salarios.<\/p>\n\n\n\n<p>Por el lado del municipio estuvieron presentes, el secretario de Coordinaci\u00f3n y Modernizaci\u00f3n, Gabriel Mones Ruiz y el subsecretario de Legal y T\u00e9cnica, Guillermo Grosso.<\/p>\n","protected":false},"excerpt":{"rendered":"<p>Este mi\u00e9rcoles, se llev\u00f3 a cabo una reuni\u00f3n en General Villegas con los dirigentes de&#8230;<\/p>\n","protected":false},"author":2,"featured_media":61513,"comment_status":"closed","ping_status":"open","sticky":false,"template":"","format":"standard","meta":{"footnotes":""},"categories":[28],"tags":[30],"class_list":["post-61512","post","type-post","status-publish","format-standard","has-post-thumbnail","hentry","category-c1nota1","tag-general-villegas"],"yoast_head":"<!-- This site is optimized with the Yoast SEO plugin v23.4 - https:\/\/yoast.com\/wordpress\/plugins\/seo\/ -->\n<title>Autoridades y gremios municipales de General Villegas deciden postergar el aumento del 4 % previsto para Abril - Infoecos<\/title>\n<meta name=\"robots\" content=\"index, follow, max-snippet:-1, max-image-preview:large, max-video-preview:-1\" \/>\n<link rel=\"canonical\" href=\"https:\/\/infoecos.com.ar\/index.php\/autoridades-y-gremios-municipales-de-general-villegas-deciden-postergar-el-aumento-del-4-previsto-para-abril\/\" \/>\n<meta property=\"og:locale\" content=\"es_ES\" \/>\n<meta property=\"og:type\" content=\"article\" \/>\n<meta property=\"og:title\" content=\"Autoridades y gremios municipales de General Villegas deciden postergar el aumento del 4 % previsto para Abril - Infoecos\" \/>\n<meta property=\"og:description\" content=\"Este mi\u00e9rcoles, se llev\u00f3 a cabo una reuni\u00f3n en General Villegas con los dirigentes de...\" \/>\n<meta property=\"og:url\" content=\"https:\/\/infoecos.com.ar\/index.php\/autoridades-y-gremios-municipales-de-general-villegas-deciden-postergar-el-aumento-del-4-previsto-para-abril\/\" \/>\n<meta property=\"og:site_name\" content=\"Infoecos\" \/>\n<meta property=\"article:publisher\" content=\"https:\/\/www.facebook.com\/profile.php?id=100063200290284\" \/>\n<meta property=\"article:published_time\" content=\"2020-04-29T20:51:25+00:00\" \/>\n<meta property=\"article:modified_time\" content=\"2020-04-29T20:51:28+00:00\" \/>\n<meta property=\"og:image\" content=\"https:\/\/infoecos.com.ar\/wp-content\/uploads\/Reunion-Gremios-29-4.jpeg\" \/>\n\t<meta property=\"og:image:width\" content=\"1280\" \/>\n\t<meta property=\"og:image:height\" content=\"720\" \/>\n\t<meta property=\"og:image:type\" content=\"image\/jpeg\" \/>\n<meta name=\"author\" content=\"Jorge Matheus\" \/>\n<meta name=\"twitter:card\" content=\"summary_large_image\" \/>\n<meta name=\"twitter:creator\" content=\"@infoecos\" \/>\n<meta name=\"twitter:site\" content=\"@infoecos\" \/>\n<meta name=\"twitter:label1\" content=\"Escrito por\" \/>\n\t<meta name=\"twitter:data1\" content=\"Jorge Matheus\" \/>\n<script type=\"application\/ld+json\" class=\"yoast-schema-graph\">{\"@context\":\"https:\/\/schema.org\",\"@graph\":[{\"@type\":\"Article\",\"@id\":\"https:\/\/infoecos.com.ar\/index.php\/autoridades-y-gremios-municipales-de-general-villegas-deciden-postergar-el-aumento-del-4-previsto-para-abril\/#article\",\"isPartOf\":{\"@id\":\"https:\/\/infoecos.com.ar\/index.php\/autoridades-y-gremios-municipales-de-general-villegas-deciden-postergar-el-aumento-del-4-previsto-para-abril\/\"},\"author\":{\"name\":\"Jorge Matheus\",\"@id\":\"https:\/\/infoecos.com.ar\/#\/schema\/person\/8f5ace5ce73b4b4aac4b7245aee6f191\"},\"headline\":\"Autoridades y gremios municipales de General Villegas deciden postergar el aumento del 4 % previsto para Abril\",\"datePublished\":\"2020-04-29T20:51:25+00:00\",\"dateModified\":\"2020-04-29T20:51:28+00:00\",\"mainEntityOfPage\":{\"@id\":\"https:\/\/infoecos.com.ar\/index.php\/autoridades-y-gremios-municipales-de-general-villegas-deciden-postergar-el-aumento-del-4-previsto-para-abril\/\"},\"wordCount\":108,\"publisher\":{\"@id\":\"https:\/\/infoecos.com.ar\/#organization\"},\"image\":{\"@id\":\"https:\/\/infoecos.com.ar\/index.php\/autoridades-y-gremios-municipales-de-general-villegas-deciden-postergar-el-aumento-del-4-previsto-para-abril\/#primaryimage\"},\"thumbnailUrl\":\"https:\/\/infoecos.com.ar\/wp-content\/uploads\/Reunion-Gremios-29-4.jpeg\",\"keywords\":[\"GENERAL VILLEGAS\"],\"articleSection\":[\"C1 N1\"],\"inLanguage\":\"es\"},{\"@type\":\"WebPage\",\"@id\":\"https:\/\/infoecos.com.ar\/index.php\/autoridades-y-gremios-municipales-de-general-villegas-deciden-postergar-el-aumento-del-4-previsto-para-abril\/\",\"url\":\"https:\/\/infoecos.com.ar\/index.php\/autoridades-y-gremios-municipales-de-general-villegas-deciden-postergar-el-aumento-del-4-previsto-para-abril\/\",\"name\":\"Autoridades y gremios municipales de General Villegas deciden postergar el aumento del 4 % previsto para Abril - Infoecos\",\"isPartOf\":{\"@id\":\"https:\/\/infoecos.com.ar\/#website\"},\"primaryImageOfPage\":{\"@id\":\"https:\/\/infoecos.com.ar\/index.php\/autoridades-y-gremios-municipales-de-general-villegas-deciden-postergar-el-aumento-del-4-previsto-para-abril\/#primaryimage\"},\"image\":{\"@id\":\"https:\/\/infoecos.com.ar\/index.php\/autoridades-y-gremios-municipales-de-general-villegas-deciden-postergar-el-aumento-del-4-previsto-para-abril\/#primaryimage\"},\"thumbnailUrl\":\"https:\/\/infoecos.com.ar\/wp-content\/uploads\/Reunion-Gremios-29-4.jpeg\",\"datePublished\":\"2020-04-29T20:51:25+00:00\",\"dateModified\":\"2020-04-29T20:51:28+00:00\",\"breadcrumb\":{\"@id\":\"https:\/\/infoecos.com.ar\/index.php\/autoridades-y-gremios-municipales-de-general-villegas-deciden-postergar-el-aumento-del-4-previsto-para-abril\/#breadcrumb\"},\"inLanguage\":\"es\",\"potentialAction\":[{\"@type\":\"ReadAction\",\"target\":[\"https:\/\/infoecos.com.ar\/index.php\/autoridades-y-gremios-municipales-de-general-villegas-deciden-postergar-el-aumento-del-4-previsto-para-abril\/\"]}]},{\"@type\":\"ImageObject\",\"inLanguage\":\"es\",\"@id\":\"https:\/\/infoecos.com.ar\/index.php\/autoridades-y-gremios-municipales-de-general-villegas-deciden-postergar-el-aumento-del-4-previsto-para-abril\/#primaryimage\",\"url\":\"https:\/\/infoecos.com.ar\/wp-content\/uploads\/Reunion-Gremios-29-4.jpeg\",\"contentUrl\":\"https:\/\/infoecos.com.ar\/wp-content\/uploads\/Reunion-Gremios-29-4.jpeg\",\"width\":1280,\"height\":720,\"caption\":\"General Villegas - Reuni\u00f3n con gremios\"},{\"@type\":\"BreadcrumbList\",\"@id\":\"https:\/\/infoecos.com.ar\/index.php\/autoridades-y-gremios-municipales-de-general-villegas-deciden-postergar-el-aumento-del-4-previsto-para-abril\/#breadcrumb\",\"itemListElement\":[{\"@type\":\"ListItem\",\"position\":1,\"name\":\"Portada\",\"item\":\"https:\/\/infoecos.com.ar\/\"},{\"@type\":\"ListItem\",\"position\":2,\"name\":\"Autoridades y gremios municipales de General Villegas deciden postergar el aumento del 4 % previsto para Abril\"}]},{\"@type\":\"WebSite\",\"@id\":\"https:\/\/infoecos.com.ar\/#website\",\"url\":\"https:\/\/infoecos.com.ar\/\",\"name\":\"Infoecos\",\"description\":\"Noticias de trenque lauquen y la zona\",\"publisher\":{\"@id\":\"https:\/\/infoecos.com.ar\/#organization\"},\"alternateName\":\"Noticias\",\"potentialAction\":[{\"@type\":\"SearchAction\",\"target\":{\"@type\":\"EntryPoint\",\"urlTemplate\":\"https:\/\/infoecos.com.ar\/?s={search_term_string}\"},\"query-input\":{\"@type\":\"PropertyValueSpecification\",\"valueRequired\":true,\"valueName\":\"search_term_string\"}}],\"inLanguage\":\"es\"},{\"@type\":\"Organization\",\"@id\":\"https:\/\/infoecos.com.ar\/#organization\",\"name\":\"Infoecos\",\"alternateName\":\"Noticias\",\"url\":\"https:\/\/infoecos.com.ar\/\",\"logo\":{\"@type\":\"ImageObject\",\"inLanguage\":\"es\",\"@id\":\"https:\/\/infoecos.com.ar\/#\/schema\/logo\/image\/\",\"url\":\"https:\/\/infoecos.com.ar\/wp-content\/uploads\/2024\/03\/cropped-logo.png\",\"contentUrl\":\"https:\/\/infoecos.com.ar\/wp-content\/uploads\/2024\/03\/cropped-logo.png\",\"width\":374,\"height\":90,\"caption\":\"Infoecos\"},\"image\":{\"@id\":\"https:\/\/infoecos.com.ar\/#\/schema\/logo\/image\/\"},\"sameAs\":[\"https:\/\/www.facebook.com\/profile.php?id=100063200290284\",\"https:\/\/x.com\/infoecos\"]},{\"@type\":\"Person\",\"@id\":\"https:\/\/infoecos.com.ar\/#\/schema\/person\/8f5ace5ce73b4b4aac4b7245aee6f191\",\"name\":\"Jorge Matheus\",\"url\":\"https:\/\/infoecos.com.ar\/index.php\/author\/jomatheus\/\"}]}<\/script>\n<!-- \/ Yoast SEO plugin. -->","yoast_head_json":{"title":"Autoridades y gremios municipales de General Villegas deciden postergar el aumento del 4 % previsto para Abril - Infoecos","robots":{"index":"index","follow":"follow","max-snippet":"max-snippet:-1","max-image-preview":"max-image-preview:large","max-video-preview":"max-video-preview:-1"},"canonical":"https:\/\/infoecos.com.ar\/index.php\/autoridades-y-gremios-municipales-de-general-villegas-deciden-postergar-el-aumento-del-4-previsto-para-abril\/","og_locale":"es_ES","og_type":"article","og_title":"Autoridades y gremios municipales de General Villegas deciden postergar el aumento del 4 % previsto para Abril - Infoecos","og_description":"Este mi\u00e9rcoles, se llev\u00f3 a cabo una reuni\u00f3n en General Villegas con los dirigentes de...","og_url":"https:\/\/infoecos.com.ar\/index.php\/autoridades-y-gremios-municipales-de-general-villegas-deciden-postergar-el-aumento-del-4-previsto-para-abril\/","og_site_name":"Infoecos","article_publisher":"https:\/\/www.facebook.com\/profile.php?id=100063200290284","article_published_time":"2020-04-29T20:51:25+00:00","article_modified_time":"2020-04-29T20:51:28+00:00","og_image":[{"width":1280,"height":720,"url":"https:\/\/infoecos.com.ar\/wp-content\/uploads\/Reunion-Gremios-29-4.jpeg","type":"image\/jpeg"}],"author":"Jorge Matheus","twitter_card":"summary_large_image","twitter_creator":"@infoecos","twitter_site":"@infoecos","twitter_misc":{"Escrito por":"Jorge Matheus"},"schema":{"@context":"https:\/\/schema.org","@graph":[{"@type":"Article","@id":"https:\/\/infoecos.com.ar\/index.php\/autoridades-y-gremios-municipales-de-general-villegas-deciden-postergar-el-aumento-del-4-previsto-para-abril\/#article","isPartOf":{"@id":"https:\/\/infoecos.com.ar\/index.php\/autoridades-y-gremios-municipales-de-general-villegas-deciden-postergar-el-aumento-del-4-previsto-para-abril\/"},"author":{"name":"Jorge Matheus","@id":"https:\/\/infoecos.com.ar\/#\/schema\/person\/8f5ace5ce73b4b4aac4b7245aee6f191"},"headline":"Autoridades y gremios municipales de General Villegas deciden postergar el aumento del 4 % previsto para Abril","datePublished":"2020-04-29T20:51:25+00:00","dateModified":"2020-04-29T20:51:28+00:00","mainEntityOfPage":{"@id":"https:\/\/infoecos.com.ar\/index.php\/autoridades-y-gremios-municipales-de-general-villegas-deciden-postergar-el-aumento-del-4-previsto-para-abril\/"},"wordCount":108,"publisher":{"@id":"https:\/\/infoecos.com.ar\/#organization"},"image":{"@id":"https:\/\/infoecos.com.ar\/index.php\/autoridades-y-gremios-municipales-de-general-villegas-deciden-postergar-el-aumento-del-4-previsto-para-abril\/#primaryimage"},"thumbnailUrl":"https:\/\/infoecos.com.ar\/wp-content\/uploads\/Reunion-Gremios-29-4.jpeg","keywords":["GENERAL VILLEGAS"],"articleSection":["C1 N1"],"inLanguage":"es"},{"@type":"WebPage","@id":"https:\/\/infoecos.com.ar\/index.php\/autoridades-y-gremios-municipales-de-general-villegas-deciden-postergar-el-aumento-del-4-previsto-para-abril\/","url":"https:\/\/infoecos.com.ar\/index.php\/autoridades-y-gremios-municipales-de-general-villegas-deciden-postergar-el-aumento-del-4-previsto-para-abril\/","name":"Autoridades y gremios municipales de General Villegas deciden postergar el aumento del 4 % previsto para Abril - Infoecos","isPartOf":{"@id":"https:\/\/infoecos.com.ar\/#website"},"primaryImageOfPage":{"@id":"https:\/\/infoecos.com.ar\/index.php\/autoridades-y-gremios-municipales-de-general-villegas-deciden-postergar-el-aumento-del-4-previsto-para-abril\/#primaryimage"},"image":{"@id":"https:\/\/infoecos.com.ar\/index.php\/autoridades-y-gremios-municipales-de-general-villegas-deciden-postergar-el-aumento-del-4-previsto-para-abril\/#primaryimage"},"thumbnailUrl":"https:\/\/infoecos.com.ar\/wp-content\/uploads\/Reunion-Gremios-29-4.jpeg","datePublished":"2020-04-29T20:51:25+00:00","dateModified":"2020-04-29T20:51:28+00:00","breadcrumb":{"@id":"https:\/\/infoecos.com.ar\/index.php\/autoridades-y-gremios-municipales-de-general-villegas-deciden-postergar-el-aumento-del-4-previsto-para-abril\/#breadcrumb"},"inLanguage":"es","potentialAction":[{"@type":"ReadAction","target":["https:\/\/infoecos.com.ar\/index.php\/autoridades-y-gremios-municipales-de-general-villegas-deciden-postergar-el-aumento-del-4-previsto-para-abril\/"]}]},{"@type":"ImageObject","inLanguage":"es","@id":"https:\/\/infoecos.com.ar\/index.php\/autoridades-y-gremios-municipales-de-general-villegas-deciden-postergar-el-aumento-del-4-previsto-para-abril\/#primaryimage","url":"https:\/\/infoecos.com.ar\/wp-content\/uploads\/Reunion-Gremios-29-4.jpeg","contentUrl":"https:\/\/infoecos.com.ar\/wp-content\/uploads\/Reunion-Gremios-29-4.jpeg","width":1280,"height":720,"caption":"General Villegas - Reuni\u00f3n con gremios"},{"@type":"BreadcrumbList","@id":"https:\/\/infoecos.com.ar\/index.php\/autoridades-y-gremios-municipales-de-general-villegas-deciden-postergar-el-aumento-del-4-previsto-para-abril\/#breadcrumb","itemListElement":[{"@type":"ListItem","position":1,"name":"Portada","item":"https:\/\/infoecos.com.ar\/"},{"@type":"ListItem","position":2,"name":"Autoridades y gremios municipales de General Villegas deciden postergar el aumento del 4 % previsto para Abril"}]},{"@type":"WebSite","@id":"https:\/\/infoecos.com.ar\/#website","url":"https:\/\/infoecos.com.ar\/","name":"Infoecos","description":"Noticias de trenque lauquen y la zona","publisher":{"@id":"https:\/\/infoecos.com.ar\/#organization"},"alternateName":"Noticias","potentialAction":[{"@type":"SearchAction","target":{"@type":"EntryPoint","urlTemplate":"https:\/\/infoecos.com.ar\/?s={search_term_string}"},"query-input":{"@type":"PropertyValueSpecification","valueRequired":true,"valueName":"search_term_string"}}],"inLanguage":"es"},{"@type":"Organization","@id":"https:\/\/infoecos.com.ar\/#organization","name":"Infoecos","alternateName":"Noticias","url":"https:\/\/infoecos.com.ar\/","logo":{"@type":"ImageObject","inLanguage":"es","@id":"https:\/\/infoecos.com.ar\/#\/schema\/logo\/image\/","url":"https:\/\/infoecos.com.ar\/wp-content\/uploads\/2024\/03\/cropped-logo.png","contentUrl":"https:\/\/infoecos.com.ar\/wp-content\/uploads\/2024\/03\/cropped-logo.png","width":374,"height":90,"caption":"Infoecos"},"image":{"@id":"https:\/\/infoecos.com.ar\/#\/schema\/logo\/image\/"},"sameAs":["https:\/\/www.facebook.com\/profile.php?id=100063200290284","https:\/\/x.com\/infoecos"]},{"@type":"Person","@id":"https:\/\/infoecos.com.ar\/#\/schema\/person\/8f5ace5ce73b4b4aac4b7245aee6f191","name":"Jorge Matheus","url":"https:\/\/infoecos.com.ar\/index.php\/author\/jomatheus\/"}]}},"featured_image_urls":{"full":["https:\/\/infoecos.com.ar\/wp-content\/uploads\/Reunion-Gremios-29-4.jpeg",1280,720,false],"thumbnail":["https:\/\/infoecos.com.ar\/wp-content\/uploads\/Reunion-Gremios-29-4-150x150.jpeg",150,150,true],"medium":["https:\/\/infoecos.com.ar\/wp-content\/uploads\/Reunion-Gremios-29-4-460x259.jpeg",460,259,true],"medium_large":["https:\/\/infoecos.com.ar\/wp-content\/uploads\/Reunion-Gremios-29-4-768x432.jpeg",640,360,true],"large":["https:\/\/infoecos.com.ar\/wp-content\/uploads\/Reunion-Gremios-29-4-920x518.jpeg",640,360,true],"1536x1536":["https:\/\/infoecos.com.ar\/wp-content\/uploads\/Reunion-Gremios-29-4.jpeg",1280,720,false],"2048x2048":["https:\/\/infoecos.com.ar\/wp-content\/uploads\/Reunion-Gremios-29-4.jpeg",1280,720,false],"covernews-slider-full":["https:\/\/infoecos.com.ar\/wp-content\/uploads\/Reunion-Gremios-29-4.jpeg",1115,627,false],"covernews-slider-center":["https:\/\/infoecos.com.ar\/wp-content\/uploads\/Reunion-Gremios-29-4-936x720.jpeg",650,500,true],"covernews-featured":["https:\/\/infoecos.com.ar\/wp-content\/uploads\/Reunion-Gremios-29-4-1024x576.jpeg",1024,576,true],"covernews-medium":["https:\/\/infoecos.com.ar\/wp-content\/uploads\/Reunion-Gremios-29-4-720x380.jpeg",540,285,true],"covernews-medium-square":["https:\/\/infoecos.com.ar\/wp-content\/uploads\/Reunion-Gremios-29-4-675x450.jpeg",375,250,true]},"author_info":{"info":["Jorge Matheus"]},"category_info":"<a href=\"https:\/\/infoecos.com.ar\/index.php\/category\/c1nota1\/\" rel=\"category tag\">C1 N1<\/a>","tag_info":"C1 N1","comment_count":"0","_links":{"self":[{"href":"https:\/\/infoecos.com.ar\/index.php\/wp-json\/wp\/v2\/posts\/61512"}],"collection":[{"href":"https:\/\/infoecos.com.ar\/index.php\/wp-json\/wp\/v2\/posts"}],"about":[{"href":"https:\/\/infoecos.com.ar\/index.php\/wp-json\/wp\/v2\/types\/post"}],"author":[{"embeddable":true,"href":"https:\/\/infoecos.com.ar\/index.php\/wp-json\/wp\/v2\/users\/2"}],"replies":[{"embeddable":true,"href":"https:\/\/infoecos.com.ar\/index.php\/wp-json\/wp\/v2\/comments?post=61512"}],"version-history":[{"count":1,"href":"https:\/\/infoecos.com.ar\/index.php\/wp-json\/wp\/v2\/posts\/61512\/revisions"}],"predecessor-version":[{"id":61514,"href":"https:\/\/infoecos.com.ar\/index.php\/wp-json\/wp\/v2\/posts\/61512\/revisions\/61514"}],"wp:featuredmedia":[{"embeddable":true,"href":"https:\/\/infoecos.com.ar\/index.php\/wp-json\/wp\/v2\/media\/61513"}],"wp:attachment":[{"href":"https:\/\/infoecos.com.ar\/index.php\/wp-json\/wp\/v2\/media?parent=61512"}],"wp:term":[{"taxonomy":"category","embeddable":true,"href":"https:\/\/infoecos.com.ar\/index.php\/wp-json\/wp\/v2\/categories?post=61512"},{"taxonomy":"post_tag","embeddable":true,"href":"https:\/\/infoecos.com.ar\/index.php\/wp-json\/wp\/v2\/tags?post=61512"}],"curies":[{"name":"wp","href":"https:\/\/api.w.org\/{rel}","templated":true}]}}