{"id":61565,"date":"2020-04-30T01:11:27","date_gmt":"2020-04-30T04:11:27","guid":{"rendered":"http:\/\/infoecos.com.ar\/?p=61565"},"modified":"2020-04-30T01:11:32","modified_gmt":"2020-04-30T04:11:32","slug":"el-intendente-de-carlos-casares-anuncio-que-habra-solamente-tres-accesos-a-la-caminata-y-que-este-jueves-se-explicara-como-seran-las-caminatas","status":"publish","type":"post","link":"https:\/\/infoecos.com.ar\/index.php\/el-intendente-de-carlos-casares-anuncio-que-habra-solamente-tres-accesos-a-la-caminata-y-que-este-jueves-se-explicara-como-seran-las-caminatas\/","title":{"rendered":"El intendente de Carlos Casares anunci\u00f3 que habr\u00e1 solamente tres accesos a la caminata y que este jueves se explicar\u00e1 como ser\u00e1n las caminatas"},"content":{"rendered":"\n<p>El Intendente Municipal de Carlos Casares, Walter Torchio, anunci\u00f3 que desde el lunes solamente habr\u00e1 tres accesos a la ciudad.<\/p>\n\n\n\n<p>El Mouras (livianos y camiones de la firma Los Grobo y Duckas) y el Espil y Santa Fe (Camiones) ser\u00e1n los \u00fanicos dos habilitados.<\/p>\n\n\n\n<div class=\"wp-block-image\"><figure class=\"aligncenter size-medium\"><img decoding=\"async\" src=\"http:\/\/infoecos.com.ar\/wp-content\/uploads\/2014\/18557219_1977760109123820_8081032809758665368_n-460x345.jpg\" alt=\"\" class=\"wp-image-52565\"\/><figcaption>Carlos Casares &#8211; Municipio<\/figcaption><\/figure><\/div>\n\n\n\n<p>Por eso y sabiendo que no hay casos aut\u00f3ctonos,\u00a0<strong>\u201cnecesitamos la ayuda del vecino para seguir como venimos\u201d<\/strong>, indic\u00f3.<\/p>\n\n\n\n<p>El Jefe Comunal volvi\u00f3 a pedir a la gente a que vaya una sola vez al d\u00eda al mercado porque se necesita que haya poca circulaci\u00f3n, m\u00e1s aun en lugares cerrados.<\/p>\n\n\n\n<p>En este punto tambi\u00e9n record\u00f3 que, la utilizaci\u00f3n del barbijo y el distanciamiento social es tan beneficiosa como ir de compras la menor cantidad de veces posibles a la semana.<\/p>\n\n\n\n<p>Desde la semana que viene se comenzar\u00e1 a hacer con el fin de que, el empleador sea quien tenga que pedirle autorizaci\u00f3n al municipio para que el empleado pueda ir a trabajar.<\/p>\n\n\n\n<p>Entre lunes y martes se dar\u00e1 a conocer por el comunicado v\u00eda redes sociales (Prensa Casares en Facebook e Intendentew.torchio en Instagram).<\/p>\n\n\n\n<p>Tambi\u00e9n anticip\u00f3 que este jueves se anunciar\u00e1 la autorizaci\u00f3n para las caminatas y que ser\u00e1n limitadas. \u00abEl equipo de salud tiene observaciones.El mayor de 50 deber\u00e1 pedir autorizaci\u00f3n para salir a caminar junto a la autorizaci\u00f3n del m\u00e9dico\u00bb, explic\u00f3 Torchio.<\/p>\n\n\n\n<p>Por \u00faltimo y como siempre,&nbsp;<strong>\u201cnos cuidamos entre todos\u201d<\/strong>, afirm\u00f3 pidiendo&nbsp;<strong>\u201cla paciencia necesaria porque la situaci\u00f3n nos llevar\u00e1 m\u00e1s tiempo de lo que todos esper\u00e1bamos\u201d<\/strong>.<\/p>\n","protected":false},"excerpt":{"rendered":"<p>El Intendente Municipal de Carlos Casares, Walter Torchio, anunci\u00f3 que desde el lunes solamente habr\u00e1&#8230;<\/p>\n","protected":false},"author":2,"featured_media":52565,"comment_status":"closed","ping_status":"open","sticky":false,"template":"","format":"standard","meta":{"footnotes":""},"categories":[1341],"tags":[10],"class_list":["post-61565","post","type-post","status-publish","format-standard","has-post-thumbnail","hentry","category-c1nota7","tag-carlos-casares"],"yoast_head":"<!-- This site is optimized with the Yoast SEO plugin v23.4 - https:\/\/yoast.com\/wordpress\/plugins\/seo\/ -->\n<title>El intendente de Carlos Casares anunci\u00f3 que habr\u00e1 solamente tres accesos a la caminata y que este jueves se explicar\u00e1 como ser\u00e1n las caminatas - Infoecos<\/title>\n<meta name=\"robots\" content=\"index, follow, max-snippet:-1, max-image-preview:large, max-video-preview:-1\" \/>\n<link rel=\"canonical\" href=\"https:\/\/infoecos.com.ar\/index.php\/el-intendente-de-carlos-casares-anuncio-que-habra-solamente-tres-accesos-a-la-caminata-y-que-este-jueves-se-explicara-como-seran-las-caminatas\/\" \/>\n<meta property=\"og:locale\" content=\"es_ES\" \/>\n<meta property=\"og:type\" content=\"article\" \/>\n<meta property=\"og:title\" content=\"El intendente de Carlos Casares anunci\u00f3 que habr\u00e1 solamente tres accesos a la caminata y que este jueves se explicar\u00e1 como ser\u00e1n las caminatas - Infoecos\" \/>\n<meta property=\"og:description\" content=\"El Intendente Municipal de Carlos Casares, Walter Torchio, anunci\u00f3 que desde el lunes solamente habr\u00e1...\" \/>\n<meta property=\"og:url\" content=\"https:\/\/infoecos.com.ar\/index.php\/el-intendente-de-carlos-casares-anuncio-que-habra-solamente-tres-accesos-a-la-caminata-y-que-este-jueves-se-explicara-como-seran-las-caminatas\/\" \/>\n<meta property=\"og:site_name\" content=\"Infoecos\" \/>\n<meta property=\"article:publisher\" content=\"https:\/\/www.facebook.com\/profile.php?id=100063200290284\" \/>\n<meta property=\"article:published_time\" content=\"2020-04-30T04:11:27+00:00\" \/>\n<meta property=\"article:modified_time\" content=\"2020-04-30T04:11:32+00:00\" \/>\n<meta property=\"og:image\" content=\"https:\/\/infoecos.com.ar\/wp-content\/uploads\/18557219_1977760109123820_8081032809758665368_n.jpg\" \/>\n\t<meta property=\"og:image:width\" content=\"800\" \/>\n\t<meta property=\"og:image:height\" content=\"600\" \/>\n\t<meta property=\"og:image:type\" content=\"image\/jpeg\" \/>\n<meta name=\"author\" content=\"Jorge Matheus\" \/>\n<meta name=\"twitter:card\" content=\"summary_large_image\" \/>\n<meta name=\"twitter:creator\" content=\"@infoecos\" \/>\n<meta name=\"twitter:site\" content=\"@infoecos\" \/>\n<meta name=\"twitter:label1\" content=\"Escrito por\" \/>\n\t<meta name=\"twitter:data1\" content=\"Jorge Matheus\" \/>\n\t<meta name=\"twitter:label2\" content=\"Tiempo de lectura\" \/>\n\t<meta name=\"twitter:data2\" content=\"1 minuto\" \/>\n<script type=\"application\/ld+json\" class=\"yoast-schema-graph\">{\"@context\":\"https:\/\/schema.org\",\"@graph\":[{\"@type\":\"Article\",\"@id\":\"https:\/\/infoecos.com.ar\/index.php\/el-intendente-de-carlos-casares-anuncio-que-habra-solamente-tres-accesos-a-la-caminata-y-que-este-jueves-se-explicara-como-seran-las-caminatas\/#article\",\"isPartOf\":{\"@id\":\"https:\/\/infoecos.com.ar\/index.php\/el-intendente-de-carlos-casares-anuncio-que-habra-solamente-tres-accesos-a-la-caminata-y-que-este-jueves-se-explicara-como-seran-las-caminatas\/\"},\"author\":{\"name\":\"Jorge Matheus\",\"@id\":\"https:\/\/infoecos.com.ar\/#\/schema\/person\/8f5ace5ce73b4b4aac4b7245aee6f191\"},\"headline\":\"El intendente de Carlos Casares anunci\u00f3 que habr\u00e1 solamente tres accesos a la caminata y que este jueves se explicar\u00e1 como ser\u00e1n las caminatas\",\"datePublished\":\"2020-04-30T04:11:27+00:00\",\"dateModified\":\"2020-04-30T04:11:32+00:00\",\"mainEntityOfPage\":{\"@id\":\"https:\/\/infoecos.com.ar\/index.php\/el-intendente-de-carlos-casares-anuncio-que-habra-solamente-tres-accesos-a-la-caminata-y-que-este-jueves-se-explicara-como-seran-las-caminatas\/\"},\"wordCount\":294,\"publisher\":{\"@id\":\"https:\/\/infoecos.com.ar\/#organization\"},\"image\":{\"@id\":\"https:\/\/infoecos.com.ar\/index.php\/el-intendente-de-carlos-casares-anuncio-que-habra-solamente-tres-accesos-a-la-caminata-y-que-este-jueves-se-explicara-como-seran-las-caminatas\/#primaryimage\"},\"thumbnailUrl\":\"\",\"keywords\":[\"Carlos Casares\"],\"articleSection\":[\"C1 nota 7\"],\"inLanguage\":\"es\"},{\"@type\":\"WebPage\",\"@id\":\"https:\/\/infoecos.com.ar\/index.php\/el-intendente-de-carlos-casares-anuncio-que-habra-solamente-tres-accesos-a-la-caminata-y-que-este-jueves-se-explicara-como-seran-las-caminatas\/\",\"url\":\"https:\/\/infoecos.com.ar\/index.php\/el-intendente-de-carlos-casares-anuncio-que-habra-solamente-tres-accesos-a-la-caminata-y-que-este-jueves-se-explicara-como-seran-las-caminatas\/\",\"name\":\"El intendente de Carlos Casares anunci\u00f3 que habr\u00e1 solamente tres accesos a la caminata y que este jueves se explicar\u00e1 como ser\u00e1n las caminatas - Infoecos\",\"isPartOf\":{\"@id\":\"https:\/\/infoecos.com.ar\/#website\"},\"primaryImageOfPage\":{\"@id\":\"https:\/\/infoecos.com.ar\/index.php\/el-intendente-de-carlos-casares-anuncio-que-habra-solamente-tres-accesos-a-la-caminata-y-que-este-jueves-se-explicara-como-seran-las-caminatas\/#primaryimage\"},\"image\":{\"@id\":\"https:\/\/infoecos.com.ar\/index.php\/el-intendente-de-carlos-casares-anuncio-que-habra-solamente-tres-accesos-a-la-caminata-y-que-este-jueves-se-explicara-como-seran-las-caminatas\/#primaryimage\"},\"thumbnailUrl\":\"\",\"datePublished\":\"2020-04-30T04:11:27+00:00\",\"dateModified\":\"2020-04-30T04:11:32+00:00\",\"breadcrumb\":{\"@id\":\"https:\/\/infoecos.com.ar\/index.php\/el-intendente-de-carlos-casares-anuncio-que-habra-solamente-tres-accesos-a-la-caminata-y-que-este-jueves-se-explicara-como-seran-las-caminatas\/#breadcrumb\"},\"inLanguage\":\"es\",\"potentialAction\":[{\"@type\":\"ReadAction\",\"target\":[\"https:\/\/infoecos.com.ar\/index.php\/el-intendente-de-carlos-casares-anuncio-que-habra-solamente-tres-accesos-a-la-caminata-y-que-este-jueves-se-explicara-como-seran-las-caminatas\/\"]}]},{\"@type\":\"ImageObject\",\"inLanguage\":\"es\",\"@id\":\"https:\/\/infoecos.com.ar\/index.php\/el-intendente-de-carlos-casares-anuncio-que-habra-solamente-tres-accesos-a-la-caminata-y-que-este-jueves-se-explicara-como-seran-las-caminatas\/#primaryimage\",\"url\":\"\",\"contentUrl\":\"\"},{\"@type\":\"BreadcrumbList\",\"@id\":\"https:\/\/infoecos.com.ar\/index.php\/el-intendente-de-carlos-casares-anuncio-que-habra-solamente-tres-accesos-a-la-caminata-y-que-este-jueves-se-explicara-como-seran-las-caminatas\/#breadcrumb\",\"itemListElement\":[{\"@type\":\"ListItem\",\"position\":1,\"name\":\"Portada\",\"item\":\"https:\/\/infoecos.com.ar\/\"},{\"@type\":\"ListItem\",\"position\":2,\"name\":\"El intendente de Carlos Casares anunci\u00f3 que habr\u00e1 solamente tres accesos a la caminata y que este jueves se explicar\u00e1 como ser\u00e1n las caminatas\"}]},{\"@type\":\"WebSite\",\"@id\":\"https:\/\/infoecos.com.ar\/#website\",\"url\":\"https:\/\/infoecos.com.ar\/\",\"name\":\"Infoecos\",\"description\":\"Noticias de trenque lauquen y la zona\",\"publisher\":{\"@id\":\"https:\/\/infoecos.com.ar\/#organization\"},\"alternateName\":\"Noticias\",\"potentialAction\":[{\"@type\":\"SearchAction\",\"target\":{\"@type\":\"EntryPoint\",\"urlTemplate\":\"https:\/\/infoecos.com.ar\/?s={search_term_string}\"},\"query-input\":{\"@type\":\"PropertyValueSpecification\",\"valueRequired\":true,\"valueName\":\"search_term_string\"}}],\"inLanguage\":\"es\"},{\"@type\":\"Organization\",\"@id\":\"https:\/\/infoecos.com.ar\/#organization\",\"name\":\"Infoecos\",\"alternateName\":\"Noticias\",\"url\":\"https:\/\/infoecos.com.ar\/\",\"logo\":{\"@type\":\"ImageObject\",\"inLanguage\":\"es\",\"@id\":\"https:\/\/infoecos.com.ar\/#\/schema\/logo\/image\/\",\"url\":\"https:\/\/infoecos.com.ar\/wp-content\/uploads\/2024\/03\/cropped-logo.png\",\"contentUrl\":\"https:\/\/infoecos.com.ar\/wp-content\/uploads\/2024\/03\/cropped-logo.png\",\"width\":374,\"height\":90,\"caption\":\"Infoecos\"},\"image\":{\"@id\":\"https:\/\/infoecos.com.ar\/#\/schema\/logo\/image\/\"},\"sameAs\":[\"https:\/\/www.facebook.com\/profile.php?id=100063200290284\",\"https:\/\/x.com\/infoecos\"]},{\"@type\":\"Person\",\"@id\":\"https:\/\/infoecos.com.ar\/#\/schema\/person\/8f5ace5ce73b4b4aac4b7245aee6f191\",\"name\":\"Jorge Matheus\",\"url\":\"https:\/\/infoecos.com.ar\/index.php\/author\/jomatheus\/\"}]}<\/script>\n<!-- \/ Yoast SEO plugin. -->","yoast_head_json":{"title":"El intendente de Carlos Casares anunci\u00f3 que habr\u00e1 solamente tres accesos a la caminata y que este jueves se explicar\u00e1 como ser\u00e1n las caminatas - Infoecos","robots":{"index":"index","follow":"follow","max-snippet":"max-snippet:-1","max-image-preview":"max-image-preview:large","max-video-preview":"max-video-preview:-1"},"canonical":"https:\/\/infoecos.com.ar\/index.php\/el-intendente-de-carlos-casares-anuncio-que-habra-solamente-tres-accesos-a-la-caminata-y-que-este-jueves-se-explicara-como-seran-las-caminatas\/","og_locale":"es_ES","og_type":"article","og_title":"El intendente de Carlos Casares anunci\u00f3 que habr\u00e1 solamente tres accesos a la caminata y que este jueves se explicar\u00e1 como ser\u00e1n las caminatas - Infoecos","og_description":"El Intendente Municipal de Carlos Casares, Walter Torchio, anunci\u00f3 que desde el lunes solamente habr\u00e1...","og_url":"https:\/\/infoecos.com.ar\/index.php\/el-intendente-de-carlos-casares-anuncio-que-habra-solamente-tres-accesos-a-la-caminata-y-que-este-jueves-se-explicara-como-seran-las-caminatas\/","og_site_name":"Infoecos","article_publisher":"https:\/\/www.facebook.com\/profile.php?id=100063200290284","article_published_time":"2020-04-30T04:11:27+00:00","article_modified_time":"2020-04-30T04:11:32+00:00","og_image":[{"width":800,"height":600,"url":"https:\/\/infoecos.com.ar\/wp-content\/uploads\/18557219_1977760109123820_8081032809758665368_n.jpg","type":"image\/jpeg"}],"author":"Jorge Matheus","twitter_card":"summary_large_image","twitter_creator":"@infoecos","twitter_site":"@infoecos","twitter_misc":{"Escrito por":"Jorge Matheus","Tiempo de lectura":"1 minuto"},"schema":{"@context":"https:\/\/schema.org","@graph":[{"@type":"Article","@id":"https:\/\/infoecos.com.ar\/index.php\/el-intendente-de-carlos-casares-anuncio-que-habra-solamente-tres-accesos-a-la-caminata-y-que-este-jueves-se-explicara-como-seran-las-caminatas\/#article","isPartOf":{"@id":"https:\/\/infoecos.com.ar\/index.php\/el-intendente-de-carlos-casares-anuncio-que-habra-solamente-tres-accesos-a-la-caminata-y-que-este-jueves-se-explicara-como-seran-las-caminatas\/"},"author":{"name":"Jorge Matheus","@id":"https:\/\/infoecos.com.ar\/#\/schema\/person\/8f5ace5ce73b4b4aac4b7245aee6f191"},"headline":"El intendente de Carlos Casares anunci\u00f3 que habr\u00e1 solamente tres accesos a la caminata y que este jueves se explicar\u00e1 como ser\u00e1n las caminatas","datePublished":"2020-04-30T04:11:27+00:00","dateModified":"2020-04-30T04:11:32+00:00","mainEntityOfPage":{"@id":"https:\/\/infoecos.com.ar\/index.php\/el-intendente-de-carlos-casares-anuncio-que-habra-solamente-tres-accesos-a-la-caminata-y-que-este-jueves-se-explicara-como-seran-las-caminatas\/"},"wordCount":294,"publisher":{"@id":"https:\/\/infoecos.com.ar\/#organization"},"image":{"@id":"https:\/\/infoecos.com.ar\/index.php\/el-intendente-de-carlos-casares-anuncio-que-habra-solamente-tres-accesos-a-la-caminata-y-que-este-jueves-se-explicara-como-seran-las-caminatas\/#primaryimage"},"thumbnailUrl":"","keywords":["Carlos Casares"],"articleSection":["C1 nota 7"],"inLanguage":"es"},{"@type":"WebPage","@id":"https:\/\/infoecos.com.ar\/index.php\/el-intendente-de-carlos-casares-anuncio-que-habra-solamente-tres-accesos-a-la-caminata-y-que-este-jueves-se-explicara-como-seran-las-caminatas\/","url":"https:\/\/infoecos.com.ar\/index.php\/el-intendente-de-carlos-casares-anuncio-que-habra-solamente-tres-accesos-a-la-caminata-y-que-este-jueves-se-explicara-como-seran-las-caminatas\/","name":"El intendente de Carlos Casares anunci\u00f3 que habr\u00e1 solamente tres accesos a la caminata y que este jueves se explicar\u00e1 como ser\u00e1n las caminatas - Infoecos","isPartOf":{"@id":"https:\/\/infoecos.com.ar\/#website"},"primaryImageOfPage":{"@id":"https:\/\/infoecos.com.ar\/index.php\/el-intendente-de-carlos-casares-anuncio-que-habra-solamente-tres-accesos-a-la-caminata-y-que-este-jueves-se-explicara-como-seran-las-caminatas\/#primaryimage"},"image":{"@id":"https:\/\/infoecos.com.ar\/index.php\/el-intendente-de-carlos-casares-anuncio-que-habra-solamente-tres-accesos-a-la-caminata-y-que-este-jueves-se-explicara-como-seran-las-caminatas\/#primaryimage"},"thumbnailUrl":"","datePublished":"2020-04-30T04:11:27+00:00","dateModified":"2020-04-30T04:11:32+00:00","breadcrumb":{"@id":"https:\/\/infoecos.com.ar\/index.php\/el-intendente-de-carlos-casares-anuncio-que-habra-solamente-tres-accesos-a-la-caminata-y-que-este-jueves-se-explicara-como-seran-las-caminatas\/#breadcrumb"},"inLanguage":"es","potentialAction":[{"@type":"ReadAction","target":["https:\/\/infoecos.com.ar\/index.php\/el-intendente-de-carlos-casares-anuncio-que-habra-solamente-tres-accesos-a-la-caminata-y-que-este-jueves-se-explicara-como-seran-las-caminatas\/"]}]},{"@type":"ImageObject","inLanguage":"es","@id":"https:\/\/infoecos.com.ar\/index.php\/el-intendente-de-carlos-casares-anuncio-que-habra-solamente-tres-accesos-a-la-caminata-y-que-este-jueves-se-explicara-como-seran-las-caminatas\/#primaryimage","url":"","contentUrl":""},{"@type":"BreadcrumbList","@id":"https:\/\/infoecos.com.ar\/index.php\/el-intendente-de-carlos-casares-anuncio-que-habra-solamente-tres-accesos-a-la-caminata-y-que-este-jueves-se-explicara-como-seran-las-caminatas\/#breadcrumb","itemListElement":[{"@type":"ListItem","position":1,"name":"Portada","item":"https:\/\/infoecos.com.ar\/"},{"@type":"ListItem","position":2,"name":"El intendente de Carlos Casares anunci\u00f3 que habr\u00e1 solamente tres accesos a la caminata y que este jueves se explicar\u00e1 como ser\u00e1n las caminatas"}]},{"@type":"WebSite","@id":"https:\/\/infoecos.com.ar\/#website","url":"https:\/\/infoecos.com.ar\/","name":"Infoecos","description":"Noticias de trenque lauquen y la zona","publisher":{"@id":"https:\/\/infoecos.com.ar\/#organization"},"alternateName":"Noticias","potentialAction":[{"@type":"SearchAction","target":{"@type":"EntryPoint","urlTemplate":"https:\/\/infoecos.com.ar\/?s={search_term_string}"},"query-input":{"@type":"PropertyValueSpecification","valueRequired":true,"valueName":"search_term_string"}}],"inLanguage":"es"},{"@type":"Organization","@id":"https:\/\/infoecos.com.ar\/#organization","name":"Infoecos","alternateName":"Noticias","url":"https:\/\/infoecos.com.ar\/","logo":{"@type":"ImageObject","inLanguage":"es","@id":"https:\/\/infoecos.com.ar\/#\/schema\/logo\/image\/","url":"https:\/\/infoecos.com.ar\/wp-content\/uploads\/2024\/03\/cropped-logo.png","contentUrl":"https:\/\/infoecos.com.ar\/wp-content\/uploads\/2024\/03\/cropped-logo.png","width":374,"height":90,"caption":"Infoecos"},"image":{"@id":"https:\/\/infoecos.com.ar\/#\/schema\/logo\/image\/"},"sameAs":["https:\/\/www.facebook.com\/profile.php?id=100063200290284","https:\/\/x.com\/infoecos"]},{"@type":"Person","@id":"https:\/\/infoecos.com.ar\/#\/schema\/person\/8f5ace5ce73b4b4aac4b7245aee6f191","name":"Jorge Matheus","url":"https:\/\/infoecos.com.ar\/index.php\/author\/jomatheus\/"}]}},"featured_image_urls":{"full":"","thumbnail":"","medium":"","medium_large":"","large":"","1536x1536":"","2048x2048":"","covernews-slider-full":"","covernews-slider-center":"","covernews-featured":"","covernews-medium":"","covernews-medium-square":""},"author_info":{"info":["Jorge Matheus"]},"category_info":"<a href=\"https:\/\/infoecos.com.ar\/index.php\/category\/c1nota7\/\" rel=\"category tag\">C1 nota 7<\/a>","tag_info":"C1 nota 7","comment_count":"0","_links":{"self":[{"href":"https:\/\/infoecos.com.ar\/index.php\/wp-json\/wp\/v2\/posts\/61565"}],"collection":[{"href":"https:\/\/infoecos.com.ar\/index.php\/wp-json\/wp\/v2\/posts"}],"about":[{"href":"https:\/\/infoecos.com.ar\/index.php\/wp-json\/wp\/v2\/types\/post"}],"author":[{"embeddable":true,"href":"https:\/\/infoecos.com.ar\/index.php\/wp-json\/wp\/v2\/users\/2"}],"replies":[{"embeddable":true,"href":"https:\/\/infoecos.com.ar\/index.php\/wp-json\/wp\/v2\/comments?post=61565"}],"version-history":[{"count":1,"href":"https:\/\/infoecos.com.ar\/index.php\/wp-json\/wp\/v2\/posts\/61565\/revisions"}],"predecessor-version":[{"id":61566,"href":"https:\/\/infoecos.com.ar\/index.php\/wp-json\/wp\/v2\/posts\/61565\/revisions\/61566"}],"wp:featuredmedia":[{"embeddable":true,"href":"https:\/\/infoecos.com.ar\/index.php\/wp-json\/"}],"wp:attachment":[{"href":"https:\/\/infoecos.com.ar\/index.php\/wp-json\/wp\/v2\/media?parent=61565"}],"wp:term":[{"taxonomy":"category","embeddable":true,"href":"https:\/\/infoecos.com.ar\/index.php\/wp-json\/wp\/v2\/categories?post=61565"},{"taxonomy":"post_tag","embeddable":true,"href":"https:\/\/infoecos.com.ar\/index.php\/wp-json\/wp\/v2\/tags?post=61565"}],"curies":[{"name":"wp","href":"https:\/\/api.w.org\/{rel}","templated":true}]}}