{"id":61666,"date":"2020-05-03T17:06:02","date_gmt":"2020-05-03T20:06:02","guid":{"rendered":"http:\/\/infoecos.com.ar\/?p=61666"},"modified":"2020-05-03T17:06:08","modified_gmt":"2020-05-03T20:06:08","slug":"descartan-2-casos-sospechosos-e-ingresan-otros-2-en-la-ciudad-de-9-de-julio","status":"publish","type":"post","link":"https:\/\/infoecos.com.ar\/index.php\/descartan-2-casos-sospechosos-e-ingresan-otros-2-en-la-ciudad-de-9-de-julio\/","title":{"rendered":"Descartan 2 casos sospechosos e ingresan otros 2 en la ciudad de 9 de Julio"},"content":{"rendered":"\n<p>Fueron descartados dos casos sospechosos en el distrito de 9 de Julio, pero al mismo tiempo ingresaron al protocolo otras dos a las que se les realiz\u00f3 el hisopado correspondiente para elevarlo a estudios de laboratorio.<\/p>\n\n\n\n<div class=\"wp-block-image\"><figure class=\"aligncenter size-medium\"><img loading=\"lazy\" decoding=\"async\" width=\"460\" height=\"344\" src=\"http:\/\/infoecos.com.ar\/wp-content\/uploads\/HOSPITALJULIODEVEDIA-460x344.jpg\" alt=\"\" class=\"wp-image-60125\" srcset=\"https:\/\/infoecos.com.ar\/wp-content\/uploads\/HOSPITALJULIODEVEDIA-460x344.jpg 460w, https:\/\/infoecos.com.ar\/wp-content\/uploads\/HOSPITALJULIODEVEDIA.jpg 696w\" sizes=\"(max-width: 460px) 100vw, 460px\" \/><figcaption>9 de Julio &#8211; Hospital<\/figcaption><\/figure><\/div>\n\n\n\n<p>La informaci\u00f3n que proporcion\u00f3 el Comit\u00e9 de Crisis en Salud nuevejuliense da cuenta que de los dos casos ahora en estudio, uno de ellos es paciente ambulatorio, mientras que el restante permanece internado en una cl\u00ednica privado.<\/p>\n\n\n\n<p>Se complementa el parte a\u00f1adiendo que desde el 17 de marzo cuando se activ\u00f3 el protocolo son 50 los pacientes descartados que no ten\u00edan coronavirus. <\/p>\n\n\n\n<p><\/p>\n\n\n\n<p><\/p>\n","protected":false},"excerpt":{"rendered":"<p>Fueron descartados dos casos sospechosos en el distrito de 9 de Julio, pero al mismo&#8230;<\/p>\n","protected":false},"author":2,"featured_media":60125,"comment_status":"closed","ping_status":"open","sticky":false,"template":"","format":"standard","meta":{"footnotes":""},"categories":[46],"tags":[38],"class_list":["post-61666","post","type-post","status-publish","format-standard","has-post-thumbnail","hentry","category-c2nota2","tag-9-de-julio"],"yoast_head":"<!-- This site is optimized with the Yoast SEO plugin v23.4 - https:\/\/yoast.com\/wordpress\/plugins\/seo\/ -->\n<title>Descartan 2 casos sospechosos e ingresan otros 2 en la ciudad de 9 de Julio - Infoecos<\/title>\n<meta name=\"robots\" content=\"index, follow, max-snippet:-1, max-image-preview:large, max-video-preview:-1\" \/>\n<link rel=\"canonical\" href=\"https:\/\/infoecos.com.ar\/index.php\/descartan-2-casos-sospechosos-e-ingresan-otros-2-en-la-ciudad-de-9-de-julio\/\" \/>\n<meta property=\"og:locale\" content=\"es_ES\" \/>\n<meta property=\"og:type\" content=\"article\" \/>\n<meta property=\"og:title\" content=\"Descartan 2 casos sospechosos e ingresan otros 2 en la ciudad de 9 de Julio - Infoecos\" \/>\n<meta property=\"og:description\" content=\"Fueron descartados dos casos sospechosos en el distrito de 9 de Julio, pero al mismo...\" \/>\n<meta property=\"og:url\" content=\"https:\/\/infoecos.com.ar\/index.php\/descartan-2-casos-sospechosos-e-ingresan-otros-2-en-la-ciudad-de-9-de-julio\/\" \/>\n<meta property=\"og:site_name\" content=\"Infoecos\" \/>\n<meta property=\"article:publisher\" content=\"https:\/\/www.facebook.com\/profile.php?id=100063200290284\" \/>\n<meta property=\"article:published_time\" content=\"2020-05-03T20:06:02+00:00\" \/>\n<meta property=\"article:modified_time\" content=\"2020-05-03T20:06:08+00:00\" \/>\n<meta property=\"og:image\" content=\"https:\/\/infoecos.com.ar\/wp-content\/uploads\/HOSPITALJULIODEVEDIA.jpg\" \/>\n\t<meta property=\"og:image:width\" content=\"696\" \/>\n\t<meta property=\"og:image:height\" content=\"520\" \/>\n\t<meta property=\"og:image:type\" content=\"image\/jpeg\" \/>\n<meta name=\"author\" content=\"Jorge Matheus\" \/>\n<meta name=\"twitter:card\" content=\"summary_large_image\" \/>\n<meta name=\"twitter:creator\" content=\"@infoecos\" \/>\n<meta name=\"twitter:site\" content=\"@infoecos\" \/>\n<meta name=\"twitter:label1\" content=\"Escrito por\" \/>\n\t<meta name=\"twitter:data1\" content=\"Jorge Matheus\" \/>\n\t<meta name=\"twitter:label2\" content=\"Tiempo de lectura\" \/>\n\t<meta name=\"twitter:data2\" content=\"1 minuto\" \/>\n<script type=\"application\/ld+json\" class=\"yoast-schema-graph\">{\"@context\":\"https:\/\/schema.org\",\"@graph\":[{\"@type\":\"Article\",\"@id\":\"https:\/\/infoecos.com.ar\/index.php\/descartan-2-casos-sospechosos-e-ingresan-otros-2-en-la-ciudad-de-9-de-julio\/#article\",\"isPartOf\":{\"@id\":\"https:\/\/infoecos.com.ar\/index.php\/descartan-2-casos-sospechosos-e-ingresan-otros-2-en-la-ciudad-de-9-de-julio\/\"},\"author\":{\"name\":\"Jorge Matheus\",\"@id\":\"https:\/\/infoecos.com.ar\/#\/schema\/person\/8f5ace5ce73b4b4aac4b7245aee6f191\"},\"headline\":\"Descartan 2 casos sospechosos e ingresan otros 2 en la ciudad de 9 de Julio\",\"datePublished\":\"2020-05-03T20:06:02+00:00\",\"dateModified\":\"2020-05-03T20:06:08+00:00\",\"mainEntityOfPage\":{\"@id\":\"https:\/\/infoecos.com.ar\/index.php\/descartan-2-casos-sospechosos-e-ingresan-otros-2-en-la-ciudad-de-9-de-julio\/\"},\"wordCount\":115,\"publisher\":{\"@id\":\"https:\/\/infoecos.com.ar\/#organization\"},\"image\":{\"@id\":\"https:\/\/infoecos.com.ar\/index.php\/descartan-2-casos-sospechosos-e-ingresan-otros-2-en-la-ciudad-de-9-de-julio\/#primaryimage\"},\"thumbnailUrl\":\"https:\/\/infoecos.com.ar\/wp-content\/uploads\/HOSPITALJULIODEVEDIA.jpg\",\"keywords\":[\"9 DE JULIO\"],\"articleSection\":[\"C2 N2\"],\"inLanguage\":\"es\"},{\"@type\":\"WebPage\",\"@id\":\"https:\/\/infoecos.com.ar\/index.php\/descartan-2-casos-sospechosos-e-ingresan-otros-2-en-la-ciudad-de-9-de-julio\/\",\"url\":\"https:\/\/infoecos.com.ar\/index.php\/descartan-2-casos-sospechosos-e-ingresan-otros-2-en-la-ciudad-de-9-de-julio\/\",\"name\":\"Descartan 2 casos sospechosos e ingresan otros 2 en la ciudad de 9 de Julio - Infoecos\",\"isPartOf\":{\"@id\":\"https:\/\/infoecos.com.ar\/#website\"},\"primaryImageOfPage\":{\"@id\":\"https:\/\/infoecos.com.ar\/index.php\/descartan-2-casos-sospechosos-e-ingresan-otros-2-en-la-ciudad-de-9-de-julio\/#primaryimage\"},\"image\":{\"@id\":\"https:\/\/infoecos.com.ar\/index.php\/descartan-2-casos-sospechosos-e-ingresan-otros-2-en-la-ciudad-de-9-de-julio\/#primaryimage\"},\"thumbnailUrl\":\"https:\/\/infoecos.com.ar\/wp-content\/uploads\/HOSPITALJULIODEVEDIA.jpg\",\"datePublished\":\"2020-05-03T20:06:02+00:00\",\"dateModified\":\"2020-05-03T20:06:08+00:00\",\"breadcrumb\":{\"@id\":\"https:\/\/infoecos.com.ar\/index.php\/descartan-2-casos-sospechosos-e-ingresan-otros-2-en-la-ciudad-de-9-de-julio\/#breadcrumb\"},\"inLanguage\":\"es\",\"potentialAction\":[{\"@type\":\"ReadAction\",\"target\":[\"https:\/\/infoecos.com.ar\/index.php\/descartan-2-casos-sospechosos-e-ingresan-otros-2-en-la-ciudad-de-9-de-julio\/\"]}]},{\"@type\":\"ImageObject\",\"inLanguage\":\"es\",\"@id\":\"https:\/\/infoecos.com.ar\/index.php\/descartan-2-casos-sospechosos-e-ingresan-otros-2-en-la-ciudad-de-9-de-julio\/#primaryimage\",\"url\":\"https:\/\/infoecos.com.ar\/wp-content\/uploads\/HOSPITALJULIODEVEDIA.jpg\",\"contentUrl\":\"https:\/\/infoecos.com.ar\/wp-content\/uploads\/HOSPITALJULIODEVEDIA.jpg\",\"width\":696,\"height\":520,\"caption\":\"9 de Julio - Hospital\"},{\"@type\":\"BreadcrumbList\",\"@id\":\"https:\/\/infoecos.com.ar\/index.php\/descartan-2-casos-sospechosos-e-ingresan-otros-2-en-la-ciudad-de-9-de-julio\/#breadcrumb\",\"itemListElement\":[{\"@type\":\"ListItem\",\"position\":1,\"name\":\"Portada\",\"item\":\"https:\/\/infoecos.com.ar\/\"},{\"@type\":\"ListItem\",\"position\":2,\"name\":\"Descartan 2 casos sospechosos e ingresan otros 2 en la ciudad de 9 de Julio\"}]},{\"@type\":\"WebSite\",\"@id\":\"https:\/\/infoecos.com.ar\/#website\",\"url\":\"https:\/\/infoecos.com.ar\/\",\"name\":\"Infoecos\",\"description\":\"Noticias de trenque lauquen y la zona\",\"publisher\":{\"@id\":\"https:\/\/infoecos.com.ar\/#organization\"},\"alternateName\":\"Noticias\",\"potentialAction\":[{\"@type\":\"SearchAction\",\"target\":{\"@type\":\"EntryPoint\",\"urlTemplate\":\"https:\/\/infoecos.com.ar\/?s={search_term_string}\"},\"query-input\":{\"@type\":\"PropertyValueSpecification\",\"valueRequired\":true,\"valueName\":\"search_term_string\"}}],\"inLanguage\":\"es\"},{\"@type\":\"Organization\",\"@id\":\"https:\/\/infoecos.com.ar\/#organization\",\"name\":\"Infoecos\",\"alternateName\":\"Noticias\",\"url\":\"https:\/\/infoecos.com.ar\/\",\"logo\":{\"@type\":\"ImageObject\",\"inLanguage\":\"es\",\"@id\":\"https:\/\/infoecos.com.ar\/#\/schema\/logo\/image\/\",\"url\":\"https:\/\/infoecos.com.ar\/wp-content\/uploads\/2024\/03\/cropped-logo.png\",\"contentUrl\":\"https:\/\/infoecos.com.ar\/wp-content\/uploads\/2024\/03\/cropped-logo.png\",\"width\":374,\"height\":90,\"caption\":\"Infoecos\"},\"image\":{\"@id\":\"https:\/\/infoecos.com.ar\/#\/schema\/logo\/image\/\"},\"sameAs\":[\"https:\/\/www.facebook.com\/profile.php?id=100063200290284\",\"https:\/\/x.com\/infoecos\"]},{\"@type\":\"Person\",\"@id\":\"https:\/\/infoecos.com.ar\/#\/schema\/person\/8f5ace5ce73b4b4aac4b7245aee6f191\",\"name\":\"Jorge Matheus\",\"url\":\"https:\/\/infoecos.com.ar\/index.php\/author\/jomatheus\/\"}]}<\/script>\n<!-- \/ Yoast SEO plugin. -->","yoast_head_json":{"title":"Descartan 2 casos sospechosos e ingresan otros 2 en la ciudad de 9 de Julio - Infoecos","robots":{"index":"index","follow":"follow","max-snippet":"max-snippet:-1","max-image-preview":"max-image-preview:large","max-video-preview":"max-video-preview:-1"},"canonical":"https:\/\/infoecos.com.ar\/index.php\/descartan-2-casos-sospechosos-e-ingresan-otros-2-en-la-ciudad-de-9-de-julio\/","og_locale":"es_ES","og_type":"article","og_title":"Descartan 2 casos sospechosos e ingresan otros 2 en la ciudad de 9 de Julio - Infoecos","og_description":"Fueron descartados dos casos sospechosos en el distrito de 9 de Julio, pero al mismo...","og_url":"https:\/\/infoecos.com.ar\/index.php\/descartan-2-casos-sospechosos-e-ingresan-otros-2-en-la-ciudad-de-9-de-julio\/","og_site_name":"Infoecos","article_publisher":"https:\/\/www.facebook.com\/profile.php?id=100063200290284","article_published_time":"2020-05-03T20:06:02+00:00","article_modified_time":"2020-05-03T20:06:08+00:00","og_image":[{"width":696,"height":520,"url":"https:\/\/infoecos.com.ar\/wp-content\/uploads\/HOSPITALJULIODEVEDIA.jpg","type":"image\/jpeg"}],"author":"Jorge Matheus","twitter_card":"summary_large_image","twitter_creator":"@infoecos","twitter_site":"@infoecos","twitter_misc":{"Escrito por":"Jorge Matheus","Tiempo de lectura":"1 minuto"},"schema":{"@context":"https:\/\/schema.org","@graph":[{"@type":"Article","@id":"https:\/\/infoecos.com.ar\/index.php\/descartan-2-casos-sospechosos-e-ingresan-otros-2-en-la-ciudad-de-9-de-julio\/#article","isPartOf":{"@id":"https:\/\/infoecos.com.ar\/index.php\/descartan-2-casos-sospechosos-e-ingresan-otros-2-en-la-ciudad-de-9-de-julio\/"},"author":{"name":"Jorge Matheus","@id":"https:\/\/infoecos.com.ar\/#\/schema\/person\/8f5ace5ce73b4b4aac4b7245aee6f191"},"headline":"Descartan 2 casos sospechosos e ingresan otros 2 en la ciudad de 9 de Julio","datePublished":"2020-05-03T20:06:02+00:00","dateModified":"2020-05-03T20:06:08+00:00","mainEntityOfPage":{"@id":"https:\/\/infoecos.com.ar\/index.php\/descartan-2-casos-sospechosos-e-ingresan-otros-2-en-la-ciudad-de-9-de-julio\/"},"wordCount":115,"publisher":{"@id":"https:\/\/infoecos.com.ar\/#organization"},"image":{"@id":"https:\/\/infoecos.com.ar\/index.php\/descartan-2-casos-sospechosos-e-ingresan-otros-2-en-la-ciudad-de-9-de-julio\/#primaryimage"},"thumbnailUrl":"https:\/\/infoecos.com.ar\/wp-content\/uploads\/HOSPITALJULIODEVEDIA.jpg","keywords":["9 DE JULIO"],"articleSection":["C2 N2"],"inLanguage":"es"},{"@type":"WebPage","@id":"https:\/\/infoecos.com.ar\/index.php\/descartan-2-casos-sospechosos-e-ingresan-otros-2-en-la-ciudad-de-9-de-julio\/","url":"https:\/\/infoecos.com.ar\/index.php\/descartan-2-casos-sospechosos-e-ingresan-otros-2-en-la-ciudad-de-9-de-julio\/","name":"Descartan 2 casos sospechosos e ingresan otros 2 en la ciudad de 9 de Julio - Infoecos","isPartOf":{"@id":"https:\/\/infoecos.com.ar\/#website"},"primaryImageOfPage":{"@id":"https:\/\/infoecos.com.ar\/index.php\/descartan-2-casos-sospechosos-e-ingresan-otros-2-en-la-ciudad-de-9-de-julio\/#primaryimage"},"image":{"@id":"https:\/\/infoecos.com.ar\/index.php\/descartan-2-casos-sospechosos-e-ingresan-otros-2-en-la-ciudad-de-9-de-julio\/#primaryimage"},"thumbnailUrl":"https:\/\/infoecos.com.ar\/wp-content\/uploads\/HOSPITALJULIODEVEDIA.jpg","datePublished":"2020-05-03T20:06:02+00:00","dateModified":"2020-05-03T20:06:08+00:00","breadcrumb":{"@id":"https:\/\/infoecos.com.ar\/index.php\/descartan-2-casos-sospechosos-e-ingresan-otros-2-en-la-ciudad-de-9-de-julio\/#breadcrumb"},"inLanguage":"es","potentialAction":[{"@type":"ReadAction","target":["https:\/\/infoecos.com.ar\/index.php\/descartan-2-casos-sospechosos-e-ingresan-otros-2-en-la-ciudad-de-9-de-julio\/"]}]},{"@type":"ImageObject","inLanguage":"es","@id":"https:\/\/infoecos.com.ar\/index.php\/descartan-2-casos-sospechosos-e-ingresan-otros-2-en-la-ciudad-de-9-de-julio\/#primaryimage","url":"https:\/\/infoecos.com.ar\/wp-content\/uploads\/HOSPITALJULIODEVEDIA.jpg","contentUrl":"https:\/\/infoecos.com.ar\/wp-content\/uploads\/HOSPITALJULIODEVEDIA.jpg","width":696,"height":520,"caption":"9 de Julio - Hospital"},{"@type":"BreadcrumbList","@id":"https:\/\/infoecos.com.ar\/index.php\/descartan-2-casos-sospechosos-e-ingresan-otros-2-en-la-ciudad-de-9-de-julio\/#breadcrumb","itemListElement":[{"@type":"ListItem","position":1,"name":"Portada","item":"https:\/\/infoecos.com.ar\/"},{"@type":"ListItem","position":2,"name":"Descartan 2 casos sospechosos e ingresan otros 2 en la ciudad de 9 de Julio"}]},{"@type":"WebSite","@id":"https:\/\/infoecos.com.ar\/#website","url":"https:\/\/infoecos.com.ar\/","name":"Infoecos","description":"Noticias de trenque lauquen y la zona","publisher":{"@id":"https:\/\/infoecos.com.ar\/#organization"},"alternateName":"Noticias","potentialAction":[{"@type":"SearchAction","target":{"@type":"EntryPoint","urlTemplate":"https:\/\/infoecos.com.ar\/?s={search_term_string}"},"query-input":{"@type":"PropertyValueSpecification","valueRequired":true,"valueName":"search_term_string"}}],"inLanguage":"es"},{"@type":"Organization","@id":"https:\/\/infoecos.com.ar\/#organization","name":"Infoecos","alternateName":"Noticias","url":"https:\/\/infoecos.com.ar\/","logo":{"@type":"ImageObject","inLanguage":"es","@id":"https:\/\/infoecos.com.ar\/#\/schema\/logo\/image\/","url":"https:\/\/infoecos.com.ar\/wp-content\/uploads\/2024\/03\/cropped-logo.png","contentUrl":"https:\/\/infoecos.com.ar\/wp-content\/uploads\/2024\/03\/cropped-logo.png","width":374,"height":90,"caption":"Infoecos"},"image":{"@id":"https:\/\/infoecos.com.ar\/#\/schema\/logo\/image\/"},"sameAs":["https:\/\/www.facebook.com\/profile.php?id=100063200290284","https:\/\/x.com\/infoecos"]},{"@type":"Person","@id":"https:\/\/infoecos.com.ar\/#\/schema\/person\/8f5ace5ce73b4b4aac4b7245aee6f191","name":"Jorge Matheus","url":"https:\/\/infoecos.com.ar\/index.php\/author\/jomatheus\/"}]}},"featured_image_urls":{"full":["https:\/\/infoecos.com.ar\/wp-content\/uploads\/HOSPITALJULIODEVEDIA.jpg",696,520,false],"thumbnail":["https:\/\/infoecos.com.ar\/wp-content\/uploads\/HOSPITALJULIODEVEDIA-150x150.jpg",150,150,true],"medium":["https:\/\/infoecos.com.ar\/wp-content\/uploads\/HOSPITALJULIODEVEDIA-460x344.jpg",460,344,true],"medium_large":["https:\/\/infoecos.com.ar\/wp-content\/uploads\/HOSPITALJULIODEVEDIA.jpg",640,478,false],"large":["https:\/\/infoecos.com.ar\/wp-content\/uploads\/HOSPITALJULIODEVEDIA.jpg",640,478,false],"1536x1536":["https:\/\/infoecos.com.ar\/wp-content\/uploads\/HOSPITALJULIODEVEDIA.jpg",696,520,false],"2048x2048":["https:\/\/infoecos.com.ar\/wp-content\/uploads\/HOSPITALJULIODEVEDIA.jpg",696,520,false],"covernews-slider-full":["https:\/\/infoecos.com.ar\/wp-content\/uploads\/HOSPITALJULIODEVEDIA.jpg",696,520,false],"covernews-slider-center":["https:\/\/infoecos.com.ar\/wp-content\/uploads\/HOSPITALJULIODEVEDIA.jpg",669,500,false],"covernews-featured":["https:\/\/infoecos.com.ar\/wp-content\/uploads\/HOSPITALJULIODEVEDIA.jpg",696,520,false],"covernews-medium":["https:\/\/infoecos.com.ar\/wp-content\/uploads\/HOSPITALJULIODEVEDIA-696x380.jpg",540,295,true],"covernews-medium-square":["https:\/\/infoecos.com.ar\/wp-content\/uploads\/HOSPITALJULIODEVEDIA-675x450.jpg",375,250,true]},"author_info":{"info":["Jorge Matheus"]},"category_info":"<a href=\"https:\/\/infoecos.com.ar\/index.php\/category\/c2nota2\/\" rel=\"category tag\">C2 N2<\/a>","tag_info":"C2 N2","comment_count":"0","_links":{"self":[{"href":"https:\/\/infoecos.com.ar\/index.php\/wp-json\/wp\/v2\/posts\/61666"}],"collection":[{"href":"https:\/\/infoecos.com.ar\/index.php\/wp-json\/wp\/v2\/posts"}],"about":[{"href":"https:\/\/infoecos.com.ar\/index.php\/wp-json\/wp\/v2\/types\/post"}],"author":[{"embeddable":true,"href":"https:\/\/infoecos.com.ar\/index.php\/wp-json\/wp\/v2\/users\/2"}],"replies":[{"embeddable":true,"href":"https:\/\/infoecos.com.ar\/index.php\/wp-json\/wp\/v2\/comments?post=61666"}],"version-history":[{"count":1,"href":"https:\/\/infoecos.com.ar\/index.php\/wp-json\/wp\/v2\/posts\/61666\/revisions"}],"predecessor-version":[{"id":61667,"href":"https:\/\/infoecos.com.ar\/index.php\/wp-json\/wp\/v2\/posts\/61666\/revisions\/61667"}],"wp:featuredmedia":[{"embeddable":true,"href":"https:\/\/infoecos.com.ar\/index.php\/wp-json\/wp\/v2\/media\/60125"}],"wp:attachment":[{"href":"https:\/\/infoecos.com.ar\/index.php\/wp-json\/wp\/v2\/media?parent=61666"}],"wp:term":[{"taxonomy":"category","embeddable":true,"href":"https:\/\/infoecos.com.ar\/index.php\/wp-json\/wp\/v2\/categories?post=61666"},{"taxonomy":"post_tag","embeddable":true,"href":"https:\/\/infoecos.com.ar\/index.php\/wp-json\/wp\/v2\/tags?post=61666"}],"curies":[{"name":"wp","href":"https:\/\/api.w.org\/{rel}","templated":true}]}}