{"id":61692,"date":"2020-05-04T02:03:56","date_gmt":"2020-05-04T05:03:56","guid":{"rendered":"http:\/\/infoecos.com.ar\/?p=61692"},"modified":"2020-05-05T01:17:10","modified_gmt":"2020-05-05T04:17:10","slug":"liberacion-colectiva-de-presos-no-habra-posibilidad-de-habeas-corpus-decididos-unipersonalmente","status":"publish","type":"post","link":"https:\/\/infoecos.com.ar\/index.php\/liberacion-colectiva-de-presos-no-habra-posibilidad-de-habeas-corpus-decididos-unipersonalmente\/","title":{"rendered":"Liberaci\u00f3n colectiva de presos: no habr\u00e1 posibilidad de habeas corpus decididos unipersonalmente"},"content":{"rendered":"\n<p>Desde este lunes, la potestad que les hab\u00edan dado a los jueces de la Provincia para resolver habeas corpus masivos unipersonalmente en la C\u00e1mara de Casaci\u00f3n dejar\u00e1 de ser una posibilidad para dictar prisiones domiciliarias.<\/p>\n\n\n\n<p>Ahora, esos habeas corpus s\u00f3lo podr\u00e1n aprobarse con la firma de al menos dos de los integrantes de cada sala de ese tribunal penal.<\/p>\n\n\n\n<p>La decisi\u00f3n fue tomada por la Corte bonaerense -ahora presidida por el juez Daniel Fernando Soria-, a trav\u00e9s de la resoluci\u00f3n 480\/20 del lunes 27 de abril que dej\u00f3&nbsp;\u201csin efecto\u201d la decisi\u00f3n que su colega&nbsp;Eduardo De L\u00e1zzari tom\u00f3 un mes antes de dejar la presidencia del cuerpo.<\/p>\n\n\n\n<p>La nueva medida rige&nbsp;a partir del viernes 1\u00ba de mayo, pero como fue feriado, su vigencia pr\u00e1ctica comenzar\u00e1 este lunes 4.<\/p>\n\n\n\n<p>La acordada 9\/20 de la C\u00e1mara de Casaci\u00f3n Penal que recomend\u00f3 el otorgamiento de la prisi\u00f3n domiciliaria a los presos que se encuentren entre los grupos de riesgo por el coronavirus encendi\u00f3 la alarma y puso en aprietos al Gobierno de Alberto Fern\u00e1ndez.&nbsp;<\/p>\n\n\n\n<p>Es que, seg\u00fan trascendi\u00f3, se multiplicaron los casos de personas que accedieron al beneficio de la prisi\u00f3n domiciliaria en la provincia y en el pa\u00eds.&nbsp;\n\n<\/p>\n","protected":false},"excerpt":{"rendered":"<p>Desde este lunes, la potestad que les hab\u00edan dado a los jueces de la Provincia&#8230;<\/p>\n","protected":false},"author":2,"featured_media":56873,"comment_status":"closed","ping_status":"open","sticky":false,"template":"","format":"standard","meta":{"footnotes":""},"categories":[43],"tags":[322],"class_list":["post-61692","post","type-post","status-publish","format-standard","has-post-thumbnail","hentry","category-inferior4","tag-justicia"],"yoast_head":"<!-- This site is optimized with the Yoast SEO plugin v23.4 - https:\/\/yoast.com\/wordpress\/plugins\/seo\/ -->\n<title>Liberaci\u00f3n colectiva de presos: no habr\u00e1 posibilidad de habeas corpus decididos unipersonalmente - Infoecos<\/title>\n<meta name=\"robots\" content=\"index, follow, max-snippet:-1, max-image-preview:large, max-video-preview:-1\" \/>\n<link rel=\"canonical\" href=\"https:\/\/infoecos.com.ar\/index.php\/liberacion-colectiva-de-presos-no-habra-posibilidad-de-habeas-corpus-decididos-unipersonalmente\/\" \/>\n<meta property=\"og:locale\" content=\"es_ES\" \/>\n<meta property=\"og:type\" content=\"article\" \/>\n<meta property=\"og:title\" content=\"Liberaci\u00f3n colectiva de presos: no habr\u00e1 posibilidad de habeas corpus decididos unipersonalmente - Infoecos\" \/>\n<meta property=\"og:description\" content=\"Desde este lunes, la potestad que les hab\u00edan dado a los jueces de la Provincia...\" \/>\n<meta property=\"og:url\" content=\"https:\/\/infoecos.com.ar\/index.php\/liberacion-colectiva-de-presos-no-habra-posibilidad-de-habeas-corpus-decididos-unipersonalmente\/\" \/>\n<meta property=\"og:site_name\" content=\"Infoecos\" \/>\n<meta property=\"article:publisher\" content=\"https:\/\/www.facebook.com\/profile.php?id=100063200290284\" \/>\n<meta property=\"article:published_time\" content=\"2020-05-04T05:03:56+00:00\" \/>\n<meta property=\"article:modified_time\" content=\"2020-05-05T04:17:10+00:00\" \/>\n<meta property=\"og:image\" content=\"https:\/\/infoecos.com.ar\/wp-content\/uploads\/La_Plata_-_Palacio_de_Justicia_-_20090103-05-920x612.jpg\" \/>\n\t<meta property=\"og:image:width\" content=\"920\" \/>\n\t<meta property=\"og:image:height\" content=\"612\" \/>\n\t<meta property=\"og:image:type\" content=\"image\/jpeg\" \/>\n<meta name=\"author\" content=\"Jorge Matheus\" \/>\n<meta name=\"twitter:card\" content=\"summary_large_image\" \/>\n<meta name=\"twitter:creator\" content=\"@infoecos\" \/>\n<meta name=\"twitter:site\" content=\"@infoecos\" \/>\n<meta name=\"twitter:label1\" content=\"Escrito por\" \/>\n\t<meta name=\"twitter:data1\" content=\"Jorge Matheus\" \/>\n\t<meta name=\"twitter:label2\" content=\"Tiempo de lectura\" \/>\n\t<meta name=\"twitter:data2\" content=\"1 minuto\" \/>\n<script type=\"application\/ld+json\" class=\"yoast-schema-graph\">{\"@context\":\"https:\/\/schema.org\",\"@graph\":[{\"@type\":\"Article\",\"@id\":\"https:\/\/infoecos.com.ar\/index.php\/liberacion-colectiva-de-presos-no-habra-posibilidad-de-habeas-corpus-decididos-unipersonalmente\/#article\",\"isPartOf\":{\"@id\":\"https:\/\/infoecos.com.ar\/index.php\/liberacion-colectiva-de-presos-no-habra-posibilidad-de-habeas-corpus-decididos-unipersonalmente\/\"},\"author\":{\"name\":\"Jorge Matheus\",\"@id\":\"https:\/\/infoecos.com.ar\/#\/schema\/person\/8f5ace5ce73b4b4aac4b7245aee6f191\"},\"headline\":\"Liberaci\u00f3n colectiva de presos: no habr\u00e1 posibilidad de habeas corpus decididos unipersonalmente\",\"datePublished\":\"2020-05-04T05:03:56+00:00\",\"dateModified\":\"2020-05-05T04:17:10+00:00\",\"mainEntityOfPage\":{\"@id\":\"https:\/\/infoecos.com.ar\/index.php\/liberacion-colectiva-de-presos-no-habra-posibilidad-de-habeas-corpus-decididos-unipersonalmente\/\"},\"wordCount\":229,\"publisher\":{\"@id\":\"https:\/\/infoecos.com.ar\/#organization\"},\"image\":{\"@id\":\"https:\/\/infoecos.com.ar\/index.php\/liberacion-colectiva-de-presos-no-habra-posibilidad-de-habeas-corpus-decididos-unipersonalmente\/#primaryimage\"},\"thumbnailUrl\":\"\",\"keywords\":[\"JUSTICIA\"],\"articleSection\":[\"Bloque inferior - 4\"],\"inLanguage\":\"es\"},{\"@type\":\"WebPage\",\"@id\":\"https:\/\/infoecos.com.ar\/index.php\/liberacion-colectiva-de-presos-no-habra-posibilidad-de-habeas-corpus-decididos-unipersonalmente\/\",\"url\":\"https:\/\/infoecos.com.ar\/index.php\/liberacion-colectiva-de-presos-no-habra-posibilidad-de-habeas-corpus-decididos-unipersonalmente\/\",\"name\":\"Liberaci\u00f3n colectiva de presos: no habr\u00e1 posibilidad de habeas corpus decididos unipersonalmente - Infoecos\",\"isPartOf\":{\"@id\":\"https:\/\/infoecos.com.ar\/#website\"},\"primaryImageOfPage\":{\"@id\":\"https:\/\/infoecos.com.ar\/index.php\/liberacion-colectiva-de-presos-no-habra-posibilidad-de-habeas-corpus-decididos-unipersonalmente\/#primaryimage\"},\"image\":{\"@id\":\"https:\/\/infoecos.com.ar\/index.php\/liberacion-colectiva-de-presos-no-habra-posibilidad-de-habeas-corpus-decididos-unipersonalmente\/#primaryimage\"},\"thumbnailUrl\":\"\",\"datePublished\":\"2020-05-04T05:03:56+00:00\",\"dateModified\":\"2020-05-05T04:17:10+00:00\",\"breadcrumb\":{\"@id\":\"https:\/\/infoecos.com.ar\/index.php\/liberacion-colectiva-de-presos-no-habra-posibilidad-de-habeas-corpus-decididos-unipersonalmente\/#breadcrumb\"},\"inLanguage\":\"es\",\"potentialAction\":[{\"@type\":\"ReadAction\",\"target\":[\"https:\/\/infoecos.com.ar\/index.php\/liberacion-colectiva-de-presos-no-habra-posibilidad-de-habeas-corpus-decididos-unipersonalmente\/\"]}]},{\"@type\":\"ImageObject\",\"inLanguage\":\"es\",\"@id\":\"https:\/\/infoecos.com.ar\/index.php\/liberacion-colectiva-de-presos-no-habra-posibilidad-de-habeas-corpus-decididos-unipersonalmente\/#primaryimage\",\"url\":\"\",\"contentUrl\":\"\"},{\"@type\":\"BreadcrumbList\",\"@id\":\"https:\/\/infoecos.com.ar\/index.php\/liberacion-colectiva-de-presos-no-habra-posibilidad-de-habeas-corpus-decididos-unipersonalmente\/#breadcrumb\",\"itemListElement\":[{\"@type\":\"ListItem\",\"position\":1,\"name\":\"Portada\",\"item\":\"https:\/\/infoecos.com.ar\/\"},{\"@type\":\"ListItem\",\"position\":2,\"name\":\"Liberaci\u00f3n colectiva de presos: no habr\u00e1 posibilidad de habeas corpus decididos unipersonalmente\"}]},{\"@type\":\"WebSite\",\"@id\":\"https:\/\/infoecos.com.ar\/#website\",\"url\":\"https:\/\/infoecos.com.ar\/\",\"name\":\"Infoecos\",\"description\":\"Noticias de trenque lauquen y la zona\",\"publisher\":{\"@id\":\"https:\/\/infoecos.com.ar\/#organization\"},\"alternateName\":\"Noticias\",\"potentialAction\":[{\"@type\":\"SearchAction\",\"target\":{\"@type\":\"EntryPoint\",\"urlTemplate\":\"https:\/\/infoecos.com.ar\/?s={search_term_string}\"},\"query-input\":{\"@type\":\"PropertyValueSpecification\",\"valueRequired\":true,\"valueName\":\"search_term_string\"}}],\"inLanguage\":\"es\"},{\"@type\":\"Organization\",\"@id\":\"https:\/\/infoecos.com.ar\/#organization\",\"name\":\"Infoecos\",\"alternateName\":\"Noticias\",\"url\":\"https:\/\/infoecos.com.ar\/\",\"logo\":{\"@type\":\"ImageObject\",\"inLanguage\":\"es\",\"@id\":\"https:\/\/infoecos.com.ar\/#\/schema\/logo\/image\/\",\"url\":\"https:\/\/infoecos.com.ar\/wp-content\/uploads\/2024\/03\/cropped-logo.png\",\"contentUrl\":\"https:\/\/infoecos.com.ar\/wp-content\/uploads\/2024\/03\/cropped-logo.png\",\"width\":374,\"height\":90,\"caption\":\"Infoecos\"},\"image\":{\"@id\":\"https:\/\/infoecos.com.ar\/#\/schema\/logo\/image\/\"},\"sameAs\":[\"https:\/\/www.facebook.com\/profile.php?id=100063200290284\",\"https:\/\/x.com\/infoecos\"]},{\"@type\":\"Person\",\"@id\":\"https:\/\/infoecos.com.ar\/#\/schema\/person\/8f5ace5ce73b4b4aac4b7245aee6f191\",\"name\":\"Jorge Matheus\",\"url\":\"https:\/\/infoecos.com.ar\/index.php\/author\/jomatheus\/\"}]}<\/script>\n<!-- \/ Yoast SEO plugin. -->","yoast_head_json":{"title":"Liberaci\u00f3n colectiva de presos: no habr\u00e1 posibilidad de habeas corpus decididos unipersonalmente - Infoecos","robots":{"index":"index","follow":"follow","max-snippet":"max-snippet:-1","max-image-preview":"max-image-preview:large","max-video-preview":"max-video-preview:-1"},"canonical":"https:\/\/infoecos.com.ar\/index.php\/liberacion-colectiva-de-presos-no-habra-posibilidad-de-habeas-corpus-decididos-unipersonalmente\/","og_locale":"es_ES","og_type":"article","og_title":"Liberaci\u00f3n colectiva de presos: no habr\u00e1 posibilidad de habeas corpus decididos unipersonalmente - Infoecos","og_description":"Desde este lunes, la potestad que les hab\u00edan dado a los jueces de la Provincia...","og_url":"https:\/\/infoecos.com.ar\/index.php\/liberacion-colectiva-de-presos-no-habra-posibilidad-de-habeas-corpus-decididos-unipersonalmente\/","og_site_name":"Infoecos","article_publisher":"https:\/\/www.facebook.com\/profile.php?id=100063200290284","article_published_time":"2020-05-04T05:03:56+00:00","article_modified_time":"2020-05-05T04:17:10+00:00","og_image":[{"width":920,"height":612,"url":"https:\/\/infoecos.com.ar\/wp-content\/uploads\/La_Plata_-_Palacio_de_Justicia_-_20090103-05-920x612.jpg","type":"image\/jpeg"}],"author":"Jorge Matheus","twitter_card":"summary_large_image","twitter_creator":"@infoecos","twitter_site":"@infoecos","twitter_misc":{"Escrito por":"Jorge Matheus","Tiempo de lectura":"1 minuto"},"schema":{"@context":"https:\/\/schema.org","@graph":[{"@type":"Article","@id":"https:\/\/infoecos.com.ar\/index.php\/liberacion-colectiva-de-presos-no-habra-posibilidad-de-habeas-corpus-decididos-unipersonalmente\/#article","isPartOf":{"@id":"https:\/\/infoecos.com.ar\/index.php\/liberacion-colectiva-de-presos-no-habra-posibilidad-de-habeas-corpus-decididos-unipersonalmente\/"},"author":{"name":"Jorge Matheus","@id":"https:\/\/infoecos.com.ar\/#\/schema\/person\/8f5ace5ce73b4b4aac4b7245aee6f191"},"headline":"Liberaci\u00f3n colectiva de presos: no habr\u00e1 posibilidad de habeas corpus decididos unipersonalmente","datePublished":"2020-05-04T05:03:56+00:00","dateModified":"2020-05-05T04:17:10+00:00","mainEntityOfPage":{"@id":"https:\/\/infoecos.com.ar\/index.php\/liberacion-colectiva-de-presos-no-habra-posibilidad-de-habeas-corpus-decididos-unipersonalmente\/"},"wordCount":229,"publisher":{"@id":"https:\/\/infoecos.com.ar\/#organization"},"image":{"@id":"https:\/\/infoecos.com.ar\/index.php\/liberacion-colectiva-de-presos-no-habra-posibilidad-de-habeas-corpus-decididos-unipersonalmente\/#primaryimage"},"thumbnailUrl":"","keywords":["JUSTICIA"],"articleSection":["Bloque inferior - 4"],"inLanguage":"es"},{"@type":"WebPage","@id":"https:\/\/infoecos.com.ar\/index.php\/liberacion-colectiva-de-presos-no-habra-posibilidad-de-habeas-corpus-decididos-unipersonalmente\/","url":"https:\/\/infoecos.com.ar\/index.php\/liberacion-colectiva-de-presos-no-habra-posibilidad-de-habeas-corpus-decididos-unipersonalmente\/","name":"Liberaci\u00f3n colectiva de presos: no habr\u00e1 posibilidad de habeas corpus decididos unipersonalmente - Infoecos","isPartOf":{"@id":"https:\/\/infoecos.com.ar\/#website"},"primaryImageOfPage":{"@id":"https:\/\/infoecos.com.ar\/index.php\/liberacion-colectiva-de-presos-no-habra-posibilidad-de-habeas-corpus-decididos-unipersonalmente\/#primaryimage"},"image":{"@id":"https:\/\/infoecos.com.ar\/index.php\/liberacion-colectiva-de-presos-no-habra-posibilidad-de-habeas-corpus-decididos-unipersonalmente\/#primaryimage"},"thumbnailUrl":"","datePublished":"2020-05-04T05:03:56+00:00","dateModified":"2020-05-05T04:17:10+00:00","breadcrumb":{"@id":"https:\/\/infoecos.com.ar\/index.php\/liberacion-colectiva-de-presos-no-habra-posibilidad-de-habeas-corpus-decididos-unipersonalmente\/#breadcrumb"},"inLanguage":"es","potentialAction":[{"@type":"ReadAction","target":["https:\/\/infoecos.com.ar\/index.php\/liberacion-colectiva-de-presos-no-habra-posibilidad-de-habeas-corpus-decididos-unipersonalmente\/"]}]},{"@type":"ImageObject","inLanguage":"es","@id":"https:\/\/infoecos.com.ar\/index.php\/liberacion-colectiva-de-presos-no-habra-posibilidad-de-habeas-corpus-decididos-unipersonalmente\/#primaryimage","url":"","contentUrl":""},{"@type":"BreadcrumbList","@id":"https:\/\/infoecos.com.ar\/index.php\/liberacion-colectiva-de-presos-no-habra-posibilidad-de-habeas-corpus-decididos-unipersonalmente\/#breadcrumb","itemListElement":[{"@type":"ListItem","position":1,"name":"Portada","item":"https:\/\/infoecos.com.ar\/"},{"@type":"ListItem","position":2,"name":"Liberaci\u00f3n colectiva de presos: no habr\u00e1 posibilidad de habeas corpus decididos unipersonalmente"}]},{"@type":"WebSite","@id":"https:\/\/infoecos.com.ar\/#website","url":"https:\/\/infoecos.com.ar\/","name":"Infoecos","description":"Noticias de trenque lauquen y la zona","publisher":{"@id":"https:\/\/infoecos.com.ar\/#organization"},"alternateName":"Noticias","potentialAction":[{"@type":"SearchAction","target":{"@type":"EntryPoint","urlTemplate":"https:\/\/infoecos.com.ar\/?s={search_term_string}"},"query-input":{"@type":"PropertyValueSpecification","valueRequired":true,"valueName":"search_term_string"}}],"inLanguage":"es"},{"@type":"Organization","@id":"https:\/\/infoecos.com.ar\/#organization","name":"Infoecos","alternateName":"Noticias","url":"https:\/\/infoecos.com.ar\/","logo":{"@type":"ImageObject","inLanguage":"es","@id":"https:\/\/infoecos.com.ar\/#\/schema\/logo\/image\/","url":"https:\/\/infoecos.com.ar\/wp-content\/uploads\/2024\/03\/cropped-logo.png","contentUrl":"https:\/\/infoecos.com.ar\/wp-content\/uploads\/2024\/03\/cropped-logo.png","width":374,"height":90,"caption":"Infoecos"},"image":{"@id":"https:\/\/infoecos.com.ar\/#\/schema\/logo\/image\/"},"sameAs":["https:\/\/www.facebook.com\/profile.php?id=100063200290284","https:\/\/x.com\/infoecos"]},{"@type":"Person","@id":"https:\/\/infoecos.com.ar\/#\/schema\/person\/8f5ace5ce73b4b4aac4b7245aee6f191","name":"Jorge Matheus","url":"https:\/\/infoecos.com.ar\/index.php\/author\/jomatheus\/"}]}},"featured_image_urls":{"full":"","thumbnail":"","medium":"","medium_large":"","large":"","1536x1536":"","2048x2048":"","covernews-slider-full":"","covernews-slider-center":"","covernews-featured":"","covernews-medium":"","covernews-medium-square":""},"author_info":{"info":["Jorge Matheus"]},"category_info":"<a href=\"https:\/\/infoecos.com.ar\/index.php\/category\/inferior4\/\" rel=\"category tag\">Bloque inferior - 4<\/a>","tag_info":"Bloque inferior - 4","comment_count":"0","_links":{"self":[{"href":"https:\/\/infoecos.com.ar\/index.php\/wp-json\/wp\/v2\/posts\/61692"}],"collection":[{"href":"https:\/\/infoecos.com.ar\/index.php\/wp-json\/wp\/v2\/posts"}],"about":[{"href":"https:\/\/infoecos.com.ar\/index.php\/wp-json\/wp\/v2\/types\/post"}],"author":[{"embeddable":true,"href":"https:\/\/infoecos.com.ar\/index.php\/wp-json\/wp\/v2\/users\/2"}],"replies":[{"embeddable":true,"href":"https:\/\/infoecos.com.ar\/index.php\/wp-json\/wp\/v2\/comments?post=61692"}],"version-history":[{"count":1,"href":"https:\/\/infoecos.com.ar\/index.php\/wp-json\/wp\/v2\/posts\/61692\/revisions"}],"predecessor-version":[{"id":61693,"href":"https:\/\/infoecos.com.ar\/index.php\/wp-json\/wp\/v2\/posts\/61692\/revisions\/61693"}],"wp:featuredmedia":[{"embeddable":true,"href":"https:\/\/infoecos.com.ar\/index.php\/wp-json\/"}],"wp:attachment":[{"href":"https:\/\/infoecos.com.ar\/index.php\/wp-json\/wp\/v2\/media?parent=61692"}],"wp:term":[{"taxonomy":"category","embeddable":true,"href":"https:\/\/infoecos.com.ar\/index.php\/wp-json\/wp\/v2\/categories?post=61692"},{"taxonomy":"post_tag","embeddable":true,"href":"https:\/\/infoecos.com.ar\/index.php\/wp-json\/wp\/v2\/tags?post=61692"}],"curies":[{"name":"wp","href":"https:\/\/api.w.org\/{rel}","templated":true}]}}