{"id":61710,"date":"2020-05-04T17:54:43","date_gmt":"2020-05-04T20:54:43","guid":{"rendered":"http:\/\/infoecos.com.ar\/?p=61710"},"modified":"2020-05-06T01:30:43","modified_gmt":"2020-05-06T04:30:43","slug":"el-mandatario-comunal-de-trenque-lauquen-volvio-a-defender-su-proyecto-de-ordenanza-fiscal-municipal","status":"publish","type":"post","link":"https:\/\/infoecos.com.ar\/index.php\/el-mandatario-comunal-de-trenque-lauquen-volvio-a-defender-su-proyecto-de-ordenanza-fiscal-municipal\/","title":{"rendered":"El mandatario comunal de Trenque Lauquen volvi\u00f3 a defender su proyecto de Ordenanza Fiscal"},"content":{"rendered":"\n<p class=\"wp-block-paragraph\">El intendente municipal, doctor Miguel Fern\u00e1ndez, defendi\u00f3 el incremento en las tasas que fuera aprobado por el oficialismo en la sesi\u00f3n que se concret\u00f3 a veinticuatro horas de haberse declarado la pandemia por el coronavirus en todo el pa\u00eds. Fue en respuesta a la presentaci\u00f3n de un proyecto, el viernes anterior, por el concejal Jorge Jord\u00e1n del Frente Renovador, acompa\u00f1ado por el bloque del Movimiento de Renovaci\u00f3n y Cambio\/UCR que tiene como conductor al edil Claudio Figal.<\/p>\n\n\n\n<div class=\"wp-block-image\"><figure class=\"aligncenter size-medium\"><img loading=\"lazy\" decoding=\"async\" width=\"460\" height=\"237\" src=\"http:\/\/infoecos.com.ar\/wp-content\/uploads\/concejod-460x237.jpg\" alt=\"\" class=\"wp-image-61711\" srcset=\"https:\/\/infoecos.com.ar\/wp-content\/uploads\/concejod-460x237.jpg 460w, https:\/\/infoecos.com.ar\/wp-content\/uploads\/concejod-768x396.jpg 768w, https:\/\/infoecos.com.ar\/wp-content\/uploads\/concejod.jpg 825w\" sizes=\"auto, (max-width: 460px) 100vw, 460px\" \/><\/figure><\/div>\n\n\n\n<p class=\"wp-block-paragraph\">El Jefe Comunal dijo que \u00abnadie quiere aumentar las tasas porque s\u00ed. Lo que se busca es lograr equilibrio y el municipio funcionando. Y no se puede estar mendigando en el gobierno provincial\u00bb.<\/p>\n\n\n\n<p class=\"wp-block-paragraph\">Fern\u00e1ndez se\u00f1al\u00f3 que \u00abno estamos cobrando ning\u00fan aumento, por ahora, porque a\u00fan falta la Asamblea de Mayores Contribuyentes a la que se ha convocado en estos d\u00edas. Un proyecto alternativo es patear la pelota para adelante. Me resisto a pensar que la negativa al que aprob\u00f3 nuestro bloque, sea para que la gente diga que buenos que son algunos concejales que no quieren aumento de tasas. No quiero entrar en una pol\u00e9mica. Apelo a la racionalidad. El municipio hace un enorme esfuerzo para estar equilibrados. Yo trato de ayudar a los gobiernos provincial y nacional\u00bb. <\/p>\n\n\n\n<p class=\"wp-block-paragraph\">\u00abPueden presentar un proyecto. Claro que lo pueden hacer, pero yo habr\u00e9 de mantener mi posici\u00f3n. Me hubiese gustado que lo comunicaran de otra forma. Estuvieron el d\u00eda antes en una videoconferencia conmigo y no anticiparon nada. Por decoro, lo podr\u00edan haber hecho\u00bb, se\u00f1al\u00f3.<\/p>\n","protected":false},"excerpt":{"rendered":"<p>El intendente municipal, doctor Miguel Fern\u00e1ndez, defendi\u00f3 el incremento en las tasas que fuera aprobado&#8230;<\/p>\n","protected":false},"author":2,"featured_media":61711,"comment_status":"closed","ping_status":"open","sticky":false,"template":"","format":"standard","meta":{"footnotes":""},"categories":[1634],"tags":[5],"class_list":["post-61710","post","type-post","status-publish","format-standard","has-post-thumbnail","hentry","category-empre-12","tag-trenque-lauquen"],"featured_image_urls":{"full":["https:\/\/infoecos.com.ar\/wp-content\/uploads\/concejod.jpg",825,425,false],"thumbnail":["https:\/\/infoecos.com.ar\/wp-content\/uploads\/concejod-150x150.jpg",150,150,true],"medium":["https:\/\/infoecos.com.ar\/wp-content\/uploads\/concejod-460x237.jpg",460,237,true],"medium_large":["https:\/\/infoecos.com.ar\/wp-content\/uploads\/concejod-768x396.jpg",640,330,true],"large":["https:\/\/infoecos.com.ar\/wp-content\/uploads\/concejod.jpg",640,330,false],"1536x1536":["https:\/\/infoecos.com.ar\/wp-content\/uploads\/concejod.jpg",825,425,false],"2048x2048":["https:\/\/infoecos.com.ar\/wp-content\/uploads\/concejod.jpg",825,425,false],"covernews-slider-full":["https:\/\/infoecos.com.ar\/wp-content\/uploads\/concejod.jpg",825,425,false],"covernews-slider-center":["https:\/\/infoecos.com.ar\/wp-content\/uploads\/concejod.jpg",800,412,false],"covernews-featured":["https:\/\/infoecos.com.ar\/wp-content\/uploads\/concejod.jpg",825,425,false],"covernews-medium":["https:\/\/infoecos.com.ar\/wp-content\/uploads\/concejod-720x380.jpg",540,285,true],"covernews-medium-square":["https:\/\/infoecos.com.ar\/wp-content\/uploads\/concejod-675x425.jpg",397,250,true]},"author_info":{"info":["Jorge Matheus"]},"category_info":"<a href=\"https:\/\/infoecos.com.ar\/index.php\/category\/empre-12\/\" rel=\"category tag\">Empre 12<\/a>","tag_info":"Empre 12","comment_count":"0","_links":{"self":[{"href":"https:\/\/infoecos.com.ar\/index.php\/wp-json\/wp\/v2\/posts\/61710","targetHints":{"allow":["GET"]}}],"collection":[{"href":"https:\/\/infoecos.com.ar\/index.php\/wp-json\/wp\/v2\/posts"}],"about":[{"href":"https:\/\/infoecos.com.ar\/index.php\/wp-json\/wp\/v2\/types\/post"}],"author":[{"embeddable":true,"href":"https:\/\/infoecos.com.ar\/index.php\/wp-json\/wp\/v2\/users\/2"}],"replies":[{"embeddable":true,"href":"https:\/\/infoecos.com.ar\/index.php\/wp-json\/wp\/v2\/comments?post=61710"}],"version-history":[{"count":2,"href":"https:\/\/infoecos.com.ar\/index.php\/wp-json\/wp\/v2\/posts\/61710\/revisions"}],"predecessor-version":[{"id":61713,"href":"https:\/\/infoecos.com.ar\/index.php\/wp-json\/wp\/v2\/posts\/61710\/revisions\/61713"}],"wp:featuredmedia":[{"embeddable":true,"href":"https:\/\/infoecos.com.ar\/index.php\/wp-json\/wp\/v2\/media\/61711"}],"wp:attachment":[{"href":"https:\/\/infoecos.com.ar\/index.php\/wp-json\/wp\/v2\/media?parent=61710"}],"wp:term":[{"taxonomy":"category","embeddable":true,"href":"https:\/\/infoecos.com.ar\/index.php\/wp-json\/wp\/v2\/categories?post=61710"},{"taxonomy":"post_tag","embeddable":true,"href":"https:\/\/infoecos.com.ar\/index.php\/wp-json\/wp\/v2\/tags?post=61710"}],"curies":[{"name":"wp","href":"https:\/\/api.w.org\/{rel}","templated":true}]}}