{"id":61730,"date":"2020-05-04T23:20:27","date_gmt":"2020-05-05T02:20:27","guid":{"rendered":"http:\/\/infoecos.com.ar\/?p=61730"},"modified":"2020-05-06T01:27:09","modified_gmt":"2020-05-06T04:27:09","slug":"la-asociacion-judicial-bonaerense-solicito-la-convocatoria-para-dar-continuidad-a-las-negociaciones-salariales","status":"publish","type":"post","link":"https:\/\/infoecos.com.ar\/index.php\/la-asociacion-judicial-bonaerense-solicito-la-convocatoria-para-dar-continuidad-a-las-negociaciones-salariales\/","title":{"rendered":"La Asociaci\u00f3n Judicial Bonaerense solicit\u00f3 la convocatoria para dar continuidad a las negociaciones salariales"},"content":{"rendered":"\n<p>La Asociaci\u00f3n Judicial Bonaerense realiz\u00f3 una presentaci\u00f3n a la Ministra de Trabajo de la provincia de Buenos Aires, Mara Ruiz Malec, solicitando la convocatoria para dar continuidad a las negociaciones salariales.<\/p>\n\n\n\n<p>En dicha presentaci\u00f3n, Pablo Abramovich, secretario General de la AJB, refiere que \u201cen la instancia paritaria del mes de marzo, donde se logr\u00f3 suscribir un acuerdo salarial para el primer trimestre de 2020, se acord\u00f3 adem\u00e1s retomar las negociaciones al efecto de poner en debate los incrementos salariales correspondientes a los per\u00edodos no pactados del a\u00f1o en curso, as\u00ed como la recuperaci\u00f3n del poder adquisitivo perdido durante los ejercicios 2018 y 2019\u201d, a lo que se suma el requerimiento \u201cde incluir en las negociaciones la restituci\u00f3n del 3% de antig\u00fcedad respecto de los per\u00edodos que al d\u00eda de la fecha se liquidan por debajo de ese porcentaje\u201d.<\/p>\n\n\n\n<div class=\"wp-block-image\"><figure class=\"aligncenter size-large\"><img loading=\"lazy\" decoding=\"async\" width=\"224\" height=\"225\" src=\"http:\/\/infoecos.com.ar\/wp-content\/uploads\/ajb.png\" alt=\"\" class=\"wp-image-61516\" srcset=\"https:\/\/infoecos.com.ar\/wp-content\/uploads\/ajb.png 224w, https:\/\/infoecos.com.ar\/wp-content\/uploads\/ajb-150x150.png 150w\" sizes=\"(max-width: 224px) 100vw, 224px\" \/><\/figure><\/div>\n\n\n\n<p>Por otra parte, el sindicato reiter\u00f3 el reclamo de convocatoria a las mesas t\u00e9cnicas resultantes del acuerdo arribado el pasado 9 de marzo, a fin de abordar el proyecto de ley de negociaci\u00f3n colectiva para el Poder Judicial, la situaci\u00f3n de infraestructura edilicia, la necesidad de ingreso de personal y la devoluci\u00f3n de los descuentos practicados por medidas de fuerza realizadas durante 2018 y 2019.<\/p>\n\n\n\n<p>Por \u00faltimo, atento las actuales circunstancias y a los fines de respetar las medidas de aislamiento y distanciamiento social as\u00ed como de evitar demoras innecesarias en el inicio de las negociaciones, la AJB manifest\u00f3 que el proceso paritario puede llevarse a cabo de manera virtual a trav\u00e9s de las herramientas tecnol\u00f3gicas disponibles.<br><\/p>\n","protected":false},"excerpt":{"rendered":"<p>La Asociaci\u00f3n Judicial Bonaerense realiz\u00f3 una presentaci\u00f3n a la Ministra de Trabajo de la provincia&#8230;<\/p>\n","protected":false},"author":2,"featured_media":61516,"comment_status":"closed","ping_status":"open","sticky":false,"template":"","format":"standard","meta":{"footnotes":""},"categories":[1630],"tags":[53],"class_list":["post-61730","post","type-post","status-publish","format-standard","has-post-thumbnail","hentry","category-empre-8","tag-provincia-de-buenos-aires"],"yoast_head":"<!-- This site is optimized with the Yoast SEO plugin v23.4 - https:\/\/yoast.com\/wordpress\/plugins\/seo\/ -->\n<title>La Asociaci\u00f3n Judicial Bonaerense solicit\u00f3 la convocatoria para dar continuidad a las negociaciones salariales - Infoecos<\/title>\n<meta name=\"robots\" content=\"index, follow, max-snippet:-1, max-image-preview:large, max-video-preview:-1\" \/>\n<link rel=\"canonical\" href=\"https:\/\/infoecos.com.ar\/index.php\/la-asociacion-judicial-bonaerense-solicito-la-convocatoria-para-dar-continuidad-a-las-negociaciones-salariales\/\" \/>\n<meta property=\"og:locale\" content=\"es_ES\" \/>\n<meta property=\"og:type\" content=\"article\" \/>\n<meta property=\"og:title\" content=\"La Asociaci\u00f3n Judicial Bonaerense solicit\u00f3 la convocatoria para dar continuidad a las negociaciones salariales - Infoecos\" \/>\n<meta property=\"og:description\" content=\"La Asociaci\u00f3n Judicial Bonaerense realiz\u00f3 una presentaci\u00f3n a la Ministra de Trabajo de la provincia...\" \/>\n<meta property=\"og:url\" content=\"https:\/\/infoecos.com.ar\/index.php\/la-asociacion-judicial-bonaerense-solicito-la-convocatoria-para-dar-continuidad-a-las-negociaciones-salariales\/\" \/>\n<meta property=\"og:site_name\" content=\"Infoecos\" \/>\n<meta property=\"article:publisher\" content=\"https:\/\/www.facebook.com\/profile.php?id=100063200290284\" \/>\n<meta property=\"article:published_time\" content=\"2020-05-05T02:20:27+00:00\" \/>\n<meta property=\"article:modified_time\" content=\"2020-05-06T04:27:09+00:00\" \/>\n<meta property=\"og:image\" content=\"https:\/\/infoecos.com.ar\/wp-content\/uploads\/ajb.png\" \/>\n\t<meta property=\"og:image:width\" content=\"224\" \/>\n\t<meta property=\"og:image:height\" content=\"225\" \/>\n\t<meta property=\"og:image:type\" content=\"image\/png\" \/>\n<meta name=\"author\" content=\"Jorge Matheus\" \/>\n<meta name=\"twitter:card\" content=\"summary_large_image\" \/>\n<meta name=\"twitter:creator\" content=\"@infoecos\" \/>\n<meta name=\"twitter:site\" content=\"@infoecos\" \/>\n<meta name=\"twitter:label1\" content=\"Escrito por\" \/>\n\t<meta name=\"twitter:data1\" content=\"Jorge Matheus\" \/>\n\t<meta name=\"twitter:label2\" content=\"Tiempo de lectura\" \/>\n\t<meta name=\"twitter:data2\" content=\"1 minuto\" \/>\n<script type=\"application\/ld+json\" class=\"yoast-schema-graph\">{\"@context\":\"https:\/\/schema.org\",\"@graph\":[{\"@type\":\"Article\",\"@id\":\"https:\/\/infoecos.com.ar\/index.php\/la-asociacion-judicial-bonaerense-solicito-la-convocatoria-para-dar-continuidad-a-las-negociaciones-salariales\/#article\",\"isPartOf\":{\"@id\":\"https:\/\/infoecos.com.ar\/index.php\/la-asociacion-judicial-bonaerense-solicito-la-convocatoria-para-dar-continuidad-a-las-negociaciones-salariales\/\"},\"author\":{\"name\":\"Jorge Matheus\",\"@id\":\"https:\/\/infoecos.com.ar\/#\/schema\/person\/8f5ace5ce73b4b4aac4b7245aee6f191\"},\"headline\":\"La Asociaci\u00f3n Judicial Bonaerense solicit\u00f3 la convocatoria para dar continuidad a las negociaciones salariales\",\"datePublished\":\"2020-05-05T02:20:27+00:00\",\"dateModified\":\"2020-05-06T04:27:09+00:00\",\"mainEntityOfPage\":{\"@id\":\"https:\/\/infoecos.com.ar\/index.php\/la-asociacion-judicial-bonaerense-solicito-la-convocatoria-para-dar-continuidad-a-las-negociaciones-salariales\/\"},\"wordCount\":280,\"publisher\":{\"@id\":\"https:\/\/infoecos.com.ar\/#organization\"},\"image\":{\"@id\":\"https:\/\/infoecos.com.ar\/index.php\/la-asociacion-judicial-bonaerense-solicito-la-convocatoria-para-dar-continuidad-a-las-negociaciones-salariales\/#primaryimage\"},\"thumbnailUrl\":\"https:\/\/infoecos.com.ar\/wp-content\/uploads\/ajb.png\",\"keywords\":[\"PROVINCIA DE BUENOS AIRES\"],\"articleSection\":[\"Empre 8\"],\"inLanguage\":\"es\"},{\"@type\":\"WebPage\",\"@id\":\"https:\/\/infoecos.com.ar\/index.php\/la-asociacion-judicial-bonaerense-solicito-la-convocatoria-para-dar-continuidad-a-las-negociaciones-salariales\/\",\"url\":\"https:\/\/infoecos.com.ar\/index.php\/la-asociacion-judicial-bonaerense-solicito-la-convocatoria-para-dar-continuidad-a-las-negociaciones-salariales\/\",\"name\":\"La Asociaci\u00f3n Judicial Bonaerense solicit\u00f3 la convocatoria para dar continuidad a las negociaciones salariales - Infoecos\",\"isPartOf\":{\"@id\":\"https:\/\/infoecos.com.ar\/#website\"},\"primaryImageOfPage\":{\"@id\":\"https:\/\/infoecos.com.ar\/index.php\/la-asociacion-judicial-bonaerense-solicito-la-convocatoria-para-dar-continuidad-a-las-negociaciones-salariales\/#primaryimage\"},\"image\":{\"@id\":\"https:\/\/infoecos.com.ar\/index.php\/la-asociacion-judicial-bonaerense-solicito-la-convocatoria-para-dar-continuidad-a-las-negociaciones-salariales\/#primaryimage\"},\"thumbnailUrl\":\"https:\/\/infoecos.com.ar\/wp-content\/uploads\/ajb.png\",\"datePublished\":\"2020-05-05T02:20:27+00:00\",\"dateModified\":\"2020-05-06T04:27:09+00:00\",\"breadcrumb\":{\"@id\":\"https:\/\/infoecos.com.ar\/index.php\/la-asociacion-judicial-bonaerense-solicito-la-convocatoria-para-dar-continuidad-a-las-negociaciones-salariales\/#breadcrumb\"},\"inLanguage\":\"es\",\"potentialAction\":[{\"@type\":\"ReadAction\",\"target\":[\"https:\/\/infoecos.com.ar\/index.php\/la-asociacion-judicial-bonaerense-solicito-la-convocatoria-para-dar-continuidad-a-las-negociaciones-salariales\/\"]}]},{\"@type\":\"ImageObject\",\"inLanguage\":\"es\",\"@id\":\"https:\/\/infoecos.com.ar\/index.php\/la-asociacion-judicial-bonaerense-solicito-la-convocatoria-para-dar-continuidad-a-las-negociaciones-salariales\/#primaryimage\",\"url\":\"https:\/\/infoecos.com.ar\/wp-content\/uploads\/ajb.png\",\"contentUrl\":\"https:\/\/infoecos.com.ar\/wp-content\/uploads\/ajb.png\",\"width\":224,\"height\":225},{\"@type\":\"BreadcrumbList\",\"@id\":\"https:\/\/infoecos.com.ar\/index.php\/la-asociacion-judicial-bonaerense-solicito-la-convocatoria-para-dar-continuidad-a-las-negociaciones-salariales\/#breadcrumb\",\"itemListElement\":[{\"@type\":\"ListItem\",\"position\":1,\"name\":\"Portada\",\"item\":\"https:\/\/infoecos.com.ar\/\"},{\"@type\":\"ListItem\",\"position\":2,\"name\":\"La Asociaci\u00f3n Judicial Bonaerense solicit\u00f3 la convocatoria para dar continuidad a las negociaciones salariales\"}]},{\"@type\":\"WebSite\",\"@id\":\"https:\/\/infoecos.com.ar\/#website\",\"url\":\"https:\/\/infoecos.com.ar\/\",\"name\":\"Infoecos\",\"description\":\"Noticias de trenque lauquen y la zona\",\"publisher\":{\"@id\":\"https:\/\/infoecos.com.ar\/#organization\"},\"alternateName\":\"Noticias\",\"potentialAction\":[{\"@type\":\"SearchAction\",\"target\":{\"@type\":\"EntryPoint\",\"urlTemplate\":\"https:\/\/infoecos.com.ar\/?s={search_term_string}\"},\"query-input\":{\"@type\":\"PropertyValueSpecification\",\"valueRequired\":true,\"valueName\":\"search_term_string\"}}],\"inLanguage\":\"es\"},{\"@type\":\"Organization\",\"@id\":\"https:\/\/infoecos.com.ar\/#organization\",\"name\":\"Infoecos\",\"alternateName\":\"Noticias\",\"url\":\"https:\/\/infoecos.com.ar\/\",\"logo\":{\"@type\":\"ImageObject\",\"inLanguage\":\"es\",\"@id\":\"https:\/\/infoecos.com.ar\/#\/schema\/logo\/image\/\",\"url\":\"https:\/\/infoecos.com.ar\/wp-content\/uploads\/2024\/03\/cropped-logo.png\",\"contentUrl\":\"https:\/\/infoecos.com.ar\/wp-content\/uploads\/2024\/03\/cropped-logo.png\",\"width\":374,\"height\":90,\"caption\":\"Infoecos\"},\"image\":{\"@id\":\"https:\/\/infoecos.com.ar\/#\/schema\/logo\/image\/\"},\"sameAs\":[\"https:\/\/www.facebook.com\/profile.php?id=100063200290284\",\"https:\/\/x.com\/infoecos\"]},{\"@type\":\"Person\",\"@id\":\"https:\/\/infoecos.com.ar\/#\/schema\/person\/8f5ace5ce73b4b4aac4b7245aee6f191\",\"name\":\"Jorge Matheus\",\"url\":\"https:\/\/infoecos.com.ar\/index.php\/author\/jomatheus\/\"}]}<\/script>\n<!-- \/ Yoast SEO plugin. -->","yoast_head_json":{"title":"La Asociaci\u00f3n Judicial Bonaerense solicit\u00f3 la convocatoria para dar continuidad a las negociaciones salariales - Infoecos","robots":{"index":"index","follow":"follow","max-snippet":"max-snippet:-1","max-image-preview":"max-image-preview:large","max-video-preview":"max-video-preview:-1"},"canonical":"https:\/\/infoecos.com.ar\/index.php\/la-asociacion-judicial-bonaerense-solicito-la-convocatoria-para-dar-continuidad-a-las-negociaciones-salariales\/","og_locale":"es_ES","og_type":"article","og_title":"La Asociaci\u00f3n Judicial Bonaerense solicit\u00f3 la convocatoria para dar continuidad a las negociaciones salariales - Infoecos","og_description":"La Asociaci\u00f3n Judicial Bonaerense realiz\u00f3 una presentaci\u00f3n a la Ministra de Trabajo de la provincia...","og_url":"https:\/\/infoecos.com.ar\/index.php\/la-asociacion-judicial-bonaerense-solicito-la-convocatoria-para-dar-continuidad-a-las-negociaciones-salariales\/","og_site_name":"Infoecos","article_publisher":"https:\/\/www.facebook.com\/profile.php?id=100063200290284","article_published_time":"2020-05-05T02:20:27+00:00","article_modified_time":"2020-05-06T04:27:09+00:00","og_image":[{"width":224,"height":225,"url":"https:\/\/infoecos.com.ar\/wp-content\/uploads\/ajb.png","type":"image\/png"}],"author":"Jorge Matheus","twitter_card":"summary_large_image","twitter_creator":"@infoecos","twitter_site":"@infoecos","twitter_misc":{"Escrito por":"Jorge Matheus","Tiempo de lectura":"1 minuto"},"schema":{"@context":"https:\/\/schema.org","@graph":[{"@type":"Article","@id":"https:\/\/infoecos.com.ar\/index.php\/la-asociacion-judicial-bonaerense-solicito-la-convocatoria-para-dar-continuidad-a-las-negociaciones-salariales\/#article","isPartOf":{"@id":"https:\/\/infoecos.com.ar\/index.php\/la-asociacion-judicial-bonaerense-solicito-la-convocatoria-para-dar-continuidad-a-las-negociaciones-salariales\/"},"author":{"name":"Jorge Matheus","@id":"https:\/\/infoecos.com.ar\/#\/schema\/person\/8f5ace5ce73b4b4aac4b7245aee6f191"},"headline":"La Asociaci\u00f3n Judicial Bonaerense solicit\u00f3 la convocatoria para dar continuidad a las negociaciones salariales","datePublished":"2020-05-05T02:20:27+00:00","dateModified":"2020-05-06T04:27:09+00:00","mainEntityOfPage":{"@id":"https:\/\/infoecos.com.ar\/index.php\/la-asociacion-judicial-bonaerense-solicito-la-convocatoria-para-dar-continuidad-a-las-negociaciones-salariales\/"},"wordCount":280,"publisher":{"@id":"https:\/\/infoecos.com.ar\/#organization"},"image":{"@id":"https:\/\/infoecos.com.ar\/index.php\/la-asociacion-judicial-bonaerense-solicito-la-convocatoria-para-dar-continuidad-a-las-negociaciones-salariales\/#primaryimage"},"thumbnailUrl":"https:\/\/infoecos.com.ar\/wp-content\/uploads\/ajb.png","keywords":["PROVINCIA DE BUENOS AIRES"],"articleSection":["Empre 8"],"inLanguage":"es"},{"@type":"WebPage","@id":"https:\/\/infoecos.com.ar\/index.php\/la-asociacion-judicial-bonaerense-solicito-la-convocatoria-para-dar-continuidad-a-las-negociaciones-salariales\/","url":"https:\/\/infoecos.com.ar\/index.php\/la-asociacion-judicial-bonaerense-solicito-la-convocatoria-para-dar-continuidad-a-las-negociaciones-salariales\/","name":"La Asociaci\u00f3n Judicial Bonaerense solicit\u00f3 la convocatoria para dar continuidad a las negociaciones salariales - Infoecos","isPartOf":{"@id":"https:\/\/infoecos.com.ar\/#website"},"primaryImageOfPage":{"@id":"https:\/\/infoecos.com.ar\/index.php\/la-asociacion-judicial-bonaerense-solicito-la-convocatoria-para-dar-continuidad-a-las-negociaciones-salariales\/#primaryimage"},"image":{"@id":"https:\/\/infoecos.com.ar\/index.php\/la-asociacion-judicial-bonaerense-solicito-la-convocatoria-para-dar-continuidad-a-las-negociaciones-salariales\/#primaryimage"},"thumbnailUrl":"https:\/\/infoecos.com.ar\/wp-content\/uploads\/ajb.png","datePublished":"2020-05-05T02:20:27+00:00","dateModified":"2020-05-06T04:27:09+00:00","breadcrumb":{"@id":"https:\/\/infoecos.com.ar\/index.php\/la-asociacion-judicial-bonaerense-solicito-la-convocatoria-para-dar-continuidad-a-las-negociaciones-salariales\/#breadcrumb"},"inLanguage":"es","potentialAction":[{"@type":"ReadAction","target":["https:\/\/infoecos.com.ar\/index.php\/la-asociacion-judicial-bonaerense-solicito-la-convocatoria-para-dar-continuidad-a-las-negociaciones-salariales\/"]}]},{"@type":"ImageObject","inLanguage":"es","@id":"https:\/\/infoecos.com.ar\/index.php\/la-asociacion-judicial-bonaerense-solicito-la-convocatoria-para-dar-continuidad-a-las-negociaciones-salariales\/#primaryimage","url":"https:\/\/infoecos.com.ar\/wp-content\/uploads\/ajb.png","contentUrl":"https:\/\/infoecos.com.ar\/wp-content\/uploads\/ajb.png","width":224,"height":225},{"@type":"BreadcrumbList","@id":"https:\/\/infoecos.com.ar\/index.php\/la-asociacion-judicial-bonaerense-solicito-la-convocatoria-para-dar-continuidad-a-las-negociaciones-salariales\/#breadcrumb","itemListElement":[{"@type":"ListItem","position":1,"name":"Portada","item":"https:\/\/infoecos.com.ar\/"},{"@type":"ListItem","position":2,"name":"La Asociaci\u00f3n Judicial Bonaerense solicit\u00f3 la convocatoria para dar continuidad a las negociaciones salariales"}]},{"@type":"WebSite","@id":"https:\/\/infoecos.com.ar\/#website","url":"https:\/\/infoecos.com.ar\/","name":"Infoecos","description":"Noticias de trenque lauquen y la zona","publisher":{"@id":"https:\/\/infoecos.com.ar\/#organization"},"alternateName":"Noticias","potentialAction":[{"@type":"SearchAction","target":{"@type":"EntryPoint","urlTemplate":"https:\/\/infoecos.com.ar\/?s={search_term_string}"},"query-input":{"@type":"PropertyValueSpecification","valueRequired":true,"valueName":"search_term_string"}}],"inLanguage":"es"},{"@type":"Organization","@id":"https:\/\/infoecos.com.ar\/#organization","name":"Infoecos","alternateName":"Noticias","url":"https:\/\/infoecos.com.ar\/","logo":{"@type":"ImageObject","inLanguage":"es","@id":"https:\/\/infoecos.com.ar\/#\/schema\/logo\/image\/","url":"https:\/\/infoecos.com.ar\/wp-content\/uploads\/2024\/03\/cropped-logo.png","contentUrl":"https:\/\/infoecos.com.ar\/wp-content\/uploads\/2024\/03\/cropped-logo.png","width":374,"height":90,"caption":"Infoecos"},"image":{"@id":"https:\/\/infoecos.com.ar\/#\/schema\/logo\/image\/"},"sameAs":["https:\/\/www.facebook.com\/profile.php?id=100063200290284","https:\/\/x.com\/infoecos"]},{"@type":"Person","@id":"https:\/\/infoecos.com.ar\/#\/schema\/person\/8f5ace5ce73b4b4aac4b7245aee6f191","name":"Jorge Matheus","url":"https:\/\/infoecos.com.ar\/index.php\/author\/jomatheus\/"}]}},"featured_image_urls":{"full":["https:\/\/infoecos.com.ar\/wp-content\/uploads\/ajb.png",224,225,false],"thumbnail":["https:\/\/infoecos.com.ar\/wp-content\/uploads\/ajb-150x150.png",150,150,true],"medium":["https:\/\/infoecos.com.ar\/wp-content\/uploads\/ajb.png",224,225,false],"medium_large":["https:\/\/infoecos.com.ar\/wp-content\/uploads\/ajb.png",224,225,false],"large":["https:\/\/infoecos.com.ar\/wp-content\/uploads\/ajb.png",224,225,false],"1536x1536":["https:\/\/infoecos.com.ar\/wp-content\/uploads\/ajb.png",224,225,false],"2048x2048":["https:\/\/infoecos.com.ar\/wp-content\/uploads\/ajb.png",224,225,false],"covernews-slider-full":["https:\/\/infoecos.com.ar\/wp-content\/uploads\/ajb.png",224,225,false],"covernews-slider-center":["https:\/\/infoecos.com.ar\/wp-content\/uploads\/ajb.png",224,225,false],"covernews-featured":["https:\/\/infoecos.com.ar\/wp-content\/uploads\/ajb.png",224,225,false],"covernews-medium":["https:\/\/infoecos.com.ar\/wp-content\/uploads\/ajb.png",224,225,false],"covernews-medium-square":["https:\/\/infoecos.com.ar\/wp-content\/uploads\/ajb.png",224,225,false]},"author_info":{"info":["Jorge Matheus"]},"category_info":"<a href=\"https:\/\/infoecos.com.ar\/index.php\/category\/empre-8\/\" rel=\"category tag\">Empre 8<\/a>","tag_info":"Empre 8","comment_count":"0","_links":{"self":[{"href":"https:\/\/infoecos.com.ar\/index.php\/wp-json\/wp\/v2\/posts\/61730"}],"collection":[{"href":"https:\/\/infoecos.com.ar\/index.php\/wp-json\/wp\/v2\/posts"}],"about":[{"href":"https:\/\/infoecos.com.ar\/index.php\/wp-json\/wp\/v2\/types\/post"}],"author":[{"embeddable":true,"href":"https:\/\/infoecos.com.ar\/index.php\/wp-json\/wp\/v2\/users\/2"}],"replies":[{"embeddable":true,"href":"https:\/\/infoecos.com.ar\/index.php\/wp-json\/wp\/v2\/comments?post=61730"}],"version-history":[{"count":1,"href":"https:\/\/infoecos.com.ar\/index.php\/wp-json\/wp\/v2\/posts\/61730\/revisions"}],"predecessor-version":[{"id":61731,"href":"https:\/\/infoecos.com.ar\/index.php\/wp-json\/wp\/v2\/posts\/61730\/revisions\/61731"}],"wp:featuredmedia":[{"embeddable":true,"href":"https:\/\/infoecos.com.ar\/index.php\/wp-json\/wp\/v2\/media\/61516"}],"wp:attachment":[{"href":"https:\/\/infoecos.com.ar\/index.php\/wp-json\/wp\/v2\/media?parent=61730"}],"wp:term":[{"taxonomy":"category","embeddable":true,"href":"https:\/\/infoecos.com.ar\/index.php\/wp-json\/wp\/v2\/categories?post=61730"},{"taxonomy":"post_tag","embeddable":true,"href":"https:\/\/infoecos.com.ar\/index.php\/wp-json\/wp\/v2\/tags?post=61730"}],"curies":[{"name":"wp","href":"https:\/\/api.w.org\/{rel}","templated":true}]}}