{"id":61839,"date":"2020-05-06T01:06:44","date_gmt":"2020-05-06T04:06:44","guid":{"rendered":"http:\/\/infoecos.com.ar\/?p=61839"},"modified":"2020-05-06T01:06:45","modified_gmt":"2020-05-06T04:06:45","slug":"pedido-de-la-asociacion-judicial-bonaerense-al-producrador-general-julio-conte-grand","status":"publish","type":"post","link":"https:\/\/infoecos.com.ar\/index.php\/pedido-de-la-asociacion-judicial-bonaerense-al-producrador-general-julio-conte-grand\/","title":{"rendered":"Pedido de la Asociaci\u00f3n Judicial Bonaerense al Producrador General, Julio Conte Grand"},"content":{"rendered":"\n<p>La Asociaci\u00f3n Judicial Bonaerense reclam\u00f3 a trav\u00e9s de una presentaci\u00f3n dirigida al titular de la Procuraci\u00f3n General, Julio Conte Grand, la apertura de \u00e1mbitos de di\u00e1logo paritario para garantizar el cuidado de la salud y la protecci\u00f3n de los derechos laborales de las y los empleados y funcionarios del Ministerio P\u00fablico.<\/p>\n\n\n\n<div class=\"wp-block-image\"><figure class=\"aligncenter size-large\"><img loading=\"lazy\" decoding=\"async\" width=\"224\" height=\"225\" src=\"http:\/\/infoecos.com.ar\/wp-content\/uploads\/ajb.png\" alt=\"\" class=\"wp-image-61516\" srcset=\"https:\/\/infoecos.com.ar\/wp-content\/uploads\/ajb.png 224w, https:\/\/infoecos.com.ar\/wp-content\/uploads\/ajb-150x150.png 150w\" sizes=\"(max-width: 224px) 100vw, 224px\" \/><\/figure><\/div>\n\n\n\n<p>En particular, el gremio judicial exige la constituci\u00f3n de una mesa de trabajo donde debatir la regulaci\u00f3n de las modalidades de teletrabajo, dando continuidad al proceso que permiti\u00f3 la firma del convenio con la Suprema Corte para el \u00e1mbito de Administraci\u00f3n de Justicia el pasado 25 de abril.<\/p>\n\n\n\n<p>\u201cEl Procurador General tiene la obligaci\u00f3n de habilitar espacios paritarios con la AJB para poner en debate el conjunto de las condiciones laborales en el Ministerio P\u00fablico, lo que se torna urgente en el contexto particular de la emergencia sanitaria\u201d, manifest\u00f3 Pablo Abramovich, secretario General de la Asociaci\u00f3n Judicial Bonaerense.<\/p>\n\n\n\n<p>Por su parte, en la presentaci\u00f3n tambi\u00e9n se reclama la participaci\u00f3n de la Procuraci\u00f3n General en el comit\u00e9 de crisis con la AJB y la Suprema Corte, donde se establezcan mecanismos mixtos de control para evitar el incremento del personal presencial y donde se realice un monitoreo permanente de la provisi\u00f3n de insumos de limpieza, higiene personal y del avance de otras medidas de seguridad a adoptarse.<\/p>\n","protected":false},"excerpt":{"rendered":"<p>La Asociaci\u00f3n Judicial Bonaerense reclam\u00f3 a trav\u00e9s de una presentaci\u00f3n dirigida al titular de la&#8230;<\/p>\n","protected":false},"author":2,"featured_media":61516,"comment_status":"closed","ping_status":"open","sticky":false,"template":"","format":"standard","meta":{"footnotes":""},"categories":[1614],"tags":[322],"class_list":["post-61839","post","type-post","status-publish","format-standard","has-post-thumbnail","hentry","category-c2nota7","tag-justicia"],"yoast_head":"<!-- This site is optimized with the Yoast SEO plugin v23.4 - https:\/\/yoast.com\/wordpress\/plugins\/seo\/ -->\n<title>Pedido de la Asociaci\u00f3n Judicial Bonaerense al Producrador General, Julio Conte Grand - Infoecos<\/title>\n<meta name=\"robots\" content=\"index, follow, max-snippet:-1, max-image-preview:large, max-video-preview:-1\" \/>\n<link rel=\"canonical\" href=\"https:\/\/infoecos.com.ar\/index.php\/pedido-de-la-asociacion-judicial-bonaerense-al-producrador-general-julio-conte-grand\/\" \/>\n<meta property=\"og:locale\" content=\"es_ES\" \/>\n<meta property=\"og:type\" content=\"article\" \/>\n<meta property=\"og:title\" content=\"Pedido de la Asociaci\u00f3n Judicial Bonaerense al Producrador General, Julio Conte Grand - Infoecos\" \/>\n<meta property=\"og:description\" content=\"La Asociaci\u00f3n Judicial Bonaerense reclam\u00f3 a trav\u00e9s de una presentaci\u00f3n dirigida al titular de la...\" \/>\n<meta property=\"og:url\" content=\"https:\/\/infoecos.com.ar\/index.php\/pedido-de-la-asociacion-judicial-bonaerense-al-producrador-general-julio-conte-grand\/\" \/>\n<meta property=\"og:site_name\" content=\"Infoecos\" \/>\n<meta property=\"article:publisher\" content=\"https:\/\/www.facebook.com\/profile.php?id=100063200290284\" \/>\n<meta property=\"article:published_time\" content=\"2020-05-06T04:06:44+00:00\" \/>\n<meta property=\"article:modified_time\" content=\"2020-05-06T04:06:45+00:00\" \/>\n<meta property=\"og:image\" content=\"https:\/\/infoecos.com.ar\/wp-content\/uploads\/ajb.png\" \/>\n\t<meta property=\"og:image:width\" content=\"224\" \/>\n\t<meta property=\"og:image:height\" content=\"225\" \/>\n\t<meta property=\"og:image:type\" content=\"image\/png\" \/>\n<meta name=\"author\" content=\"Jorge Matheus\" \/>\n<meta name=\"twitter:card\" content=\"summary_large_image\" \/>\n<meta name=\"twitter:creator\" content=\"@infoecos\" \/>\n<meta name=\"twitter:site\" content=\"@infoecos\" \/>\n<meta name=\"twitter:label1\" content=\"Escrito por\" \/>\n\t<meta name=\"twitter:data1\" content=\"Jorge Matheus\" \/>\n\t<meta name=\"twitter:label2\" content=\"Tiempo de lectura\" \/>\n\t<meta name=\"twitter:data2\" content=\"1 minuto\" \/>\n<script type=\"application\/ld+json\" class=\"yoast-schema-graph\">{\"@context\":\"https:\/\/schema.org\",\"@graph\":[{\"@type\":\"Article\",\"@id\":\"https:\/\/infoecos.com.ar\/index.php\/pedido-de-la-asociacion-judicial-bonaerense-al-producrador-general-julio-conte-grand\/#article\",\"isPartOf\":{\"@id\":\"https:\/\/infoecos.com.ar\/index.php\/pedido-de-la-asociacion-judicial-bonaerense-al-producrador-general-julio-conte-grand\/\"},\"author\":{\"name\":\"Jorge Matheus\",\"@id\":\"https:\/\/infoecos.com.ar\/#\/schema\/person\/8f5ace5ce73b4b4aac4b7245aee6f191\"},\"headline\":\"Pedido de la Asociaci\u00f3n Judicial Bonaerense al Producrador General, Julio Conte Grand\",\"datePublished\":\"2020-05-06T04:06:44+00:00\",\"dateModified\":\"2020-05-06T04:06:45+00:00\",\"mainEntityOfPage\":{\"@id\":\"https:\/\/infoecos.com.ar\/index.php\/pedido-de-la-asociacion-judicial-bonaerense-al-producrador-general-julio-conte-grand\/\"},\"wordCount\":246,\"publisher\":{\"@id\":\"https:\/\/infoecos.com.ar\/#organization\"},\"image\":{\"@id\":\"https:\/\/infoecos.com.ar\/index.php\/pedido-de-la-asociacion-judicial-bonaerense-al-producrador-general-julio-conte-grand\/#primaryimage\"},\"thumbnailUrl\":\"https:\/\/infoecos.com.ar\/wp-content\/uploads\/ajb.png\",\"keywords\":[\"JUSTICIA\"],\"articleSection\":[\"C2 N7\"],\"inLanguage\":\"es\"},{\"@type\":\"WebPage\",\"@id\":\"https:\/\/infoecos.com.ar\/index.php\/pedido-de-la-asociacion-judicial-bonaerense-al-producrador-general-julio-conte-grand\/\",\"url\":\"https:\/\/infoecos.com.ar\/index.php\/pedido-de-la-asociacion-judicial-bonaerense-al-producrador-general-julio-conte-grand\/\",\"name\":\"Pedido de la Asociaci\u00f3n Judicial Bonaerense al Producrador General, Julio Conte Grand - Infoecos\",\"isPartOf\":{\"@id\":\"https:\/\/infoecos.com.ar\/#website\"},\"primaryImageOfPage\":{\"@id\":\"https:\/\/infoecos.com.ar\/index.php\/pedido-de-la-asociacion-judicial-bonaerense-al-producrador-general-julio-conte-grand\/#primaryimage\"},\"image\":{\"@id\":\"https:\/\/infoecos.com.ar\/index.php\/pedido-de-la-asociacion-judicial-bonaerense-al-producrador-general-julio-conte-grand\/#primaryimage\"},\"thumbnailUrl\":\"https:\/\/infoecos.com.ar\/wp-content\/uploads\/ajb.png\",\"datePublished\":\"2020-05-06T04:06:44+00:00\",\"dateModified\":\"2020-05-06T04:06:45+00:00\",\"breadcrumb\":{\"@id\":\"https:\/\/infoecos.com.ar\/index.php\/pedido-de-la-asociacion-judicial-bonaerense-al-producrador-general-julio-conte-grand\/#breadcrumb\"},\"inLanguage\":\"es\",\"potentialAction\":[{\"@type\":\"ReadAction\",\"target\":[\"https:\/\/infoecos.com.ar\/index.php\/pedido-de-la-asociacion-judicial-bonaerense-al-producrador-general-julio-conte-grand\/\"]}]},{\"@type\":\"ImageObject\",\"inLanguage\":\"es\",\"@id\":\"https:\/\/infoecos.com.ar\/index.php\/pedido-de-la-asociacion-judicial-bonaerense-al-producrador-general-julio-conte-grand\/#primaryimage\",\"url\":\"https:\/\/infoecos.com.ar\/wp-content\/uploads\/ajb.png\",\"contentUrl\":\"https:\/\/infoecos.com.ar\/wp-content\/uploads\/ajb.png\",\"width\":224,\"height\":225},{\"@type\":\"BreadcrumbList\",\"@id\":\"https:\/\/infoecos.com.ar\/index.php\/pedido-de-la-asociacion-judicial-bonaerense-al-producrador-general-julio-conte-grand\/#breadcrumb\",\"itemListElement\":[{\"@type\":\"ListItem\",\"position\":1,\"name\":\"Portada\",\"item\":\"https:\/\/infoecos.com.ar\/\"},{\"@type\":\"ListItem\",\"position\":2,\"name\":\"Pedido de la Asociaci\u00f3n Judicial Bonaerense al Producrador General, Julio Conte Grand\"}]},{\"@type\":\"WebSite\",\"@id\":\"https:\/\/infoecos.com.ar\/#website\",\"url\":\"https:\/\/infoecos.com.ar\/\",\"name\":\"Infoecos\",\"description\":\"Noticias de trenque lauquen y la zona\",\"publisher\":{\"@id\":\"https:\/\/infoecos.com.ar\/#organization\"},\"alternateName\":\"Noticias\",\"potentialAction\":[{\"@type\":\"SearchAction\",\"target\":{\"@type\":\"EntryPoint\",\"urlTemplate\":\"https:\/\/infoecos.com.ar\/?s={search_term_string}\"},\"query-input\":{\"@type\":\"PropertyValueSpecification\",\"valueRequired\":true,\"valueName\":\"search_term_string\"}}],\"inLanguage\":\"es\"},{\"@type\":\"Organization\",\"@id\":\"https:\/\/infoecos.com.ar\/#organization\",\"name\":\"Infoecos\",\"alternateName\":\"Noticias\",\"url\":\"https:\/\/infoecos.com.ar\/\",\"logo\":{\"@type\":\"ImageObject\",\"inLanguage\":\"es\",\"@id\":\"https:\/\/infoecos.com.ar\/#\/schema\/logo\/image\/\",\"url\":\"https:\/\/infoecos.com.ar\/wp-content\/uploads\/2024\/03\/cropped-logo.png\",\"contentUrl\":\"https:\/\/infoecos.com.ar\/wp-content\/uploads\/2024\/03\/cropped-logo.png\",\"width\":374,\"height\":90,\"caption\":\"Infoecos\"},\"image\":{\"@id\":\"https:\/\/infoecos.com.ar\/#\/schema\/logo\/image\/\"},\"sameAs\":[\"https:\/\/www.facebook.com\/profile.php?id=100063200290284\",\"https:\/\/x.com\/infoecos\"]},{\"@type\":\"Person\",\"@id\":\"https:\/\/infoecos.com.ar\/#\/schema\/person\/8f5ace5ce73b4b4aac4b7245aee6f191\",\"name\":\"Jorge Matheus\",\"url\":\"https:\/\/infoecos.com.ar\/index.php\/author\/jomatheus\/\"}]}<\/script>\n<!-- \/ Yoast SEO plugin. -->","yoast_head_json":{"title":"Pedido de la Asociaci\u00f3n Judicial Bonaerense al Producrador General, Julio Conte Grand - Infoecos","robots":{"index":"index","follow":"follow","max-snippet":"max-snippet:-1","max-image-preview":"max-image-preview:large","max-video-preview":"max-video-preview:-1"},"canonical":"https:\/\/infoecos.com.ar\/index.php\/pedido-de-la-asociacion-judicial-bonaerense-al-producrador-general-julio-conte-grand\/","og_locale":"es_ES","og_type":"article","og_title":"Pedido de la Asociaci\u00f3n Judicial Bonaerense al Producrador General, Julio Conte Grand - Infoecos","og_description":"La Asociaci\u00f3n Judicial Bonaerense reclam\u00f3 a trav\u00e9s de una presentaci\u00f3n dirigida al titular de la...","og_url":"https:\/\/infoecos.com.ar\/index.php\/pedido-de-la-asociacion-judicial-bonaerense-al-producrador-general-julio-conte-grand\/","og_site_name":"Infoecos","article_publisher":"https:\/\/www.facebook.com\/profile.php?id=100063200290284","article_published_time":"2020-05-06T04:06:44+00:00","article_modified_time":"2020-05-06T04:06:45+00:00","og_image":[{"width":224,"height":225,"url":"https:\/\/infoecos.com.ar\/wp-content\/uploads\/ajb.png","type":"image\/png"}],"author":"Jorge Matheus","twitter_card":"summary_large_image","twitter_creator":"@infoecos","twitter_site":"@infoecos","twitter_misc":{"Escrito por":"Jorge Matheus","Tiempo de lectura":"1 minuto"},"schema":{"@context":"https:\/\/schema.org","@graph":[{"@type":"Article","@id":"https:\/\/infoecos.com.ar\/index.php\/pedido-de-la-asociacion-judicial-bonaerense-al-producrador-general-julio-conte-grand\/#article","isPartOf":{"@id":"https:\/\/infoecos.com.ar\/index.php\/pedido-de-la-asociacion-judicial-bonaerense-al-producrador-general-julio-conte-grand\/"},"author":{"name":"Jorge Matheus","@id":"https:\/\/infoecos.com.ar\/#\/schema\/person\/8f5ace5ce73b4b4aac4b7245aee6f191"},"headline":"Pedido de la Asociaci\u00f3n Judicial Bonaerense al Producrador General, Julio Conte Grand","datePublished":"2020-05-06T04:06:44+00:00","dateModified":"2020-05-06T04:06:45+00:00","mainEntityOfPage":{"@id":"https:\/\/infoecos.com.ar\/index.php\/pedido-de-la-asociacion-judicial-bonaerense-al-producrador-general-julio-conte-grand\/"},"wordCount":246,"publisher":{"@id":"https:\/\/infoecos.com.ar\/#organization"},"image":{"@id":"https:\/\/infoecos.com.ar\/index.php\/pedido-de-la-asociacion-judicial-bonaerense-al-producrador-general-julio-conte-grand\/#primaryimage"},"thumbnailUrl":"https:\/\/infoecos.com.ar\/wp-content\/uploads\/ajb.png","keywords":["JUSTICIA"],"articleSection":["C2 N7"],"inLanguage":"es"},{"@type":"WebPage","@id":"https:\/\/infoecos.com.ar\/index.php\/pedido-de-la-asociacion-judicial-bonaerense-al-producrador-general-julio-conte-grand\/","url":"https:\/\/infoecos.com.ar\/index.php\/pedido-de-la-asociacion-judicial-bonaerense-al-producrador-general-julio-conte-grand\/","name":"Pedido de la Asociaci\u00f3n Judicial Bonaerense al Producrador General, Julio Conte Grand - Infoecos","isPartOf":{"@id":"https:\/\/infoecos.com.ar\/#website"},"primaryImageOfPage":{"@id":"https:\/\/infoecos.com.ar\/index.php\/pedido-de-la-asociacion-judicial-bonaerense-al-producrador-general-julio-conte-grand\/#primaryimage"},"image":{"@id":"https:\/\/infoecos.com.ar\/index.php\/pedido-de-la-asociacion-judicial-bonaerense-al-producrador-general-julio-conte-grand\/#primaryimage"},"thumbnailUrl":"https:\/\/infoecos.com.ar\/wp-content\/uploads\/ajb.png","datePublished":"2020-05-06T04:06:44+00:00","dateModified":"2020-05-06T04:06:45+00:00","breadcrumb":{"@id":"https:\/\/infoecos.com.ar\/index.php\/pedido-de-la-asociacion-judicial-bonaerense-al-producrador-general-julio-conte-grand\/#breadcrumb"},"inLanguage":"es","potentialAction":[{"@type":"ReadAction","target":["https:\/\/infoecos.com.ar\/index.php\/pedido-de-la-asociacion-judicial-bonaerense-al-producrador-general-julio-conte-grand\/"]}]},{"@type":"ImageObject","inLanguage":"es","@id":"https:\/\/infoecos.com.ar\/index.php\/pedido-de-la-asociacion-judicial-bonaerense-al-producrador-general-julio-conte-grand\/#primaryimage","url":"https:\/\/infoecos.com.ar\/wp-content\/uploads\/ajb.png","contentUrl":"https:\/\/infoecos.com.ar\/wp-content\/uploads\/ajb.png","width":224,"height":225},{"@type":"BreadcrumbList","@id":"https:\/\/infoecos.com.ar\/index.php\/pedido-de-la-asociacion-judicial-bonaerense-al-producrador-general-julio-conte-grand\/#breadcrumb","itemListElement":[{"@type":"ListItem","position":1,"name":"Portada","item":"https:\/\/infoecos.com.ar\/"},{"@type":"ListItem","position":2,"name":"Pedido de la Asociaci\u00f3n Judicial Bonaerense al Producrador General, Julio Conte Grand"}]},{"@type":"WebSite","@id":"https:\/\/infoecos.com.ar\/#website","url":"https:\/\/infoecos.com.ar\/","name":"Infoecos","description":"Noticias de trenque lauquen y la zona","publisher":{"@id":"https:\/\/infoecos.com.ar\/#organization"},"alternateName":"Noticias","potentialAction":[{"@type":"SearchAction","target":{"@type":"EntryPoint","urlTemplate":"https:\/\/infoecos.com.ar\/?s={search_term_string}"},"query-input":{"@type":"PropertyValueSpecification","valueRequired":true,"valueName":"search_term_string"}}],"inLanguage":"es"},{"@type":"Organization","@id":"https:\/\/infoecos.com.ar\/#organization","name":"Infoecos","alternateName":"Noticias","url":"https:\/\/infoecos.com.ar\/","logo":{"@type":"ImageObject","inLanguage":"es","@id":"https:\/\/infoecos.com.ar\/#\/schema\/logo\/image\/","url":"https:\/\/infoecos.com.ar\/wp-content\/uploads\/2024\/03\/cropped-logo.png","contentUrl":"https:\/\/infoecos.com.ar\/wp-content\/uploads\/2024\/03\/cropped-logo.png","width":374,"height":90,"caption":"Infoecos"},"image":{"@id":"https:\/\/infoecos.com.ar\/#\/schema\/logo\/image\/"},"sameAs":["https:\/\/www.facebook.com\/profile.php?id=100063200290284","https:\/\/x.com\/infoecos"]},{"@type":"Person","@id":"https:\/\/infoecos.com.ar\/#\/schema\/person\/8f5ace5ce73b4b4aac4b7245aee6f191","name":"Jorge Matheus","url":"https:\/\/infoecos.com.ar\/index.php\/author\/jomatheus\/"}]}},"featured_image_urls":{"full":["https:\/\/infoecos.com.ar\/wp-content\/uploads\/ajb.png",224,225,false],"thumbnail":["https:\/\/infoecos.com.ar\/wp-content\/uploads\/ajb-150x150.png",150,150,true],"medium":["https:\/\/infoecos.com.ar\/wp-content\/uploads\/ajb.png",224,225,false],"medium_large":["https:\/\/infoecos.com.ar\/wp-content\/uploads\/ajb.png",224,225,false],"large":["https:\/\/infoecos.com.ar\/wp-content\/uploads\/ajb.png",224,225,false],"1536x1536":["https:\/\/infoecos.com.ar\/wp-content\/uploads\/ajb.png",224,225,false],"2048x2048":["https:\/\/infoecos.com.ar\/wp-content\/uploads\/ajb.png",224,225,false],"covernews-slider-full":["https:\/\/infoecos.com.ar\/wp-content\/uploads\/ajb.png",224,225,false],"covernews-slider-center":["https:\/\/infoecos.com.ar\/wp-content\/uploads\/ajb.png",224,225,false],"covernews-featured":["https:\/\/infoecos.com.ar\/wp-content\/uploads\/ajb.png",224,225,false],"covernews-medium":["https:\/\/infoecos.com.ar\/wp-content\/uploads\/ajb.png",224,225,false],"covernews-medium-square":["https:\/\/infoecos.com.ar\/wp-content\/uploads\/ajb.png",224,225,false]},"author_info":{"info":["Jorge Matheus"]},"category_info":"<a href=\"https:\/\/infoecos.com.ar\/index.php\/category\/c2nota7\/\" rel=\"category tag\">C2 N7<\/a>","tag_info":"C2 N7","comment_count":"0","_links":{"self":[{"href":"https:\/\/infoecos.com.ar\/index.php\/wp-json\/wp\/v2\/posts\/61839"}],"collection":[{"href":"https:\/\/infoecos.com.ar\/index.php\/wp-json\/wp\/v2\/posts"}],"about":[{"href":"https:\/\/infoecos.com.ar\/index.php\/wp-json\/wp\/v2\/types\/post"}],"author":[{"embeddable":true,"href":"https:\/\/infoecos.com.ar\/index.php\/wp-json\/wp\/v2\/users\/2"}],"replies":[{"embeddable":true,"href":"https:\/\/infoecos.com.ar\/index.php\/wp-json\/wp\/v2\/comments?post=61839"}],"version-history":[{"count":1,"href":"https:\/\/infoecos.com.ar\/index.php\/wp-json\/wp\/v2\/posts\/61839\/revisions"}],"predecessor-version":[{"id":61840,"href":"https:\/\/infoecos.com.ar\/index.php\/wp-json\/wp\/v2\/posts\/61839\/revisions\/61840"}],"wp:featuredmedia":[{"embeddable":true,"href":"https:\/\/infoecos.com.ar\/index.php\/wp-json\/wp\/v2\/media\/61516"}],"wp:attachment":[{"href":"https:\/\/infoecos.com.ar\/index.php\/wp-json\/wp\/v2\/media?parent=61839"}],"wp:term":[{"taxonomy":"category","embeddable":true,"href":"https:\/\/infoecos.com.ar\/index.php\/wp-json\/wp\/v2\/categories?post=61839"},{"taxonomy":"post_tag","embeddable":true,"href":"https:\/\/infoecos.com.ar\/index.php\/wp-json\/wp\/v2\/tags?post=61839"}],"curies":[{"name":"wp","href":"https:\/\/api.w.org\/{rel}","templated":true}]}}