{"id":61861,"date":"2020-05-06T17:03:55","date_gmt":"2020-05-06T20:03:55","guid":{"rendered":"http:\/\/infoecos.com.ar\/?p=61861"},"modified":"2020-05-06T23:29:43","modified_gmt":"2020-05-07T02:29:43","slug":"el-ministro-berni-tiene-previsto-visitar-general-villegas-y-general-pinto-este-jueves","status":"publish","type":"post","link":"https:\/\/infoecos.com.ar\/index.php\/el-ministro-berni-tiene-previsto-visitar-general-villegas-y-general-pinto-este-jueves\/","title":{"rendered":"El ministro Berni tiene previsto visitar General Villegas, General Pinto y Lincoln, este jueves"},"content":{"rendered":"\n<p>El ministro de Seguridad de la provincia de Buenos Aires, Sergio Berni, visitar\u00e1 los distritos de General Villegas y General Pinto, este jueves.<\/p>\n\n\n\n<div class=\"wp-block-image\"><figure class=\"aligncenter size-medium\"><img decoding=\"async\" src=\"http:\/\/infoecos.com.ar\/wp-content\/uploads\/7165-460x275.jpg\" alt=\"\" class=\"wp-image-10399\"\/><figcaption>Berni<\/figcaption><\/figure><\/div>\n\n\n\n<p>Llegar\u00e1 a temprana hora a la primera de la ciudades mencionadas, donde se anticip\u00f3 que mantendr\u00e1 una reuni\u00f3n con el intendente municipal, Eduardo Campana. No se especificaron mayores detalles, aunque no se descarta que el encuentro est\u00e9 \u00edntimamente relacionado con la situaci\u00f3n sanitaria en el distrito, luego realice una recorrida por el Hospital y posteriormente viaje a General Pinto.<\/p>\n\n\n\n<p>Recordamos que Berni realiz\u00f3 una visita de estas caracter\u00edsticas, la semana anterior, a Salliquel\u00f3, Trenque Lauquen, Pehuaj\u00f3, Carlos Casares, Bragado y Chivilcoy.<\/p>\n","protected":false},"excerpt":{"rendered":"<p>El ministro de Seguridad de la provincia de Buenos Aires, Sergio Berni, visitar\u00e1 los distritos&#8230;<\/p>\n","protected":false},"author":2,"featured_media":10399,"comment_status":"closed","ping_status":"open","sticky":false,"template":"","format":"standard","meta":{"footnotes":""},"categories":[29],"tags":[1815],"class_list":["post-61861","post","type-post","status-publish","format-standard","has-post-thumbnail","hentry","category-c2nota1","tag-seguridad-y-salud"],"yoast_head":"<!-- This site is optimized with the Yoast SEO plugin v23.4 - https:\/\/yoast.com\/wordpress\/plugins\/seo\/ -->\n<title>El ministro Berni tiene previsto visitar General Villegas, General Pinto y Lincoln, este jueves - Infoecos<\/title>\n<meta name=\"robots\" content=\"index, follow, max-snippet:-1, max-image-preview:large, max-video-preview:-1\" \/>\n<link rel=\"canonical\" href=\"https:\/\/infoecos.com.ar\/index.php\/el-ministro-berni-tiene-previsto-visitar-general-villegas-y-general-pinto-este-jueves\/\" \/>\n<meta property=\"og:locale\" content=\"es_ES\" \/>\n<meta property=\"og:type\" content=\"article\" \/>\n<meta property=\"og:title\" content=\"El ministro Berni tiene previsto visitar General Villegas, General Pinto y Lincoln, este jueves - Infoecos\" \/>\n<meta property=\"og:description\" content=\"El ministro de Seguridad de la provincia de Buenos Aires, Sergio Berni, visitar\u00e1 los distritos...\" \/>\n<meta property=\"og:url\" content=\"https:\/\/infoecos.com.ar\/index.php\/el-ministro-berni-tiene-previsto-visitar-general-villegas-y-general-pinto-este-jueves\/\" \/>\n<meta property=\"og:site_name\" content=\"Infoecos\" \/>\n<meta property=\"article:publisher\" content=\"https:\/\/www.facebook.com\/profile.php?id=100063200290284\" \/>\n<meta property=\"article:published_time\" content=\"2020-05-06T20:03:55+00:00\" \/>\n<meta property=\"article:modified_time\" content=\"2020-05-07T02:29:43+00:00\" \/>\n<meta property=\"og:image\" content=\"https:\/\/infoecos.com.ar\/wp-content\/uploads\/7165.jpg\" \/>\n\t<meta property=\"og:image:width\" content=\"681\" \/>\n\t<meta property=\"og:image:height\" content=\"408\" \/>\n\t<meta property=\"og:image:type\" content=\"image\/jpeg\" \/>\n<meta name=\"author\" content=\"Jorge Matheus\" \/>\n<meta name=\"twitter:card\" content=\"summary_large_image\" \/>\n<meta name=\"twitter:creator\" content=\"@infoecos\" \/>\n<meta name=\"twitter:site\" content=\"@infoecos\" \/>\n<meta name=\"twitter:label1\" content=\"Escrito por\" \/>\n\t<meta name=\"twitter:data1\" content=\"Jorge Matheus\" \/>\n\t<meta name=\"twitter:label2\" content=\"Tiempo de lectura\" \/>\n\t<meta name=\"twitter:data2\" content=\"1 minuto\" \/>\n<script type=\"application\/ld+json\" class=\"yoast-schema-graph\">{\"@context\":\"https:\/\/schema.org\",\"@graph\":[{\"@type\":\"Article\",\"@id\":\"https:\/\/infoecos.com.ar\/index.php\/el-ministro-berni-tiene-previsto-visitar-general-villegas-y-general-pinto-este-jueves\/#article\",\"isPartOf\":{\"@id\":\"https:\/\/infoecos.com.ar\/index.php\/el-ministro-berni-tiene-previsto-visitar-general-villegas-y-general-pinto-este-jueves\/\"},\"author\":{\"name\":\"Jorge Matheus\",\"@id\":\"https:\/\/infoecos.com.ar\/#\/schema\/person\/8f5ace5ce73b4b4aac4b7245aee6f191\"},\"headline\":\"El ministro Berni tiene previsto visitar General Villegas, General Pinto y Lincoln, este jueves\",\"datePublished\":\"2020-05-06T20:03:55+00:00\",\"dateModified\":\"2020-05-07T02:29:43+00:00\",\"mainEntityOfPage\":{\"@id\":\"https:\/\/infoecos.com.ar\/index.php\/el-ministro-berni-tiene-previsto-visitar-general-villegas-y-general-pinto-este-jueves\/\"},\"wordCount\":122,\"publisher\":{\"@id\":\"https:\/\/infoecos.com.ar\/#organization\"},\"image\":{\"@id\":\"https:\/\/infoecos.com.ar\/index.php\/el-ministro-berni-tiene-previsto-visitar-general-villegas-y-general-pinto-este-jueves\/#primaryimage\"},\"thumbnailUrl\":\"\",\"keywords\":[\"SEGURIDAD Y SALUD\"],\"articleSection\":[\"C2 nota 1\"],\"inLanguage\":\"es\"},{\"@type\":\"WebPage\",\"@id\":\"https:\/\/infoecos.com.ar\/index.php\/el-ministro-berni-tiene-previsto-visitar-general-villegas-y-general-pinto-este-jueves\/\",\"url\":\"https:\/\/infoecos.com.ar\/index.php\/el-ministro-berni-tiene-previsto-visitar-general-villegas-y-general-pinto-este-jueves\/\",\"name\":\"El ministro Berni tiene previsto visitar General Villegas, General Pinto y Lincoln, este jueves - Infoecos\",\"isPartOf\":{\"@id\":\"https:\/\/infoecos.com.ar\/#website\"},\"primaryImageOfPage\":{\"@id\":\"https:\/\/infoecos.com.ar\/index.php\/el-ministro-berni-tiene-previsto-visitar-general-villegas-y-general-pinto-este-jueves\/#primaryimage\"},\"image\":{\"@id\":\"https:\/\/infoecos.com.ar\/index.php\/el-ministro-berni-tiene-previsto-visitar-general-villegas-y-general-pinto-este-jueves\/#primaryimage\"},\"thumbnailUrl\":\"\",\"datePublished\":\"2020-05-06T20:03:55+00:00\",\"dateModified\":\"2020-05-07T02:29:43+00:00\",\"breadcrumb\":{\"@id\":\"https:\/\/infoecos.com.ar\/index.php\/el-ministro-berni-tiene-previsto-visitar-general-villegas-y-general-pinto-este-jueves\/#breadcrumb\"},\"inLanguage\":\"es\",\"potentialAction\":[{\"@type\":\"ReadAction\",\"target\":[\"https:\/\/infoecos.com.ar\/index.php\/el-ministro-berni-tiene-previsto-visitar-general-villegas-y-general-pinto-este-jueves\/\"]}]},{\"@type\":\"ImageObject\",\"inLanguage\":\"es\",\"@id\":\"https:\/\/infoecos.com.ar\/index.php\/el-ministro-berni-tiene-previsto-visitar-general-villegas-y-general-pinto-este-jueves\/#primaryimage\",\"url\":\"\",\"contentUrl\":\"\"},{\"@type\":\"BreadcrumbList\",\"@id\":\"https:\/\/infoecos.com.ar\/index.php\/el-ministro-berni-tiene-previsto-visitar-general-villegas-y-general-pinto-este-jueves\/#breadcrumb\",\"itemListElement\":[{\"@type\":\"ListItem\",\"position\":1,\"name\":\"Portada\",\"item\":\"https:\/\/infoecos.com.ar\/\"},{\"@type\":\"ListItem\",\"position\":2,\"name\":\"El ministro Berni tiene previsto visitar General Villegas, General Pinto y Lincoln, este jueves\"}]},{\"@type\":\"WebSite\",\"@id\":\"https:\/\/infoecos.com.ar\/#website\",\"url\":\"https:\/\/infoecos.com.ar\/\",\"name\":\"Infoecos\",\"description\":\"Noticias de trenque lauquen y la zona\",\"publisher\":{\"@id\":\"https:\/\/infoecos.com.ar\/#organization\"},\"alternateName\":\"Noticias\",\"potentialAction\":[{\"@type\":\"SearchAction\",\"target\":{\"@type\":\"EntryPoint\",\"urlTemplate\":\"https:\/\/infoecos.com.ar\/?s={search_term_string}\"},\"query-input\":{\"@type\":\"PropertyValueSpecification\",\"valueRequired\":true,\"valueName\":\"search_term_string\"}}],\"inLanguage\":\"es\"},{\"@type\":\"Organization\",\"@id\":\"https:\/\/infoecos.com.ar\/#organization\",\"name\":\"Infoecos\",\"alternateName\":\"Noticias\",\"url\":\"https:\/\/infoecos.com.ar\/\",\"logo\":{\"@type\":\"ImageObject\",\"inLanguage\":\"es\",\"@id\":\"https:\/\/infoecos.com.ar\/#\/schema\/logo\/image\/\",\"url\":\"https:\/\/infoecos.com.ar\/wp-content\/uploads\/2024\/03\/cropped-logo.png\",\"contentUrl\":\"https:\/\/infoecos.com.ar\/wp-content\/uploads\/2024\/03\/cropped-logo.png\",\"width\":374,\"height\":90,\"caption\":\"Infoecos\"},\"image\":{\"@id\":\"https:\/\/infoecos.com.ar\/#\/schema\/logo\/image\/\"},\"sameAs\":[\"https:\/\/www.facebook.com\/profile.php?id=100063200290284\",\"https:\/\/x.com\/infoecos\"]},{\"@type\":\"Person\",\"@id\":\"https:\/\/infoecos.com.ar\/#\/schema\/person\/8f5ace5ce73b4b4aac4b7245aee6f191\",\"name\":\"Jorge Matheus\",\"url\":\"https:\/\/infoecos.com.ar\/index.php\/author\/jomatheus\/\"}]}<\/script>\n<!-- \/ Yoast SEO plugin. -->","yoast_head_json":{"title":"El ministro Berni tiene previsto visitar General Villegas, General Pinto y Lincoln, este jueves - Infoecos","robots":{"index":"index","follow":"follow","max-snippet":"max-snippet:-1","max-image-preview":"max-image-preview:large","max-video-preview":"max-video-preview:-1"},"canonical":"https:\/\/infoecos.com.ar\/index.php\/el-ministro-berni-tiene-previsto-visitar-general-villegas-y-general-pinto-este-jueves\/","og_locale":"es_ES","og_type":"article","og_title":"El ministro Berni tiene previsto visitar General Villegas, General Pinto y Lincoln, este jueves - Infoecos","og_description":"El ministro de Seguridad de la provincia de Buenos Aires, Sergio Berni, visitar\u00e1 los distritos...","og_url":"https:\/\/infoecos.com.ar\/index.php\/el-ministro-berni-tiene-previsto-visitar-general-villegas-y-general-pinto-este-jueves\/","og_site_name":"Infoecos","article_publisher":"https:\/\/www.facebook.com\/profile.php?id=100063200290284","article_published_time":"2020-05-06T20:03:55+00:00","article_modified_time":"2020-05-07T02:29:43+00:00","og_image":[{"width":681,"height":408,"url":"https:\/\/infoecos.com.ar\/wp-content\/uploads\/7165.jpg","type":"image\/jpeg"}],"author":"Jorge Matheus","twitter_card":"summary_large_image","twitter_creator":"@infoecos","twitter_site":"@infoecos","twitter_misc":{"Escrito por":"Jorge Matheus","Tiempo de lectura":"1 minuto"},"schema":{"@context":"https:\/\/schema.org","@graph":[{"@type":"Article","@id":"https:\/\/infoecos.com.ar\/index.php\/el-ministro-berni-tiene-previsto-visitar-general-villegas-y-general-pinto-este-jueves\/#article","isPartOf":{"@id":"https:\/\/infoecos.com.ar\/index.php\/el-ministro-berni-tiene-previsto-visitar-general-villegas-y-general-pinto-este-jueves\/"},"author":{"name":"Jorge Matheus","@id":"https:\/\/infoecos.com.ar\/#\/schema\/person\/8f5ace5ce73b4b4aac4b7245aee6f191"},"headline":"El ministro Berni tiene previsto visitar General Villegas, General Pinto y Lincoln, este jueves","datePublished":"2020-05-06T20:03:55+00:00","dateModified":"2020-05-07T02:29:43+00:00","mainEntityOfPage":{"@id":"https:\/\/infoecos.com.ar\/index.php\/el-ministro-berni-tiene-previsto-visitar-general-villegas-y-general-pinto-este-jueves\/"},"wordCount":122,"publisher":{"@id":"https:\/\/infoecos.com.ar\/#organization"},"image":{"@id":"https:\/\/infoecos.com.ar\/index.php\/el-ministro-berni-tiene-previsto-visitar-general-villegas-y-general-pinto-este-jueves\/#primaryimage"},"thumbnailUrl":"","keywords":["SEGURIDAD Y SALUD"],"articleSection":["C2 nota 1"],"inLanguage":"es"},{"@type":"WebPage","@id":"https:\/\/infoecos.com.ar\/index.php\/el-ministro-berni-tiene-previsto-visitar-general-villegas-y-general-pinto-este-jueves\/","url":"https:\/\/infoecos.com.ar\/index.php\/el-ministro-berni-tiene-previsto-visitar-general-villegas-y-general-pinto-este-jueves\/","name":"El ministro Berni tiene previsto visitar General Villegas, General Pinto y Lincoln, este jueves - Infoecos","isPartOf":{"@id":"https:\/\/infoecos.com.ar\/#website"},"primaryImageOfPage":{"@id":"https:\/\/infoecos.com.ar\/index.php\/el-ministro-berni-tiene-previsto-visitar-general-villegas-y-general-pinto-este-jueves\/#primaryimage"},"image":{"@id":"https:\/\/infoecos.com.ar\/index.php\/el-ministro-berni-tiene-previsto-visitar-general-villegas-y-general-pinto-este-jueves\/#primaryimage"},"thumbnailUrl":"","datePublished":"2020-05-06T20:03:55+00:00","dateModified":"2020-05-07T02:29:43+00:00","breadcrumb":{"@id":"https:\/\/infoecos.com.ar\/index.php\/el-ministro-berni-tiene-previsto-visitar-general-villegas-y-general-pinto-este-jueves\/#breadcrumb"},"inLanguage":"es","potentialAction":[{"@type":"ReadAction","target":["https:\/\/infoecos.com.ar\/index.php\/el-ministro-berni-tiene-previsto-visitar-general-villegas-y-general-pinto-este-jueves\/"]}]},{"@type":"ImageObject","inLanguage":"es","@id":"https:\/\/infoecos.com.ar\/index.php\/el-ministro-berni-tiene-previsto-visitar-general-villegas-y-general-pinto-este-jueves\/#primaryimage","url":"","contentUrl":""},{"@type":"BreadcrumbList","@id":"https:\/\/infoecos.com.ar\/index.php\/el-ministro-berni-tiene-previsto-visitar-general-villegas-y-general-pinto-este-jueves\/#breadcrumb","itemListElement":[{"@type":"ListItem","position":1,"name":"Portada","item":"https:\/\/infoecos.com.ar\/"},{"@type":"ListItem","position":2,"name":"El ministro Berni tiene previsto visitar General Villegas, General Pinto y Lincoln, este jueves"}]},{"@type":"WebSite","@id":"https:\/\/infoecos.com.ar\/#website","url":"https:\/\/infoecos.com.ar\/","name":"Infoecos","description":"Noticias de trenque lauquen y la zona","publisher":{"@id":"https:\/\/infoecos.com.ar\/#organization"},"alternateName":"Noticias","potentialAction":[{"@type":"SearchAction","target":{"@type":"EntryPoint","urlTemplate":"https:\/\/infoecos.com.ar\/?s={search_term_string}"},"query-input":{"@type":"PropertyValueSpecification","valueRequired":true,"valueName":"search_term_string"}}],"inLanguage":"es"},{"@type":"Organization","@id":"https:\/\/infoecos.com.ar\/#organization","name":"Infoecos","alternateName":"Noticias","url":"https:\/\/infoecos.com.ar\/","logo":{"@type":"ImageObject","inLanguage":"es","@id":"https:\/\/infoecos.com.ar\/#\/schema\/logo\/image\/","url":"https:\/\/infoecos.com.ar\/wp-content\/uploads\/2024\/03\/cropped-logo.png","contentUrl":"https:\/\/infoecos.com.ar\/wp-content\/uploads\/2024\/03\/cropped-logo.png","width":374,"height":90,"caption":"Infoecos"},"image":{"@id":"https:\/\/infoecos.com.ar\/#\/schema\/logo\/image\/"},"sameAs":["https:\/\/www.facebook.com\/profile.php?id=100063200290284","https:\/\/x.com\/infoecos"]},{"@type":"Person","@id":"https:\/\/infoecos.com.ar\/#\/schema\/person\/8f5ace5ce73b4b4aac4b7245aee6f191","name":"Jorge Matheus","url":"https:\/\/infoecos.com.ar\/index.php\/author\/jomatheus\/"}]}},"featured_image_urls":{"full":"","thumbnail":"","medium":"","medium_large":"","large":"","1536x1536":"","2048x2048":"","covernews-slider-full":"","covernews-slider-center":"","covernews-featured":"","covernews-medium":"","covernews-medium-square":""},"author_info":{"info":["Jorge Matheus"]},"category_info":"<a href=\"https:\/\/infoecos.com.ar\/index.php\/category\/c2nota1\/\" rel=\"category tag\">C2 nota 1<\/a>","tag_info":"C2 nota 1","comment_count":"0","_links":{"self":[{"href":"https:\/\/infoecos.com.ar\/index.php\/wp-json\/wp\/v2\/posts\/61861"}],"collection":[{"href":"https:\/\/infoecos.com.ar\/index.php\/wp-json\/wp\/v2\/posts"}],"about":[{"href":"https:\/\/infoecos.com.ar\/index.php\/wp-json\/wp\/v2\/types\/post"}],"author":[{"embeddable":true,"href":"https:\/\/infoecos.com.ar\/index.php\/wp-json\/wp\/v2\/users\/2"}],"replies":[{"embeddable":true,"href":"https:\/\/infoecos.com.ar\/index.php\/wp-json\/wp\/v2\/comments?post=61861"}],"version-history":[{"count":2,"href":"https:\/\/infoecos.com.ar\/index.php\/wp-json\/wp\/v2\/posts\/61861\/revisions"}],"predecessor-version":[{"id":61880,"href":"https:\/\/infoecos.com.ar\/index.php\/wp-json\/wp\/v2\/posts\/61861\/revisions\/61880"}],"wp:featuredmedia":[{"embeddable":true,"href":"https:\/\/infoecos.com.ar\/index.php\/wp-json\/"}],"wp:attachment":[{"href":"https:\/\/infoecos.com.ar\/index.php\/wp-json\/wp\/v2\/media?parent=61861"}],"wp:term":[{"taxonomy":"category","embeddable":true,"href":"https:\/\/infoecos.com.ar\/index.php\/wp-json\/wp\/v2\/categories?post=61861"},{"taxonomy":"post_tag","embeddable":true,"href":"https:\/\/infoecos.com.ar\/index.php\/wp-json\/wp\/v2\/tags?post=61861"}],"curies":[{"name":"wp","href":"https:\/\/api.w.org\/{rel}","templated":true}]}}