{"id":61891,"date":"2020-05-07T00:19:16","date_gmt":"2020-05-07T03:19:16","guid":{"rendered":"http:\/\/infoecos.com.ar\/?p=61891"},"modified":"2020-05-07T00:19:21","modified_gmt":"2020-05-07T03:19:21","slug":"actividades-de-la-subsecretaria-de-justicia-la-declaran-servicio-no-interrumpible","status":"publish","type":"post","link":"https:\/\/infoecos.com.ar\/index.php\/actividades-de-la-subsecretaria-de-justicia-la-declaran-servicio-no-interrumpible\/","title":{"rendered":"Actividades de la Subsecretar\u00eda de Justicia: la declaran \u00abservicio no interrumpible\u00bb"},"content":{"rendered":"\n<p>El ministerio de Justicia de la provincia de Buenos Aires declar\u00f3 como servicio no interrumpible a todas las actividades de la Subsecretar\u00eda de Justicia.<\/p>\n\n\n\n<p>Asimismo, seg\u00fan consta en el Bolet\u00edn Oficial, inst\u00f3 a los responsables del \u00e1rea a \u00abestablecer la n\u00f3mina de funcionarias\/os p\u00fablicas\/os y trabajadoras\/es que se encuentran autorizadas\/os a circular en el \u00e1mbito de la provincia de Buenos Aires, o fuera de ella si el ejercicio de sus competencias lo amerita\u00bb.<\/p>\n\n\n\n<div class=\"wp-block-image\"><figure class=\"aligncenter size-medium\"><img loading=\"lazy\" decoding=\"async\" width=\"460\" height=\"258\" src=\"http:\/\/infoecos.com.ar\/wp-content\/uploads\/alak-460x258.jpg\" alt=\"\" class=\"wp-image-61468\" srcset=\"https:\/\/infoecos.com.ar\/wp-content\/uploads\/alak-460x258.jpg 460w, https:\/\/infoecos.com.ar\/wp-content\/uploads\/alak-768x430.jpg 768w, https:\/\/infoecos.com.ar\/wp-content\/uploads\/alak.jpg 880w\" sizes=\"(max-width: 460px) 100vw, 460px\" \/><\/figure><\/div>\n\n\n\n<p>Adem\u00e1s, autoriz\u00f3 al Subsecretario de Justicia (Inti P\u00e8rez Aznar) a disponer la modalidad de trabajo presencial a llevarse a cabo en las distintas \u00e1reas de la Subsecretar\u00eda, convocando al personal de acuerdo a las necesidades de servicio, debiendo adoptar las medidas complementarias que estime pertinentes para garantizar las condiciones de higiene y seguridad a fin de preservar la salud de las\/los trabajadoras\/es alcanzados por la presente\u00bb. <\/p>\n\n\n\n<p>En la \u00f3rbita de la Subsecretar\u00eda funcionan, entre otras dependencias, la Direcci\u00f3n Provincial de Acceso a la Justicia y Asistencia a la V\u00edctima, la Direcci\u00f3n Provincial de Relaciones con la Justicia y Entidades Profesionales y la Direcci\u00f3n Provincial de Personas Jur\u00eddicas.<\/p>\n\n\n\n<p>Tambi\u00e9n alcanza a los Centros Descentralizados en distintas localidades del territorio bonaerense y al Registro de Deudores Morosos Alimentarios.\n\n<\/p>\n","protected":false},"excerpt":{"rendered":"<p>El ministerio de Justicia de la provincia de Buenos Aires declar\u00f3 como servicio no interrumpible&#8230;<\/p>\n","protected":false},"author":2,"featured_media":61468,"comment_status":"closed","ping_status":"open","sticky":false,"template":"","format":"standard","meta":{"footnotes":""},"categories":[197],"tags":[53],"class_list":["post-61891","post","type-post","status-publish","format-standard","has-post-thumbnail","hentry","category-c3nota4","tag-provincia-de-buenos-aires"],"yoast_head":"<!-- This site is optimized with the Yoast SEO plugin v23.4 - https:\/\/yoast.com\/wordpress\/plugins\/seo\/ -->\n<title>Actividades de la Subsecretar\u00eda de Justicia: la declaran &quot;servicio no interrumpible&quot; - Infoecos<\/title>\n<meta name=\"robots\" content=\"index, follow, max-snippet:-1, max-image-preview:large, max-video-preview:-1\" \/>\n<link rel=\"canonical\" href=\"https:\/\/infoecos.com.ar\/index.php\/actividades-de-la-subsecretaria-de-justicia-la-declaran-servicio-no-interrumpible\/\" \/>\n<meta property=\"og:locale\" content=\"es_ES\" \/>\n<meta property=\"og:type\" content=\"article\" \/>\n<meta property=\"og:title\" content=\"Actividades de la Subsecretar\u00eda de Justicia: la declaran &quot;servicio no interrumpible&quot; - Infoecos\" \/>\n<meta property=\"og:description\" content=\"El ministerio de Justicia de la provincia de Buenos Aires declar\u00f3 como servicio no interrumpible...\" \/>\n<meta property=\"og:url\" content=\"https:\/\/infoecos.com.ar\/index.php\/actividades-de-la-subsecretaria-de-justicia-la-declaran-servicio-no-interrumpible\/\" \/>\n<meta property=\"og:site_name\" content=\"Infoecos\" \/>\n<meta property=\"article:publisher\" content=\"https:\/\/www.facebook.com\/profile.php?id=100063200290284\" \/>\n<meta property=\"article:published_time\" content=\"2020-05-07T03:19:16+00:00\" \/>\n<meta property=\"article:modified_time\" content=\"2020-05-07T03:19:21+00:00\" \/>\n<meta property=\"og:image\" content=\"https:\/\/infoecos.com.ar\/wp-content\/uploads\/alak.jpg\" \/>\n\t<meta property=\"og:image:width\" content=\"880\" \/>\n\t<meta property=\"og:image:height\" content=\"493\" \/>\n\t<meta property=\"og:image:type\" content=\"image\/jpeg\" \/>\n<meta name=\"author\" content=\"Jorge Matheus\" \/>\n<meta name=\"twitter:card\" content=\"summary_large_image\" \/>\n<meta name=\"twitter:creator\" content=\"@infoecos\" \/>\n<meta name=\"twitter:site\" content=\"@infoecos\" \/>\n<meta name=\"twitter:label1\" content=\"Escrito por\" \/>\n\t<meta name=\"twitter:data1\" content=\"Jorge Matheus\" \/>\n\t<meta name=\"twitter:label2\" content=\"Tiempo de lectura\" \/>\n\t<meta name=\"twitter:data2\" content=\"1 minuto\" \/>\n<script type=\"application\/ld+json\" class=\"yoast-schema-graph\">{\"@context\":\"https:\/\/schema.org\",\"@graph\":[{\"@type\":\"Article\",\"@id\":\"https:\/\/infoecos.com.ar\/index.php\/actividades-de-la-subsecretaria-de-justicia-la-declaran-servicio-no-interrumpible\/#article\",\"isPartOf\":{\"@id\":\"https:\/\/infoecos.com.ar\/index.php\/actividades-de-la-subsecretaria-de-justicia-la-declaran-servicio-no-interrumpible\/\"},\"author\":{\"name\":\"Jorge Matheus\",\"@id\":\"https:\/\/infoecos.com.ar\/#\/schema\/person\/8f5ace5ce73b4b4aac4b7245aee6f191\"},\"headline\":\"Actividades de la Subsecretar\u00eda de Justicia: la declaran \u00abservicio no interrumpible\u00bb\",\"datePublished\":\"2020-05-07T03:19:16+00:00\",\"dateModified\":\"2020-05-07T03:19:21+00:00\",\"mainEntityOfPage\":{\"@id\":\"https:\/\/infoecos.com.ar\/index.php\/actividades-de-la-subsecretaria-de-justicia-la-declaran-servicio-no-interrumpible\/\"},\"wordCount\":232,\"publisher\":{\"@id\":\"https:\/\/infoecos.com.ar\/#organization\"},\"image\":{\"@id\":\"https:\/\/infoecos.com.ar\/index.php\/actividades-de-la-subsecretaria-de-justicia-la-declaran-servicio-no-interrumpible\/#primaryimage\"},\"thumbnailUrl\":\"https:\/\/infoecos.com.ar\/wp-content\/uploads\/alak.jpg\",\"keywords\":[\"PROVINCIA DE BUENOS AIRES\"],\"articleSection\":[\"C3 N4\"],\"inLanguage\":\"es\"},{\"@type\":\"WebPage\",\"@id\":\"https:\/\/infoecos.com.ar\/index.php\/actividades-de-la-subsecretaria-de-justicia-la-declaran-servicio-no-interrumpible\/\",\"url\":\"https:\/\/infoecos.com.ar\/index.php\/actividades-de-la-subsecretaria-de-justicia-la-declaran-servicio-no-interrumpible\/\",\"name\":\"Actividades de la Subsecretar\u00eda de Justicia: la declaran \\\"servicio no interrumpible\\\" - Infoecos\",\"isPartOf\":{\"@id\":\"https:\/\/infoecos.com.ar\/#website\"},\"primaryImageOfPage\":{\"@id\":\"https:\/\/infoecos.com.ar\/index.php\/actividades-de-la-subsecretaria-de-justicia-la-declaran-servicio-no-interrumpible\/#primaryimage\"},\"image\":{\"@id\":\"https:\/\/infoecos.com.ar\/index.php\/actividades-de-la-subsecretaria-de-justicia-la-declaran-servicio-no-interrumpible\/#primaryimage\"},\"thumbnailUrl\":\"https:\/\/infoecos.com.ar\/wp-content\/uploads\/alak.jpg\",\"datePublished\":\"2020-05-07T03:19:16+00:00\",\"dateModified\":\"2020-05-07T03:19:21+00:00\",\"breadcrumb\":{\"@id\":\"https:\/\/infoecos.com.ar\/index.php\/actividades-de-la-subsecretaria-de-justicia-la-declaran-servicio-no-interrumpible\/#breadcrumb\"},\"inLanguage\":\"es\",\"potentialAction\":[{\"@type\":\"ReadAction\",\"target\":[\"https:\/\/infoecos.com.ar\/index.php\/actividades-de-la-subsecretaria-de-justicia-la-declaran-servicio-no-interrumpible\/\"]}]},{\"@type\":\"ImageObject\",\"inLanguage\":\"es\",\"@id\":\"https:\/\/infoecos.com.ar\/index.php\/actividades-de-la-subsecretaria-de-justicia-la-declaran-servicio-no-interrumpible\/#primaryimage\",\"url\":\"https:\/\/infoecos.com.ar\/wp-content\/uploads\/alak.jpg\",\"contentUrl\":\"https:\/\/infoecos.com.ar\/wp-content\/uploads\/alak.jpg\",\"width\":880,\"height\":493},{\"@type\":\"BreadcrumbList\",\"@id\":\"https:\/\/infoecos.com.ar\/index.php\/actividades-de-la-subsecretaria-de-justicia-la-declaran-servicio-no-interrumpible\/#breadcrumb\",\"itemListElement\":[{\"@type\":\"ListItem\",\"position\":1,\"name\":\"Portada\",\"item\":\"https:\/\/infoecos.com.ar\/\"},{\"@type\":\"ListItem\",\"position\":2,\"name\":\"Actividades de la Subsecretar\u00eda de Justicia: la declaran \u00abservicio no interrumpible\u00bb\"}]},{\"@type\":\"WebSite\",\"@id\":\"https:\/\/infoecos.com.ar\/#website\",\"url\":\"https:\/\/infoecos.com.ar\/\",\"name\":\"Infoecos\",\"description\":\"Noticias de trenque lauquen y la zona\",\"publisher\":{\"@id\":\"https:\/\/infoecos.com.ar\/#organization\"},\"alternateName\":\"Noticias\",\"potentialAction\":[{\"@type\":\"SearchAction\",\"target\":{\"@type\":\"EntryPoint\",\"urlTemplate\":\"https:\/\/infoecos.com.ar\/?s={search_term_string}\"},\"query-input\":{\"@type\":\"PropertyValueSpecification\",\"valueRequired\":true,\"valueName\":\"search_term_string\"}}],\"inLanguage\":\"es\"},{\"@type\":\"Organization\",\"@id\":\"https:\/\/infoecos.com.ar\/#organization\",\"name\":\"Infoecos\",\"alternateName\":\"Noticias\",\"url\":\"https:\/\/infoecos.com.ar\/\",\"logo\":{\"@type\":\"ImageObject\",\"inLanguage\":\"es\",\"@id\":\"https:\/\/infoecos.com.ar\/#\/schema\/logo\/image\/\",\"url\":\"https:\/\/infoecos.com.ar\/wp-content\/uploads\/2024\/03\/cropped-logo.png\",\"contentUrl\":\"https:\/\/infoecos.com.ar\/wp-content\/uploads\/2024\/03\/cropped-logo.png\",\"width\":374,\"height\":90,\"caption\":\"Infoecos\"},\"image\":{\"@id\":\"https:\/\/infoecos.com.ar\/#\/schema\/logo\/image\/\"},\"sameAs\":[\"https:\/\/www.facebook.com\/profile.php?id=100063200290284\",\"https:\/\/x.com\/infoecos\"]},{\"@type\":\"Person\",\"@id\":\"https:\/\/infoecos.com.ar\/#\/schema\/person\/8f5ace5ce73b4b4aac4b7245aee6f191\",\"name\":\"Jorge Matheus\",\"url\":\"https:\/\/infoecos.com.ar\/index.php\/author\/jomatheus\/\"}]}<\/script>\n<!-- \/ Yoast SEO plugin. -->","yoast_head_json":{"title":"Actividades de la Subsecretar\u00eda de Justicia: la declaran \"servicio no interrumpible\" - Infoecos","robots":{"index":"index","follow":"follow","max-snippet":"max-snippet:-1","max-image-preview":"max-image-preview:large","max-video-preview":"max-video-preview:-1"},"canonical":"https:\/\/infoecos.com.ar\/index.php\/actividades-de-la-subsecretaria-de-justicia-la-declaran-servicio-no-interrumpible\/","og_locale":"es_ES","og_type":"article","og_title":"Actividades de la Subsecretar\u00eda de Justicia: la declaran \"servicio no interrumpible\" - Infoecos","og_description":"El ministerio de Justicia de la provincia de Buenos Aires declar\u00f3 como servicio no interrumpible...","og_url":"https:\/\/infoecos.com.ar\/index.php\/actividades-de-la-subsecretaria-de-justicia-la-declaran-servicio-no-interrumpible\/","og_site_name":"Infoecos","article_publisher":"https:\/\/www.facebook.com\/profile.php?id=100063200290284","article_published_time":"2020-05-07T03:19:16+00:00","article_modified_time":"2020-05-07T03:19:21+00:00","og_image":[{"width":880,"height":493,"url":"https:\/\/infoecos.com.ar\/wp-content\/uploads\/alak.jpg","type":"image\/jpeg"}],"author":"Jorge Matheus","twitter_card":"summary_large_image","twitter_creator":"@infoecos","twitter_site":"@infoecos","twitter_misc":{"Escrito por":"Jorge Matheus","Tiempo de lectura":"1 minuto"},"schema":{"@context":"https:\/\/schema.org","@graph":[{"@type":"Article","@id":"https:\/\/infoecos.com.ar\/index.php\/actividades-de-la-subsecretaria-de-justicia-la-declaran-servicio-no-interrumpible\/#article","isPartOf":{"@id":"https:\/\/infoecos.com.ar\/index.php\/actividades-de-la-subsecretaria-de-justicia-la-declaran-servicio-no-interrumpible\/"},"author":{"name":"Jorge Matheus","@id":"https:\/\/infoecos.com.ar\/#\/schema\/person\/8f5ace5ce73b4b4aac4b7245aee6f191"},"headline":"Actividades de la Subsecretar\u00eda de Justicia: la declaran \u00abservicio no interrumpible\u00bb","datePublished":"2020-05-07T03:19:16+00:00","dateModified":"2020-05-07T03:19:21+00:00","mainEntityOfPage":{"@id":"https:\/\/infoecos.com.ar\/index.php\/actividades-de-la-subsecretaria-de-justicia-la-declaran-servicio-no-interrumpible\/"},"wordCount":232,"publisher":{"@id":"https:\/\/infoecos.com.ar\/#organization"},"image":{"@id":"https:\/\/infoecos.com.ar\/index.php\/actividades-de-la-subsecretaria-de-justicia-la-declaran-servicio-no-interrumpible\/#primaryimage"},"thumbnailUrl":"https:\/\/infoecos.com.ar\/wp-content\/uploads\/alak.jpg","keywords":["PROVINCIA DE BUENOS AIRES"],"articleSection":["C3 N4"],"inLanguage":"es"},{"@type":"WebPage","@id":"https:\/\/infoecos.com.ar\/index.php\/actividades-de-la-subsecretaria-de-justicia-la-declaran-servicio-no-interrumpible\/","url":"https:\/\/infoecos.com.ar\/index.php\/actividades-de-la-subsecretaria-de-justicia-la-declaran-servicio-no-interrumpible\/","name":"Actividades de la Subsecretar\u00eda de Justicia: la declaran \"servicio no interrumpible\" - Infoecos","isPartOf":{"@id":"https:\/\/infoecos.com.ar\/#website"},"primaryImageOfPage":{"@id":"https:\/\/infoecos.com.ar\/index.php\/actividades-de-la-subsecretaria-de-justicia-la-declaran-servicio-no-interrumpible\/#primaryimage"},"image":{"@id":"https:\/\/infoecos.com.ar\/index.php\/actividades-de-la-subsecretaria-de-justicia-la-declaran-servicio-no-interrumpible\/#primaryimage"},"thumbnailUrl":"https:\/\/infoecos.com.ar\/wp-content\/uploads\/alak.jpg","datePublished":"2020-05-07T03:19:16+00:00","dateModified":"2020-05-07T03:19:21+00:00","breadcrumb":{"@id":"https:\/\/infoecos.com.ar\/index.php\/actividades-de-la-subsecretaria-de-justicia-la-declaran-servicio-no-interrumpible\/#breadcrumb"},"inLanguage":"es","potentialAction":[{"@type":"ReadAction","target":["https:\/\/infoecos.com.ar\/index.php\/actividades-de-la-subsecretaria-de-justicia-la-declaran-servicio-no-interrumpible\/"]}]},{"@type":"ImageObject","inLanguage":"es","@id":"https:\/\/infoecos.com.ar\/index.php\/actividades-de-la-subsecretaria-de-justicia-la-declaran-servicio-no-interrumpible\/#primaryimage","url":"https:\/\/infoecos.com.ar\/wp-content\/uploads\/alak.jpg","contentUrl":"https:\/\/infoecos.com.ar\/wp-content\/uploads\/alak.jpg","width":880,"height":493},{"@type":"BreadcrumbList","@id":"https:\/\/infoecos.com.ar\/index.php\/actividades-de-la-subsecretaria-de-justicia-la-declaran-servicio-no-interrumpible\/#breadcrumb","itemListElement":[{"@type":"ListItem","position":1,"name":"Portada","item":"https:\/\/infoecos.com.ar\/"},{"@type":"ListItem","position":2,"name":"Actividades de la Subsecretar\u00eda de Justicia: la declaran \u00abservicio no interrumpible\u00bb"}]},{"@type":"WebSite","@id":"https:\/\/infoecos.com.ar\/#website","url":"https:\/\/infoecos.com.ar\/","name":"Infoecos","description":"Noticias de trenque lauquen y la zona","publisher":{"@id":"https:\/\/infoecos.com.ar\/#organization"},"alternateName":"Noticias","potentialAction":[{"@type":"SearchAction","target":{"@type":"EntryPoint","urlTemplate":"https:\/\/infoecos.com.ar\/?s={search_term_string}"},"query-input":{"@type":"PropertyValueSpecification","valueRequired":true,"valueName":"search_term_string"}}],"inLanguage":"es"},{"@type":"Organization","@id":"https:\/\/infoecos.com.ar\/#organization","name":"Infoecos","alternateName":"Noticias","url":"https:\/\/infoecos.com.ar\/","logo":{"@type":"ImageObject","inLanguage":"es","@id":"https:\/\/infoecos.com.ar\/#\/schema\/logo\/image\/","url":"https:\/\/infoecos.com.ar\/wp-content\/uploads\/2024\/03\/cropped-logo.png","contentUrl":"https:\/\/infoecos.com.ar\/wp-content\/uploads\/2024\/03\/cropped-logo.png","width":374,"height":90,"caption":"Infoecos"},"image":{"@id":"https:\/\/infoecos.com.ar\/#\/schema\/logo\/image\/"},"sameAs":["https:\/\/www.facebook.com\/profile.php?id=100063200290284","https:\/\/x.com\/infoecos"]},{"@type":"Person","@id":"https:\/\/infoecos.com.ar\/#\/schema\/person\/8f5ace5ce73b4b4aac4b7245aee6f191","name":"Jorge Matheus","url":"https:\/\/infoecos.com.ar\/index.php\/author\/jomatheus\/"}]}},"featured_image_urls":{"full":["https:\/\/infoecos.com.ar\/wp-content\/uploads\/alak.jpg",880,493,false],"thumbnail":["https:\/\/infoecos.com.ar\/wp-content\/uploads\/alak-150x150.jpg",150,150,true],"medium":["https:\/\/infoecos.com.ar\/wp-content\/uploads\/alak-460x258.jpg",460,258,true],"medium_large":["https:\/\/infoecos.com.ar\/wp-content\/uploads\/alak-768x430.jpg",640,358,true],"large":["https:\/\/infoecos.com.ar\/wp-content\/uploads\/alak.jpg",640,359,false],"1536x1536":["https:\/\/infoecos.com.ar\/wp-content\/uploads\/alak.jpg",880,493,false],"2048x2048":["https:\/\/infoecos.com.ar\/wp-content\/uploads\/alak.jpg",880,493,false],"covernews-slider-full":["https:\/\/infoecos.com.ar\/wp-content\/uploads\/alak.jpg",880,493,false],"covernews-slider-center":["https:\/\/infoecos.com.ar\/wp-content\/uploads\/alak.jpg",800,448,false],"covernews-featured":["https:\/\/infoecos.com.ar\/wp-content\/uploads\/alak.jpg",880,493,false],"covernews-medium":["https:\/\/infoecos.com.ar\/wp-content\/uploads\/alak-720x380.jpg",540,285,true],"covernews-medium-square":["https:\/\/infoecos.com.ar\/wp-content\/uploads\/alak-675x450.jpg",375,250,true]},"author_info":{"info":["Jorge Matheus"]},"category_info":"<a href=\"https:\/\/infoecos.com.ar\/index.php\/category\/c3nota4\/\" rel=\"category tag\">C3 N4<\/a>","tag_info":"C3 N4","comment_count":"0","_links":{"self":[{"href":"https:\/\/infoecos.com.ar\/index.php\/wp-json\/wp\/v2\/posts\/61891"}],"collection":[{"href":"https:\/\/infoecos.com.ar\/index.php\/wp-json\/wp\/v2\/posts"}],"about":[{"href":"https:\/\/infoecos.com.ar\/index.php\/wp-json\/wp\/v2\/types\/post"}],"author":[{"embeddable":true,"href":"https:\/\/infoecos.com.ar\/index.php\/wp-json\/wp\/v2\/users\/2"}],"replies":[{"embeddable":true,"href":"https:\/\/infoecos.com.ar\/index.php\/wp-json\/wp\/v2\/comments?post=61891"}],"version-history":[{"count":1,"href":"https:\/\/infoecos.com.ar\/index.php\/wp-json\/wp\/v2\/posts\/61891\/revisions"}],"predecessor-version":[{"id":61892,"href":"https:\/\/infoecos.com.ar\/index.php\/wp-json\/wp\/v2\/posts\/61891\/revisions\/61892"}],"wp:featuredmedia":[{"embeddable":true,"href":"https:\/\/infoecos.com.ar\/index.php\/wp-json\/wp\/v2\/media\/61468"}],"wp:attachment":[{"href":"https:\/\/infoecos.com.ar\/index.php\/wp-json\/wp\/v2\/media?parent=61891"}],"wp:term":[{"taxonomy":"category","embeddable":true,"href":"https:\/\/infoecos.com.ar\/index.php\/wp-json\/wp\/v2\/categories?post=61891"},{"taxonomy":"post_tag","embeddable":true,"href":"https:\/\/infoecos.com.ar\/index.php\/wp-json\/wp\/v2\/tags?post=61891"}],"curies":[{"name":"wp","href":"https:\/\/api.w.org\/{rel}","templated":true}]}}