{"id":61906,"date":"2020-05-07T01:18:16","date_gmt":"2020-05-07T04:18:16","guid":{"rendered":"http:\/\/infoecos.com.ar\/?p=61906"},"modified":"2020-05-08T01:10:28","modified_gmt":"2020-05-08T04:10:28","slug":"en-tres-lomas-retomaron-con-la-realizacion-de-distintas-obras-publicas-se-informo-este-jueves","status":"publish","type":"post","link":"https:\/\/infoecos.com.ar\/index.php\/en-tres-lomas-retomaron-con-la-realizacion-de-distintas-obras-publicas-se-informo-este-jueves\/","title":{"rendered":"En Tres Lomas retomaron con la realizaci\u00f3n de distintas obras p\u00fablicas, se inform\u00f3 este jueves"},"content":{"rendered":"\n<p>El municipio de Tres Lomas inform\u00f3 este mi\u00e9rcoles que tomando todos los recaudos sanitarios que la situaci\u00f3n implica, se reiniciaron trabajos en la obra p\u00fablica a su cargo y dio a conocer de cuales se trata. <\/p>\n\n\n\n<p><strong>Nuevas aulas para la sede&nbsp; de la Universidad Provincial del Sudoeste<\/strong><\/p>\n\n\n\n<div class=\"wp-block-image\"><figure class=\"aligncenter size-medium\"><img loading=\"lazy\" decoding=\"async\" width=\"460\" height=\"307\" src=\"http:\/\/infoecos.com.ar\/wp-content\/uploads\/Nuevas-aulas-460x307.jpg\" alt=\"\" class=\"wp-image-61907\" srcset=\"https:\/\/infoecos.com.ar\/wp-content\/uploads\/Nuevas-aulas-460x307.jpg 460w, https:\/\/infoecos.com.ar\/wp-content\/uploads\/Nuevas-aulas-920x614.jpg 920w, https:\/\/infoecos.com.ar\/wp-content\/uploads\/Nuevas-aulas-768x513.jpg 768w, https:\/\/infoecos.com.ar\/wp-content\/uploads\/Nuevas-aulas-1536x1025.jpg 1536w, https:\/\/infoecos.com.ar\/wp-content\/uploads\/Nuevas-aulas-1024x683.jpg 1024w, https:\/\/infoecos.com.ar\/wp-content\/uploads\/Nuevas-aulas-675x450.jpg 675w, https:\/\/infoecos.com.ar\/wp-content\/uploads\/Nuevas-aulas.jpg 1798w\" sizes=\"(max-width: 460px) 100vw, 460px\" \/><\/figure><\/div>\n\n\n\n<p>En\nel edificio del Ex Instituto Mariano Moreno, se contin\u00faa con la construcci\u00f3n de\nnuevas aulas que ser\u00e1n utilizadas por la sede local de la Universidad\nProvincial del Sudoeste.<\/p>\n\n\n\n<p>Los nuevos espacios generados, permitir\u00e1n ampliar la oferta educativa en el distrito, brindando mejores comodidades a los alumnos que realicen sus estudios en el lugar. <\/p>\n\n\n\n<p><strong>Construcci\u00f3n de tubos para desag\u00fces\npluviales<\/strong><\/p>\n\n\n\n<div class=\"wp-block-image\"><figure class=\"aligncenter size-medium\"><img loading=\"lazy\" decoding=\"async\" width=\"460\" height=\"337\" src=\"http:\/\/infoecos.com.ar\/wp-content\/uploads\/Fabricaci\u00f3n-de-tubos-460x337.jpg\" alt=\"\" class=\"wp-image-61908\" srcset=\"https:\/\/infoecos.com.ar\/wp-content\/uploads\/Fabricaci\u00f3n-de-tubos-460x337.jpg 460w, https:\/\/infoecos.com.ar\/wp-content\/uploads\/Fabricaci\u00f3n-de-tubos-920x675.jpg 920w, https:\/\/infoecos.com.ar\/wp-content\/uploads\/Fabricaci\u00f3n-de-tubos-768x563.jpg 768w, https:\/\/infoecos.com.ar\/wp-content\/uploads\/Fabricaci\u00f3n-de-tubos-1536x1126.jpg 1536w, https:\/\/infoecos.com.ar\/wp-content\/uploads\/Fabricaci\u00f3n-de-tubos-1024x751.jpg 1024w, https:\/\/infoecos.com.ar\/wp-content\/uploads\/Fabricaci\u00f3n-de-tubos.jpg 1620w\" sizes=\"(max-width: 460px) 100vw, 460px\" \/><\/figure><\/div>\n\n\n\n<p>Personal municipal, realiza la fabricaci\u00f3n de tubos que ser\u00e1n utilizados en esta ocasi\u00f3n para la continuidad de la obra de desag\u00fces pluviales en el Barrio \u201cPlan Federal\u201d, la cual ya culmin\u00f3 con su primera etapa y en el corto plazo dar\u00e1 comienzo a la segunda.<\/p>\n\n\n\n<p><strong>Refacci\u00f3n y pintura en el SUM del\nPolideportivo Municipal<\/strong><\/p>\n\n\n\n<div class=\"wp-block-image\"><figure class=\"aligncenter size-medium\"><img loading=\"lazy\" decoding=\"async\" width=\"460\" height=\"343\" src=\"http:\/\/infoecos.com.ar\/wp-content\/uploads\/Refacciones-en-el-Polideportivo-460x343.jpg\" alt=\"\" class=\"wp-image-61909\" srcset=\"https:\/\/infoecos.com.ar\/wp-content\/uploads\/Refacciones-en-el-Polideportivo-460x343.jpg 460w, https:\/\/infoecos.com.ar\/wp-content\/uploads\/Refacciones-en-el-Polideportivo-920x685.jpg 920w, https:\/\/infoecos.com.ar\/wp-content\/uploads\/Refacciones-en-el-Polideportivo-768x572.jpg 768w, https:\/\/infoecos.com.ar\/wp-content\/uploads\/Refacciones-en-el-Polideportivo-1024x763.jpg 1024w, https:\/\/infoecos.com.ar\/wp-content\/uploads\/Refacciones-en-el-Polideportivo.jpg 1426w\" sizes=\"(max-width: 460px) 100vw, 460px\" \/><\/figure><\/div>\n\n\n\n<p>Aprovechando\nel cese de actividades por la emergencia sanitaria, se est\u00e1 realizando en el\nedificio del sal\u00f3n de usos m\u00faltiples del Polideportivo Municipal trabajos de\nrefacci\u00f3n y pintura, buscando dejar el lugar en \u00f3ptimas condiciones para cuando\nse reanuden las diferentes actividades deportivas y culturales.<\/p>\n\n\n\n<p><strong>Nueva ermita para la Plaza del barrio La Tranquilidad<\/strong><\/p>\n\n\n\n<div class=\"wp-block-image\"><figure class=\"aligncenter size-medium\"><img loading=\"lazy\" decoding=\"async\" width=\"460\" height=\"342\" src=\"http:\/\/infoecos.com.ar\/wp-content\/uploads\/Nueva-ermita-460x342.jpg\" alt=\"\" class=\"wp-image-61910\" srcset=\"https:\/\/infoecos.com.ar\/wp-content\/uploads\/Nueva-ermita-460x342.jpg 460w, https:\/\/infoecos.com.ar\/wp-content\/uploads\/Nueva-ermita-920x685.jpg 920w, https:\/\/infoecos.com.ar\/wp-content\/uploads\/Nueva-ermita-768x572.jpg 768w, https:\/\/infoecos.com.ar\/wp-content\/uploads\/Nueva-ermita-1024x762.jpg 1024w, https:\/\/infoecos.com.ar\/wp-content\/uploads\/Nueva-ermita.jpg 1514w\" sizes=\"(max-width: 460px) 100vw, 460px\" \/><\/figure><\/div>\n\n\n\n<p>Tras el pedido de los vecinos del barrio, se est\u00e1 construyendo en la Plaza Integradora una moderna ermita para la colocaci\u00f3n del santo \u201cCura Brochero\u201d, que bendecir\u00e1 el muy utilizado espacio de recreaci\u00f3n con el que cuentan las familias del lugar.<\/p>\n\n\n\n<p><strong>Las cuadrillas de bacheo ya se encuentran nuevamente en actividad<\/strong><\/p>\n\n\n\n<div class=\"wp-block-image\"><figure class=\"aligncenter size-medium\"><img loading=\"lazy\" decoding=\"async\" width=\"460\" height=\"313\" src=\"http:\/\/infoecos.com.ar\/wp-content\/uploads\/Asfalto-1-460x313.jpg\" alt=\"\" class=\"wp-image-61911\" srcset=\"https:\/\/infoecos.com.ar\/wp-content\/uploads\/Asfalto-1-460x313.jpg 460w, https:\/\/infoecos.com.ar\/wp-content\/uploads\/Asfalto-1-920x625.jpg 920w, https:\/\/infoecos.com.ar\/wp-content\/uploads\/Asfalto-1-768x522.jpg 768w, https:\/\/infoecos.com.ar\/wp-content\/uploads\/Asfalto-1-1536x1044.jpg 1536w, https:\/\/infoecos.com.ar\/wp-content\/uploads\/Asfalto-1-1024x696.jpg 1024w, https:\/\/infoecos.com.ar\/wp-content\/uploads\/Asfalto-1.jpg 1605w\" sizes=\"(max-width: 460px) 100vw, 460px\" \/><\/figure><\/div>\n\n\n\n<p>Tomando\ntodos los recaudos sanitarios necesarios, las cuadrillas de bacheo que realizan\ntareas de mantenimiento de asfalto retomaron sus actividades.<\/p>\n\n\n\n<p>Por\ntal motivo, ya se realiz\u00f3 la fabricaci\u00f3n de asfalto en fr\u00edo, el cual permite a\nlos operarios realizar los bacheos en diferentes calles del distrito. <\/p>\n","protected":false},"excerpt":{"rendered":"<p>El municipio de Tres Lomas inform\u00f3 este mi\u00e9rcoles que tomando todos los recaudos sanitarios que&#8230;<\/p>\n","protected":false},"author":2,"featured_media":61910,"comment_status":"closed","ping_status":"open","sticky":false,"template":"","format":"standard","meta":{"footnotes":""},"categories":[40],"tags":[73],"class_list":["post-61906","post","type-post","status-publish","format-standard","has-post-thumbnail","hentry","category-inferior1","tag-tres-lomas"],"yoast_head":"<!-- This site is optimized with the Yoast SEO plugin v23.4 - https:\/\/yoast.com\/wordpress\/plugins\/seo\/ -->\n<title>En Tres Lomas retomaron con la realizaci\u00f3n de distintas obras p\u00fablicas, se inform\u00f3 este jueves - Infoecos<\/title>\n<meta name=\"robots\" content=\"index, follow, max-snippet:-1, max-image-preview:large, max-video-preview:-1\" \/>\n<link rel=\"canonical\" href=\"https:\/\/infoecos.com.ar\/index.php\/en-tres-lomas-retomaron-con-la-realizacion-de-distintas-obras-publicas-se-informo-este-jueves\/\" \/>\n<meta property=\"og:locale\" content=\"es_ES\" \/>\n<meta property=\"og:type\" content=\"article\" \/>\n<meta property=\"og:title\" content=\"En Tres Lomas retomaron con la realizaci\u00f3n de distintas obras p\u00fablicas, se inform\u00f3 este jueves - Infoecos\" \/>\n<meta property=\"og:description\" content=\"El municipio de Tres Lomas inform\u00f3 este mi\u00e9rcoles que tomando todos los recaudos sanitarios que...\" \/>\n<meta property=\"og:url\" content=\"https:\/\/infoecos.com.ar\/index.php\/en-tres-lomas-retomaron-con-la-realizacion-de-distintas-obras-publicas-se-informo-este-jueves\/\" \/>\n<meta property=\"og:site_name\" content=\"Infoecos\" \/>\n<meta property=\"article:publisher\" content=\"https:\/\/www.facebook.com\/profile.php?id=100063200290284\" \/>\n<meta property=\"article:published_time\" content=\"2020-05-07T04:18:16+00:00\" \/>\n<meta property=\"article:modified_time\" content=\"2020-05-08T04:10:28+00:00\" \/>\n<meta property=\"og:image\" content=\"https:\/\/infoecos.com.ar\/wp-content\/uploads\/Nueva-ermita.jpg\" \/>\n\t<meta property=\"og:image:width\" content=\"1514\" \/>\n\t<meta property=\"og:image:height\" content=\"1127\" \/>\n\t<meta property=\"og:image:type\" content=\"image\/jpeg\" \/>\n<meta name=\"author\" content=\"Jorge Matheus\" \/>\n<meta name=\"twitter:card\" content=\"summary_large_image\" \/>\n<meta name=\"twitter:creator\" content=\"@infoecos\" \/>\n<meta name=\"twitter:site\" content=\"@infoecos\" \/>\n<meta name=\"twitter:label1\" content=\"Escrito por\" \/>\n\t<meta name=\"twitter:data1\" content=\"Jorge Matheus\" \/>\n\t<meta name=\"twitter:label2\" content=\"Tiempo de lectura\" \/>\n\t<meta name=\"twitter:data2\" content=\"2 minutos\" \/>\n<script type=\"application\/ld+json\" class=\"yoast-schema-graph\">{\"@context\":\"https:\/\/schema.org\",\"@graph\":[{\"@type\":\"Article\",\"@id\":\"https:\/\/infoecos.com.ar\/index.php\/en-tres-lomas-retomaron-con-la-realizacion-de-distintas-obras-publicas-se-informo-este-jueves\/#article\",\"isPartOf\":{\"@id\":\"https:\/\/infoecos.com.ar\/index.php\/en-tres-lomas-retomaron-con-la-realizacion-de-distintas-obras-publicas-se-informo-este-jueves\/\"},\"author\":{\"name\":\"Jorge Matheus\",\"@id\":\"https:\/\/infoecos.com.ar\/#\/schema\/person\/8f5ace5ce73b4b4aac4b7245aee6f191\"},\"headline\":\"En Tres Lomas retomaron con la realizaci\u00f3n de distintas obras p\u00fablicas, se inform\u00f3 este jueves\",\"datePublished\":\"2020-05-07T04:18:16+00:00\",\"dateModified\":\"2020-05-08T04:10:28+00:00\",\"mainEntityOfPage\":{\"@id\":\"https:\/\/infoecos.com.ar\/index.php\/en-tres-lomas-retomaron-con-la-realizacion-de-distintas-obras-publicas-se-informo-este-jueves\/\"},\"wordCount\":351,\"publisher\":{\"@id\":\"https:\/\/infoecos.com.ar\/#organization\"},\"image\":{\"@id\":\"https:\/\/infoecos.com.ar\/index.php\/en-tres-lomas-retomaron-con-la-realizacion-de-distintas-obras-publicas-se-informo-este-jueves\/#primaryimage\"},\"thumbnailUrl\":\"https:\/\/infoecos.com.ar\/wp-content\/uploads\/Nueva-ermita.jpg\",\"keywords\":[\"TRES LOMAS\"],\"articleSection\":[\"Bloque inferior - 1\"],\"inLanguage\":\"es\"},{\"@type\":\"WebPage\",\"@id\":\"https:\/\/infoecos.com.ar\/index.php\/en-tres-lomas-retomaron-con-la-realizacion-de-distintas-obras-publicas-se-informo-este-jueves\/\",\"url\":\"https:\/\/infoecos.com.ar\/index.php\/en-tres-lomas-retomaron-con-la-realizacion-de-distintas-obras-publicas-se-informo-este-jueves\/\",\"name\":\"En Tres Lomas retomaron con la realizaci\u00f3n de distintas obras p\u00fablicas, se inform\u00f3 este jueves - Infoecos\",\"isPartOf\":{\"@id\":\"https:\/\/infoecos.com.ar\/#website\"},\"primaryImageOfPage\":{\"@id\":\"https:\/\/infoecos.com.ar\/index.php\/en-tres-lomas-retomaron-con-la-realizacion-de-distintas-obras-publicas-se-informo-este-jueves\/#primaryimage\"},\"image\":{\"@id\":\"https:\/\/infoecos.com.ar\/index.php\/en-tres-lomas-retomaron-con-la-realizacion-de-distintas-obras-publicas-se-informo-este-jueves\/#primaryimage\"},\"thumbnailUrl\":\"https:\/\/infoecos.com.ar\/wp-content\/uploads\/Nueva-ermita.jpg\",\"datePublished\":\"2020-05-07T04:18:16+00:00\",\"dateModified\":\"2020-05-08T04:10:28+00:00\",\"breadcrumb\":{\"@id\":\"https:\/\/infoecos.com.ar\/index.php\/en-tres-lomas-retomaron-con-la-realizacion-de-distintas-obras-publicas-se-informo-este-jueves\/#breadcrumb\"},\"inLanguage\":\"es\",\"potentialAction\":[{\"@type\":\"ReadAction\",\"target\":[\"https:\/\/infoecos.com.ar\/index.php\/en-tres-lomas-retomaron-con-la-realizacion-de-distintas-obras-publicas-se-informo-este-jueves\/\"]}]},{\"@type\":\"ImageObject\",\"inLanguage\":\"es\",\"@id\":\"https:\/\/infoecos.com.ar\/index.php\/en-tres-lomas-retomaron-con-la-realizacion-de-distintas-obras-publicas-se-informo-este-jueves\/#primaryimage\",\"url\":\"https:\/\/infoecos.com.ar\/wp-content\/uploads\/Nueva-ermita.jpg\",\"contentUrl\":\"https:\/\/infoecos.com.ar\/wp-content\/uploads\/Nueva-ermita.jpg\",\"width\":1514,\"height\":1127},{\"@type\":\"BreadcrumbList\",\"@id\":\"https:\/\/infoecos.com.ar\/index.php\/en-tres-lomas-retomaron-con-la-realizacion-de-distintas-obras-publicas-se-informo-este-jueves\/#breadcrumb\",\"itemListElement\":[{\"@type\":\"ListItem\",\"position\":1,\"name\":\"Portada\",\"item\":\"https:\/\/infoecos.com.ar\/\"},{\"@type\":\"ListItem\",\"position\":2,\"name\":\"En Tres Lomas retomaron con la realizaci\u00f3n de distintas obras p\u00fablicas, se inform\u00f3 este jueves\"}]},{\"@type\":\"WebSite\",\"@id\":\"https:\/\/infoecos.com.ar\/#website\",\"url\":\"https:\/\/infoecos.com.ar\/\",\"name\":\"Infoecos\",\"description\":\"Noticias de trenque lauquen y la zona\",\"publisher\":{\"@id\":\"https:\/\/infoecos.com.ar\/#organization\"},\"alternateName\":\"Noticias\",\"potentialAction\":[{\"@type\":\"SearchAction\",\"target\":{\"@type\":\"EntryPoint\",\"urlTemplate\":\"https:\/\/infoecos.com.ar\/?s={search_term_string}\"},\"query-input\":{\"@type\":\"PropertyValueSpecification\",\"valueRequired\":true,\"valueName\":\"search_term_string\"}}],\"inLanguage\":\"es\"},{\"@type\":\"Organization\",\"@id\":\"https:\/\/infoecos.com.ar\/#organization\",\"name\":\"Infoecos\",\"alternateName\":\"Noticias\",\"url\":\"https:\/\/infoecos.com.ar\/\",\"logo\":{\"@type\":\"ImageObject\",\"inLanguage\":\"es\",\"@id\":\"https:\/\/infoecos.com.ar\/#\/schema\/logo\/image\/\",\"url\":\"https:\/\/infoecos.com.ar\/wp-content\/uploads\/2024\/03\/cropped-logo.png\",\"contentUrl\":\"https:\/\/infoecos.com.ar\/wp-content\/uploads\/2024\/03\/cropped-logo.png\",\"width\":374,\"height\":90,\"caption\":\"Infoecos\"},\"image\":{\"@id\":\"https:\/\/infoecos.com.ar\/#\/schema\/logo\/image\/\"},\"sameAs\":[\"https:\/\/www.facebook.com\/profile.php?id=100063200290284\",\"https:\/\/x.com\/infoecos\"]},{\"@type\":\"Person\",\"@id\":\"https:\/\/infoecos.com.ar\/#\/schema\/person\/8f5ace5ce73b4b4aac4b7245aee6f191\",\"name\":\"Jorge Matheus\",\"url\":\"https:\/\/infoecos.com.ar\/index.php\/author\/jomatheus\/\"}]}<\/script>\n<!-- \/ Yoast SEO plugin. -->","yoast_head_json":{"title":"En Tres Lomas retomaron con la realizaci\u00f3n de distintas obras p\u00fablicas, se inform\u00f3 este jueves - Infoecos","robots":{"index":"index","follow":"follow","max-snippet":"max-snippet:-1","max-image-preview":"max-image-preview:large","max-video-preview":"max-video-preview:-1"},"canonical":"https:\/\/infoecos.com.ar\/index.php\/en-tres-lomas-retomaron-con-la-realizacion-de-distintas-obras-publicas-se-informo-este-jueves\/","og_locale":"es_ES","og_type":"article","og_title":"En Tres Lomas retomaron con la realizaci\u00f3n de distintas obras p\u00fablicas, se inform\u00f3 este jueves - Infoecos","og_description":"El municipio de Tres Lomas inform\u00f3 este mi\u00e9rcoles que tomando todos los recaudos sanitarios que...","og_url":"https:\/\/infoecos.com.ar\/index.php\/en-tres-lomas-retomaron-con-la-realizacion-de-distintas-obras-publicas-se-informo-este-jueves\/","og_site_name":"Infoecos","article_publisher":"https:\/\/www.facebook.com\/profile.php?id=100063200290284","article_published_time":"2020-05-07T04:18:16+00:00","article_modified_time":"2020-05-08T04:10:28+00:00","og_image":[{"width":1514,"height":1127,"url":"https:\/\/infoecos.com.ar\/wp-content\/uploads\/Nueva-ermita.jpg","type":"image\/jpeg"}],"author":"Jorge Matheus","twitter_card":"summary_large_image","twitter_creator":"@infoecos","twitter_site":"@infoecos","twitter_misc":{"Escrito por":"Jorge Matheus","Tiempo de lectura":"2 minutos"},"schema":{"@context":"https:\/\/schema.org","@graph":[{"@type":"Article","@id":"https:\/\/infoecos.com.ar\/index.php\/en-tres-lomas-retomaron-con-la-realizacion-de-distintas-obras-publicas-se-informo-este-jueves\/#article","isPartOf":{"@id":"https:\/\/infoecos.com.ar\/index.php\/en-tres-lomas-retomaron-con-la-realizacion-de-distintas-obras-publicas-se-informo-este-jueves\/"},"author":{"name":"Jorge Matheus","@id":"https:\/\/infoecos.com.ar\/#\/schema\/person\/8f5ace5ce73b4b4aac4b7245aee6f191"},"headline":"En Tres Lomas retomaron con la realizaci\u00f3n de distintas obras p\u00fablicas, se inform\u00f3 este jueves","datePublished":"2020-05-07T04:18:16+00:00","dateModified":"2020-05-08T04:10:28+00:00","mainEntityOfPage":{"@id":"https:\/\/infoecos.com.ar\/index.php\/en-tres-lomas-retomaron-con-la-realizacion-de-distintas-obras-publicas-se-informo-este-jueves\/"},"wordCount":351,"publisher":{"@id":"https:\/\/infoecos.com.ar\/#organization"},"image":{"@id":"https:\/\/infoecos.com.ar\/index.php\/en-tres-lomas-retomaron-con-la-realizacion-de-distintas-obras-publicas-se-informo-este-jueves\/#primaryimage"},"thumbnailUrl":"https:\/\/infoecos.com.ar\/wp-content\/uploads\/Nueva-ermita.jpg","keywords":["TRES LOMAS"],"articleSection":["Bloque inferior - 1"],"inLanguage":"es"},{"@type":"WebPage","@id":"https:\/\/infoecos.com.ar\/index.php\/en-tres-lomas-retomaron-con-la-realizacion-de-distintas-obras-publicas-se-informo-este-jueves\/","url":"https:\/\/infoecos.com.ar\/index.php\/en-tres-lomas-retomaron-con-la-realizacion-de-distintas-obras-publicas-se-informo-este-jueves\/","name":"En Tres Lomas retomaron con la realizaci\u00f3n de distintas obras p\u00fablicas, se inform\u00f3 este jueves - Infoecos","isPartOf":{"@id":"https:\/\/infoecos.com.ar\/#website"},"primaryImageOfPage":{"@id":"https:\/\/infoecos.com.ar\/index.php\/en-tres-lomas-retomaron-con-la-realizacion-de-distintas-obras-publicas-se-informo-este-jueves\/#primaryimage"},"image":{"@id":"https:\/\/infoecos.com.ar\/index.php\/en-tres-lomas-retomaron-con-la-realizacion-de-distintas-obras-publicas-se-informo-este-jueves\/#primaryimage"},"thumbnailUrl":"https:\/\/infoecos.com.ar\/wp-content\/uploads\/Nueva-ermita.jpg","datePublished":"2020-05-07T04:18:16+00:00","dateModified":"2020-05-08T04:10:28+00:00","breadcrumb":{"@id":"https:\/\/infoecos.com.ar\/index.php\/en-tres-lomas-retomaron-con-la-realizacion-de-distintas-obras-publicas-se-informo-este-jueves\/#breadcrumb"},"inLanguage":"es","potentialAction":[{"@type":"ReadAction","target":["https:\/\/infoecos.com.ar\/index.php\/en-tres-lomas-retomaron-con-la-realizacion-de-distintas-obras-publicas-se-informo-este-jueves\/"]}]},{"@type":"ImageObject","inLanguage":"es","@id":"https:\/\/infoecos.com.ar\/index.php\/en-tres-lomas-retomaron-con-la-realizacion-de-distintas-obras-publicas-se-informo-este-jueves\/#primaryimage","url":"https:\/\/infoecos.com.ar\/wp-content\/uploads\/Nueva-ermita.jpg","contentUrl":"https:\/\/infoecos.com.ar\/wp-content\/uploads\/Nueva-ermita.jpg","width":1514,"height":1127},{"@type":"BreadcrumbList","@id":"https:\/\/infoecos.com.ar\/index.php\/en-tres-lomas-retomaron-con-la-realizacion-de-distintas-obras-publicas-se-informo-este-jueves\/#breadcrumb","itemListElement":[{"@type":"ListItem","position":1,"name":"Portada","item":"https:\/\/infoecos.com.ar\/"},{"@type":"ListItem","position":2,"name":"En Tres Lomas retomaron con la realizaci\u00f3n de distintas obras p\u00fablicas, se inform\u00f3 este jueves"}]},{"@type":"WebSite","@id":"https:\/\/infoecos.com.ar\/#website","url":"https:\/\/infoecos.com.ar\/","name":"Infoecos","description":"Noticias de trenque lauquen y la zona","publisher":{"@id":"https:\/\/infoecos.com.ar\/#organization"},"alternateName":"Noticias","potentialAction":[{"@type":"SearchAction","target":{"@type":"EntryPoint","urlTemplate":"https:\/\/infoecos.com.ar\/?s={search_term_string}"},"query-input":{"@type":"PropertyValueSpecification","valueRequired":true,"valueName":"search_term_string"}}],"inLanguage":"es"},{"@type":"Organization","@id":"https:\/\/infoecos.com.ar\/#organization","name":"Infoecos","alternateName":"Noticias","url":"https:\/\/infoecos.com.ar\/","logo":{"@type":"ImageObject","inLanguage":"es","@id":"https:\/\/infoecos.com.ar\/#\/schema\/logo\/image\/","url":"https:\/\/infoecos.com.ar\/wp-content\/uploads\/2024\/03\/cropped-logo.png","contentUrl":"https:\/\/infoecos.com.ar\/wp-content\/uploads\/2024\/03\/cropped-logo.png","width":374,"height":90,"caption":"Infoecos"},"image":{"@id":"https:\/\/infoecos.com.ar\/#\/schema\/logo\/image\/"},"sameAs":["https:\/\/www.facebook.com\/profile.php?id=100063200290284","https:\/\/x.com\/infoecos"]},{"@type":"Person","@id":"https:\/\/infoecos.com.ar\/#\/schema\/person\/8f5ace5ce73b4b4aac4b7245aee6f191","name":"Jorge Matheus","url":"https:\/\/infoecos.com.ar\/index.php\/author\/jomatheus\/"}]}},"featured_image_urls":{"full":["https:\/\/infoecos.com.ar\/wp-content\/uploads\/Nueva-ermita.jpg",1514,1127,false],"thumbnail":["https:\/\/infoecos.com.ar\/wp-content\/uploads\/Nueva-ermita-150x150.jpg",150,150,true],"medium":["https:\/\/infoecos.com.ar\/wp-content\/uploads\/Nueva-ermita-460x342.jpg",460,342,true],"medium_large":["https:\/\/infoecos.com.ar\/wp-content\/uploads\/Nueva-ermita-768x572.jpg",640,477,true],"large":["https:\/\/infoecos.com.ar\/wp-content\/uploads\/Nueva-ermita-920x685.jpg",640,477,true],"1536x1536":["https:\/\/infoecos.com.ar\/wp-content\/uploads\/Nueva-ermita.jpg",1514,1127,false],"2048x2048":["https:\/\/infoecos.com.ar\/wp-content\/uploads\/Nueva-ermita.jpg",1514,1127,false],"covernews-slider-full":["https:\/\/infoecos.com.ar\/wp-content\/uploads\/Nueva-ermita-1514x1020.jpg",1061,715,true],"covernews-slider-center":["https:\/\/infoecos.com.ar\/wp-content\/uploads\/Nueva-ermita-936x897.jpg",522,500,true],"covernews-featured":["https:\/\/infoecos.com.ar\/wp-content\/uploads\/Nueva-ermita-1024x762.jpg",1024,762,true],"covernews-medium":["https:\/\/infoecos.com.ar\/wp-content\/uploads\/Nueva-ermita-720x380.jpg",540,285,true],"covernews-medium-square":["https:\/\/infoecos.com.ar\/wp-content\/uploads\/Nueva-ermita-675x450.jpg",375,250,true]},"author_info":{"info":["Jorge Matheus"]},"category_info":"<a href=\"https:\/\/infoecos.com.ar\/index.php\/category\/inferior1\/\" rel=\"category tag\">Bloque inferior - 1<\/a>","tag_info":"Bloque inferior - 1","comment_count":"0","_links":{"self":[{"href":"https:\/\/infoecos.com.ar\/index.php\/wp-json\/wp\/v2\/posts\/61906"}],"collection":[{"href":"https:\/\/infoecos.com.ar\/index.php\/wp-json\/wp\/v2\/posts"}],"about":[{"href":"https:\/\/infoecos.com.ar\/index.php\/wp-json\/wp\/v2\/types\/post"}],"author":[{"embeddable":true,"href":"https:\/\/infoecos.com.ar\/index.php\/wp-json\/wp\/v2\/users\/2"}],"replies":[{"embeddable":true,"href":"https:\/\/infoecos.com.ar\/index.php\/wp-json\/wp\/v2\/comments?post=61906"}],"version-history":[{"count":2,"href":"https:\/\/infoecos.com.ar\/index.php\/wp-json\/wp\/v2\/posts\/61906\/revisions"}],"predecessor-version":[{"id":61995,"href":"https:\/\/infoecos.com.ar\/index.php\/wp-json\/wp\/v2\/posts\/61906\/revisions\/61995"}],"wp:featuredmedia":[{"embeddable":true,"href":"https:\/\/infoecos.com.ar\/index.php\/wp-json\/wp\/v2\/media\/61910"}],"wp:attachment":[{"href":"https:\/\/infoecos.com.ar\/index.php\/wp-json\/wp\/v2\/media?parent=61906"}],"wp:term":[{"taxonomy":"category","embeddable":true,"href":"https:\/\/infoecos.com.ar\/index.php\/wp-json\/wp\/v2\/categories?post=61906"},{"taxonomy":"post_tag","embeddable":true,"href":"https:\/\/infoecos.com.ar\/index.php\/wp-json\/wp\/v2\/tags?post=61906"}],"curies":[{"name":"wp","href":"https:\/\/api.w.org\/{rel}","templated":true}]}}