{"id":61919,"date":"2020-05-07T15:12:40","date_gmt":"2020-05-07T18:12:40","guid":{"rendered":"http:\/\/infoecos.com.ar\/?p=61919"},"modified":"2020-05-07T15:12:45","modified_gmt":"2020-05-07T18:12:45","slug":"se-extiende-por-30-dias-la-campana-de-vacunacion-contra-la-fiebre-aftosa","status":"publish","type":"post","link":"https:\/\/infoecos.com.ar\/index.php\/se-extiende-por-30-dias-la-campana-de-vacunacion-contra-la-fiebre-aftosa\/","title":{"rendered":"Se extiende por 30 d\u00edas la campa\u00f1a de vacunaci\u00f3n contra la fiebre aftosa"},"content":{"rendered":"\n<p>En virtud del aislamiento social, preventivo y obligatorio dispuesto por el gobierno nacional para enfrentar la pandemia de COVID-19, el Servicio Nacional de Sanidad y Calidad Agroalimentaria (Senasa), los gobiernos provinciales de la zona central del pa\u00eds y el sector ganadero consensuaron extender por 30 d\u00edas la primera campa\u00f1a de vacunaci\u00f3n contra la fiebre aftosa en ocho provincias.<\/p>\n\n\n\n<div class=\"wp-block-image\"><figure class=\"aligncenter size-medium\"><img loading=\"lazy\" decoding=\"async\" width=\"460\" height=\"310\" src=\"http:\/\/infoecos.com.ar\/wp-content\/uploads\/2020-05-07-Vacunacion-aftosa-se-extiende-la-campa\u00f1a-460x310.jpg\" alt=\"\" class=\"wp-image-61920\" srcset=\"https:\/\/infoecos.com.ar\/wp-content\/uploads\/2020-05-07-Vacunacion-aftosa-se-extiende-la-campa\u00f1a-460x310.jpg 460w, https:\/\/infoecos.com.ar\/wp-content\/uploads\/2020-05-07-Vacunacion-aftosa-se-extiende-la-campa\u00f1a.jpg 616w\" sizes=\"(max-width: 460px) 100vw, 460px\" \/><figcaption>25 de Mayo, Provincia de Buenos Aires. Vacunaci\u00f3n antiaftosa.<\/figcaption><\/figure><\/div>\n\n\n\n<p>La medida alcanza a las provincias de Buenos Aires, C\u00f3rdoba, Corrientes, La Pampa, Santa Fe, San Luis, Formosa y Mendoza, donde la primera campa\u00f1a anual de vacunaci\u00f3n se inici\u00f3 a principios de marzo y pocos d\u00edas despu\u00e9s se decret\u00f3 el aislamiento obligatorio, que afect\u00f3 el ritmo de la campa\u00f1a por los problemas operativos asociados a este contexto.<\/p>\n\n\n\n<p>Dado que la campa\u00f1a de vacunaci\u00f3n est\u00e1 pr\u00f3xima a finalizar en las provincias mencionadas y para lograr un adecuado porcentaje de cobertura, se decidi\u00f3 extender a 90 d\u00edas el periodo de vacunaci\u00f3n previsto inicialmente en 60 d\u00edas.<\/p>\n\n\n\n<p>De\nesta manera, todo el sistema p\u00fablico y privado continu\u00f3 trabajando en conjunto\npara dar cumplimiento a la cobertura vacunal que asegure la inmudidad del rodeo\nnacional y sostenga el estatus sanitario alcanzado por la Argentina con el\nesfuerzo de todos los actores involucrados.<\/p>\n\n\n\n<p>Para mayor informaci\u00f3n, los productores ganaderos, pueden comunicarse con la sede del <strong>Centro Regional Buenos Aires Norte<\/strong> del Senasa, en la ciudad de Chivilcoy, a los tel\u00e9fonos (02346) 436271\/72\/73.<\/p>\n","protected":false},"excerpt":{"rendered":"<p>La medida alcanza a las provincias de Buenos Aires, C\u00f3rdoba, Corrientes, La Pampa, Santa Fe, San Luis, Formosa y Mendoza<\/p>\n","protected":false},"author":2,"featured_media":61920,"comment_status":"closed","ping_status":"open","sticky":false,"template":"","format":"standard","meta":{"footnotes":""},"categories":[29],"tags":[173],"class_list":["post-61919","post","type-post","status-publish","format-standard","has-post-thumbnail","hentry","category-c2nota1","tag-ganaderia"],"yoast_head":"<!-- This site is optimized with the Yoast SEO plugin v23.4 - https:\/\/yoast.com\/wordpress\/plugins\/seo\/ -->\n<title>Se extiende por 30 d\u00edas la campa\u00f1a de vacunaci\u00f3n contra la fiebre aftosa - Infoecos<\/title>\n<meta name=\"robots\" content=\"index, follow, max-snippet:-1, max-image-preview:large, max-video-preview:-1\" \/>\n<link rel=\"canonical\" href=\"https:\/\/infoecos.com.ar\/index.php\/se-extiende-por-30-dias-la-campana-de-vacunacion-contra-la-fiebre-aftosa\/\" \/>\n<meta property=\"og:locale\" content=\"es_ES\" \/>\n<meta property=\"og:type\" content=\"article\" \/>\n<meta property=\"og:title\" content=\"Se extiende por 30 d\u00edas la campa\u00f1a de vacunaci\u00f3n contra la fiebre aftosa - Infoecos\" \/>\n<meta property=\"og:description\" content=\"La medida alcanza a las provincias de Buenos Aires, C\u00f3rdoba, Corrientes, La Pampa, Santa Fe, San Luis, Formosa y Mendoza\" \/>\n<meta property=\"og:url\" content=\"https:\/\/infoecos.com.ar\/index.php\/se-extiende-por-30-dias-la-campana-de-vacunacion-contra-la-fiebre-aftosa\/\" \/>\n<meta property=\"og:site_name\" content=\"Infoecos\" \/>\n<meta property=\"article:publisher\" content=\"https:\/\/www.facebook.com\/profile.php?id=100063200290284\" \/>\n<meta property=\"article:published_time\" content=\"2020-05-07T18:12:40+00:00\" \/>\n<meta property=\"article:modified_time\" content=\"2020-05-07T18:12:45+00:00\" \/>\n<meta property=\"og:image\" content=\"https:\/\/infoecos.com.ar\/wp-content\/uploads\/2020-05-07-Vacunacion-aftosa-se-extiende-la-campa\u00f1a.jpg\" \/>\n\t<meta property=\"og:image:width\" content=\"616\" \/>\n\t<meta property=\"og:image:height\" content=\"415\" \/>\n\t<meta property=\"og:image:type\" content=\"image\/jpeg\" \/>\n<meta name=\"author\" content=\"Jorge Matheus\" \/>\n<meta name=\"twitter:card\" content=\"summary_large_image\" \/>\n<meta name=\"twitter:creator\" content=\"@infoecos\" \/>\n<meta name=\"twitter:site\" content=\"@infoecos\" \/>\n<meta name=\"twitter:label1\" content=\"Escrito por\" \/>\n\t<meta name=\"twitter:data1\" content=\"Jorge Matheus\" \/>\n\t<meta name=\"twitter:label2\" content=\"Tiempo de lectura\" \/>\n\t<meta name=\"twitter:data2\" content=\"1 minuto\" \/>\n<script type=\"application\/ld+json\" class=\"yoast-schema-graph\">{\"@context\":\"https:\/\/schema.org\",\"@graph\":[{\"@type\":\"Article\",\"@id\":\"https:\/\/infoecos.com.ar\/index.php\/se-extiende-por-30-dias-la-campana-de-vacunacion-contra-la-fiebre-aftosa\/#article\",\"isPartOf\":{\"@id\":\"https:\/\/infoecos.com.ar\/index.php\/se-extiende-por-30-dias-la-campana-de-vacunacion-contra-la-fiebre-aftosa\/\"},\"author\":{\"name\":\"Jorge Matheus\",\"@id\":\"https:\/\/infoecos.com.ar\/#\/schema\/person\/8f5ace5ce73b4b4aac4b7245aee6f191\"},\"headline\":\"Se extiende por 30 d\u00edas la campa\u00f1a de vacunaci\u00f3n contra la fiebre aftosa\",\"datePublished\":\"2020-05-07T18:12:40+00:00\",\"dateModified\":\"2020-05-07T18:12:45+00:00\",\"mainEntityOfPage\":{\"@id\":\"https:\/\/infoecos.com.ar\/index.php\/se-extiende-por-30-dias-la-campana-de-vacunacion-contra-la-fiebre-aftosa\/\"},\"wordCount\":263,\"publisher\":{\"@id\":\"https:\/\/infoecos.com.ar\/#organization\"},\"image\":{\"@id\":\"https:\/\/infoecos.com.ar\/index.php\/se-extiende-por-30-dias-la-campana-de-vacunacion-contra-la-fiebre-aftosa\/#primaryimage\"},\"thumbnailUrl\":\"https:\/\/infoecos.com.ar\/wp-content\/uploads\/2020-05-07-Vacunacion-aftosa-se-extiende-la-campa\u00f1a.jpg\",\"keywords\":[\"GANADER\u00cdA\"],\"articleSection\":[\"C2 nota 1\"],\"inLanguage\":\"es\"},{\"@type\":\"WebPage\",\"@id\":\"https:\/\/infoecos.com.ar\/index.php\/se-extiende-por-30-dias-la-campana-de-vacunacion-contra-la-fiebre-aftosa\/\",\"url\":\"https:\/\/infoecos.com.ar\/index.php\/se-extiende-por-30-dias-la-campana-de-vacunacion-contra-la-fiebre-aftosa\/\",\"name\":\"Se extiende por 30 d\u00edas la campa\u00f1a de vacunaci\u00f3n contra la fiebre aftosa - Infoecos\",\"isPartOf\":{\"@id\":\"https:\/\/infoecos.com.ar\/#website\"},\"primaryImageOfPage\":{\"@id\":\"https:\/\/infoecos.com.ar\/index.php\/se-extiende-por-30-dias-la-campana-de-vacunacion-contra-la-fiebre-aftosa\/#primaryimage\"},\"image\":{\"@id\":\"https:\/\/infoecos.com.ar\/index.php\/se-extiende-por-30-dias-la-campana-de-vacunacion-contra-la-fiebre-aftosa\/#primaryimage\"},\"thumbnailUrl\":\"https:\/\/infoecos.com.ar\/wp-content\/uploads\/2020-05-07-Vacunacion-aftosa-se-extiende-la-campa\u00f1a.jpg\",\"datePublished\":\"2020-05-07T18:12:40+00:00\",\"dateModified\":\"2020-05-07T18:12:45+00:00\",\"breadcrumb\":{\"@id\":\"https:\/\/infoecos.com.ar\/index.php\/se-extiende-por-30-dias-la-campana-de-vacunacion-contra-la-fiebre-aftosa\/#breadcrumb\"},\"inLanguage\":\"es\",\"potentialAction\":[{\"@type\":\"ReadAction\",\"target\":[\"https:\/\/infoecos.com.ar\/index.php\/se-extiende-por-30-dias-la-campana-de-vacunacion-contra-la-fiebre-aftosa\/\"]}]},{\"@type\":\"ImageObject\",\"inLanguage\":\"es\",\"@id\":\"https:\/\/infoecos.com.ar\/index.php\/se-extiende-por-30-dias-la-campana-de-vacunacion-contra-la-fiebre-aftosa\/#primaryimage\",\"url\":\"https:\/\/infoecos.com.ar\/wp-content\/uploads\/2020-05-07-Vacunacion-aftosa-se-extiende-la-campa\u00f1a.jpg\",\"contentUrl\":\"https:\/\/infoecos.com.ar\/wp-content\/uploads\/2020-05-07-Vacunacion-aftosa-se-extiende-la-campa\u00f1a.jpg\",\"width\":616,\"height\":415,\"caption\":\"Vacunaci\u00f3n anfiaftosa\"},{\"@type\":\"BreadcrumbList\",\"@id\":\"https:\/\/infoecos.com.ar\/index.php\/se-extiende-por-30-dias-la-campana-de-vacunacion-contra-la-fiebre-aftosa\/#breadcrumb\",\"itemListElement\":[{\"@type\":\"ListItem\",\"position\":1,\"name\":\"Portada\",\"item\":\"https:\/\/infoecos.com.ar\/\"},{\"@type\":\"ListItem\",\"position\":2,\"name\":\"Se extiende por 30 d\u00edas la campa\u00f1a de vacunaci\u00f3n contra la fiebre aftosa\"}]},{\"@type\":\"WebSite\",\"@id\":\"https:\/\/infoecos.com.ar\/#website\",\"url\":\"https:\/\/infoecos.com.ar\/\",\"name\":\"Infoecos\",\"description\":\"Noticias de trenque lauquen y la zona\",\"publisher\":{\"@id\":\"https:\/\/infoecos.com.ar\/#organization\"},\"alternateName\":\"Noticias\",\"potentialAction\":[{\"@type\":\"SearchAction\",\"target\":{\"@type\":\"EntryPoint\",\"urlTemplate\":\"https:\/\/infoecos.com.ar\/?s={search_term_string}\"},\"query-input\":{\"@type\":\"PropertyValueSpecification\",\"valueRequired\":true,\"valueName\":\"search_term_string\"}}],\"inLanguage\":\"es\"},{\"@type\":\"Organization\",\"@id\":\"https:\/\/infoecos.com.ar\/#organization\",\"name\":\"Infoecos\",\"alternateName\":\"Noticias\",\"url\":\"https:\/\/infoecos.com.ar\/\",\"logo\":{\"@type\":\"ImageObject\",\"inLanguage\":\"es\",\"@id\":\"https:\/\/infoecos.com.ar\/#\/schema\/logo\/image\/\",\"url\":\"https:\/\/infoecos.com.ar\/wp-content\/uploads\/2024\/03\/cropped-logo.png\",\"contentUrl\":\"https:\/\/infoecos.com.ar\/wp-content\/uploads\/2024\/03\/cropped-logo.png\",\"width\":374,\"height\":90,\"caption\":\"Infoecos\"},\"image\":{\"@id\":\"https:\/\/infoecos.com.ar\/#\/schema\/logo\/image\/\"},\"sameAs\":[\"https:\/\/www.facebook.com\/profile.php?id=100063200290284\",\"https:\/\/x.com\/infoecos\"]},{\"@type\":\"Person\",\"@id\":\"https:\/\/infoecos.com.ar\/#\/schema\/person\/8f5ace5ce73b4b4aac4b7245aee6f191\",\"name\":\"Jorge Matheus\",\"url\":\"https:\/\/infoecos.com.ar\/index.php\/author\/jomatheus\/\"}]}<\/script>\n<!-- \/ Yoast SEO plugin. -->","yoast_head_json":{"title":"Se extiende por 30 d\u00edas la campa\u00f1a de vacunaci\u00f3n contra la fiebre aftosa - Infoecos","robots":{"index":"index","follow":"follow","max-snippet":"max-snippet:-1","max-image-preview":"max-image-preview:large","max-video-preview":"max-video-preview:-1"},"canonical":"https:\/\/infoecos.com.ar\/index.php\/se-extiende-por-30-dias-la-campana-de-vacunacion-contra-la-fiebre-aftosa\/","og_locale":"es_ES","og_type":"article","og_title":"Se extiende por 30 d\u00edas la campa\u00f1a de vacunaci\u00f3n contra la fiebre aftosa - Infoecos","og_description":"La medida alcanza a las provincias de Buenos Aires, C\u00f3rdoba, Corrientes, La Pampa, Santa Fe, San Luis, Formosa y Mendoza","og_url":"https:\/\/infoecos.com.ar\/index.php\/se-extiende-por-30-dias-la-campana-de-vacunacion-contra-la-fiebre-aftosa\/","og_site_name":"Infoecos","article_publisher":"https:\/\/www.facebook.com\/profile.php?id=100063200290284","article_published_time":"2020-05-07T18:12:40+00:00","article_modified_time":"2020-05-07T18:12:45+00:00","og_image":[{"width":616,"height":415,"url":"https:\/\/infoecos.com.ar\/wp-content\/uploads\/2020-05-07-Vacunacion-aftosa-se-extiende-la-campa\u00f1a.jpg","type":"image\/jpeg"}],"author":"Jorge Matheus","twitter_card":"summary_large_image","twitter_creator":"@infoecos","twitter_site":"@infoecos","twitter_misc":{"Escrito por":"Jorge Matheus","Tiempo de lectura":"1 minuto"},"schema":{"@context":"https:\/\/schema.org","@graph":[{"@type":"Article","@id":"https:\/\/infoecos.com.ar\/index.php\/se-extiende-por-30-dias-la-campana-de-vacunacion-contra-la-fiebre-aftosa\/#article","isPartOf":{"@id":"https:\/\/infoecos.com.ar\/index.php\/se-extiende-por-30-dias-la-campana-de-vacunacion-contra-la-fiebre-aftosa\/"},"author":{"name":"Jorge Matheus","@id":"https:\/\/infoecos.com.ar\/#\/schema\/person\/8f5ace5ce73b4b4aac4b7245aee6f191"},"headline":"Se extiende por 30 d\u00edas la campa\u00f1a de vacunaci\u00f3n contra la fiebre aftosa","datePublished":"2020-05-07T18:12:40+00:00","dateModified":"2020-05-07T18:12:45+00:00","mainEntityOfPage":{"@id":"https:\/\/infoecos.com.ar\/index.php\/se-extiende-por-30-dias-la-campana-de-vacunacion-contra-la-fiebre-aftosa\/"},"wordCount":263,"publisher":{"@id":"https:\/\/infoecos.com.ar\/#organization"},"image":{"@id":"https:\/\/infoecos.com.ar\/index.php\/se-extiende-por-30-dias-la-campana-de-vacunacion-contra-la-fiebre-aftosa\/#primaryimage"},"thumbnailUrl":"https:\/\/infoecos.com.ar\/wp-content\/uploads\/2020-05-07-Vacunacion-aftosa-se-extiende-la-campa\u00f1a.jpg","keywords":["GANADER\u00cdA"],"articleSection":["C2 nota 1"],"inLanguage":"es"},{"@type":"WebPage","@id":"https:\/\/infoecos.com.ar\/index.php\/se-extiende-por-30-dias-la-campana-de-vacunacion-contra-la-fiebre-aftosa\/","url":"https:\/\/infoecos.com.ar\/index.php\/se-extiende-por-30-dias-la-campana-de-vacunacion-contra-la-fiebre-aftosa\/","name":"Se extiende por 30 d\u00edas la campa\u00f1a de vacunaci\u00f3n contra la fiebre aftosa - Infoecos","isPartOf":{"@id":"https:\/\/infoecos.com.ar\/#website"},"primaryImageOfPage":{"@id":"https:\/\/infoecos.com.ar\/index.php\/se-extiende-por-30-dias-la-campana-de-vacunacion-contra-la-fiebre-aftosa\/#primaryimage"},"image":{"@id":"https:\/\/infoecos.com.ar\/index.php\/se-extiende-por-30-dias-la-campana-de-vacunacion-contra-la-fiebre-aftosa\/#primaryimage"},"thumbnailUrl":"https:\/\/infoecos.com.ar\/wp-content\/uploads\/2020-05-07-Vacunacion-aftosa-se-extiende-la-campa\u00f1a.jpg","datePublished":"2020-05-07T18:12:40+00:00","dateModified":"2020-05-07T18:12:45+00:00","breadcrumb":{"@id":"https:\/\/infoecos.com.ar\/index.php\/se-extiende-por-30-dias-la-campana-de-vacunacion-contra-la-fiebre-aftosa\/#breadcrumb"},"inLanguage":"es","potentialAction":[{"@type":"ReadAction","target":["https:\/\/infoecos.com.ar\/index.php\/se-extiende-por-30-dias-la-campana-de-vacunacion-contra-la-fiebre-aftosa\/"]}]},{"@type":"ImageObject","inLanguage":"es","@id":"https:\/\/infoecos.com.ar\/index.php\/se-extiende-por-30-dias-la-campana-de-vacunacion-contra-la-fiebre-aftosa\/#primaryimage","url":"https:\/\/infoecos.com.ar\/wp-content\/uploads\/2020-05-07-Vacunacion-aftosa-se-extiende-la-campa\u00f1a.jpg","contentUrl":"https:\/\/infoecos.com.ar\/wp-content\/uploads\/2020-05-07-Vacunacion-aftosa-se-extiende-la-campa\u00f1a.jpg","width":616,"height":415,"caption":"Vacunaci\u00f3n anfiaftosa"},{"@type":"BreadcrumbList","@id":"https:\/\/infoecos.com.ar\/index.php\/se-extiende-por-30-dias-la-campana-de-vacunacion-contra-la-fiebre-aftosa\/#breadcrumb","itemListElement":[{"@type":"ListItem","position":1,"name":"Portada","item":"https:\/\/infoecos.com.ar\/"},{"@type":"ListItem","position":2,"name":"Se extiende por 30 d\u00edas la campa\u00f1a de vacunaci\u00f3n contra la fiebre aftosa"}]},{"@type":"WebSite","@id":"https:\/\/infoecos.com.ar\/#website","url":"https:\/\/infoecos.com.ar\/","name":"Infoecos","description":"Noticias de trenque lauquen y la zona","publisher":{"@id":"https:\/\/infoecos.com.ar\/#organization"},"alternateName":"Noticias","potentialAction":[{"@type":"SearchAction","target":{"@type":"EntryPoint","urlTemplate":"https:\/\/infoecos.com.ar\/?s={search_term_string}"},"query-input":{"@type":"PropertyValueSpecification","valueRequired":true,"valueName":"search_term_string"}}],"inLanguage":"es"},{"@type":"Organization","@id":"https:\/\/infoecos.com.ar\/#organization","name":"Infoecos","alternateName":"Noticias","url":"https:\/\/infoecos.com.ar\/","logo":{"@type":"ImageObject","inLanguage":"es","@id":"https:\/\/infoecos.com.ar\/#\/schema\/logo\/image\/","url":"https:\/\/infoecos.com.ar\/wp-content\/uploads\/2024\/03\/cropped-logo.png","contentUrl":"https:\/\/infoecos.com.ar\/wp-content\/uploads\/2024\/03\/cropped-logo.png","width":374,"height":90,"caption":"Infoecos"},"image":{"@id":"https:\/\/infoecos.com.ar\/#\/schema\/logo\/image\/"},"sameAs":["https:\/\/www.facebook.com\/profile.php?id=100063200290284","https:\/\/x.com\/infoecos"]},{"@type":"Person","@id":"https:\/\/infoecos.com.ar\/#\/schema\/person\/8f5ace5ce73b4b4aac4b7245aee6f191","name":"Jorge Matheus","url":"https:\/\/infoecos.com.ar\/index.php\/author\/jomatheus\/"}]}},"featured_image_urls":{"full":["https:\/\/infoecos.com.ar\/wp-content\/uploads\/2020-05-07-Vacunacion-aftosa-se-extiende-la-campa\u00f1a.jpg",616,415,false],"thumbnail":["https:\/\/infoecos.com.ar\/wp-content\/uploads\/2020-05-07-Vacunacion-aftosa-se-extiende-la-campa\u00f1a-150x150.jpg",150,150,true],"medium":["https:\/\/infoecos.com.ar\/wp-content\/uploads\/2020-05-07-Vacunacion-aftosa-se-extiende-la-campa\u00f1a-460x310.jpg",460,310,true],"medium_large":["https:\/\/infoecos.com.ar\/wp-content\/uploads\/2020-05-07-Vacunacion-aftosa-se-extiende-la-campa\u00f1a.jpg",616,415,false],"large":["https:\/\/infoecos.com.ar\/wp-content\/uploads\/2020-05-07-Vacunacion-aftosa-se-extiende-la-campa\u00f1a.jpg",616,415,false],"1536x1536":["https:\/\/infoecos.com.ar\/wp-content\/uploads\/2020-05-07-Vacunacion-aftosa-se-extiende-la-campa\u00f1a.jpg",616,415,false],"2048x2048":["https:\/\/infoecos.com.ar\/wp-content\/uploads\/2020-05-07-Vacunacion-aftosa-se-extiende-la-campa\u00f1a.jpg",616,415,false],"covernews-slider-full":["https:\/\/infoecos.com.ar\/wp-content\/uploads\/2020-05-07-Vacunacion-aftosa-se-extiende-la-campa\u00f1a.jpg",616,415,false],"covernews-slider-center":["https:\/\/infoecos.com.ar\/wp-content\/uploads\/2020-05-07-Vacunacion-aftosa-se-extiende-la-campa\u00f1a.jpg",616,415,false],"covernews-featured":["https:\/\/infoecos.com.ar\/wp-content\/uploads\/2020-05-07-Vacunacion-aftosa-se-extiende-la-campa\u00f1a.jpg",616,415,false],"covernews-medium":["https:\/\/infoecos.com.ar\/wp-content\/uploads\/2020-05-07-Vacunacion-aftosa-se-extiende-la-campa\u00f1a-616x380.jpg",540,333,true],"covernews-medium-square":["https:\/\/infoecos.com.ar\/wp-content\/uploads\/2020-05-07-Vacunacion-aftosa-se-extiende-la-campa\u00f1a.jpg",371,250,false]},"author_info":{"info":["Jorge Matheus"]},"category_info":"<a href=\"https:\/\/infoecos.com.ar\/index.php\/category\/c2nota1\/\" rel=\"category tag\">C2 nota 1<\/a>","tag_info":"C2 nota 1","comment_count":"0","_links":{"self":[{"href":"https:\/\/infoecos.com.ar\/index.php\/wp-json\/wp\/v2\/posts\/61919"}],"collection":[{"href":"https:\/\/infoecos.com.ar\/index.php\/wp-json\/wp\/v2\/posts"}],"about":[{"href":"https:\/\/infoecos.com.ar\/index.php\/wp-json\/wp\/v2\/types\/post"}],"author":[{"embeddable":true,"href":"https:\/\/infoecos.com.ar\/index.php\/wp-json\/wp\/v2\/users\/2"}],"replies":[{"embeddable":true,"href":"https:\/\/infoecos.com.ar\/index.php\/wp-json\/wp\/v2\/comments?post=61919"}],"version-history":[{"count":1,"href":"https:\/\/infoecos.com.ar\/index.php\/wp-json\/wp\/v2\/posts\/61919\/revisions"}],"predecessor-version":[{"id":61921,"href":"https:\/\/infoecos.com.ar\/index.php\/wp-json\/wp\/v2\/posts\/61919\/revisions\/61921"}],"wp:featuredmedia":[{"embeddable":true,"href":"https:\/\/infoecos.com.ar\/index.php\/wp-json\/wp\/v2\/media\/61920"}],"wp:attachment":[{"href":"https:\/\/infoecos.com.ar\/index.php\/wp-json\/wp\/v2\/media?parent=61919"}],"wp:term":[{"taxonomy":"category","embeddable":true,"href":"https:\/\/infoecos.com.ar\/index.php\/wp-json\/wp\/v2\/categories?post=61919"},{"taxonomy":"post_tag","embeddable":true,"href":"https:\/\/infoecos.com.ar\/index.php\/wp-json\/wp\/v2\/tags?post=61919"}],"curies":[{"name":"wp","href":"https:\/\/api.w.org\/{rel}","templated":true}]}}