{"id":62130,"date":"2020-05-12T00:25:07","date_gmt":"2020-05-12T03:25:07","guid":{"rendered":"http:\/\/infoecos.com.ar\/?p=62130"},"modified":"2020-05-14T01:40:28","modified_gmt":"2020-05-14T04:40:28","slug":"una-plaza-de-9-de-julio-llevara-el-nombre-de-armando-tejada-gomez","status":"publish","type":"post","link":"https:\/\/infoecos.com.ar\/index.php\/una-plaza-de-9-de-julio-llevara-el-nombre-de-armando-tejada-gomez\/","title":{"rendered":"Una plaza de 9 de Julio llevar\u00e1 el nombre de Armando Tejada G\u00f3mez"},"content":{"rendered":"\n<p><strong>Dora Giannoni<\/strong> que fuera compa\u00f1era de Armando Tejada G\u00f3mez, uno de los m\u00e1s reconocidos autores y compositores de la Argentina, que escribi\u00f3 una especie de himno latinoamericano: Canci\u00f3n con Todos, en el marco de una entrevista que concedi\u00f3 al sitio radiografica.org.ar habl\u00f3 de la vida con el artista y ponder\u00f3 las letras de su poes\u00eda, como as\u00ed tambi\u00e9n los libros que escribi\u00f3.<\/p>\n\n\n\n<p>Dora Gianoni, nacida y criada en la ciudad de 9 de Julio, se\u00f1al\u00f3 que \u00abArmando est\u00e1 m\u00e1s vigente que nunca\u00bb. &nbsp;<\/p>\n\n\n\n<div class=\"wp-block-image\"><figure class=\"aligncenter size-large\"><img loading=\"lazy\" decoding=\"async\" width=\"297\" height=\"170\" src=\"http:\/\/infoecos.com.ar\/wp-content\/uploads\/armando-tejada-gomez-cocina.jpg\" alt=\"\" class=\"wp-image-62131\"\/><figcaption>Dora Giannoni con Armando Tejada G\u00f3mez<\/figcaption><\/figure><\/div>\n\n\n\n<p> \u201cLa obra de Armando Tejada G\u00f3mez tiene notable vigencia. Hoy lees&nbsp;<em>Hay un ni\u00f1o en la calle<\/em>, que fue escrito hace medio siglo, y los pibes siguen en las calles. Escuch\u00e1s&nbsp;<em>Un grito de ida y vuelta<\/em>, y los cipayos son los mismos. Es impresionante. Siempre digo qu\u00e9, con la poes\u00eda de Armando me pasa lo mismo qu\u00e9 con la biblia: ante cada circunstancia de la vida, Armando escribi\u00f3 algo que se puede relacionar\u201d, se\u00f1al\u00f3.<\/p>\n\n\n\n<p>Giannoni, despu\u00e9s de hablar para nuestros colegas como conoci\u00f3 al autor y compositor, coment\u00f3 que la ciudad de 9 de Julio le va a brindar un homenaje muy particular: \u201cEl estaba enamorado de una plaza de mi pueblo.&nbsp;<strong>La Plaza de los Tilos<\/strong>. El dec\u00eda que pocas veces hab\u00eda visto una plaza tan hermosa. Era lo m\u00e1s distintivo de mi ciudad, el aroma de los tilos. Hoy, esos tilos ya no est\u00e1n, pero ese espacio verde, cuando concluya esta pandemia,&nbsp;<strong>tendr\u00e1 el nombre de Armando Tejada G\u00f3mez<\/strong>\u201c. <\/p>\n\n\n\n<div class=\"wp-block-image\"><figure class=\"aligncenter size-large\"><img loading=\"lazy\" decoding=\"async\" width=\"300\" height=\"300\" src=\"http:\/\/infoecos.com.ar\/wp-content\/uploads\/armando-tejada-gomez-300x300-1.jpg\" alt=\"\" class=\"wp-image-62132\" srcset=\"https:\/\/infoecos.com.ar\/wp-content\/uploads\/armando-tejada-gomez-300x300-1.jpg 300w, https:\/\/infoecos.com.ar\/wp-content\/uploads\/armando-tejada-gomez-300x300-1-150x150.jpg 150w\" sizes=\"(max-width: 300px) 100vw, 300px\" \/><\/figure><\/div>\n","protected":false},"excerpt":{"rendered":"<p>Dora Giannoni que fuera compa\u00f1era de Armando Tejada G\u00f3mez, uno de los m\u00e1s reconocidos autores&#8230;<\/p>\n","protected":false},"author":2,"featured_media":62131,"comment_status":"closed","ping_status":"open","sticky":false,"template":"","format":"standard","meta":{"footnotes":""},"categories":[1625],"tags":[38],"class_list":["post-62130","post","type-post","status-publish","format-standard","has-post-thumbnail","hentry","category-empre-3","tag-9-de-julio"],"yoast_head":"<!-- This site is optimized with the Yoast SEO plugin v23.4 - https:\/\/yoast.com\/wordpress\/plugins\/seo\/ -->\n<title>Una plaza de 9 de Julio llevar\u00e1 el nombre de Armando Tejada G\u00f3mez - Infoecos<\/title>\n<meta name=\"robots\" content=\"index, follow, max-snippet:-1, max-image-preview:large, max-video-preview:-1\" \/>\n<link rel=\"canonical\" href=\"https:\/\/infoecos.com.ar\/index.php\/una-plaza-de-9-de-julio-llevara-el-nombre-de-armando-tejada-gomez\/\" \/>\n<meta property=\"og:locale\" content=\"es_ES\" \/>\n<meta property=\"og:type\" content=\"article\" \/>\n<meta property=\"og:title\" content=\"Una plaza de 9 de Julio llevar\u00e1 el nombre de Armando Tejada G\u00f3mez - Infoecos\" \/>\n<meta property=\"og:description\" content=\"Dora Giannoni que fuera compa\u00f1era de Armando Tejada G\u00f3mez, uno de los m\u00e1s reconocidos autores...\" \/>\n<meta property=\"og:url\" content=\"https:\/\/infoecos.com.ar\/index.php\/una-plaza-de-9-de-julio-llevara-el-nombre-de-armando-tejada-gomez\/\" \/>\n<meta property=\"og:site_name\" content=\"Infoecos\" \/>\n<meta property=\"article:publisher\" content=\"https:\/\/www.facebook.com\/profile.php?id=100063200290284\" \/>\n<meta property=\"article:published_time\" content=\"2020-05-12T03:25:07+00:00\" \/>\n<meta property=\"article:modified_time\" content=\"2020-05-14T04:40:28+00:00\" \/>\n<meta property=\"og:image\" content=\"https:\/\/infoecos.com.ar\/wp-content\/uploads\/armando-tejada-gomez-cocina.jpg\" \/>\n\t<meta property=\"og:image:width\" content=\"297\" \/>\n\t<meta property=\"og:image:height\" content=\"170\" \/>\n\t<meta property=\"og:image:type\" content=\"image\/jpeg\" \/>\n<meta name=\"author\" content=\"Jorge Matheus\" \/>\n<meta name=\"twitter:card\" content=\"summary_large_image\" \/>\n<meta name=\"twitter:creator\" content=\"@infoecos\" \/>\n<meta name=\"twitter:site\" content=\"@infoecos\" \/>\n<meta name=\"twitter:label1\" content=\"Escrito por\" \/>\n\t<meta name=\"twitter:data1\" content=\"Jorge Matheus\" \/>\n\t<meta name=\"twitter:label2\" content=\"Tiempo de lectura\" \/>\n\t<meta name=\"twitter:data2\" content=\"1 minuto\" \/>\n<script type=\"application\/ld+json\" class=\"yoast-schema-graph\">{\"@context\":\"https:\/\/schema.org\",\"@graph\":[{\"@type\":\"Article\",\"@id\":\"https:\/\/infoecos.com.ar\/index.php\/una-plaza-de-9-de-julio-llevara-el-nombre-de-armando-tejada-gomez\/#article\",\"isPartOf\":{\"@id\":\"https:\/\/infoecos.com.ar\/index.php\/una-plaza-de-9-de-julio-llevara-el-nombre-de-armando-tejada-gomez\/\"},\"author\":{\"name\":\"Jorge Matheus\",\"@id\":\"https:\/\/infoecos.com.ar\/#\/schema\/person\/8f5ace5ce73b4b4aac4b7245aee6f191\"},\"headline\":\"Una plaza de 9 de Julio llevar\u00e1 el nombre de Armando Tejada G\u00f3mez\",\"datePublished\":\"2020-05-12T03:25:07+00:00\",\"dateModified\":\"2020-05-14T04:40:28+00:00\",\"mainEntityOfPage\":{\"@id\":\"https:\/\/infoecos.com.ar\/index.php\/una-plaza-de-9-de-julio-llevara-el-nombre-de-armando-tejada-gomez\/\"},\"wordCount\":288,\"publisher\":{\"@id\":\"https:\/\/infoecos.com.ar\/#organization\"},\"image\":{\"@id\":\"https:\/\/infoecos.com.ar\/index.php\/una-plaza-de-9-de-julio-llevara-el-nombre-de-armando-tejada-gomez\/#primaryimage\"},\"thumbnailUrl\":\"https:\/\/infoecos.com.ar\/wp-content\/uploads\/armando-tejada-gomez-cocina.jpg\",\"keywords\":[\"9 DE JULIO\"],\"articleSection\":[\"Empre 3\"],\"inLanguage\":\"es\"},{\"@type\":\"WebPage\",\"@id\":\"https:\/\/infoecos.com.ar\/index.php\/una-plaza-de-9-de-julio-llevara-el-nombre-de-armando-tejada-gomez\/\",\"url\":\"https:\/\/infoecos.com.ar\/index.php\/una-plaza-de-9-de-julio-llevara-el-nombre-de-armando-tejada-gomez\/\",\"name\":\"Una plaza de 9 de Julio llevar\u00e1 el nombre de Armando Tejada G\u00f3mez - Infoecos\",\"isPartOf\":{\"@id\":\"https:\/\/infoecos.com.ar\/#website\"},\"primaryImageOfPage\":{\"@id\":\"https:\/\/infoecos.com.ar\/index.php\/una-plaza-de-9-de-julio-llevara-el-nombre-de-armando-tejada-gomez\/#primaryimage\"},\"image\":{\"@id\":\"https:\/\/infoecos.com.ar\/index.php\/una-plaza-de-9-de-julio-llevara-el-nombre-de-armando-tejada-gomez\/#primaryimage\"},\"thumbnailUrl\":\"https:\/\/infoecos.com.ar\/wp-content\/uploads\/armando-tejada-gomez-cocina.jpg\",\"datePublished\":\"2020-05-12T03:25:07+00:00\",\"dateModified\":\"2020-05-14T04:40:28+00:00\",\"breadcrumb\":{\"@id\":\"https:\/\/infoecos.com.ar\/index.php\/una-plaza-de-9-de-julio-llevara-el-nombre-de-armando-tejada-gomez\/#breadcrumb\"},\"inLanguage\":\"es\",\"potentialAction\":[{\"@type\":\"ReadAction\",\"target\":[\"https:\/\/infoecos.com.ar\/index.php\/una-plaza-de-9-de-julio-llevara-el-nombre-de-armando-tejada-gomez\/\"]}]},{\"@type\":\"ImageObject\",\"inLanguage\":\"es\",\"@id\":\"https:\/\/infoecos.com.ar\/index.php\/una-plaza-de-9-de-julio-llevara-el-nombre-de-armando-tejada-gomez\/#primaryimage\",\"url\":\"https:\/\/infoecos.com.ar\/wp-content\/uploads\/armando-tejada-gomez-cocina.jpg\",\"contentUrl\":\"https:\/\/infoecos.com.ar\/wp-content\/uploads\/armando-tejada-gomez-cocina.jpg\",\"width\":297,\"height\":170},{\"@type\":\"BreadcrumbList\",\"@id\":\"https:\/\/infoecos.com.ar\/index.php\/una-plaza-de-9-de-julio-llevara-el-nombre-de-armando-tejada-gomez\/#breadcrumb\",\"itemListElement\":[{\"@type\":\"ListItem\",\"position\":1,\"name\":\"Portada\",\"item\":\"https:\/\/infoecos.com.ar\/\"},{\"@type\":\"ListItem\",\"position\":2,\"name\":\"Una plaza de 9 de Julio llevar\u00e1 el nombre de Armando Tejada G\u00f3mez\"}]},{\"@type\":\"WebSite\",\"@id\":\"https:\/\/infoecos.com.ar\/#website\",\"url\":\"https:\/\/infoecos.com.ar\/\",\"name\":\"Infoecos\",\"description\":\"Noticias de trenque lauquen y la zona\",\"publisher\":{\"@id\":\"https:\/\/infoecos.com.ar\/#organization\"},\"alternateName\":\"Noticias\",\"potentialAction\":[{\"@type\":\"SearchAction\",\"target\":{\"@type\":\"EntryPoint\",\"urlTemplate\":\"https:\/\/infoecos.com.ar\/?s={search_term_string}\"},\"query-input\":{\"@type\":\"PropertyValueSpecification\",\"valueRequired\":true,\"valueName\":\"search_term_string\"}}],\"inLanguage\":\"es\"},{\"@type\":\"Organization\",\"@id\":\"https:\/\/infoecos.com.ar\/#organization\",\"name\":\"Infoecos\",\"alternateName\":\"Noticias\",\"url\":\"https:\/\/infoecos.com.ar\/\",\"logo\":{\"@type\":\"ImageObject\",\"inLanguage\":\"es\",\"@id\":\"https:\/\/infoecos.com.ar\/#\/schema\/logo\/image\/\",\"url\":\"https:\/\/infoecos.com.ar\/wp-content\/uploads\/2024\/03\/cropped-logo.png\",\"contentUrl\":\"https:\/\/infoecos.com.ar\/wp-content\/uploads\/2024\/03\/cropped-logo.png\",\"width\":374,\"height\":90,\"caption\":\"Infoecos\"},\"image\":{\"@id\":\"https:\/\/infoecos.com.ar\/#\/schema\/logo\/image\/\"},\"sameAs\":[\"https:\/\/www.facebook.com\/profile.php?id=100063200290284\",\"https:\/\/x.com\/infoecos\"]},{\"@type\":\"Person\",\"@id\":\"https:\/\/infoecos.com.ar\/#\/schema\/person\/8f5ace5ce73b4b4aac4b7245aee6f191\",\"name\":\"Jorge Matheus\",\"url\":\"https:\/\/infoecos.com.ar\/index.php\/author\/jomatheus\/\"}]}<\/script>\n<!-- \/ Yoast SEO plugin. -->","yoast_head_json":{"title":"Una plaza de 9 de Julio llevar\u00e1 el nombre de Armando Tejada G\u00f3mez - Infoecos","robots":{"index":"index","follow":"follow","max-snippet":"max-snippet:-1","max-image-preview":"max-image-preview:large","max-video-preview":"max-video-preview:-1"},"canonical":"https:\/\/infoecos.com.ar\/index.php\/una-plaza-de-9-de-julio-llevara-el-nombre-de-armando-tejada-gomez\/","og_locale":"es_ES","og_type":"article","og_title":"Una plaza de 9 de Julio llevar\u00e1 el nombre de Armando Tejada G\u00f3mez - Infoecos","og_description":"Dora Giannoni que fuera compa\u00f1era de Armando Tejada G\u00f3mez, uno de los m\u00e1s reconocidos autores...","og_url":"https:\/\/infoecos.com.ar\/index.php\/una-plaza-de-9-de-julio-llevara-el-nombre-de-armando-tejada-gomez\/","og_site_name":"Infoecos","article_publisher":"https:\/\/www.facebook.com\/profile.php?id=100063200290284","article_published_time":"2020-05-12T03:25:07+00:00","article_modified_time":"2020-05-14T04:40:28+00:00","og_image":[{"width":297,"height":170,"url":"https:\/\/infoecos.com.ar\/wp-content\/uploads\/armando-tejada-gomez-cocina.jpg","type":"image\/jpeg"}],"author":"Jorge Matheus","twitter_card":"summary_large_image","twitter_creator":"@infoecos","twitter_site":"@infoecos","twitter_misc":{"Escrito por":"Jorge Matheus","Tiempo de lectura":"1 minuto"},"schema":{"@context":"https:\/\/schema.org","@graph":[{"@type":"Article","@id":"https:\/\/infoecos.com.ar\/index.php\/una-plaza-de-9-de-julio-llevara-el-nombre-de-armando-tejada-gomez\/#article","isPartOf":{"@id":"https:\/\/infoecos.com.ar\/index.php\/una-plaza-de-9-de-julio-llevara-el-nombre-de-armando-tejada-gomez\/"},"author":{"name":"Jorge Matheus","@id":"https:\/\/infoecos.com.ar\/#\/schema\/person\/8f5ace5ce73b4b4aac4b7245aee6f191"},"headline":"Una plaza de 9 de Julio llevar\u00e1 el nombre de Armando Tejada G\u00f3mez","datePublished":"2020-05-12T03:25:07+00:00","dateModified":"2020-05-14T04:40:28+00:00","mainEntityOfPage":{"@id":"https:\/\/infoecos.com.ar\/index.php\/una-plaza-de-9-de-julio-llevara-el-nombre-de-armando-tejada-gomez\/"},"wordCount":288,"publisher":{"@id":"https:\/\/infoecos.com.ar\/#organization"},"image":{"@id":"https:\/\/infoecos.com.ar\/index.php\/una-plaza-de-9-de-julio-llevara-el-nombre-de-armando-tejada-gomez\/#primaryimage"},"thumbnailUrl":"https:\/\/infoecos.com.ar\/wp-content\/uploads\/armando-tejada-gomez-cocina.jpg","keywords":["9 DE JULIO"],"articleSection":["Empre 3"],"inLanguage":"es"},{"@type":"WebPage","@id":"https:\/\/infoecos.com.ar\/index.php\/una-plaza-de-9-de-julio-llevara-el-nombre-de-armando-tejada-gomez\/","url":"https:\/\/infoecos.com.ar\/index.php\/una-plaza-de-9-de-julio-llevara-el-nombre-de-armando-tejada-gomez\/","name":"Una plaza de 9 de Julio llevar\u00e1 el nombre de Armando Tejada G\u00f3mez - Infoecos","isPartOf":{"@id":"https:\/\/infoecos.com.ar\/#website"},"primaryImageOfPage":{"@id":"https:\/\/infoecos.com.ar\/index.php\/una-plaza-de-9-de-julio-llevara-el-nombre-de-armando-tejada-gomez\/#primaryimage"},"image":{"@id":"https:\/\/infoecos.com.ar\/index.php\/una-plaza-de-9-de-julio-llevara-el-nombre-de-armando-tejada-gomez\/#primaryimage"},"thumbnailUrl":"https:\/\/infoecos.com.ar\/wp-content\/uploads\/armando-tejada-gomez-cocina.jpg","datePublished":"2020-05-12T03:25:07+00:00","dateModified":"2020-05-14T04:40:28+00:00","breadcrumb":{"@id":"https:\/\/infoecos.com.ar\/index.php\/una-plaza-de-9-de-julio-llevara-el-nombre-de-armando-tejada-gomez\/#breadcrumb"},"inLanguage":"es","potentialAction":[{"@type":"ReadAction","target":["https:\/\/infoecos.com.ar\/index.php\/una-plaza-de-9-de-julio-llevara-el-nombre-de-armando-tejada-gomez\/"]}]},{"@type":"ImageObject","inLanguage":"es","@id":"https:\/\/infoecos.com.ar\/index.php\/una-plaza-de-9-de-julio-llevara-el-nombre-de-armando-tejada-gomez\/#primaryimage","url":"https:\/\/infoecos.com.ar\/wp-content\/uploads\/armando-tejada-gomez-cocina.jpg","contentUrl":"https:\/\/infoecos.com.ar\/wp-content\/uploads\/armando-tejada-gomez-cocina.jpg","width":297,"height":170},{"@type":"BreadcrumbList","@id":"https:\/\/infoecos.com.ar\/index.php\/una-plaza-de-9-de-julio-llevara-el-nombre-de-armando-tejada-gomez\/#breadcrumb","itemListElement":[{"@type":"ListItem","position":1,"name":"Portada","item":"https:\/\/infoecos.com.ar\/"},{"@type":"ListItem","position":2,"name":"Una plaza de 9 de Julio llevar\u00e1 el nombre de Armando Tejada G\u00f3mez"}]},{"@type":"WebSite","@id":"https:\/\/infoecos.com.ar\/#website","url":"https:\/\/infoecos.com.ar\/","name":"Infoecos","description":"Noticias de trenque lauquen y la zona","publisher":{"@id":"https:\/\/infoecos.com.ar\/#organization"},"alternateName":"Noticias","potentialAction":[{"@type":"SearchAction","target":{"@type":"EntryPoint","urlTemplate":"https:\/\/infoecos.com.ar\/?s={search_term_string}"},"query-input":{"@type":"PropertyValueSpecification","valueRequired":true,"valueName":"search_term_string"}}],"inLanguage":"es"},{"@type":"Organization","@id":"https:\/\/infoecos.com.ar\/#organization","name":"Infoecos","alternateName":"Noticias","url":"https:\/\/infoecos.com.ar\/","logo":{"@type":"ImageObject","inLanguage":"es","@id":"https:\/\/infoecos.com.ar\/#\/schema\/logo\/image\/","url":"https:\/\/infoecos.com.ar\/wp-content\/uploads\/2024\/03\/cropped-logo.png","contentUrl":"https:\/\/infoecos.com.ar\/wp-content\/uploads\/2024\/03\/cropped-logo.png","width":374,"height":90,"caption":"Infoecos"},"image":{"@id":"https:\/\/infoecos.com.ar\/#\/schema\/logo\/image\/"},"sameAs":["https:\/\/www.facebook.com\/profile.php?id=100063200290284","https:\/\/x.com\/infoecos"]},{"@type":"Person","@id":"https:\/\/infoecos.com.ar\/#\/schema\/person\/8f5ace5ce73b4b4aac4b7245aee6f191","name":"Jorge Matheus","url":"https:\/\/infoecos.com.ar\/index.php\/author\/jomatheus\/"}]}},"featured_image_urls":{"full":["https:\/\/infoecos.com.ar\/wp-content\/uploads\/armando-tejada-gomez-cocina.jpg",297,170,false],"thumbnail":["https:\/\/infoecos.com.ar\/wp-content\/uploads\/armando-tejada-gomez-cocina-150x150.jpg",150,150,true],"medium":["https:\/\/infoecos.com.ar\/wp-content\/uploads\/armando-tejada-gomez-cocina.jpg",297,170,false],"medium_large":["https:\/\/infoecos.com.ar\/wp-content\/uploads\/armando-tejada-gomez-cocina.jpg",297,170,false],"large":["https:\/\/infoecos.com.ar\/wp-content\/uploads\/armando-tejada-gomez-cocina.jpg",297,170,false],"1536x1536":["https:\/\/infoecos.com.ar\/wp-content\/uploads\/armando-tejada-gomez-cocina.jpg",297,170,false],"2048x2048":["https:\/\/infoecos.com.ar\/wp-content\/uploads\/armando-tejada-gomez-cocina.jpg",297,170,false],"covernews-slider-full":["https:\/\/infoecos.com.ar\/wp-content\/uploads\/armando-tejada-gomez-cocina.jpg",297,170,false],"covernews-slider-center":["https:\/\/infoecos.com.ar\/wp-content\/uploads\/armando-tejada-gomez-cocina.jpg",297,170,false],"covernews-featured":["https:\/\/infoecos.com.ar\/wp-content\/uploads\/armando-tejada-gomez-cocina.jpg",297,170,false],"covernews-medium":["https:\/\/infoecos.com.ar\/wp-content\/uploads\/armando-tejada-gomez-cocina.jpg",297,170,false],"covernews-medium-square":["https:\/\/infoecos.com.ar\/wp-content\/uploads\/armando-tejada-gomez-cocina.jpg",297,170,false]},"author_info":{"info":["Jorge Matheus"]},"category_info":"<a href=\"https:\/\/infoecos.com.ar\/index.php\/category\/empre-3\/\" rel=\"category tag\">Empre 3<\/a>","tag_info":"Empre 3","comment_count":"0","_links":{"self":[{"href":"https:\/\/infoecos.com.ar\/index.php\/wp-json\/wp\/v2\/posts\/62130"}],"collection":[{"href":"https:\/\/infoecos.com.ar\/index.php\/wp-json\/wp\/v2\/posts"}],"about":[{"href":"https:\/\/infoecos.com.ar\/index.php\/wp-json\/wp\/v2\/types\/post"}],"author":[{"embeddable":true,"href":"https:\/\/infoecos.com.ar\/index.php\/wp-json\/wp\/v2\/users\/2"}],"replies":[{"embeddable":true,"href":"https:\/\/infoecos.com.ar\/index.php\/wp-json\/wp\/v2\/comments?post=62130"}],"version-history":[{"count":2,"href":"https:\/\/infoecos.com.ar\/index.php\/wp-json\/wp\/v2\/posts\/62130\/revisions"}],"predecessor-version":[{"id":62293,"href":"https:\/\/infoecos.com.ar\/index.php\/wp-json\/wp\/v2\/posts\/62130\/revisions\/62293"}],"wp:featuredmedia":[{"embeddable":true,"href":"https:\/\/infoecos.com.ar\/index.php\/wp-json\/wp\/v2\/media\/62131"}],"wp:attachment":[{"href":"https:\/\/infoecos.com.ar\/index.php\/wp-json\/wp\/v2\/media?parent=62130"}],"wp:term":[{"taxonomy":"category","embeddable":true,"href":"https:\/\/infoecos.com.ar\/index.php\/wp-json\/wp\/v2\/categories?post=62130"},{"taxonomy":"post_tag","embeddable":true,"href":"https:\/\/infoecos.com.ar\/index.php\/wp-json\/wp\/v2\/tags?post=62130"}],"curies":[{"name":"wp","href":"https:\/\/api.w.org\/{rel}","templated":true}]}}