{"id":62356,"date":"2020-05-15T00:59:45","date_gmt":"2020-05-15T03:59:45","guid":{"rendered":"http:\/\/infoecos.com.ar\/?p=62356"},"modified":"2020-05-20T00:57:56","modified_gmt":"2020-05-20T03:57:56","slug":"continua-la-vacunacion-contra-la-aftosa-en-la-provincia-de-buenos-aires","status":"publish","type":"post","link":"https:\/\/infoecos.com.ar\/index.php\/continua-la-vacunacion-contra-la-aftosa-en-la-provincia-de-buenos-aires\/","title":{"rendered":"Contin\u00faa la vacunaci\u00f3n contra la aftosa en la provincia de Buenos Aires"},"content":{"rendered":"\n<p>El Servicio Nacional de Sanidad y Calidad Agroalimentaria (Senasa), junto a los municipios de la provincia de Buenos Aires y el sector ganadero acordaron continuar con las acciones sanitarias propias de la primera campa\u00f1a de vacunaci\u00f3n contra la fiebre aftosa para dar cumplimiento a la cobertura vacunal y asegurar la inmunidad del rodeo nacional, sosteniendo el estatus sanitario de reconocimiento mundial, alcanzado por la Argentina.<\/p>\n\n\n\n<p>De esta manera y como consecuencia de las medidas sanitarias de aislamiento social, preventivo y obligatorio dispuestas por el gobierno nacional, el ritmo de vacunaci\u00f3n se vio afectado, motivos por los cuales <strong>se <\/strong>extendi\u00f3 a 90 d\u00edas el periodo de vacunaci\u00f3n previsto inicialmente en 60 y as\u00ed lograr un \u00f3ptimo porcentaje de cobertura.<\/p>\n\n\n\n<p>Es\nimportante se\u00f1alar que la jurisdicci\u00f3n del Centro Regional Buenos Aires Norte\ndel Senasa, con su sede en Chivilcoy, comprende la mitad de la provincia de\nBuenos Aires.<\/p>\n\n\n\n<div class=\"wp-block-image\"><figure class=\"aligncenter size-medium\"><img loading=\"lazy\" decoding=\"async\" width=\"460\" height=\"275\" src=\"http:\/\/infoecos.com.ar\/wp-content\/uploads\/Ciudades-que-integran-el-CENTRO-REGIONAL-BUENOS-AIRES-NORTE-del-Senasa-460x275.jpg\" alt=\"\" class=\"wp-image-62357\" srcset=\"https:\/\/infoecos.com.ar\/wp-content\/uploads\/Ciudades-que-integran-el-CENTRO-REGIONAL-BUENOS-AIRES-NORTE-del-Senasa-460x275.jpg 460w, https:\/\/infoecos.com.ar\/wp-content\/uploads\/Ciudades-que-integran-el-CENTRO-REGIONAL-BUENOS-AIRES-NORTE-del-Senasa.jpg 756w\" sizes=\"(max-width: 460px) 100vw, 460px\" \/><\/figure><\/div>\n\n\n\n<p>Mas\nprecisamente la zona centro y norte, e integra a las ciudades de: San Nicol\u00e1s,\nRamallo, San Pedro, Baradero, Z\u00e1rate, Pergamino, Col\u00f3n, Arenales, Rojas,\nLeandro N. Alem, Pinto, Florentino Ameghino, Villegas, Rivadavia, Tres Lomas,\nSalliquelo, Pellegrini, Trenque Lauquen, Pehuaj\u00f3, Carlos Casares, 9 de Julio,\nBragado, Alberti, Chivilcoy, Suipacha, Mercedes, Lujan, Las Heras, Navarro,\nLobos, 25 de Mayo, Bol\u00edvar, Hip\u00f3lito Yrigoyen, Daireaux, Tapalque, General\nAlvear, Saladillo, Roque P\u00e9rez, Ca\u00f1uelas, San Vicente, Brandsen, General Paz,\nMonte, Las Flores, General Belgrano, Magdalena, Punta Indio, Chascom\u00fas, Lezama,\nPila, Bartolom\u00e9 Mitre, Emilio Bunge, Capit\u00e1n Sarmiento, San Antonio de Areco,\nSan Andr\u00e9s de Giles, Exaltaci\u00f3n de la Cruz, Carmen de Areco, Salto, Chacabuco,\nCarlos Tejedor, Lincoln y Jun\u00edn.<\/p>\n\n\n\n<p>En esta vasta regi\u00f3n, al d\u00eda de hoy, se llevan vacunados 7.515.300 bovinos, lo que representa el 81,08 % de cabezas, quedando 1.753.853 animales por vacunar, solo el 18,92 % del total.<\/p>\n\n\n\n<p><em>\u201cEstamos llevando a cabo\nuna exitosa campa\u00f1a de vacunaci\u00f3n, ya que con todas las medidas y cuidados que\ndebemos tomar, producto del aislamiento social, preventivo y obligatorio, hizo que\nel ritmo de vacunaci\u00f3n en la campa\u00f1a disminuya y sin embargo, en nuestra regi\u00f3n\nse vacun\u00f3 m\u00e1s del 80 % del rodeo, &nbsp;y esto\nes posible gracias al esfuerzo en conjunto realizado por los gobiernos\nmunicipales, los entes sanitarios y los veterinarios local del Organismo,\nquienes con su tareas de control y auditor\u00edas a campo, aseguran que el proceso\nde inoculaci\u00f3n se realice en forma correcta\u201d<\/em>, expres\u00f3 N\u00e9stor Osacar,\nCoordinador Regional de Sanidad Animal del Centro Regional Buenos Aires Norte.<\/p>\n\n\n\n<p>Para\nmayor informaci\u00f3n comunicarse con la sede del Centro Regional Buenos Aires\nNorte del Senasa, en la ciudad de Chivilcoy, a los tel\u00e9fonos (02346)\n436271\/72\/73.<\/p>\n","protected":false},"excerpt":{"rendered":"<p>El Servicio Nacional de Sanidad y Calidad Agroalimentaria (Senasa), junto a los municipios de la&#8230;<\/p>\n","protected":false},"author":2,"featured_media":62357,"comment_status":"closed","ping_status":"open","sticky":false,"template":"","format":"standard","meta":{"footnotes":""},"categories":[1643],"tags":[173],"class_list":["post-62356","post","type-post","status-publish","format-standard","has-post-thumbnail","hentry","category-inferior16","tag-ganaderia"],"yoast_head":"<!-- This site is optimized with the Yoast SEO plugin v23.4 - https:\/\/yoast.com\/wordpress\/plugins\/seo\/ -->\n<title>Contin\u00faa la vacunaci\u00f3n contra la aftosa en la provincia de Buenos Aires - Infoecos<\/title>\n<meta name=\"robots\" content=\"index, follow, max-snippet:-1, max-image-preview:large, max-video-preview:-1\" \/>\n<link rel=\"canonical\" href=\"https:\/\/infoecos.com.ar\/index.php\/continua-la-vacunacion-contra-la-aftosa-en-la-provincia-de-buenos-aires\/\" \/>\n<meta property=\"og:locale\" content=\"es_ES\" \/>\n<meta property=\"og:type\" content=\"article\" \/>\n<meta property=\"og:title\" content=\"Contin\u00faa la vacunaci\u00f3n contra la aftosa en la provincia de Buenos Aires - Infoecos\" \/>\n<meta property=\"og:description\" content=\"El Servicio Nacional de Sanidad y Calidad Agroalimentaria (Senasa), junto a los municipios de la...\" \/>\n<meta property=\"og:url\" content=\"https:\/\/infoecos.com.ar\/index.php\/continua-la-vacunacion-contra-la-aftosa-en-la-provincia-de-buenos-aires\/\" \/>\n<meta property=\"og:site_name\" content=\"Infoecos\" \/>\n<meta property=\"article:publisher\" content=\"https:\/\/www.facebook.com\/profile.php?id=100063200290284\" \/>\n<meta property=\"article:published_time\" content=\"2020-05-15T03:59:45+00:00\" \/>\n<meta property=\"article:modified_time\" content=\"2020-05-20T03:57:56+00:00\" \/>\n<meta property=\"og:image\" content=\"https:\/\/infoecos.com.ar\/wp-content\/uploads\/Ciudades-que-integran-el-CENTRO-REGIONAL-BUENOS-AIRES-NORTE-del-Senasa.jpg\" \/>\n\t<meta property=\"og:image:width\" content=\"756\" \/>\n\t<meta property=\"og:image:height\" content=\"452\" \/>\n\t<meta property=\"og:image:type\" content=\"image\/jpeg\" \/>\n<meta name=\"author\" content=\"Jorge Matheus\" \/>\n<meta name=\"twitter:card\" content=\"summary_large_image\" \/>\n<meta name=\"twitter:creator\" content=\"@infoecos\" \/>\n<meta name=\"twitter:site\" content=\"@infoecos\" \/>\n<meta name=\"twitter:label1\" content=\"Escrito por\" \/>\n\t<meta name=\"twitter:data1\" content=\"Jorge Matheus\" \/>\n\t<meta name=\"twitter:label2\" content=\"Tiempo de lectura\" \/>\n\t<meta name=\"twitter:data2\" content=\"2 minutos\" \/>\n<script type=\"application\/ld+json\" class=\"yoast-schema-graph\">{\"@context\":\"https:\/\/schema.org\",\"@graph\":[{\"@type\":\"Article\",\"@id\":\"https:\/\/infoecos.com.ar\/index.php\/continua-la-vacunacion-contra-la-aftosa-en-la-provincia-de-buenos-aires\/#article\",\"isPartOf\":{\"@id\":\"https:\/\/infoecos.com.ar\/index.php\/continua-la-vacunacion-contra-la-aftosa-en-la-provincia-de-buenos-aires\/\"},\"author\":{\"name\":\"Jorge Matheus\",\"@id\":\"https:\/\/infoecos.com.ar\/#\/schema\/person\/8f5ace5ce73b4b4aac4b7245aee6f191\"},\"headline\":\"Contin\u00faa la vacunaci\u00f3n contra la aftosa en la provincia de Buenos Aires\",\"datePublished\":\"2020-05-15T03:59:45+00:00\",\"dateModified\":\"2020-05-20T03:57:56+00:00\",\"mainEntityOfPage\":{\"@id\":\"https:\/\/infoecos.com.ar\/index.php\/continua-la-vacunacion-contra-la-aftosa-en-la-provincia-de-buenos-aires\/\"},\"wordCount\":457,\"publisher\":{\"@id\":\"https:\/\/infoecos.com.ar\/#organization\"},\"image\":{\"@id\":\"https:\/\/infoecos.com.ar\/index.php\/continua-la-vacunacion-contra-la-aftosa-en-la-provincia-de-buenos-aires\/#primaryimage\"},\"thumbnailUrl\":\"https:\/\/infoecos.com.ar\/wp-content\/uploads\/Ciudades-que-integran-el-CENTRO-REGIONAL-BUENOS-AIRES-NORTE-del-Senasa.jpg\",\"keywords\":[\"GANADER\u00cdA\"],\"articleSection\":[\"Bloque inferior - 16\"],\"inLanguage\":\"es\"},{\"@type\":\"WebPage\",\"@id\":\"https:\/\/infoecos.com.ar\/index.php\/continua-la-vacunacion-contra-la-aftosa-en-la-provincia-de-buenos-aires\/\",\"url\":\"https:\/\/infoecos.com.ar\/index.php\/continua-la-vacunacion-contra-la-aftosa-en-la-provincia-de-buenos-aires\/\",\"name\":\"Contin\u00faa la vacunaci\u00f3n contra la aftosa en la provincia de Buenos Aires - Infoecos\",\"isPartOf\":{\"@id\":\"https:\/\/infoecos.com.ar\/#website\"},\"primaryImageOfPage\":{\"@id\":\"https:\/\/infoecos.com.ar\/index.php\/continua-la-vacunacion-contra-la-aftosa-en-la-provincia-de-buenos-aires\/#primaryimage\"},\"image\":{\"@id\":\"https:\/\/infoecos.com.ar\/index.php\/continua-la-vacunacion-contra-la-aftosa-en-la-provincia-de-buenos-aires\/#primaryimage\"},\"thumbnailUrl\":\"https:\/\/infoecos.com.ar\/wp-content\/uploads\/Ciudades-que-integran-el-CENTRO-REGIONAL-BUENOS-AIRES-NORTE-del-Senasa.jpg\",\"datePublished\":\"2020-05-15T03:59:45+00:00\",\"dateModified\":\"2020-05-20T03:57:56+00:00\",\"breadcrumb\":{\"@id\":\"https:\/\/infoecos.com.ar\/index.php\/continua-la-vacunacion-contra-la-aftosa-en-la-provincia-de-buenos-aires\/#breadcrumb\"},\"inLanguage\":\"es\",\"potentialAction\":[{\"@type\":\"ReadAction\",\"target\":[\"https:\/\/infoecos.com.ar\/index.php\/continua-la-vacunacion-contra-la-aftosa-en-la-provincia-de-buenos-aires\/\"]}]},{\"@type\":\"ImageObject\",\"inLanguage\":\"es\",\"@id\":\"https:\/\/infoecos.com.ar\/index.php\/continua-la-vacunacion-contra-la-aftosa-en-la-provincia-de-buenos-aires\/#primaryimage\",\"url\":\"https:\/\/infoecos.com.ar\/wp-content\/uploads\/Ciudades-que-integran-el-CENTRO-REGIONAL-BUENOS-AIRES-NORTE-del-Senasa.jpg\",\"contentUrl\":\"https:\/\/infoecos.com.ar\/wp-content\/uploads\/Ciudades-que-integran-el-CENTRO-REGIONAL-BUENOS-AIRES-NORTE-del-Senasa.jpg\",\"width\":756,\"height\":452},{\"@type\":\"BreadcrumbList\",\"@id\":\"https:\/\/infoecos.com.ar\/index.php\/continua-la-vacunacion-contra-la-aftosa-en-la-provincia-de-buenos-aires\/#breadcrumb\",\"itemListElement\":[{\"@type\":\"ListItem\",\"position\":1,\"name\":\"Portada\",\"item\":\"https:\/\/infoecos.com.ar\/\"},{\"@type\":\"ListItem\",\"position\":2,\"name\":\"Contin\u00faa la vacunaci\u00f3n contra la aftosa en la provincia de Buenos Aires\"}]},{\"@type\":\"WebSite\",\"@id\":\"https:\/\/infoecos.com.ar\/#website\",\"url\":\"https:\/\/infoecos.com.ar\/\",\"name\":\"Infoecos\",\"description\":\"Noticias de trenque lauquen y la zona\",\"publisher\":{\"@id\":\"https:\/\/infoecos.com.ar\/#organization\"},\"alternateName\":\"Noticias\",\"potentialAction\":[{\"@type\":\"SearchAction\",\"target\":{\"@type\":\"EntryPoint\",\"urlTemplate\":\"https:\/\/infoecos.com.ar\/?s={search_term_string}\"},\"query-input\":{\"@type\":\"PropertyValueSpecification\",\"valueRequired\":true,\"valueName\":\"search_term_string\"}}],\"inLanguage\":\"es\"},{\"@type\":\"Organization\",\"@id\":\"https:\/\/infoecos.com.ar\/#organization\",\"name\":\"Infoecos\",\"alternateName\":\"Noticias\",\"url\":\"https:\/\/infoecos.com.ar\/\",\"logo\":{\"@type\":\"ImageObject\",\"inLanguage\":\"es\",\"@id\":\"https:\/\/infoecos.com.ar\/#\/schema\/logo\/image\/\",\"url\":\"https:\/\/infoecos.com.ar\/wp-content\/uploads\/2024\/03\/cropped-logo.png\",\"contentUrl\":\"https:\/\/infoecos.com.ar\/wp-content\/uploads\/2024\/03\/cropped-logo.png\",\"width\":374,\"height\":90,\"caption\":\"Infoecos\"},\"image\":{\"@id\":\"https:\/\/infoecos.com.ar\/#\/schema\/logo\/image\/\"},\"sameAs\":[\"https:\/\/www.facebook.com\/profile.php?id=100063200290284\",\"https:\/\/x.com\/infoecos\"]},{\"@type\":\"Person\",\"@id\":\"https:\/\/infoecos.com.ar\/#\/schema\/person\/8f5ace5ce73b4b4aac4b7245aee6f191\",\"name\":\"Jorge Matheus\",\"url\":\"https:\/\/infoecos.com.ar\/index.php\/author\/jomatheus\/\"}]}<\/script>\n<!-- \/ Yoast SEO plugin. -->","yoast_head_json":{"title":"Contin\u00faa la vacunaci\u00f3n contra la aftosa en la provincia de Buenos Aires - Infoecos","robots":{"index":"index","follow":"follow","max-snippet":"max-snippet:-1","max-image-preview":"max-image-preview:large","max-video-preview":"max-video-preview:-1"},"canonical":"https:\/\/infoecos.com.ar\/index.php\/continua-la-vacunacion-contra-la-aftosa-en-la-provincia-de-buenos-aires\/","og_locale":"es_ES","og_type":"article","og_title":"Contin\u00faa la vacunaci\u00f3n contra la aftosa en la provincia de Buenos Aires - Infoecos","og_description":"El Servicio Nacional de Sanidad y Calidad Agroalimentaria (Senasa), junto a los municipios de la...","og_url":"https:\/\/infoecos.com.ar\/index.php\/continua-la-vacunacion-contra-la-aftosa-en-la-provincia-de-buenos-aires\/","og_site_name":"Infoecos","article_publisher":"https:\/\/www.facebook.com\/profile.php?id=100063200290284","article_published_time":"2020-05-15T03:59:45+00:00","article_modified_time":"2020-05-20T03:57:56+00:00","og_image":[{"width":756,"height":452,"url":"https:\/\/infoecos.com.ar\/wp-content\/uploads\/Ciudades-que-integran-el-CENTRO-REGIONAL-BUENOS-AIRES-NORTE-del-Senasa.jpg","type":"image\/jpeg"}],"author":"Jorge Matheus","twitter_card":"summary_large_image","twitter_creator":"@infoecos","twitter_site":"@infoecos","twitter_misc":{"Escrito por":"Jorge Matheus","Tiempo de lectura":"2 minutos"},"schema":{"@context":"https:\/\/schema.org","@graph":[{"@type":"Article","@id":"https:\/\/infoecos.com.ar\/index.php\/continua-la-vacunacion-contra-la-aftosa-en-la-provincia-de-buenos-aires\/#article","isPartOf":{"@id":"https:\/\/infoecos.com.ar\/index.php\/continua-la-vacunacion-contra-la-aftosa-en-la-provincia-de-buenos-aires\/"},"author":{"name":"Jorge Matheus","@id":"https:\/\/infoecos.com.ar\/#\/schema\/person\/8f5ace5ce73b4b4aac4b7245aee6f191"},"headline":"Contin\u00faa la vacunaci\u00f3n contra la aftosa en la provincia de Buenos Aires","datePublished":"2020-05-15T03:59:45+00:00","dateModified":"2020-05-20T03:57:56+00:00","mainEntityOfPage":{"@id":"https:\/\/infoecos.com.ar\/index.php\/continua-la-vacunacion-contra-la-aftosa-en-la-provincia-de-buenos-aires\/"},"wordCount":457,"publisher":{"@id":"https:\/\/infoecos.com.ar\/#organization"},"image":{"@id":"https:\/\/infoecos.com.ar\/index.php\/continua-la-vacunacion-contra-la-aftosa-en-la-provincia-de-buenos-aires\/#primaryimage"},"thumbnailUrl":"https:\/\/infoecos.com.ar\/wp-content\/uploads\/Ciudades-que-integran-el-CENTRO-REGIONAL-BUENOS-AIRES-NORTE-del-Senasa.jpg","keywords":["GANADER\u00cdA"],"articleSection":["Bloque inferior - 16"],"inLanguage":"es"},{"@type":"WebPage","@id":"https:\/\/infoecos.com.ar\/index.php\/continua-la-vacunacion-contra-la-aftosa-en-la-provincia-de-buenos-aires\/","url":"https:\/\/infoecos.com.ar\/index.php\/continua-la-vacunacion-contra-la-aftosa-en-la-provincia-de-buenos-aires\/","name":"Contin\u00faa la vacunaci\u00f3n contra la aftosa en la provincia de Buenos Aires - Infoecos","isPartOf":{"@id":"https:\/\/infoecos.com.ar\/#website"},"primaryImageOfPage":{"@id":"https:\/\/infoecos.com.ar\/index.php\/continua-la-vacunacion-contra-la-aftosa-en-la-provincia-de-buenos-aires\/#primaryimage"},"image":{"@id":"https:\/\/infoecos.com.ar\/index.php\/continua-la-vacunacion-contra-la-aftosa-en-la-provincia-de-buenos-aires\/#primaryimage"},"thumbnailUrl":"https:\/\/infoecos.com.ar\/wp-content\/uploads\/Ciudades-que-integran-el-CENTRO-REGIONAL-BUENOS-AIRES-NORTE-del-Senasa.jpg","datePublished":"2020-05-15T03:59:45+00:00","dateModified":"2020-05-20T03:57:56+00:00","breadcrumb":{"@id":"https:\/\/infoecos.com.ar\/index.php\/continua-la-vacunacion-contra-la-aftosa-en-la-provincia-de-buenos-aires\/#breadcrumb"},"inLanguage":"es","potentialAction":[{"@type":"ReadAction","target":["https:\/\/infoecos.com.ar\/index.php\/continua-la-vacunacion-contra-la-aftosa-en-la-provincia-de-buenos-aires\/"]}]},{"@type":"ImageObject","inLanguage":"es","@id":"https:\/\/infoecos.com.ar\/index.php\/continua-la-vacunacion-contra-la-aftosa-en-la-provincia-de-buenos-aires\/#primaryimage","url":"https:\/\/infoecos.com.ar\/wp-content\/uploads\/Ciudades-que-integran-el-CENTRO-REGIONAL-BUENOS-AIRES-NORTE-del-Senasa.jpg","contentUrl":"https:\/\/infoecos.com.ar\/wp-content\/uploads\/Ciudades-que-integran-el-CENTRO-REGIONAL-BUENOS-AIRES-NORTE-del-Senasa.jpg","width":756,"height":452},{"@type":"BreadcrumbList","@id":"https:\/\/infoecos.com.ar\/index.php\/continua-la-vacunacion-contra-la-aftosa-en-la-provincia-de-buenos-aires\/#breadcrumb","itemListElement":[{"@type":"ListItem","position":1,"name":"Portada","item":"https:\/\/infoecos.com.ar\/"},{"@type":"ListItem","position":2,"name":"Contin\u00faa la vacunaci\u00f3n contra la aftosa en la provincia de Buenos Aires"}]},{"@type":"WebSite","@id":"https:\/\/infoecos.com.ar\/#website","url":"https:\/\/infoecos.com.ar\/","name":"Infoecos","description":"Noticias de trenque lauquen y la zona","publisher":{"@id":"https:\/\/infoecos.com.ar\/#organization"},"alternateName":"Noticias","potentialAction":[{"@type":"SearchAction","target":{"@type":"EntryPoint","urlTemplate":"https:\/\/infoecos.com.ar\/?s={search_term_string}"},"query-input":{"@type":"PropertyValueSpecification","valueRequired":true,"valueName":"search_term_string"}}],"inLanguage":"es"},{"@type":"Organization","@id":"https:\/\/infoecos.com.ar\/#organization","name":"Infoecos","alternateName":"Noticias","url":"https:\/\/infoecos.com.ar\/","logo":{"@type":"ImageObject","inLanguage":"es","@id":"https:\/\/infoecos.com.ar\/#\/schema\/logo\/image\/","url":"https:\/\/infoecos.com.ar\/wp-content\/uploads\/2024\/03\/cropped-logo.png","contentUrl":"https:\/\/infoecos.com.ar\/wp-content\/uploads\/2024\/03\/cropped-logo.png","width":374,"height":90,"caption":"Infoecos"},"image":{"@id":"https:\/\/infoecos.com.ar\/#\/schema\/logo\/image\/"},"sameAs":["https:\/\/www.facebook.com\/profile.php?id=100063200290284","https:\/\/x.com\/infoecos"]},{"@type":"Person","@id":"https:\/\/infoecos.com.ar\/#\/schema\/person\/8f5ace5ce73b4b4aac4b7245aee6f191","name":"Jorge Matheus","url":"https:\/\/infoecos.com.ar\/index.php\/author\/jomatheus\/"}]}},"featured_image_urls":{"full":["https:\/\/infoecos.com.ar\/wp-content\/uploads\/Ciudades-que-integran-el-CENTRO-REGIONAL-BUENOS-AIRES-NORTE-del-Senasa.jpg",756,452,false],"thumbnail":["https:\/\/infoecos.com.ar\/wp-content\/uploads\/Ciudades-que-integran-el-CENTRO-REGIONAL-BUENOS-AIRES-NORTE-del-Senasa-150x150.jpg",150,150,true],"medium":["https:\/\/infoecos.com.ar\/wp-content\/uploads\/Ciudades-que-integran-el-CENTRO-REGIONAL-BUENOS-AIRES-NORTE-del-Senasa-460x275.jpg",460,275,true],"medium_large":["https:\/\/infoecos.com.ar\/wp-content\/uploads\/Ciudades-que-integran-el-CENTRO-REGIONAL-BUENOS-AIRES-NORTE-del-Senasa.jpg",640,383,false],"large":["https:\/\/infoecos.com.ar\/wp-content\/uploads\/Ciudades-que-integran-el-CENTRO-REGIONAL-BUENOS-AIRES-NORTE-del-Senasa.jpg",640,383,false],"1536x1536":["https:\/\/infoecos.com.ar\/wp-content\/uploads\/Ciudades-que-integran-el-CENTRO-REGIONAL-BUENOS-AIRES-NORTE-del-Senasa.jpg",756,452,false],"2048x2048":["https:\/\/infoecos.com.ar\/wp-content\/uploads\/Ciudades-que-integran-el-CENTRO-REGIONAL-BUENOS-AIRES-NORTE-del-Senasa.jpg",756,452,false],"covernews-slider-full":["https:\/\/infoecos.com.ar\/wp-content\/uploads\/Ciudades-que-integran-el-CENTRO-REGIONAL-BUENOS-AIRES-NORTE-del-Senasa.jpg",756,452,false],"covernews-slider-center":["https:\/\/infoecos.com.ar\/wp-content\/uploads\/Ciudades-que-integran-el-CENTRO-REGIONAL-BUENOS-AIRES-NORTE-del-Senasa.jpg",756,452,false],"covernews-featured":["https:\/\/infoecos.com.ar\/wp-content\/uploads\/Ciudades-que-integran-el-CENTRO-REGIONAL-BUENOS-AIRES-NORTE-del-Senasa.jpg",756,452,false],"covernews-medium":["https:\/\/infoecos.com.ar\/wp-content\/uploads\/Ciudades-que-integran-el-CENTRO-REGIONAL-BUENOS-AIRES-NORTE-del-Senasa-720x380.jpg",540,285,true],"covernews-medium-square":["https:\/\/infoecos.com.ar\/wp-content\/uploads\/Ciudades-que-integran-el-CENTRO-REGIONAL-BUENOS-AIRES-NORTE-del-Senasa-675x450.jpg",375,250,true]},"author_info":{"info":["Jorge Matheus"]},"category_info":"<a href=\"https:\/\/infoecos.com.ar\/index.php\/category\/inferior16\/\" rel=\"category tag\">Bloque inferior - 16<\/a>","tag_info":"Bloque inferior - 16","comment_count":"0","_links":{"self":[{"href":"https:\/\/infoecos.com.ar\/index.php\/wp-json\/wp\/v2\/posts\/62356"}],"collection":[{"href":"https:\/\/infoecos.com.ar\/index.php\/wp-json\/wp\/v2\/posts"}],"about":[{"href":"https:\/\/infoecos.com.ar\/index.php\/wp-json\/wp\/v2\/types\/post"}],"author":[{"embeddable":true,"href":"https:\/\/infoecos.com.ar\/index.php\/wp-json\/wp\/v2\/users\/2"}],"replies":[{"embeddable":true,"href":"https:\/\/infoecos.com.ar\/index.php\/wp-json\/wp\/v2\/comments?post=62356"}],"version-history":[{"count":1,"href":"https:\/\/infoecos.com.ar\/index.php\/wp-json\/wp\/v2\/posts\/62356\/revisions"}],"predecessor-version":[{"id":62358,"href":"https:\/\/infoecos.com.ar\/index.php\/wp-json\/wp\/v2\/posts\/62356\/revisions\/62358"}],"wp:featuredmedia":[{"embeddable":true,"href":"https:\/\/infoecos.com.ar\/index.php\/wp-json\/wp\/v2\/media\/62357"}],"wp:attachment":[{"href":"https:\/\/infoecos.com.ar\/index.php\/wp-json\/wp\/v2\/media?parent=62356"}],"wp:term":[{"taxonomy":"category","embeddable":true,"href":"https:\/\/infoecos.com.ar\/index.php\/wp-json\/wp\/v2\/categories?post=62356"},{"taxonomy":"post_tag","embeddable":true,"href":"https:\/\/infoecos.com.ar\/index.php\/wp-json\/wp\/v2\/tags?post=62356"}],"curies":[{"name":"wp","href":"https:\/\/api.w.org\/{rel}","templated":true}]}}