{"id":62428,"date":"2020-05-18T16:04:11","date_gmt":"2020-05-18T19:04:11","guid":{"rendered":"http:\/\/infoecos.com.ar\/?p=62428"},"modified":"2020-05-20T00:46:54","modified_gmt":"2020-05-20T03:46:54","slug":"la-caida-de-un-tapial-sobre-su-cabeza-produjo-la-muerte-de-fernando-sayago-conocido-vecino-y-deportista-de-trenque-lauquen","status":"publish","type":"post","link":"https:\/\/infoecos.com.ar\/index.php\/la-caida-de-un-tapial-sobre-su-cabeza-produjo-la-muerte-de-fernando-sayago-conocido-vecino-y-deportista-de-trenque-lauquen\/","title":{"rendered":"La ca\u00edda de un tapial sobre su cabeza produjo la muerte de Fernando Sayago conocido vecino y deportista de Trenque Lauquen"},"content":{"rendered":"\n<p>Como consecuencia de la ca\u00edda de un tapial sobre su cabeza en un inmueble en el que se encontraba trabajando falleci\u00f3 un conocido deportista de Trenque Lauquen, este mediod\u00eda. Se trata de Fernando Sayago, de 32 a\u00f1os, que incursionaba en el boxeo profesional, a la par de estar al frente de una escuela de este deporte en el Club Sarmiento.<\/p>\n\n\n\n<div class=\"wp-block-image\"><figure class=\"aligncenter size-medium\"><img loading=\"lazy\" decoding=\"async\" width=\"460\" height=\"334\" src=\"http:\/\/infoecos.com.ar\/wp-content\/uploads\/sayago-460x334.jpg\" alt=\"\" class=\"wp-image-62429\" srcset=\"https:\/\/infoecos.com.ar\/wp-content\/uploads\/sayago-460x334.jpg 460w, https:\/\/infoecos.com.ar\/wp-content\/uploads\/sayago.jpg 658w\" sizes=\"(max-width: 460px) 100vw, 460px\" \/><figcaption>Sayago, Fernando &#8211; Foto: diariolider.medios.com.ar<\/figcaption><\/figure><\/div>\n\n\n\n<p>La informaci\u00f3n policial que se brind\u00f3 a los medios da cuenta del hecho indicando que se produjo en la vivienda ubicada en la calle Antonio D\u00edaz 117, sin mencionar a Sayago, agregando que interviene UFI n\u00famero 5 del Departamento Judicial de Trenque Lauquen a cargo del doctor Manuel Iglesias.<\/p>\n\n\n\n<p>La noticia repercuti\u00f3 r\u00e1pidamente en esta ciudad del oeste de la provincia de Buenos Aires y gener\u00f3 mucha tristeza. Sayago era un joven muy querido en el medio.<\/p>\n\n\n\n<div class=\"wp-block-image\"><figure class=\"aligncenter size-medium\"><img loading=\"lazy\" decoding=\"async\" width=\"460\" height=\"460\" src=\"http:\/\/infoecos.com.ar\/wp-content\/uploads\/sayago1-460x460.jpg\" alt=\"\" class=\"wp-image-62430\" srcset=\"https:\/\/infoecos.com.ar\/wp-content\/uploads\/sayago1-460x460.jpg 460w, https:\/\/infoecos.com.ar\/wp-content\/uploads\/sayago1-920x920.jpg 920w, https:\/\/infoecos.com.ar\/wp-content\/uploads\/sayago1-150x150.jpg 150w, https:\/\/infoecos.com.ar\/wp-content\/uploads\/sayago1-768x768.jpg 768w, https:\/\/infoecos.com.ar\/wp-content\/uploads\/sayago1.jpg 960w\" sizes=\"(max-width: 460px) 100vw, 460px\" \/><figcaption>Sayago, Fernando &#8211; Foto: diariolider.medios.com.ar<\/figcaption><\/figure><\/div>\n\n\n\n<p>Sayago hab\u00eda debutado en el boxeo profesional, en el mes de noviembre de 2019, gan\u00e1ndole por fallo un\u00e1nime a Maximiliano Contreras. <\/p>\n","protected":false},"excerpt":{"rendered":"<p>Como consecuencia de la ca\u00edda de un tapial sobre su cabeza en un inmueble en&#8230;<\/p>\n","protected":false},"author":2,"featured_media":62431,"comment_status":"closed","ping_status":"open","sticky":false,"template":"","format":"standard","meta":{"footnotes":""},"categories":[201],"tags":[5],"class_list":["post-62428","post","type-post","status-publish","format-standard","has-post-thumbnail","hentry","category-inferior9","tag-trenque-lauquen"],"yoast_head":"<!-- This site is optimized with the Yoast SEO plugin v23.4 - https:\/\/yoast.com\/wordpress\/plugins\/seo\/ -->\n<title>La ca\u00edda de un tapial sobre su cabeza produjo la muerte de Fernando Sayago conocido vecino y deportista de Trenque Lauquen - Infoecos<\/title>\n<meta name=\"robots\" content=\"index, follow, max-snippet:-1, max-image-preview:large, max-video-preview:-1\" \/>\n<link rel=\"canonical\" href=\"https:\/\/infoecos.com.ar\/index.php\/la-caida-de-un-tapial-sobre-su-cabeza-produjo-la-muerte-de-fernando-sayago-conocido-vecino-y-deportista-de-trenque-lauquen\/\" \/>\n<meta property=\"og:locale\" content=\"es_ES\" \/>\n<meta property=\"og:type\" content=\"article\" \/>\n<meta property=\"og:title\" content=\"La ca\u00edda de un tapial sobre su cabeza produjo la muerte de Fernando Sayago conocido vecino y deportista de Trenque Lauquen - Infoecos\" \/>\n<meta property=\"og:description\" content=\"Como consecuencia de la ca\u00edda de un tapial sobre su cabeza en un inmueble en...\" \/>\n<meta property=\"og:url\" content=\"https:\/\/infoecos.com.ar\/index.php\/la-caida-de-un-tapial-sobre-su-cabeza-produjo-la-muerte-de-fernando-sayago-conocido-vecino-y-deportista-de-trenque-lauquen\/\" \/>\n<meta property=\"og:site_name\" content=\"Infoecos\" \/>\n<meta property=\"article:publisher\" content=\"https:\/\/www.facebook.com\/profile.php?id=100063200290284\" \/>\n<meta property=\"article:published_time\" content=\"2020-05-18T19:04:11+00:00\" \/>\n<meta property=\"article:modified_time\" content=\"2020-05-20T03:46:54+00:00\" \/>\n<meta property=\"og:image\" content=\"https:\/\/infoecos.com.ar\/wp-content\/uploads\/sayago2.jpg\" \/>\n\t<meta property=\"og:image:width\" content=\"540\" \/>\n\t<meta property=\"og:image:height\" content=\"281\" \/>\n\t<meta property=\"og:image:type\" content=\"image\/jpeg\" \/>\n<meta name=\"author\" content=\"Jorge Matheus\" \/>\n<meta name=\"twitter:card\" content=\"summary_large_image\" \/>\n<meta name=\"twitter:creator\" content=\"@infoecos\" \/>\n<meta name=\"twitter:site\" content=\"@infoecos\" \/>\n<meta name=\"twitter:label1\" content=\"Escrito por\" \/>\n\t<meta name=\"twitter:data1\" content=\"Jorge Matheus\" \/>\n\t<meta name=\"twitter:label2\" content=\"Tiempo de lectura\" \/>\n\t<meta name=\"twitter:data2\" content=\"1 minuto\" \/>\n<script type=\"application\/ld+json\" class=\"yoast-schema-graph\">{\"@context\":\"https:\/\/schema.org\",\"@graph\":[{\"@type\":\"Article\",\"@id\":\"https:\/\/infoecos.com.ar\/index.php\/la-caida-de-un-tapial-sobre-su-cabeza-produjo-la-muerte-de-fernando-sayago-conocido-vecino-y-deportista-de-trenque-lauquen\/#article\",\"isPartOf\":{\"@id\":\"https:\/\/infoecos.com.ar\/index.php\/la-caida-de-un-tapial-sobre-su-cabeza-produjo-la-muerte-de-fernando-sayago-conocido-vecino-y-deportista-de-trenque-lauquen\/\"},\"author\":{\"name\":\"Jorge Matheus\",\"@id\":\"https:\/\/infoecos.com.ar\/#\/schema\/person\/8f5ace5ce73b4b4aac4b7245aee6f191\"},\"headline\":\"La ca\u00edda de un tapial sobre su cabeza produjo la muerte de Fernando Sayago conocido vecino y deportista de Trenque Lauquen\",\"datePublished\":\"2020-05-18T19:04:11+00:00\",\"dateModified\":\"2020-05-20T03:46:54+00:00\",\"mainEntityOfPage\":{\"@id\":\"https:\/\/infoecos.com.ar\/index.php\/la-caida-de-un-tapial-sobre-su-cabeza-produjo-la-muerte-de-fernando-sayago-conocido-vecino-y-deportista-de-trenque-lauquen\/\"},\"wordCount\":202,\"publisher\":{\"@id\":\"https:\/\/infoecos.com.ar\/#organization\"},\"image\":{\"@id\":\"https:\/\/infoecos.com.ar\/index.php\/la-caida-de-un-tapial-sobre-su-cabeza-produjo-la-muerte-de-fernando-sayago-conocido-vecino-y-deportista-de-trenque-lauquen\/#primaryimage\"},\"thumbnailUrl\":\"https:\/\/infoecos.com.ar\/wp-content\/uploads\/sayago2.jpg\",\"keywords\":[\"Trenque Lauquen\"],\"articleSection\":[\"Bloque inferior - 9\"],\"inLanguage\":\"es\"},{\"@type\":\"WebPage\",\"@id\":\"https:\/\/infoecos.com.ar\/index.php\/la-caida-de-un-tapial-sobre-su-cabeza-produjo-la-muerte-de-fernando-sayago-conocido-vecino-y-deportista-de-trenque-lauquen\/\",\"url\":\"https:\/\/infoecos.com.ar\/index.php\/la-caida-de-un-tapial-sobre-su-cabeza-produjo-la-muerte-de-fernando-sayago-conocido-vecino-y-deportista-de-trenque-lauquen\/\",\"name\":\"La ca\u00edda de un tapial sobre su cabeza produjo la muerte de Fernando Sayago conocido vecino y deportista de Trenque Lauquen - Infoecos\",\"isPartOf\":{\"@id\":\"https:\/\/infoecos.com.ar\/#website\"},\"primaryImageOfPage\":{\"@id\":\"https:\/\/infoecos.com.ar\/index.php\/la-caida-de-un-tapial-sobre-su-cabeza-produjo-la-muerte-de-fernando-sayago-conocido-vecino-y-deportista-de-trenque-lauquen\/#primaryimage\"},\"image\":{\"@id\":\"https:\/\/infoecos.com.ar\/index.php\/la-caida-de-un-tapial-sobre-su-cabeza-produjo-la-muerte-de-fernando-sayago-conocido-vecino-y-deportista-de-trenque-lauquen\/#primaryimage\"},\"thumbnailUrl\":\"https:\/\/infoecos.com.ar\/wp-content\/uploads\/sayago2.jpg\",\"datePublished\":\"2020-05-18T19:04:11+00:00\",\"dateModified\":\"2020-05-20T03:46:54+00:00\",\"breadcrumb\":{\"@id\":\"https:\/\/infoecos.com.ar\/index.php\/la-caida-de-un-tapial-sobre-su-cabeza-produjo-la-muerte-de-fernando-sayago-conocido-vecino-y-deportista-de-trenque-lauquen\/#breadcrumb\"},\"inLanguage\":\"es\",\"potentialAction\":[{\"@type\":\"ReadAction\",\"target\":[\"https:\/\/infoecos.com.ar\/index.php\/la-caida-de-un-tapial-sobre-su-cabeza-produjo-la-muerte-de-fernando-sayago-conocido-vecino-y-deportista-de-trenque-lauquen\/\"]}]},{\"@type\":\"ImageObject\",\"inLanguage\":\"es\",\"@id\":\"https:\/\/infoecos.com.ar\/index.php\/la-caida-de-un-tapial-sobre-su-cabeza-produjo-la-muerte-de-fernando-sayago-conocido-vecino-y-deportista-de-trenque-lauquen\/#primaryimage\",\"url\":\"https:\/\/infoecos.com.ar\/wp-content\/uploads\/sayago2.jpg\",\"contentUrl\":\"https:\/\/infoecos.com.ar\/wp-content\/uploads\/sayago2.jpg\",\"width\":540,\"height\":281,\"caption\":\"Sayago, Fernando\"},{\"@type\":\"BreadcrumbList\",\"@id\":\"https:\/\/infoecos.com.ar\/index.php\/la-caida-de-un-tapial-sobre-su-cabeza-produjo-la-muerte-de-fernando-sayago-conocido-vecino-y-deportista-de-trenque-lauquen\/#breadcrumb\",\"itemListElement\":[{\"@type\":\"ListItem\",\"position\":1,\"name\":\"Portada\",\"item\":\"https:\/\/infoecos.com.ar\/\"},{\"@type\":\"ListItem\",\"position\":2,\"name\":\"La ca\u00edda de un tapial sobre su cabeza produjo la muerte de Fernando Sayago conocido vecino y deportista de Trenque Lauquen\"}]},{\"@type\":\"WebSite\",\"@id\":\"https:\/\/infoecos.com.ar\/#website\",\"url\":\"https:\/\/infoecos.com.ar\/\",\"name\":\"Infoecos\",\"description\":\"Noticias de trenque lauquen y la zona\",\"publisher\":{\"@id\":\"https:\/\/infoecos.com.ar\/#organization\"},\"alternateName\":\"Noticias\",\"potentialAction\":[{\"@type\":\"SearchAction\",\"target\":{\"@type\":\"EntryPoint\",\"urlTemplate\":\"https:\/\/infoecos.com.ar\/?s={search_term_string}\"},\"query-input\":{\"@type\":\"PropertyValueSpecification\",\"valueRequired\":true,\"valueName\":\"search_term_string\"}}],\"inLanguage\":\"es\"},{\"@type\":\"Organization\",\"@id\":\"https:\/\/infoecos.com.ar\/#organization\",\"name\":\"Infoecos\",\"alternateName\":\"Noticias\",\"url\":\"https:\/\/infoecos.com.ar\/\",\"logo\":{\"@type\":\"ImageObject\",\"inLanguage\":\"es\",\"@id\":\"https:\/\/infoecos.com.ar\/#\/schema\/logo\/image\/\",\"url\":\"https:\/\/infoecos.com.ar\/wp-content\/uploads\/2024\/03\/cropped-logo.png\",\"contentUrl\":\"https:\/\/infoecos.com.ar\/wp-content\/uploads\/2024\/03\/cropped-logo.png\",\"width\":374,\"height\":90,\"caption\":\"Infoecos\"},\"image\":{\"@id\":\"https:\/\/infoecos.com.ar\/#\/schema\/logo\/image\/\"},\"sameAs\":[\"https:\/\/www.facebook.com\/profile.php?id=100063200290284\",\"https:\/\/x.com\/infoecos\"]},{\"@type\":\"Person\",\"@id\":\"https:\/\/infoecos.com.ar\/#\/schema\/person\/8f5ace5ce73b4b4aac4b7245aee6f191\",\"name\":\"Jorge Matheus\",\"url\":\"https:\/\/infoecos.com.ar\/index.php\/author\/jomatheus\/\"}]}<\/script>\n<!-- \/ Yoast SEO plugin. -->","yoast_head_json":{"title":"La ca\u00edda de un tapial sobre su cabeza produjo la muerte de Fernando Sayago conocido vecino y deportista de Trenque Lauquen - Infoecos","robots":{"index":"index","follow":"follow","max-snippet":"max-snippet:-1","max-image-preview":"max-image-preview:large","max-video-preview":"max-video-preview:-1"},"canonical":"https:\/\/infoecos.com.ar\/index.php\/la-caida-de-un-tapial-sobre-su-cabeza-produjo-la-muerte-de-fernando-sayago-conocido-vecino-y-deportista-de-trenque-lauquen\/","og_locale":"es_ES","og_type":"article","og_title":"La ca\u00edda de un tapial sobre su cabeza produjo la muerte de Fernando Sayago conocido vecino y deportista de Trenque Lauquen - Infoecos","og_description":"Como consecuencia de la ca\u00edda de un tapial sobre su cabeza en un inmueble en...","og_url":"https:\/\/infoecos.com.ar\/index.php\/la-caida-de-un-tapial-sobre-su-cabeza-produjo-la-muerte-de-fernando-sayago-conocido-vecino-y-deportista-de-trenque-lauquen\/","og_site_name":"Infoecos","article_publisher":"https:\/\/www.facebook.com\/profile.php?id=100063200290284","article_published_time":"2020-05-18T19:04:11+00:00","article_modified_time":"2020-05-20T03:46:54+00:00","og_image":[{"width":540,"height":281,"url":"https:\/\/infoecos.com.ar\/wp-content\/uploads\/sayago2.jpg","type":"image\/jpeg"}],"author":"Jorge Matheus","twitter_card":"summary_large_image","twitter_creator":"@infoecos","twitter_site":"@infoecos","twitter_misc":{"Escrito por":"Jorge Matheus","Tiempo de lectura":"1 minuto"},"schema":{"@context":"https:\/\/schema.org","@graph":[{"@type":"Article","@id":"https:\/\/infoecos.com.ar\/index.php\/la-caida-de-un-tapial-sobre-su-cabeza-produjo-la-muerte-de-fernando-sayago-conocido-vecino-y-deportista-de-trenque-lauquen\/#article","isPartOf":{"@id":"https:\/\/infoecos.com.ar\/index.php\/la-caida-de-un-tapial-sobre-su-cabeza-produjo-la-muerte-de-fernando-sayago-conocido-vecino-y-deportista-de-trenque-lauquen\/"},"author":{"name":"Jorge Matheus","@id":"https:\/\/infoecos.com.ar\/#\/schema\/person\/8f5ace5ce73b4b4aac4b7245aee6f191"},"headline":"La ca\u00edda de un tapial sobre su cabeza produjo la muerte de Fernando Sayago conocido vecino y deportista de Trenque Lauquen","datePublished":"2020-05-18T19:04:11+00:00","dateModified":"2020-05-20T03:46:54+00:00","mainEntityOfPage":{"@id":"https:\/\/infoecos.com.ar\/index.php\/la-caida-de-un-tapial-sobre-su-cabeza-produjo-la-muerte-de-fernando-sayago-conocido-vecino-y-deportista-de-trenque-lauquen\/"},"wordCount":202,"publisher":{"@id":"https:\/\/infoecos.com.ar\/#organization"},"image":{"@id":"https:\/\/infoecos.com.ar\/index.php\/la-caida-de-un-tapial-sobre-su-cabeza-produjo-la-muerte-de-fernando-sayago-conocido-vecino-y-deportista-de-trenque-lauquen\/#primaryimage"},"thumbnailUrl":"https:\/\/infoecos.com.ar\/wp-content\/uploads\/sayago2.jpg","keywords":["Trenque Lauquen"],"articleSection":["Bloque inferior - 9"],"inLanguage":"es"},{"@type":"WebPage","@id":"https:\/\/infoecos.com.ar\/index.php\/la-caida-de-un-tapial-sobre-su-cabeza-produjo-la-muerte-de-fernando-sayago-conocido-vecino-y-deportista-de-trenque-lauquen\/","url":"https:\/\/infoecos.com.ar\/index.php\/la-caida-de-un-tapial-sobre-su-cabeza-produjo-la-muerte-de-fernando-sayago-conocido-vecino-y-deportista-de-trenque-lauquen\/","name":"La ca\u00edda de un tapial sobre su cabeza produjo la muerte de Fernando Sayago conocido vecino y deportista de Trenque Lauquen - Infoecos","isPartOf":{"@id":"https:\/\/infoecos.com.ar\/#website"},"primaryImageOfPage":{"@id":"https:\/\/infoecos.com.ar\/index.php\/la-caida-de-un-tapial-sobre-su-cabeza-produjo-la-muerte-de-fernando-sayago-conocido-vecino-y-deportista-de-trenque-lauquen\/#primaryimage"},"image":{"@id":"https:\/\/infoecos.com.ar\/index.php\/la-caida-de-un-tapial-sobre-su-cabeza-produjo-la-muerte-de-fernando-sayago-conocido-vecino-y-deportista-de-trenque-lauquen\/#primaryimage"},"thumbnailUrl":"https:\/\/infoecos.com.ar\/wp-content\/uploads\/sayago2.jpg","datePublished":"2020-05-18T19:04:11+00:00","dateModified":"2020-05-20T03:46:54+00:00","breadcrumb":{"@id":"https:\/\/infoecos.com.ar\/index.php\/la-caida-de-un-tapial-sobre-su-cabeza-produjo-la-muerte-de-fernando-sayago-conocido-vecino-y-deportista-de-trenque-lauquen\/#breadcrumb"},"inLanguage":"es","potentialAction":[{"@type":"ReadAction","target":["https:\/\/infoecos.com.ar\/index.php\/la-caida-de-un-tapial-sobre-su-cabeza-produjo-la-muerte-de-fernando-sayago-conocido-vecino-y-deportista-de-trenque-lauquen\/"]}]},{"@type":"ImageObject","inLanguage":"es","@id":"https:\/\/infoecos.com.ar\/index.php\/la-caida-de-un-tapial-sobre-su-cabeza-produjo-la-muerte-de-fernando-sayago-conocido-vecino-y-deportista-de-trenque-lauquen\/#primaryimage","url":"https:\/\/infoecos.com.ar\/wp-content\/uploads\/sayago2.jpg","contentUrl":"https:\/\/infoecos.com.ar\/wp-content\/uploads\/sayago2.jpg","width":540,"height":281,"caption":"Sayago, Fernando"},{"@type":"BreadcrumbList","@id":"https:\/\/infoecos.com.ar\/index.php\/la-caida-de-un-tapial-sobre-su-cabeza-produjo-la-muerte-de-fernando-sayago-conocido-vecino-y-deportista-de-trenque-lauquen\/#breadcrumb","itemListElement":[{"@type":"ListItem","position":1,"name":"Portada","item":"https:\/\/infoecos.com.ar\/"},{"@type":"ListItem","position":2,"name":"La ca\u00edda de un tapial sobre su cabeza produjo la muerte de Fernando Sayago conocido vecino y deportista de Trenque Lauquen"}]},{"@type":"WebSite","@id":"https:\/\/infoecos.com.ar\/#website","url":"https:\/\/infoecos.com.ar\/","name":"Infoecos","description":"Noticias de trenque lauquen y la zona","publisher":{"@id":"https:\/\/infoecos.com.ar\/#organization"},"alternateName":"Noticias","potentialAction":[{"@type":"SearchAction","target":{"@type":"EntryPoint","urlTemplate":"https:\/\/infoecos.com.ar\/?s={search_term_string}"},"query-input":{"@type":"PropertyValueSpecification","valueRequired":true,"valueName":"search_term_string"}}],"inLanguage":"es"},{"@type":"Organization","@id":"https:\/\/infoecos.com.ar\/#organization","name":"Infoecos","alternateName":"Noticias","url":"https:\/\/infoecos.com.ar\/","logo":{"@type":"ImageObject","inLanguage":"es","@id":"https:\/\/infoecos.com.ar\/#\/schema\/logo\/image\/","url":"https:\/\/infoecos.com.ar\/wp-content\/uploads\/2024\/03\/cropped-logo.png","contentUrl":"https:\/\/infoecos.com.ar\/wp-content\/uploads\/2024\/03\/cropped-logo.png","width":374,"height":90,"caption":"Infoecos"},"image":{"@id":"https:\/\/infoecos.com.ar\/#\/schema\/logo\/image\/"},"sameAs":["https:\/\/www.facebook.com\/profile.php?id=100063200290284","https:\/\/x.com\/infoecos"]},{"@type":"Person","@id":"https:\/\/infoecos.com.ar\/#\/schema\/person\/8f5ace5ce73b4b4aac4b7245aee6f191","name":"Jorge Matheus","url":"https:\/\/infoecos.com.ar\/index.php\/author\/jomatheus\/"}]}},"featured_image_urls":{"full":["https:\/\/infoecos.com.ar\/wp-content\/uploads\/sayago2.jpg",540,281,false],"thumbnail":["https:\/\/infoecos.com.ar\/wp-content\/uploads\/sayago2-150x150.jpg",150,150,true],"medium":["https:\/\/infoecos.com.ar\/wp-content\/uploads\/sayago2-460x239.jpg",460,239,true],"medium_large":["https:\/\/infoecos.com.ar\/wp-content\/uploads\/sayago2.jpg",540,281,false],"large":["https:\/\/infoecos.com.ar\/wp-content\/uploads\/sayago2.jpg",540,281,false],"1536x1536":["https:\/\/infoecos.com.ar\/wp-content\/uploads\/sayago2.jpg",540,281,false],"2048x2048":["https:\/\/infoecos.com.ar\/wp-content\/uploads\/sayago2.jpg",540,281,false],"covernews-slider-full":["https:\/\/infoecos.com.ar\/wp-content\/uploads\/sayago2.jpg",540,281,false],"covernews-slider-center":["https:\/\/infoecos.com.ar\/wp-content\/uploads\/sayago2.jpg",540,281,false],"covernews-featured":["https:\/\/infoecos.com.ar\/wp-content\/uploads\/sayago2.jpg",540,281,false],"covernews-medium":["https:\/\/infoecos.com.ar\/wp-content\/uploads\/sayago2.jpg",540,281,false],"covernews-medium-square":["https:\/\/infoecos.com.ar\/wp-content\/uploads\/sayago2.jpg",400,208,false]},"author_info":{"info":["Jorge Matheus"]},"category_info":"<a href=\"https:\/\/infoecos.com.ar\/index.php\/category\/inferior9\/\" rel=\"category tag\">Bloque inferior - 9<\/a>","tag_info":"Bloque inferior - 9","comment_count":"0","_links":{"self":[{"href":"https:\/\/infoecos.com.ar\/index.php\/wp-json\/wp\/v2\/posts\/62428"}],"collection":[{"href":"https:\/\/infoecos.com.ar\/index.php\/wp-json\/wp\/v2\/posts"}],"about":[{"href":"https:\/\/infoecos.com.ar\/index.php\/wp-json\/wp\/v2\/types\/post"}],"author":[{"embeddable":true,"href":"https:\/\/infoecos.com.ar\/index.php\/wp-json\/wp\/v2\/users\/2"}],"replies":[{"embeddable":true,"href":"https:\/\/infoecos.com.ar\/index.php\/wp-json\/wp\/v2\/comments?post=62428"}],"version-history":[{"count":1,"href":"https:\/\/infoecos.com.ar\/index.php\/wp-json\/wp\/v2\/posts\/62428\/revisions"}],"predecessor-version":[{"id":62432,"href":"https:\/\/infoecos.com.ar\/index.php\/wp-json\/wp\/v2\/posts\/62428\/revisions\/62432"}],"wp:featuredmedia":[{"embeddable":true,"href":"https:\/\/infoecos.com.ar\/index.php\/wp-json\/wp\/v2\/media\/62431"}],"wp:attachment":[{"href":"https:\/\/infoecos.com.ar\/index.php\/wp-json\/wp\/v2\/media?parent=62428"}],"wp:term":[{"taxonomy":"category","embeddable":true,"href":"https:\/\/infoecos.com.ar\/index.php\/wp-json\/wp\/v2\/categories?post=62428"},{"taxonomy":"post_tag","embeddable":true,"href":"https:\/\/infoecos.com.ar\/index.php\/wp-json\/wp\/v2\/tags?post=62428"}],"curies":[{"name":"wp","href":"https:\/\/api.w.org\/{rel}","templated":true}]}}