{"id":62604,"date":"2020-05-21T00:15:15","date_gmt":"2020-05-21T03:15:15","guid":{"rendered":"http:\/\/infoecos.com.ar\/?p=62604"},"modified":"2020-05-22T00:17:45","modified_gmt":"2020-05-22T03:17:45","slug":"informe-extraido-de-telam-el-coronavirus-puede-dejar-a-otros-10-millones-de-ninos-al-borde-de-morir-de-hambre","status":"publish","type":"post","link":"https:\/\/infoecos.com.ar\/index.php\/informe-extraido-de-telam-el-coronavirus-puede-dejar-a-otros-10-millones-de-ninos-al-borde-de-morir-de-hambre\/","title":{"rendered":"Informe extra\u00eddo de Telam: el coronavirus puede dejar a otros 10 millones de ni\u00f1os al borde de morir de hambre"},"content":{"rendered":"\n<p>El Programa Mundial de Alimentos (PMA) de la ONU advirti\u00f3 este mi\u00e9rcoles que, de acuerdo a sus \u00faltimas estimaciones, otros 10 millones de ni\u00f1os m\u00e1s en todo el mundo podr\u00edan enfrentarse este a\u00f1o a desnutrici\u00f3n aguda como consecuencia de la pandemia de coronavirus, lo que los dejar\u00eda a un paso de morir de hambre.<\/p>\n\n\n\n<p>As\u00ed lo se\u00f1ala el PMA en comunicado publicado en la web del organismo, en el que sostiene que la forma m\u00e1s grave de desnutrici\u00f3n entre los ni\u00f1os podr\u00eda aumentar en un 20% como resultado del brote, debido al impacto que \u00e9ste est\u00e1 teniendo en las familias m\u00e1s vulnerables, que dependen de trabajos diarios o remesas para subsistir.<\/p>\n\n\n\n<div class=\"wp-block-image\"><figure class=\"aligncenter size-medium\"><img loading=\"lazy\" decoding=\"async\" width=\"460\" height=\"259\" src=\"http:\/\/infoecos.com.ar\/wp-content\/uploads\/ni\u00f1ospobreza-460x259.jpg\" alt=\"\" class=\"wp-image-62605\" srcset=\"https:\/\/infoecos.com.ar\/wp-content\/uploads\/ni\u00f1ospobreza-460x259.jpg 460w, https:\/\/infoecos.com.ar\/wp-content\/uploads\/ni\u00f1ospobreza-920x518.jpg 920w, https:\/\/infoecos.com.ar\/wp-content\/uploads\/ni\u00f1ospobreza-768x432.jpg 768w, https:\/\/infoecos.com.ar\/wp-content\/uploads\/ni\u00f1ospobreza.jpg 1004w\" sizes=\"(max-width: 460px) 100vw, 460px\" \/><\/figure><\/div>\n\n\n\n<p>Los confinamientos y medidas restrictivas relacionadas con la Covid-19, la enfermedad que causa el nuevo virus, \u00abest\u00e1n socavando severamente los medios de vida, exacerbando las amenazas existentes como conflictos y sistemas de salud d\u00e9biles, lo que hace que sea especialmente dif\u00edcil para las familias de las naciones m\u00e1s pobres pagar una dieta nutritiva\u00bb, se\u00f1ala el comunicado. <\/p>\n\n\n\n<p>La directora de nutrici\u00f3n del PMA, Lauren Landis, advirti\u00f3 que \u00absi no actuamos ahora, nos enfrentaremos a una devastadora p\u00e9rdida de vidas, de salud y de productividad en las generaciones futuras\u00bb.<\/p>\n\n\n\n<p>\u00abRecibir la nutrici\u00f3n adecuada ahora determinar\u00e1 si las consecuencias de la Covid-19 para los ni\u00f1os se dejar\u00e1n de sentir durante meses, a\u00f1os o incluso d\u00e9cadas\u00bb, agrega el comunicado.<\/p>\n\n\n\n<div class=\"wp-block-image\"><figure class=\"aligncenter size-medium\"><img loading=\"lazy\" decoding=\"async\" width=\"460\" height=\"259\" src=\"http:\/\/infoecos.com.ar\/wp-content\/uploads\/ni\u00f1ospobreza1-460x259.jpg\" alt=\"\" class=\"wp-image-62606\" srcset=\"https:\/\/infoecos.com.ar\/wp-content\/uploads\/ni\u00f1ospobreza1-460x259.jpg 460w, https:\/\/infoecos.com.ar\/wp-content\/uploads\/ni\u00f1ospobreza1-920x518.jpg 920w, https:\/\/infoecos.com.ar\/wp-content\/uploads\/ni\u00f1ospobreza1-768x432.jpg 768w, https:\/\/infoecos.com.ar\/wp-content\/uploads\/ni\u00f1ospobreza1.jpg 1004w\" sizes=\"(max-width: 460px) 100vw, 460px\" \/><\/figure><\/div>\n\n\n\n<p>La agencia de la ONU recuerda que los ni\u00f1os desnutridos, especialmente los menores de 5 a\u00f1os, corren el riesgo de figurar entre las primeras v\u00edctimas de la pandemia y sus efectos socioecon\u00f3micos, puesto que son m\u00e1s vulnerables a las enfermedades y tienen menos capacidad de reaccionar.<\/p>\n\n\n\n<p>La desnutrici\u00f3n aguda es provocada por un consumo inadecuado de alimentos o por enfermedades -entre ellas las que provocan diarreas continuadas-, o ambos, lo que causa en el ni\u00f1o una p\u00e9rdida repentina de peso que, de no ser tratada a tiempo, puede llevar a la muerte, destaca el comunicado.<\/p>\n\n\n\n<p>El organismo de la ONU est\u00e1 dispuesta a incrementar esta asistencia pero para ello necesita urgentemente\u00bb 300 millones de d\u00f3lares, dijo la nota.<\/p>\n\n\n\n<figure class=\"wp-block-embed-youtube wp-block-embed is-type-video is-provider-youtube wp-embed-aspect-16-9 wp-has-aspect-ratio\"><div class=\"wp-block-embed__wrapper\">\n<iframe loading=\"lazy\" title=\"Advierten que 10 millones de ni\u00f1os podr\u00edan morir de hambre\" width=\"640\" height=\"360\" src=\"https:\/\/www.youtube.com\/embed\/I9O-Yo_em8E?feature=oembed\" frameborder=\"0\" allow=\"accelerometer; autoplay; clipboard-write; encrypted-media; gyroscope; picture-in-picture; web-share\" referrerpolicy=\"strict-origin-when-cross-origin\" allowfullscreen><\/iframe>\n<\/div><\/figure>\n\n\n\n<p>Hace un mes, el director ejecutivo del PMA, David Beasley, advirti\u00f3 que a nivel global se avecinaba una \u201ccat\u00e1strofe humanitaria mundial\u00bb luego de que la propagaci\u00f3n de la Covid-19 provocara \u00abla peor crisis humanitaria desde la Segunda Guerra Mundial\u00bb.<\/p>\n\n\n\n<p>Beasley alert\u00f3 que en el mundo cerca de 135 millones de personas enfrentan \u201cniveles de crisis de hambre o peor\u201d; mientras, el nuevo coronavirus sumar\u00e1 130 millones de personas que se encontrar\u00e1n al borde de la inanici\u00f3n para finales del 2020.\n\n<\/p>\n\n\n\n<p><\/p>\n","protected":false},"excerpt":{"rendered":"<p>La forma m\u00e1s grave de desnutrici\u00f3n entre los ni\u00f1os podr\u00eda aumentar en un 20% como resultado del brote, advirti\u00f3 el Programa Mundial de Alimentos de la ONU<\/p>\n","protected":false},"author":2,"featured_media":62605,"comment_status":"closed","ping_status":"open","sticky":false,"template":"","format":"standard","meta":{"footnotes":""},"categories":[43],"tags":[1034],"class_list":["post-62604","post","type-post","status-publish","format-standard","has-post-thumbnail","hentry","category-inferior4","tag-salud-y-economia"],"yoast_head":"<!-- This site is optimized with the Yoast SEO plugin v23.4 - https:\/\/yoast.com\/wordpress\/plugins\/seo\/ -->\n<title>Informe extra\u00eddo de Telam: el coronavirus puede dejar a otros 10 millones de ni\u00f1os al borde de morir de hambre - Infoecos<\/title>\n<meta name=\"robots\" content=\"index, follow, max-snippet:-1, max-image-preview:large, max-video-preview:-1\" \/>\n<link rel=\"canonical\" href=\"https:\/\/infoecos.com.ar\/index.php\/informe-extraido-de-telam-el-coronavirus-puede-dejar-a-otros-10-millones-de-ninos-al-borde-de-morir-de-hambre\/\" \/>\n<meta property=\"og:locale\" content=\"es_ES\" \/>\n<meta property=\"og:type\" content=\"article\" \/>\n<meta property=\"og:title\" content=\"Informe extra\u00eddo de Telam: el coronavirus puede dejar a otros 10 millones de ni\u00f1os al borde de morir de hambre - Infoecos\" \/>\n<meta property=\"og:description\" content=\"La forma m\u00e1s grave de desnutrici\u00f3n entre los ni\u00f1os podr\u00eda aumentar en un 20% como resultado del brote, advirti\u00f3 el Programa Mundial de Alimentos de la ONU\" \/>\n<meta property=\"og:url\" content=\"https:\/\/infoecos.com.ar\/index.php\/informe-extraido-de-telam-el-coronavirus-puede-dejar-a-otros-10-millones-de-ninos-al-borde-de-morir-de-hambre\/\" \/>\n<meta property=\"og:site_name\" content=\"Infoecos\" \/>\n<meta property=\"article:publisher\" content=\"https:\/\/www.facebook.com\/profile.php?id=100063200290284\" \/>\n<meta property=\"article:published_time\" content=\"2020-05-21T03:15:15+00:00\" \/>\n<meta property=\"article:modified_time\" content=\"2020-05-22T03:17:45+00:00\" \/>\n<meta property=\"og:image\" content=\"https:\/\/infoecos.com.ar\/wp-content\/uploads\/ni\u00f1ospobreza.jpg\" \/>\n\t<meta property=\"og:image:width\" content=\"1004\" \/>\n\t<meta property=\"og:image:height\" content=\"565\" \/>\n\t<meta property=\"og:image:type\" content=\"image\/jpeg\" \/>\n<meta name=\"author\" content=\"Jorge Matheus\" \/>\n<meta name=\"twitter:card\" content=\"summary_large_image\" \/>\n<meta name=\"twitter:creator\" content=\"@infoecos\" \/>\n<meta name=\"twitter:site\" content=\"@infoecos\" \/>\n<meta name=\"twitter:label1\" content=\"Escrito por\" \/>\n\t<meta name=\"twitter:data1\" content=\"Jorge Matheus\" \/>\n\t<meta name=\"twitter:label2\" content=\"Tiempo de lectura\" \/>\n\t<meta name=\"twitter:data2\" content=\"2 minutos\" \/>\n<script type=\"application\/ld+json\" class=\"yoast-schema-graph\">{\"@context\":\"https:\/\/schema.org\",\"@graph\":[{\"@type\":\"Article\",\"@id\":\"https:\/\/infoecos.com.ar\/index.php\/informe-extraido-de-telam-el-coronavirus-puede-dejar-a-otros-10-millones-de-ninos-al-borde-de-morir-de-hambre\/#article\",\"isPartOf\":{\"@id\":\"https:\/\/infoecos.com.ar\/index.php\/informe-extraido-de-telam-el-coronavirus-puede-dejar-a-otros-10-millones-de-ninos-al-borde-de-morir-de-hambre\/\"},\"author\":{\"name\":\"Jorge Matheus\",\"@id\":\"https:\/\/infoecos.com.ar\/#\/schema\/person\/8f5ace5ce73b4b4aac4b7245aee6f191\"},\"headline\":\"Informe extra\u00eddo de Telam: el coronavirus puede dejar a otros 10 millones de ni\u00f1os al borde de morir de hambre\",\"datePublished\":\"2020-05-21T03:15:15+00:00\",\"dateModified\":\"2020-05-22T03:17:45+00:00\",\"mainEntityOfPage\":{\"@id\":\"https:\/\/infoecos.com.ar\/index.php\/informe-extraido-de-telam-el-coronavirus-puede-dejar-a-otros-10-millones-de-ninos-al-borde-de-morir-de-hambre\/\"},\"wordCount\":490,\"publisher\":{\"@id\":\"https:\/\/infoecos.com.ar\/#organization\"},\"image\":{\"@id\":\"https:\/\/infoecos.com.ar\/index.php\/informe-extraido-de-telam-el-coronavirus-puede-dejar-a-otros-10-millones-de-ninos-al-borde-de-morir-de-hambre\/#primaryimage\"},\"thumbnailUrl\":\"https:\/\/infoecos.com.ar\/wp-content\/uploads\/ni\u00f1ospobreza.jpg\",\"keywords\":[\"SALUD Y ECONOM\u00cdA\"],\"articleSection\":[\"Bloque inferior - 4\"],\"inLanguage\":\"es\"},{\"@type\":\"WebPage\",\"@id\":\"https:\/\/infoecos.com.ar\/index.php\/informe-extraido-de-telam-el-coronavirus-puede-dejar-a-otros-10-millones-de-ninos-al-borde-de-morir-de-hambre\/\",\"url\":\"https:\/\/infoecos.com.ar\/index.php\/informe-extraido-de-telam-el-coronavirus-puede-dejar-a-otros-10-millones-de-ninos-al-borde-de-morir-de-hambre\/\",\"name\":\"Informe extra\u00eddo de Telam: el coronavirus puede dejar a otros 10 millones de ni\u00f1os al borde de morir de hambre - Infoecos\",\"isPartOf\":{\"@id\":\"https:\/\/infoecos.com.ar\/#website\"},\"primaryImageOfPage\":{\"@id\":\"https:\/\/infoecos.com.ar\/index.php\/informe-extraido-de-telam-el-coronavirus-puede-dejar-a-otros-10-millones-de-ninos-al-borde-de-morir-de-hambre\/#primaryimage\"},\"image\":{\"@id\":\"https:\/\/infoecos.com.ar\/index.php\/informe-extraido-de-telam-el-coronavirus-puede-dejar-a-otros-10-millones-de-ninos-al-borde-de-morir-de-hambre\/#primaryimage\"},\"thumbnailUrl\":\"https:\/\/infoecos.com.ar\/wp-content\/uploads\/ni\u00f1ospobreza.jpg\",\"datePublished\":\"2020-05-21T03:15:15+00:00\",\"dateModified\":\"2020-05-22T03:17:45+00:00\",\"breadcrumb\":{\"@id\":\"https:\/\/infoecos.com.ar\/index.php\/informe-extraido-de-telam-el-coronavirus-puede-dejar-a-otros-10-millones-de-ninos-al-borde-de-morir-de-hambre\/#breadcrumb\"},\"inLanguage\":\"es\",\"potentialAction\":[{\"@type\":\"ReadAction\",\"target\":[\"https:\/\/infoecos.com.ar\/index.php\/informe-extraido-de-telam-el-coronavirus-puede-dejar-a-otros-10-millones-de-ninos-al-borde-de-morir-de-hambre\/\"]}]},{\"@type\":\"ImageObject\",\"inLanguage\":\"es\",\"@id\":\"https:\/\/infoecos.com.ar\/index.php\/informe-extraido-de-telam-el-coronavirus-puede-dejar-a-otros-10-millones-de-ninos-al-borde-de-morir-de-hambre\/#primaryimage\",\"url\":\"https:\/\/infoecos.com.ar\/wp-content\/uploads\/ni\u00f1ospobreza.jpg\",\"contentUrl\":\"https:\/\/infoecos.com.ar\/wp-content\/uploads\/ni\u00f1ospobreza.jpg\",\"width\":1004,\"height\":565},{\"@type\":\"BreadcrumbList\",\"@id\":\"https:\/\/infoecos.com.ar\/index.php\/informe-extraido-de-telam-el-coronavirus-puede-dejar-a-otros-10-millones-de-ninos-al-borde-de-morir-de-hambre\/#breadcrumb\",\"itemListElement\":[{\"@type\":\"ListItem\",\"position\":1,\"name\":\"Portada\",\"item\":\"https:\/\/infoecos.com.ar\/\"},{\"@type\":\"ListItem\",\"position\":2,\"name\":\"Informe extra\u00eddo de Telam: el coronavirus puede dejar a otros 10 millones de ni\u00f1os al borde de morir de hambre\"}]},{\"@type\":\"WebSite\",\"@id\":\"https:\/\/infoecos.com.ar\/#website\",\"url\":\"https:\/\/infoecos.com.ar\/\",\"name\":\"Infoecos\",\"description\":\"Noticias de trenque lauquen y la zona\",\"publisher\":{\"@id\":\"https:\/\/infoecos.com.ar\/#organization\"},\"alternateName\":\"Noticias\",\"potentialAction\":[{\"@type\":\"SearchAction\",\"target\":{\"@type\":\"EntryPoint\",\"urlTemplate\":\"https:\/\/infoecos.com.ar\/?s={search_term_string}\"},\"query-input\":{\"@type\":\"PropertyValueSpecification\",\"valueRequired\":true,\"valueName\":\"search_term_string\"}}],\"inLanguage\":\"es\"},{\"@type\":\"Organization\",\"@id\":\"https:\/\/infoecos.com.ar\/#organization\",\"name\":\"Infoecos\",\"alternateName\":\"Noticias\",\"url\":\"https:\/\/infoecos.com.ar\/\",\"logo\":{\"@type\":\"ImageObject\",\"inLanguage\":\"es\",\"@id\":\"https:\/\/infoecos.com.ar\/#\/schema\/logo\/image\/\",\"url\":\"https:\/\/infoecos.com.ar\/wp-content\/uploads\/2024\/03\/cropped-logo.png\",\"contentUrl\":\"https:\/\/infoecos.com.ar\/wp-content\/uploads\/2024\/03\/cropped-logo.png\",\"width\":374,\"height\":90,\"caption\":\"Infoecos\"},\"image\":{\"@id\":\"https:\/\/infoecos.com.ar\/#\/schema\/logo\/image\/\"},\"sameAs\":[\"https:\/\/www.facebook.com\/profile.php?id=100063200290284\",\"https:\/\/x.com\/infoecos\"]},{\"@type\":\"Person\",\"@id\":\"https:\/\/infoecos.com.ar\/#\/schema\/person\/8f5ace5ce73b4b4aac4b7245aee6f191\",\"name\":\"Jorge Matheus\",\"url\":\"https:\/\/infoecos.com.ar\/index.php\/author\/jomatheus\/\"}]}<\/script>\n<!-- \/ Yoast SEO plugin. -->","yoast_head_json":{"title":"Informe extra\u00eddo de Telam: el coronavirus puede dejar a otros 10 millones de ni\u00f1os al borde de morir de hambre - Infoecos","robots":{"index":"index","follow":"follow","max-snippet":"max-snippet:-1","max-image-preview":"max-image-preview:large","max-video-preview":"max-video-preview:-1"},"canonical":"https:\/\/infoecos.com.ar\/index.php\/informe-extraido-de-telam-el-coronavirus-puede-dejar-a-otros-10-millones-de-ninos-al-borde-de-morir-de-hambre\/","og_locale":"es_ES","og_type":"article","og_title":"Informe extra\u00eddo de Telam: el coronavirus puede dejar a otros 10 millones de ni\u00f1os al borde de morir de hambre - Infoecos","og_description":"La forma m\u00e1s grave de desnutrici\u00f3n entre los ni\u00f1os podr\u00eda aumentar en un 20% como resultado del brote, advirti\u00f3 el Programa Mundial de Alimentos de la ONU","og_url":"https:\/\/infoecos.com.ar\/index.php\/informe-extraido-de-telam-el-coronavirus-puede-dejar-a-otros-10-millones-de-ninos-al-borde-de-morir-de-hambre\/","og_site_name":"Infoecos","article_publisher":"https:\/\/www.facebook.com\/profile.php?id=100063200290284","article_published_time":"2020-05-21T03:15:15+00:00","article_modified_time":"2020-05-22T03:17:45+00:00","og_image":[{"width":1004,"height":565,"url":"https:\/\/infoecos.com.ar\/wp-content\/uploads\/ni\u00f1ospobreza.jpg","type":"image\/jpeg"}],"author":"Jorge Matheus","twitter_card":"summary_large_image","twitter_creator":"@infoecos","twitter_site":"@infoecos","twitter_misc":{"Escrito por":"Jorge Matheus","Tiempo de lectura":"2 minutos"},"schema":{"@context":"https:\/\/schema.org","@graph":[{"@type":"Article","@id":"https:\/\/infoecos.com.ar\/index.php\/informe-extraido-de-telam-el-coronavirus-puede-dejar-a-otros-10-millones-de-ninos-al-borde-de-morir-de-hambre\/#article","isPartOf":{"@id":"https:\/\/infoecos.com.ar\/index.php\/informe-extraido-de-telam-el-coronavirus-puede-dejar-a-otros-10-millones-de-ninos-al-borde-de-morir-de-hambre\/"},"author":{"name":"Jorge Matheus","@id":"https:\/\/infoecos.com.ar\/#\/schema\/person\/8f5ace5ce73b4b4aac4b7245aee6f191"},"headline":"Informe extra\u00eddo de Telam: el coronavirus puede dejar a otros 10 millones de ni\u00f1os al borde de morir de hambre","datePublished":"2020-05-21T03:15:15+00:00","dateModified":"2020-05-22T03:17:45+00:00","mainEntityOfPage":{"@id":"https:\/\/infoecos.com.ar\/index.php\/informe-extraido-de-telam-el-coronavirus-puede-dejar-a-otros-10-millones-de-ninos-al-borde-de-morir-de-hambre\/"},"wordCount":490,"publisher":{"@id":"https:\/\/infoecos.com.ar\/#organization"},"image":{"@id":"https:\/\/infoecos.com.ar\/index.php\/informe-extraido-de-telam-el-coronavirus-puede-dejar-a-otros-10-millones-de-ninos-al-borde-de-morir-de-hambre\/#primaryimage"},"thumbnailUrl":"https:\/\/infoecos.com.ar\/wp-content\/uploads\/ni\u00f1ospobreza.jpg","keywords":["SALUD Y ECONOM\u00cdA"],"articleSection":["Bloque inferior - 4"],"inLanguage":"es"},{"@type":"WebPage","@id":"https:\/\/infoecos.com.ar\/index.php\/informe-extraido-de-telam-el-coronavirus-puede-dejar-a-otros-10-millones-de-ninos-al-borde-de-morir-de-hambre\/","url":"https:\/\/infoecos.com.ar\/index.php\/informe-extraido-de-telam-el-coronavirus-puede-dejar-a-otros-10-millones-de-ninos-al-borde-de-morir-de-hambre\/","name":"Informe extra\u00eddo de Telam: el coronavirus puede dejar a otros 10 millones de ni\u00f1os al borde de morir de hambre - Infoecos","isPartOf":{"@id":"https:\/\/infoecos.com.ar\/#website"},"primaryImageOfPage":{"@id":"https:\/\/infoecos.com.ar\/index.php\/informe-extraido-de-telam-el-coronavirus-puede-dejar-a-otros-10-millones-de-ninos-al-borde-de-morir-de-hambre\/#primaryimage"},"image":{"@id":"https:\/\/infoecos.com.ar\/index.php\/informe-extraido-de-telam-el-coronavirus-puede-dejar-a-otros-10-millones-de-ninos-al-borde-de-morir-de-hambre\/#primaryimage"},"thumbnailUrl":"https:\/\/infoecos.com.ar\/wp-content\/uploads\/ni\u00f1ospobreza.jpg","datePublished":"2020-05-21T03:15:15+00:00","dateModified":"2020-05-22T03:17:45+00:00","breadcrumb":{"@id":"https:\/\/infoecos.com.ar\/index.php\/informe-extraido-de-telam-el-coronavirus-puede-dejar-a-otros-10-millones-de-ninos-al-borde-de-morir-de-hambre\/#breadcrumb"},"inLanguage":"es","potentialAction":[{"@type":"ReadAction","target":["https:\/\/infoecos.com.ar\/index.php\/informe-extraido-de-telam-el-coronavirus-puede-dejar-a-otros-10-millones-de-ninos-al-borde-de-morir-de-hambre\/"]}]},{"@type":"ImageObject","inLanguage":"es","@id":"https:\/\/infoecos.com.ar\/index.php\/informe-extraido-de-telam-el-coronavirus-puede-dejar-a-otros-10-millones-de-ninos-al-borde-de-morir-de-hambre\/#primaryimage","url":"https:\/\/infoecos.com.ar\/wp-content\/uploads\/ni\u00f1ospobreza.jpg","contentUrl":"https:\/\/infoecos.com.ar\/wp-content\/uploads\/ni\u00f1ospobreza.jpg","width":1004,"height":565},{"@type":"BreadcrumbList","@id":"https:\/\/infoecos.com.ar\/index.php\/informe-extraido-de-telam-el-coronavirus-puede-dejar-a-otros-10-millones-de-ninos-al-borde-de-morir-de-hambre\/#breadcrumb","itemListElement":[{"@type":"ListItem","position":1,"name":"Portada","item":"https:\/\/infoecos.com.ar\/"},{"@type":"ListItem","position":2,"name":"Informe extra\u00eddo de Telam: el coronavirus puede dejar a otros 10 millones de ni\u00f1os al borde de morir de hambre"}]},{"@type":"WebSite","@id":"https:\/\/infoecos.com.ar\/#website","url":"https:\/\/infoecos.com.ar\/","name":"Infoecos","description":"Noticias de trenque lauquen y la zona","publisher":{"@id":"https:\/\/infoecos.com.ar\/#organization"},"alternateName":"Noticias","potentialAction":[{"@type":"SearchAction","target":{"@type":"EntryPoint","urlTemplate":"https:\/\/infoecos.com.ar\/?s={search_term_string}"},"query-input":{"@type":"PropertyValueSpecification","valueRequired":true,"valueName":"search_term_string"}}],"inLanguage":"es"},{"@type":"Organization","@id":"https:\/\/infoecos.com.ar\/#organization","name":"Infoecos","alternateName":"Noticias","url":"https:\/\/infoecos.com.ar\/","logo":{"@type":"ImageObject","inLanguage":"es","@id":"https:\/\/infoecos.com.ar\/#\/schema\/logo\/image\/","url":"https:\/\/infoecos.com.ar\/wp-content\/uploads\/2024\/03\/cropped-logo.png","contentUrl":"https:\/\/infoecos.com.ar\/wp-content\/uploads\/2024\/03\/cropped-logo.png","width":374,"height":90,"caption":"Infoecos"},"image":{"@id":"https:\/\/infoecos.com.ar\/#\/schema\/logo\/image\/"},"sameAs":["https:\/\/www.facebook.com\/profile.php?id=100063200290284","https:\/\/x.com\/infoecos"]},{"@type":"Person","@id":"https:\/\/infoecos.com.ar\/#\/schema\/person\/8f5ace5ce73b4b4aac4b7245aee6f191","name":"Jorge Matheus","url":"https:\/\/infoecos.com.ar\/index.php\/author\/jomatheus\/"}]}},"featured_image_urls":{"full":["https:\/\/infoecos.com.ar\/wp-content\/uploads\/ni\u00f1ospobreza.jpg",1004,565,false],"thumbnail":["https:\/\/infoecos.com.ar\/wp-content\/uploads\/ni\u00f1ospobreza-150x150.jpg",150,150,true],"medium":["https:\/\/infoecos.com.ar\/wp-content\/uploads\/ni\u00f1ospobreza-460x259.jpg",460,259,true],"medium_large":["https:\/\/infoecos.com.ar\/wp-content\/uploads\/ni\u00f1ospobreza-768x432.jpg",640,360,true],"large":["https:\/\/infoecos.com.ar\/wp-content\/uploads\/ni\u00f1ospobreza-920x518.jpg",640,360,true],"1536x1536":["https:\/\/infoecos.com.ar\/wp-content\/uploads\/ni\u00f1ospobreza.jpg",1004,565,false],"2048x2048":["https:\/\/infoecos.com.ar\/wp-content\/uploads\/ni\u00f1ospobreza.jpg",1004,565,false],"covernews-slider-full":["https:\/\/infoecos.com.ar\/wp-content\/uploads\/ni\u00f1ospobreza.jpg",1004,565,false],"covernews-slider-center":["https:\/\/infoecos.com.ar\/wp-content\/uploads\/ni\u00f1ospobreza-936x565.jpg",800,483,true],"covernews-featured":["https:\/\/infoecos.com.ar\/wp-content\/uploads\/ni\u00f1ospobreza.jpg",1004,565,false],"covernews-medium":["https:\/\/infoecos.com.ar\/wp-content\/uploads\/ni\u00f1ospobreza-720x380.jpg",540,285,true],"covernews-medium-square":["https:\/\/infoecos.com.ar\/wp-content\/uploads\/ni\u00f1ospobreza-675x450.jpg",375,250,true]},"author_info":{"info":["Jorge Matheus"]},"category_info":"<a href=\"https:\/\/infoecos.com.ar\/index.php\/category\/inferior4\/\" rel=\"category tag\">Bloque inferior - 4<\/a>","tag_info":"Bloque inferior - 4","comment_count":"0","_links":{"self":[{"href":"https:\/\/infoecos.com.ar\/index.php\/wp-json\/wp\/v2\/posts\/62604"}],"collection":[{"href":"https:\/\/infoecos.com.ar\/index.php\/wp-json\/wp\/v2\/posts"}],"about":[{"href":"https:\/\/infoecos.com.ar\/index.php\/wp-json\/wp\/v2\/types\/post"}],"author":[{"embeddable":true,"href":"https:\/\/infoecos.com.ar\/index.php\/wp-json\/wp\/v2\/users\/2"}],"replies":[{"embeddable":true,"href":"https:\/\/infoecos.com.ar\/index.php\/wp-json\/wp\/v2\/comments?post=62604"}],"version-history":[{"count":1,"href":"https:\/\/infoecos.com.ar\/index.php\/wp-json\/wp\/v2\/posts\/62604\/revisions"}],"predecessor-version":[{"id":62607,"href":"https:\/\/infoecos.com.ar\/index.php\/wp-json\/wp\/v2\/posts\/62604\/revisions\/62607"}],"wp:featuredmedia":[{"embeddable":true,"href":"https:\/\/infoecos.com.ar\/index.php\/wp-json\/wp\/v2\/media\/62605"}],"wp:attachment":[{"href":"https:\/\/infoecos.com.ar\/index.php\/wp-json\/wp\/v2\/media?parent=62604"}],"wp:term":[{"taxonomy":"category","embeddable":true,"href":"https:\/\/infoecos.com.ar\/index.php\/wp-json\/wp\/v2\/categories?post=62604"},{"taxonomy":"post_tag","embeddable":true,"href":"https:\/\/infoecos.com.ar\/index.php\/wp-json\/wp\/v2\/tags?post=62604"}],"curies":[{"name":"wp","href":"https:\/\/api.w.org\/{rel}","templated":true}]}}