{"id":62622,"date":"2020-05-21T01:22:49","date_gmt":"2020-05-21T04:22:49","guid":{"rendered":"http:\/\/infoecos.com.ar\/?p=62622"},"modified":"2020-05-21T01:23:18","modified_gmt":"2020-05-21T04:23:18","slug":"la-ministra-de-trabajo-de-la-provincia-debuenos-aires-visita-pehuajo-este-jueves","status":"publish","type":"post","link":"https:\/\/infoecos.com.ar\/index.php\/la-ministra-de-trabajo-de-la-provincia-debuenos-aires-visita-pehuajo-este-jueves\/","title":{"rendered":"La ministra de Trabajo de la provincia de Buenos Aires visita Pehuaj\u00f3, este jueves"},"content":{"rendered":"\n<p>La ministra de Trabajo de la provincia de Buenos Aires visitar\u00e1 este jueves la ciudad de Pehuaj\u00f3.<\/p>\n\n\n\n<div class=\"wp-block-image\"><figure class=\"aligncenter size-large\"><img loading=\"lazy\" decoding=\"async\" width=\"400\" height=\"350\" src=\"http:\/\/infoecos.com.ar\/wp-content\/uploads\/A-76-400x350-1.jpg\" alt=\"\" class=\"wp-image-62623\"\/><\/figure><\/div>\n\n\n\n<p>La funcionaria provincial, se\u00f1ala el sitio radiomagicadigital.com, ofrecer\u00e1 una conferencia de prensa a partir de las 9.45 en la Delegaci\u00f3n Regional del ministerio, ubicada en la calle Artigas 753, acompa\u00f1ada por el intendente municipal, Pablo Zurro.<\/p>\n\n\n\n<p>No se brindaron otros detalles sobre esta visita, aunque es l\u00f3gico especular que est\u00e1n vinculados con temas espec\u00edficos de su \u00e1rea y las acciones que se est\u00e1n llevando a cabo. <\/p>\n","protected":false},"excerpt":{"rendered":"<p>La ministra de Trabajo de la provincia de Buenos Aires visitar\u00e1 este jueves la ciudad&#8230;<\/p>\n","protected":false},"author":2,"featured_media":62623,"comment_status":"closed","ping_status":"open","sticky":false,"template":"","format":"standard","meta":{"footnotes":""},"categories":[197],"tags":[16],"class_list":["post-62622","post","type-post","status-publish","format-standard","has-post-thumbnail","hentry","category-c3nota4","tag-pehuajo"],"yoast_head":"<!-- This site is optimized with the Yoast SEO plugin v23.4 - https:\/\/yoast.com\/wordpress\/plugins\/seo\/ -->\n<title>La ministra de Trabajo de la provincia de Buenos Aires visita Pehuaj\u00f3, este jueves - Infoecos<\/title>\n<meta name=\"robots\" content=\"index, follow, max-snippet:-1, max-image-preview:large, max-video-preview:-1\" \/>\n<link rel=\"canonical\" href=\"https:\/\/infoecos.com.ar\/index.php\/la-ministra-de-trabajo-de-la-provincia-debuenos-aires-visita-pehuajo-este-jueves\/\" \/>\n<meta property=\"og:locale\" content=\"es_ES\" \/>\n<meta property=\"og:type\" content=\"article\" \/>\n<meta property=\"og:title\" content=\"La ministra de Trabajo de la provincia de Buenos Aires visita Pehuaj\u00f3, este jueves - Infoecos\" \/>\n<meta property=\"og:description\" content=\"La ministra de Trabajo de la provincia de Buenos Aires visitar\u00e1 este jueves la ciudad...\" \/>\n<meta property=\"og:url\" content=\"https:\/\/infoecos.com.ar\/index.php\/la-ministra-de-trabajo-de-la-provincia-debuenos-aires-visita-pehuajo-este-jueves\/\" \/>\n<meta property=\"og:site_name\" content=\"Infoecos\" \/>\n<meta property=\"article:publisher\" content=\"https:\/\/www.facebook.com\/profile.php?id=100063200290284\" \/>\n<meta property=\"article:published_time\" content=\"2020-05-21T04:22:49+00:00\" \/>\n<meta property=\"article:modified_time\" content=\"2020-05-21T04:23:18+00:00\" \/>\n<meta property=\"og:image\" content=\"https:\/\/infoecos.com.ar\/wp-content\/uploads\/A-76-400x350-1.jpg\" \/>\n\t<meta property=\"og:image:width\" content=\"400\" \/>\n\t<meta property=\"og:image:height\" content=\"350\" \/>\n\t<meta property=\"og:image:type\" content=\"image\/jpeg\" \/>\n<meta name=\"author\" content=\"Jorge Matheus\" \/>\n<meta name=\"twitter:card\" content=\"summary_large_image\" \/>\n<meta name=\"twitter:creator\" content=\"@infoecos\" \/>\n<meta name=\"twitter:site\" content=\"@infoecos\" \/>\n<meta name=\"twitter:label1\" content=\"Escrito por\" \/>\n\t<meta name=\"twitter:data1\" content=\"Jorge Matheus\" \/>\n<script type=\"application\/ld+json\" class=\"yoast-schema-graph\">{\"@context\":\"https:\/\/schema.org\",\"@graph\":[{\"@type\":\"Article\",\"@id\":\"https:\/\/infoecos.com.ar\/index.php\/la-ministra-de-trabajo-de-la-provincia-debuenos-aires-visita-pehuajo-este-jueves\/#article\",\"isPartOf\":{\"@id\":\"https:\/\/infoecos.com.ar\/index.php\/la-ministra-de-trabajo-de-la-provincia-debuenos-aires-visita-pehuajo-este-jueves\/\"},\"author\":{\"name\":\"Jorge Matheus\",\"@id\":\"https:\/\/infoecos.com.ar\/#\/schema\/person\/8f5ace5ce73b4b4aac4b7245aee6f191\"},\"headline\":\"La ministra de Trabajo de la provincia de Buenos Aires visita Pehuaj\u00f3, este jueves\",\"datePublished\":\"2020-05-21T04:22:49+00:00\",\"dateModified\":\"2020-05-21T04:23:18+00:00\",\"mainEntityOfPage\":{\"@id\":\"https:\/\/infoecos.com.ar\/index.php\/la-ministra-de-trabajo-de-la-provincia-debuenos-aires-visita-pehuajo-este-jueves\/\"},\"wordCount\":103,\"publisher\":{\"@id\":\"https:\/\/infoecos.com.ar\/#organization\"},\"image\":{\"@id\":\"https:\/\/infoecos.com.ar\/index.php\/la-ministra-de-trabajo-de-la-provincia-debuenos-aires-visita-pehuajo-este-jueves\/#primaryimage\"},\"thumbnailUrl\":\"https:\/\/infoecos.com.ar\/wp-content\/uploads\/A-76-400x350-1.jpg\",\"keywords\":[\"Pehuaj\u00f3\"],\"articleSection\":[\"C3 N4\"],\"inLanguage\":\"es\"},{\"@type\":\"WebPage\",\"@id\":\"https:\/\/infoecos.com.ar\/index.php\/la-ministra-de-trabajo-de-la-provincia-debuenos-aires-visita-pehuajo-este-jueves\/\",\"url\":\"https:\/\/infoecos.com.ar\/index.php\/la-ministra-de-trabajo-de-la-provincia-debuenos-aires-visita-pehuajo-este-jueves\/\",\"name\":\"La ministra de Trabajo de la provincia de Buenos Aires visita Pehuaj\u00f3, este jueves - Infoecos\",\"isPartOf\":{\"@id\":\"https:\/\/infoecos.com.ar\/#website\"},\"primaryImageOfPage\":{\"@id\":\"https:\/\/infoecos.com.ar\/index.php\/la-ministra-de-trabajo-de-la-provincia-debuenos-aires-visita-pehuajo-este-jueves\/#primaryimage\"},\"image\":{\"@id\":\"https:\/\/infoecos.com.ar\/index.php\/la-ministra-de-trabajo-de-la-provincia-debuenos-aires-visita-pehuajo-este-jueves\/#primaryimage\"},\"thumbnailUrl\":\"https:\/\/infoecos.com.ar\/wp-content\/uploads\/A-76-400x350-1.jpg\",\"datePublished\":\"2020-05-21T04:22:49+00:00\",\"dateModified\":\"2020-05-21T04:23:18+00:00\",\"breadcrumb\":{\"@id\":\"https:\/\/infoecos.com.ar\/index.php\/la-ministra-de-trabajo-de-la-provincia-debuenos-aires-visita-pehuajo-este-jueves\/#breadcrumb\"},\"inLanguage\":\"es\",\"potentialAction\":[{\"@type\":\"ReadAction\",\"target\":[\"https:\/\/infoecos.com.ar\/index.php\/la-ministra-de-trabajo-de-la-provincia-debuenos-aires-visita-pehuajo-este-jueves\/\"]}]},{\"@type\":\"ImageObject\",\"inLanguage\":\"es\",\"@id\":\"https:\/\/infoecos.com.ar\/index.php\/la-ministra-de-trabajo-de-la-provincia-debuenos-aires-visita-pehuajo-este-jueves\/#primaryimage\",\"url\":\"https:\/\/infoecos.com.ar\/wp-content\/uploads\/A-76-400x350-1.jpg\",\"contentUrl\":\"https:\/\/infoecos.com.ar\/wp-content\/uploads\/A-76-400x350-1.jpg\",\"width\":400,\"height\":350},{\"@type\":\"BreadcrumbList\",\"@id\":\"https:\/\/infoecos.com.ar\/index.php\/la-ministra-de-trabajo-de-la-provincia-debuenos-aires-visita-pehuajo-este-jueves\/#breadcrumb\",\"itemListElement\":[{\"@type\":\"ListItem\",\"position\":1,\"name\":\"Portada\",\"item\":\"https:\/\/infoecos.com.ar\/\"},{\"@type\":\"ListItem\",\"position\":2,\"name\":\"La ministra de Trabajo de la provincia de Buenos Aires visita Pehuaj\u00f3, este jueves\"}]},{\"@type\":\"WebSite\",\"@id\":\"https:\/\/infoecos.com.ar\/#website\",\"url\":\"https:\/\/infoecos.com.ar\/\",\"name\":\"Infoecos\",\"description\":\"Noticias de trenque lauquen y la zona\",\"publisher\":{\"@id\":\"https:\/\/infoecos.com.ar\/#organization\"},\"alternateName\":\"Noticias\",\"potentialAction\":[{\"@type\":\"SearchAction\",\"target\":{\"@type\":\"EntryPoint\",\"urlTemplate\":\"https:\/\/infoecos.com.ar\/?s={search_term_string}\"},\"query-input\":{\"@type\":\"PropertyValueSpecification\",\"valueRequired\":true,\"valueName\":\"search_term_string\"}}],\"inLanguage\":\"es\"},{\"@type\":\"Organization\",\"@id\":\"https:\/\/infoecos.com.ar\/#organization\",\"name\":\"Infoecos\",\"alternateName\":\"Noticias\",\"url\":\"https:\/\/infoecos.com.ar\/\",\"logo\":{\"@type\":\"ImageObject\",\"inLanguage\":\"es\",\"@id\":\"https:\/\/infoecos.com.ar\/#\/schema\/logo\/image\/\",\"url\":\"https:\/\/infoecos.com.ar\/wp-content\/uploads\/2024\/03\/cropped-logo.png\",\"contentUrl\":\"https:\/\/infoecos.com.ar\/wp-content\/uploads\/2024\/03\/cropped-logo.png\",\"width\":374,\"height\":90,\"caption\":\"Infoecos\"},\"image\":{\"@id\":\"https:\/\/infoecos.com.ar\/#\/schema\/logo\/image\/\"},\"sameAs\":[\"https:\/\/www.facebook.com\/profile.php?id=100063200290284\",\"https:\/\/x.com\/infoecos\"]},{\"@type\":\"Person\",\"@id\":\"https:\/\/infoecos.com.ar\/#\/schema\/person\/8f5ace5ce73b4b4aac4b7245aee6f191\",\"name\":\"Jorge Matheus\",\"url\":\"https:\/\/infoecos.com.ar\/index.php\/author\/jomatheus\/\"}]}<\/script>\n<!-- \/ Yoast SEO plugin. -->","yoast_head_json":{"title":"La ministra de Trabajo de la provincia de Buenos Aires visita Pehuaj\u00f3, este jueves - Infoecos","robots":{"index":"index","follow":"follow","max-snippet":"max-snippet:-1","max-image-preview":"max-image-preview:large","max-video-preview":"max-video-preview:-1"},"canonical":"https:\/\/infoecos.com.ar\/index.php\/la-ministra-de-trabajo-de-la-provincia-debuenos-aires-visita-pehuajo-este-jueves\/","og_locale":"es_ES","og_type":"article","og_title":"La ministra de Trabajo de la provincia de Buenos Aires visita Pehuaj\u00f3, este jueves - Infoecos","og_description":"La ministra de Trabajo de la provincia de Buenos Aires visitar\u00e1 este jueves la ciudad...","og_url":"https:\/\/infoecos.com.ar\/index.php\/la-ministra-de-trabajo-de-la-provincia-debuenos-aires-visita-pehuajo-este-jueves\/","og_site_name":"Infoecos","article_publisher":"https:\/\/www.facebook.com\/profile.php?id=100063200290284","article_published_time":"2020-05-21T04:22:49+00:00","article_modified_time":"2020-05-21T04:23:18+00:00","og_image":[{"width":400,"height":350,"url":"https:\/\/infoecos.com.ar\/wp-content\/uploads\/A-76-400x350-1.jpg","type":"image\/jpeg"}],"author":"Jorge Matheus","twitter_card":"summary_large_image","twitter_creator":"@infoecos","twitter_site":"@infoecos","twitter_misc":{"Escrito por":"Jorge Matheus"},"schema":{"@context":"https:\/\/schema.org","@graph":[{"@type":"Article","@id":"https:\/\/infoecos.com.ar\/index.php\/la-ministra-de-trabajo-de-la-provincia-debuenos-aires-visita-pehuajo-este-jueves\/#article","isPartOf":{"@id":"https:\/\/infoecos.com.ar\/index.php\/la-ministra-de-trabajo-de-la-provincia-debuenos-aires-visita-pehuajo-este-jueves\/"},"author":{"name":"Jorge Matheus","@id":"https:\/\/infoecos.com.ar\/#\/schema\/person\/8f5ace5ce73b4b4aac4b7245aee6f191"},"headline":"La ministra de Trabajo de la provincia de Buenos Aires visita Pehuaj\u00f3, este jueves","datePublished":"2020-05-21T04:22:49+00:00","dateModified":"2020-05-21T04:23:18+00:00","mainEntityOfPage":{"@id":"https:\/\/infoecos.com.ar\/index.php\/la-ministra-de-trabajo-de-la-provincia-debuenos-aires-visita-pehuajo-este-jueves\/"},"wordCount":103,"publisher":{"@id":"https:\/\/infoecos.com.ar\/#organization"},"image":{"@id":"https:\/\/infoecos.com.ar\/index.php\/la-ministra-de-trabajo-de-la-provincia-debuenos-aires-visita-pehuajo-este-jueves\/#primaryimage"},"thumbnailUrl":"https:\/\/infoecos.com.ar\/wp-content\/uploads\/A-76-400x350-1.jpg","keywords":["Pehuaj\u00f3"],"articleSection":["C3 N4"],"inLanguage":"es"},{"@type":"WebPage","@id":"https:\/\/infoecos.com.ar\/index.php\/la-ministra-de-trabajo-de-la-provincia-debuenos-aires-visita-pehuajo-este-jueves\/","url":"https:\/\/infoecos.com.ar\/index.php\/la-ministra-de-trabajo-de-la-provincia-debuenos-aires-visita-pehuajo-este-jueves\/","name":"La ministra de Trabajo de la provincia de Buenos Aires visita Pehuaj\u00f3, este jueves - Infoecos","isPartOf":{"@id":"https:\/\/infoecos.com.ar\/#website"},"primaryImageOfPage":{"@id":"https:\/\/infoecos.com.ar\/index.php\/la-ministra-de-trabajo-de-la-provincia-debuenos-aires-visita-pehuajo-este-jueves\/#primaryimage"},"image":{"@id":"https:\/\/infoecos.com.ar\/index.php\/la-ministra-de-trabajo-de-la-provincia-debuenos-aires-visita-pehuajo-este-jueves\/#primaryimage"},"thumbnailUrl":"https:\/\/infoecos.com.ar\/wp-content\/uploads\/A-76-400x350-1.jpg","datePublished":"2020-05-21T04:22:49+00:00","dateModified":"2020-05-21T04:23:18+00:00","breadcrumb":{"@id":"https:\/\/infoecos.com.ar\/index.php\/la-ministra-de-trabajo-de-la-provincia-debuenos-aires-visita-pehuajo-este-jueves\/#breadcrumb"},"inLanguage":"es","potentialAction":[{"@type":"ReadAction","target":["https:\/\/infoecos.com.ar\/index.php\/la-ministra-de-trabajo-de-la-provincia-debuenos-aires-visita-pehuajo-este-jueves\/"]}]},{"@type":"ImageObject","inLanguage":"es","@id":"https:\/\/infoecos.com.ar\/index.php\/la-ministra-de-trabajo-de-la-provincia-debuenos-aires-visita-pehuajo-este-jueves\/#primaryimage","url":"https:\/\/infoecos.com.ar\/wp-content\/uploads\/A-76-400x350-1.jpg","contentUrl":"https:\/\/infoecos.com.ar\/wp-content\/uploads\/A-76-400x350-1.jpg","width":400,"height":350},{"@type":"BreadcrumbList","@id":"https:\/\/infoecos.com.ar\/index.php\/la-ministra-de-trabajo-de-la-provincia-debuenos-aires-visita-pehuajo-este-jueves\/#breadcrumb","itemListElement":[{"@type":"ListItem","position":1,"name":"Portada","item":"https:\/\/infoecos.com.ar\/"},{"@type":"ListItem","position":2,"name":"La ministra de Trabajo de la provincia de Buenos Aires visita Pehuaj\u00f3, este jueves"}]},{"@type":"WebSite","@id":"https:\/\/infoecos.com.ar\/#website","url":"https:\/\/infoecos.com.ar\/","name":"Infoecos","description":"Noticias de trenque lauquen y la zona","publisher":{"@id":"https:\/\/infoecos.com.ar\/#organization"},"alternateName":"Noticias","potentialAction":[{"@type":"SearchAction","target":{"@type":"EntryPoint","urlTemplate":"https:\/\/infoecos.com.ar\/?s={search_term_string}"},"query-input":{"@type":"PropertyValueSpecification","valueRequired":true,"valueName":"search_term_string"}}],"inLanguage":"es"},{"@type":"Organization","@id":"https:\/\/infoecos.com.ar\/#organization","name":"Infoecos","alternateName":"Noticias","url":"https:\/\/infoecos.com.ar\/","logo":{"@type":"ImageObject","inLanguage":"es","@id":"https:\/\/infoecos.com.ar\/#\/schema\/logo\/image\/","url":"https:\/\/infoecos.com.ar\/wp-content\/uploads\/2024\/03\/cropped-logo.png","contentUrl":"https:\/\/infoecos.com.ar\/wp-content\/uploads\/2024\/03\/cropped-logo.png","width":374,"height":90,"caption":"Infoecos"},"image":{"@id":"https:\/\/infoecos.com.ar\/#\/schema\/logo\/image\/"},"sameAs":["https:\/\/www.facebook.com\/profile.php?id=100063200290284","https:\/\/x.com\/infoecos"]},{"@type":"Person","@id":"https:\/\/infoecos.com.ar\/#\/schema\/person\/8f5ace5ce73b4b4aac4b7245aee6f191","name":"Jorge Matheus","url":"https:\/\/infoecos.com.ar\/index.php\/author\/jomatheus\/"}]}},"featured_image_urls":{"full":["https:\/\/infoecos.com.ar\/wp-content\/uploads\/A-76-400x350-1.jpg",400,350,false],"thumbnail":["https:\/\/infoecos.com.ar\/wp-content\/uploads\/A-76-400x350-1-150x150.jpg",150,150,true],"medium":["https:\/\/infoecos.com.ar\/wp-content\/uploads\/A-76-400x350-1.jpg",400,350,false],"medium_large":["https:\/\/infoecos.com.ar\/wp-content\/uploads\/A-76-400x350-1.jpg",400,350,false],"large":["https:\/\/infoecos.com.ar\/wp-content\/uploads\/A-76-400x350-1.jpg",400,350,false],"1536x1536":["https:\/\/infoecos.com.ar\/wp-content\/uploads\/A-76-400x350-1.jpg",400,350,false],"2048x2048":["https:\/\/infoecos.com.ar\/wp-content\/uploads\/A-76-400x350-1.jpg",400,350,false],"covernews-slider-full":["https:\/\/infoecos.com.ar\/wp-content\/uploads\/A-76-400x350-1.jpg",400,350,false],"covernews-slider-center":["https:\/\/infoecos.com.ar\/wp-content\/uploads\/A-76-400x350-1.jpg",400,350,false],"covernews-featured":["https:\/\/infoecos.com.ar\/wp-content\/uploads\/A-76-400x350-1.jpg",400,350,false],"covernews-medium":["https:\/\/infoecos.com.ar\/wp-content\/uploads\/A-76-400x350-1.jpg",389,340,false],"covernews-medium-square":["https:\/\/infoecos.com.ar\/wp-content\/uploads\/A-76-400x350-1.jpg",286,250,false]},"author_info":{"info":["Jorge Matheus"]},"category_info":"<a href=\"https:\/\/infoecos.com.ar\/index.php\/category\/c3nota4\/\" rel=\"category tag\">C3 N4<\/a>","tag_info":"C3 N4","comment_count":"0","_links":{"self":[{"href":"https:\/\/infoecos.com.ar\/index.php\/wp-json\/wp\/v2\/posts\/62622"}],"collection":[{"href":"https:\/\/infoecos.com.ar\/index.php\/wp-json\/wp\/v2\/posts"}],"about":[{"href":"https:\/\/infoecos.com.ar\/index.php\/wp-json\/wp\/v2\/types\/post"}],"author":[{"embeddable":true,"href":"https:\/\/infoecos.com.ar\/index.php\/wp-json\/wp\/v2\/users\/2"}],"replies":[{"embeddable":true,"href":"https:\/\/infoecos.com.ar\/index.php\/wp-json\/wp\/v2\/comments?post=62622"}],"version-history":[{"count":2,"href":"https:\/\/infoecos.com.ar\/index.php\/wp-json\/wp\/v2\/posts\/62622\/revisions"}],"predecessor-version":[{"id":62625,"href":"https:\/\/infoecos.com.ar\/index.php\/wp-json\/wp\/v2\/posts\/62622\/revisions\/62625"}],"wp:featuredmedia":[{"embeddable":true,"href":"https:\/\/infoecos.com.ar\/index.php\/wp-json\/wp\/v2\/media\/62623"}],"wp:attachment":[{"href":"https:\/\/infoecos.com.ar\/index.php\/wp-json\/wp\/v2\/media?parent=62622"}],"wp:term":[{"taxonomy":"category","embeddable":true,"href":"https:\/\/infoecos.com.ar\/index.php\/wp-json\/wp\/v2\/categories?post=62622"},{"taxonomy":"post_tag","embeddable":true,"href":"https:\/\/infoecos.com.ar\/index.php\/wp-json\/wp\/v2\/tags?post=62622"}],"curies":[{"name":"wp","href":"https:\/\/api.w.org\/{rel}","templated":true}]}}