{"id":63302,"date":"2020-06-09T00:06:41","date_gmt":"2020-06-09T03:06:41","guid":{"rendered":"http:\/\/infoecos.com.ar\/?p=63302"},"modified":"2020-06-09T00:06:47","modified_gmt":"2020-06-09T03:06:47","slug":"coronavirus-olavarria-retrocedio-a-fase-1-municipio-y-provincia-trabajan-en-forma-conjunta","status":"publish","type":"post","link":"https:\/\/infoecos.com.ar\/index.php\/coronavirus-olavarria-retrocedio-a-fase-1-municipio-y-provincia-trabajan-en-forma-conjunta\/","title":{"rendered":"Coronavirus: Olavarr\u00eda retrocedi\u00f3 a Fase 1. Municipio y Provincia trabajan en forma conjunta"},"content":{"rendered":"\n<p>La ciudad de Olavarr\u00eda retrocedi\u00f3 a la fase 1 de la cuarentena tras detectarse 34 casos positivos de coronavirus. El ministerio de Salud bonaerense junto con el municipio coordinan acciones para identificar a los casos estrechos para aislarlos y de esa manera contener el brote.&nbsp;<\/p>\n\n\n\n<p>El viceministro de salud bonaerense, Nicol\u00e1s Kreplak y el Jefe de Gabinete, Salvador Giorgi, visitaron la ciudad y se reunieron este lunes con el intendente Ezequiel Galli, junto a los Directores de la Regi\u00f3n Sanitaria IX Ramiro Borzi y Norma Morello. Establecieron un Comit\u00e9 Operativo de Emergencia (COE), que contar\u00e1 con la participaci\u00f3n de IOMA y PAMI y tambi\u00e9n acordaron la organizaci\u00f3n conjunta de una b\u00fasqueda activa de casos sospechosos en diferentes barrios.<\/p>\n\n\n\n<p>Kreplak detall\u00f3 que se trata de un foco de contagios bien caracterizado, y que se est\u00e1 haciendo una investigaci\u00f3n epidemiol\u00f3gica exhaustiva. &nbsp;\u201cLo m\u00e1s importante es la identificaci\u00f3n, el aislamiento y el cuidado de los casos positivos y de todos los contactos estrechos. Por eso, establecimos un Comit\u00e9 Operativo de Emergencia\u201d, puntualiz\u00f3.<\/p>\n\n\n\n<div class=\"wp-block-image\"><figure class=\"aligncenter size-medium\"><img loading=\"lazy\" decoding=\"async\" width=\"460\" height=\"234\" src=\"http:\/\/infoecos.com.ar\/wp-content\/uploads\/4-1-460x234.jpeg\" alt=\"\" class=\"wp-image-63303\" srcset=\"https:\/\/infoecos.com.ar\/wp-content\/uploads\/4-1-460x234.jpeg 460w, https:\/\/infoecos.com.ar\/wp-content\/uploads\/4-1-920x468.jpeg 920w, https:\/\/infoecos.com.ar\/wp-content\/uploads\/4-1-768x391.jpeg 768w, https:\/\/infoecos.com.ar\/wp-content\/uploads\/4-1-1024x521.jpeg 1024w, https:\/\/infoecos.com.ar\/wp-content\/uploads\/4-1.jpeg 1280w\" sizes=\"(max-width: 460px) 100vw, 460px\" \/><\/figure><\/div>\n\n\n\n<p>En ese sentido, Ezequiel Galli, intendente de Olavarr\u00eda, a\u00f1adi\u00f3 que se sigue trabajando para determinar la conexi\u00f3n entre los casos para entender c\u00f3mo entr\u00f3 el virus a la ciudad y c\u00f3mo fue que se propag\u00f3.<\/p>\n\n\n\n<p>Durante la conferencia de prensa, Kreplak pidi\u00f3 a la comunidad que \u00abaquellos que sepan que han sido contactos estrechos de casos positivos se reporten a las autoridades sanitarias locales para garantizar que se cumpla el aislamiento y evitar que crezcan los contagios\u201d. Y remarc\u00f3 que \u201ctodos los contactos estrechos de los casos positivos tienen que hacer 14 d\u00edas de aislamiento, sin contactarse con nadie, sin salir de sus casas y que tampoco nadie entre\u201d.<\/p>\n\n\n\n<div class=\"wp-block-image\"><figure class=\"aligncenter size-medium\"><img loading=\"lazy\" decoding=\"async\" width=\"460\" height=\"259\" src=\"http:\/\/infoecos.com.ar\/wp-content\/uploads\/3-1-460x259.jpeg\" alt=\"\" class=\"wp-image-63304\" srcset=\"https:\/\/infoecos.com.ar\/wp-content\/uploads\/3-1-460x259.jpeg 460w, https:\/\/infoecos.com.ar\/wp-content\/uploads\/3-1-920x518.jpeg 920w, https:\/\/infoecos.com.ar\/wp-content\/uploads\/3-1-768x432.jpeg 768w, https:\/\/infoecos.com.ar\/wp-content\/uploads\/3-1-1024x576.jpeg 1024w, https:\/\/infoecos.com.ar\/wp-content\/uploads\/3-1.jpeg 1280w\" sizes=\"(max-width: 460px) 100vw, 460px\" \/><\/figure><\/div>\n\n\n\n<p>Los funcionarios, se comprometieron a implementar un operativo Detectar, junto a la Facultad de Medicina de la UNICEN, para realizar una b\u00fasqueda activa de los posibles casos. A su vez, detallaron que se est\u00e1 llevando a cabo un trabajo de focalizaci\u00f3n para evitar la salida y entrada de ciudadanos de otros distritos.<\/p>\n\n\n\n<p>M\u00e1s tarde recorrieron el Hospital Municipal, donde adem\u00e1s funciona uno de los laboratorios que forma para de la red provincial para el estudio de casos. All\u00ed, entregaron 10 term\u00f3metros, 50 barbijos N95, 200 barbijos quir\u00fargicos y 100 hisopos y 300 columnas de extracci\u00f3n para realizar pruebas de PCR. De la jornada de trabajo participaron tambi\u00e9n, el diputado provincial C\u00e9sar Valicenti; el subsecretario de Miner\u00eda bonaerense, Federico Aguilera; y el Secretario de Salud local, Germ\u00e1n Caputo.<\/p>\n\n\n\n<div class=\"wp-block-image\"><figure class=\"aligncenter size-medium\"><img loading=\"lazy\" decoding=\"async\" width=\"460\" height=\"218\" src=\"http:\/\/infoecos.com.ar\/wp-content\/uploads\/2-460x218.jpeg\" alt=\"\" class=\"wp-image-63305\" srcset=\"https:\/\/infoecos.com.ar\/wp-content\/uploads\/2-460x218.jpeg 460w, https:\/\/infoecos.com.ar\/wp-content\/uploads\/2-920x436.jpeg 920w, https:\/\/infoecos.com.ar\/wp-content\/uploads\/2-768x364.jpeg 768w, https:\/\/infoecos.com.ar\/wp-content\/uploads\/2-1024x485.jpeg 1024w, https:\/\/infoecos.com.ar\/wp-content\/uploads\/2.jpeg 1280w\" sizes=\"(max-width: 460px) 100vw, 460px\" \/><\/figure><\/div>\n\n\n\n<p><br><\/p>\n","protected":false},"excerpt":{"rendered":"<p>La ciudad de Olavarr\u00eda retrocedi\u00f3 a la fase 1 de la cuarentena tras detectarse 34&#8230;<\/p>\n","protected":false},"author":2,"featured_media":63305,"comment_status":"closed","ping_status":"open","sticky":false,"template":"","format":"standard","meta":{"footnotes":""},"categories":[45],"tags":[84],"class_list":["post-63302","post","type-post","status-publish","format-standard","has-post-thumbnail","hentry","category-c1nota2","tag-olavarria"],"yoast_head":"<!-- This site is optimized with the Yoast SEO plugin v23.4 - https:\/\/yoast.com\/wordpress\/plugins\/seo\/ -->\n<title>Coronavirus: Olavarr\u00eda retrocedi\u00f3 a Fase 1. Municipio y Provincia trabajan en forma conjunta - Infoecos<\/title>\n<meta name=\"robots\" content=\"index, follow, max-snippet:-1, max-image-preview:large, max-video-preview:-1\" \/>\n<link rel=\"canonical\" href=\"https:\/\/infoecos.com.ar\/index.php\/coronavirus-olavarria-retrocedio-a-fase-1-municipio-y-provincia-trabajan-en-forma-conjunta\/\" \/>\n<meta property=\"og:locale\" content=\"es_ES\" \/>\n<meta property=\"og:type\" content=\"article\" \/>\n<meta property=\"og:title\" content=\"Coronavirus: Olavarr\u00eda retrocedi\u00f3 a Fase 1. Municipio y Provincia trabajan en forma conjunta - Infoecos\" \/>\n<meta property=\"og:description\" content=\"La ciudad de Olavarr\u00eda retrocedi\u00f3 a la fase 1 de la cuarentena tras detectarse 34...\" \/>\n<meta property=\"og:url\" content=\"https:\/\/infoecos.com.ar\/index.php\/coronavirus-olavarria-retrocedio-a-fase-1-municipio-y-provincia-trabajan-en-forma-conjunta\/\" \/>\n<meta property=\"og:site_name\" content=\"Infoecos\" \/>\n<meta property=\"article:publisher\" content=\"https:\/\/www.facebook.com\/profile.php?id=100063200290284\" \/>\n<meta property=\"article:published_time\" content=\"2020-06-09T03:06:41+00:00\" \/>\n<meta property=\"article:modified_time\" content=\"2020-06-09T03:06:47+00:00\" \/>\n<meta property=\"og:image\" content=\"https:\/\/infoecos.com.ar\/wp-content\/uploads\/2.jpeg\" \/>\n\t<meta property=\"og:image:width\" content=\"1280\" \/>\n\t<meta property=\"og:image:height\" content=\"606\" \/>\n\t<meta property=\"og:image:type\" content=\"image\/jpeg\" \/>\n<meta name=\"author\" content=\"Jorge Matheus\" \/>\n<meta name=\"twitter:card\" content=\"summary_large_image\" \/>\n<meta name=\"twitter:creator\" content=\"@infoecos\" \/>\n<meta name=\"twitter:site\" content=\"@infoecos\" \/>\n<meta name=\"twitter:label1\" content=\"Escrito por\" \/>\n\t<meta name=\"twitter:data1\" content=\"Jorge Matheus\" \/>\n\t<meta name=\"twitter:label2\" content=\"Tiempo de lectura\" \/>\n\t<meta name=\"twitter:data2\" content=\"2 minutos\" \/>\n<script type=\"application\/ld+json\" class=\"yoast-schema-graph\">{\"@context\":\"https:\/\/schema.org\",\"@graph\":[{\"@type\":\"Article\",\"@id\":\"https:\/\/infoecos.com.ar\/index.php\/coronavirus-olavarria-retrocedio-a-fase-1-municipio-y-provincia-trabajan-en-forma-conjunta\/#article\",\"isPartOf\":{\"@id\":\"https:\/\/infoecos.com.ar\/index.php\/coronavirus-olavarria-retrocedio-a-fase-1-municipio-y-provincia-trabajan-en-forma-conjunta\/\"},\"author\":{\"name\":\"Jorge Matheus\",\"@id\":\"https:\/\/infoecos.com.ar\/#\/schema\/person\/8f5ace5ce73b4b4aac4b7245aee6f191\"},\"headline\":\"Coronavirus: Olavarr\u00eda retrocedi\u00f3 a Fase 1. Municipio y Provincia trabajan en forma conjunta\",\"datePublished\":\"2020-06-09T03:06:41+00:00\",\"dateModified\":\"2020-06-09T03:06:47+00:00\",\"mainEntityOfPage\":{\"@id\":\"https:\/\/infoecos.com.ar\/index.php\/coronavirus-olavarria-retrocedio-a-fase-1-municipio-y-provincia-trabajan-en-forma-conjunta\/\"},\"wordCount\":440,\"publisher\":{\"@id\":\"https:\/\/infoecos.com.ar\/#organization\"},\"image\":{\"@id\":\"https:\/\/infoecos.com.ar\/index.php\/coronavirus-olavarria-retrocedio-a-fase-1-municipio-y-provincia-trabajan-en-forma-conjunta\/#primaryimage\"},\"thumbnailUrl\":\"https:\/\/infoecos.com.ar\/wp-content\/uploads\/2.jpeg\",\"keywords\":[\"OLAVARR\u00cdA\"],\"articleSection\":[\"C1 N2\"],\"inLanguage\":\"es\"},{\"@type\":\"WebPage\",\"@id\":\"https:\/\/infoecos.com.ar\/index.php\/coronavirus-olavarria-retrocedio-a-fase-1-municipio-y-provincia-trabajan-en-forma-conjunta\/\",\"url\":\"https:\/\/infoecos.com.ar\/index.php\/coronavirus-olavarria-retrocedio-a-fase-1-municipio-y-provincia-trabajan-en-forma-conjunta\/\",\"name\":\"Coronavirus: Olavarr\u00eda retrocedi\u00f3 a Fase 1. Municipio y Provincia trabajan en forma conjunta - Infoecos\",\"isPartOf\":{\"@id\":\"https:\/\/infoecos.com.ar\/#website\"},\"primaryImageOfPage\":{\"@id\":\"https:\/\/infoecos.com.ar\/index.php\/coronavirus-olavarria-retrocedio-a-fase-1-municipio-y-provincia-trabajan-en-forma-conjunta\/#primaryimage\"},\"image\":{\"@id\":\"https:\/\/infoecos.com.ar\/index.php\/coronavirus-olavarria-retrocedio-a-fase-1-municipio-y-provincia-trabajan-en-forma-conjunta\/#primaryimage\"},\"thumbnailUrl\":\"https:\/\/infoecos.com.ar\/wp-content\/uploads\/2.jpeg\",\"datePublished\":\"2020-06-09T03:06:41+00:00\",\"dateModified\":\"2020-06-09T03:06:47+00:00\",\"breadcrumb\":{\"@id\":\"https:\/\/infoecos.com.ar\/index.php\/coronavirus-olavarria-retrocedio-a-fase-1-municipio-y-provincia-trabajan-en-forma-conjunta\/#breadcrumb\"},\"inLanguage\":\"es\",\"potentialAction\":[{\"@type\":\"ReadAction\",\"target\":[\"https:\/\/infoecos.com.ar\/index.php\/coronavirus-olavarria-retrocedio-a-fase-1-municipio-y-provincia-trabajan-en-forma-conjunta\/\"]}]},{\"@type\":\"ImageObject\",\"inLanguage\":\"es\",\"@id\":\"https:\/\/infoecos.com.ar\/index.php\/coronavirus-olavarria-retrocedio-a-fase-1-municipio-y-provincia-trabajan-en-forma-conjunta\/#primaryimage\",\"url\":\"https:\/\/infoecos.com.ar\/wp-content\/uploads\/2.jpeg\",\"contentUrl\":\"https:\/\/infoecos.com.ar\/wp-content\/uploads\/2.jpeg\",\"width\":1280,\"height\":606},{\"@type\":\"BreadcrumbList\",\"@id\":\"https:\/\/infoecos.com.ar\/index.php\/coronavirus-olavarria-retrocedio-a-fase-1-municipio-y-provincia-trabajan-en-forma-conjunta\/#breadcrumb\",\"itemListElement\":[{\"@type\":\"ListItem\",\"position\":1,\"name\":\"Portada\",\"item\":\"https:\/\/infoecos.com.ar\/\"},{\"@type\":\"ListItem\",\"position\":2,\"name\":\"Coronavirus: Olavarr\u00eda retrocedi\u00f3 a Fase 1. Municipio y Provincia trabajan en forma conjunta\"}]},{\"@type\":\"WebSite\",\"@id\":\"https:\/\/infoecos.com.ar\/#website\",\"url\":\"https:\/\/infoecos.com.ar\/\",\"name\":\"Infoecos\",\"description\":\"Noticias de trenque lauquen y la zona\",\"publisher\":{\"@id\":\"https:\/\/infoecos.com.ar\/#organization\"},\"alternateName\":\"Noticias\",\"potentialAction\":[{\"@type\":\"SearchAction\",\"target\":{\"@type\":\"EntryPoint\",\"urlTemplate\":\"https:\/\/infoecos.com.ar\/?s={search_term_string}\"},\"query-input\":{\"@type\":\"PropertyValueSpecification\",\"valueRequired\":true,\"valueName\":\"search_term_string\"}}],\"inLanguage\":\"es\"},{\"@type\":\"Organization\",\"@id\":\"https:\/\/infoecos.com.ar\/#organization\",\"name\":\"Infoecos\",\"alternateName\":\"Noticias\",\"url\":\"https:\/\/infoecos.com.ar\/\",\"logo\":{\"@type\":\"ImageObject\",\"inLanguage\":\"es\",\"@id\":\"https:\/\/infoecos.com.ar\/#\/schema\/logo\/image\/\",\"url\":\"https:\/\/infoecos.com.ar\/wp-content\/uploads\/2024\/03\/cropped-logo.png\",\"contentUrl\":\"https:\/\/infoecos.com.ar\/wp-content\/uploads\/2024\/03\/cropped-logo.png\",\"width\":374,\"height\":90,\"caption\":\"Infoecos\"},\"image\":{\"@id\":\"https:\/\/infoecos.com.ar\/#\/schema\/logo\/image\/\"},\"sameAs\":[\"https:\/\/www.facebook.com\/profile.php?id=100063200290284\",\"https:\/\/x.com\/infoecos\"]},{\"@type\":\"Person\",\"@id\":\"https:\/\/infoecos.com.ar\/#\/schema\/person\/8f5ace5ce73b4b4aac4b7245aee6f191\",\"name\":\"Jorge Matheus\",\"url\":\"https:\/\/infoecos.com.ar\/index.php\/author\/jomatheus\/\"}]}<\/script>\n<!-- \/ Yoast SEO plugin. -->","yoast_head_json":{"title":"Coronavirus: Olavarr\u00eda retrocedi\u00f3 a Fase 1. Municipio y Provincia trabajan en forma conjunta - Infoecos","robots":{"index":"index","follow":"follow","max-snippet":"max-snippet:-1","max-image-preview":"max-image-preview:large","max-video-preview":"max-video-preview:-1"},"canonical":"https:\/\/infoecos.com.ar\/index.php\/coronavirus-olavarria-retrocedio-a-fase-1-municipio-y-provincia-trabajan-en-forma-conjunta\/","og_locale":"es_ES","og_type":"article","og_title":"Coronavirus: Olavarr\u00eda retrocedi\u00f3 a Fase 1. Municipio y Provincia trabajan en forma conjunta - Infoecos","og_description":"La ciudad de Olavarr\u00eda retrocedi\u00f3 a la fase 1 de la cuarentena tras detectarse 34...","og_url":"https:\/\/infoecos.com.ar\/index.php\/coronavirus-olavarria-retrocedio-a-fase-1-municipio-y-provincia-trabajan-en-forma-conjunta\/","og_site_name":"Infoecos","article_publisher":"https:\/\/www.facebook.com\/profile.php?id=100063200290284","article_published_time":"2020-06-09T03:06:41+00:00","article_modified_time":"2020-06-09T03:06:47+00:00","og_image":[{"width":1280,"height":606,"url":"https:\/\/infoecos.com.ar\/wp-content\/uploads\/2.jpeg","type":"image\/jpeg"}],"author":"Jorge Matheus","twitter_card":"summary_large_image","twitter_creator":"@infoecos","twitter_site":"@infoecos","twitter_misc":{"Escrito por":"Jorge Matheus","Tiempo de lectura":"2 minutos"},"schema":{"@context":"https:\/\/schema.org","@graph":[{"@type":"Article","@id":"https:\/\/infoecos.com.ar\/index.php\/coronavirus-olavarria-retrocedio-a-fase-1-municipio-y-provincia-trabajan-en-forma-conjunta\/#article","isPartOf":{"@id":"https:\/\/infoecos.com.ar\/index.php\/coronavirus-olavarria-retrocedio-a-fase-1-municipio-y-provincia-trabajan-en-forma-conjunta\/"},"author":{"name":"Jorge Matheus","@id":"https:\/\/infoecos.com.ar\/#\/schema\/person\/8f5ace5ce73b4b4aac4b7245aee6f191"},"headline":"Coronavirus: Olavarr\u00eda retrocedi\u00f3 a Fase 1. Municipio y Provincia trabajan en forma conjunta","datePublished":"2020-06-09T03:06:41+00:00","dateModified":"2020-06-09T03:06:47+00:00","mainEntityOfPage":{"@id":"https:\/\/infoecos.com.ar\/index.php\/coronavirus-olavarria-retrocedio-a-fase-1-municipio-y-provincia-trabajan-en-forma-conjunta\/"},"wordCount":440,"publisher":{"@id":"https:\/\/infoecos.com.ar\/#organization"},"image":{"@id":"https:\/\/infoecos.com.ar\/index.php\/coronavirus-olavarria-retrocedio-a-fase-1-municipio-y-provincia-trabajan-en-forma-conjunta\/#primaryimage"},"thumbnailUrl":"https:\/\/infoecos.com.ar\/wp-content\/uploads\/2.jpeg","keywords":["OLAVARR\u00cdA"],"articleSection":["C1 N2"],"inLanguage":"es"},{"@type":"WebPage","@id":"https:\/\/infoecos.com.ar\/index.php\/coronavirus-olavarria-retrocedio-a-fase-1-municipio-y-provincia-trabajan-en-forma-conjunta\/","url":"https:\/\/infoecos.com.ar\/index.php\/coronavirus-olavarria-retrocedio-a-fase-1-municipio-y-provincia-trabajan-en-forma-conjunta\/","name":"Coronavirus: Olavarr\u00eda retrocedi\u00f3 a Fase 1. Municipio y Provincia trabajan en forma conjunta - Infoecos","isPartOf":{"@id":"https:\/\/infoecos.com.ar\/#website"},"primaryImageOfPage":{"@id":"https:\/\/infoecos.com.ar\/index.php\/coronavirus-olavarria-retrocedio-a-fase-1-municipio-y-provincia-trabajan-en-forma-conjunta\/#primaryimage"},"image":{"@id":"https:\/\/infoecos.com.ar\/index.php\/coronavirus-olavarria-retrocedio-a-fase-1-municipio-y-provincia-trabajan-en-forma-conjunta\/#primaryimage"},"thumbnailUrl":"https:\/\/infoecos.com.ar\/wp-content\/uploads\/2.jpeg","datePublished":"2020-06-09T03:06:41+00:00","dateModified":"2020-06-09T03:06:47+00:00","breadcrumb":{"@id":"https:\/\/infoecos.com.ar\/index.php\/coronavirus-olavarria-retrocedio-a-fase-1-municipio-y-provincia-trabajan-en-forma-conjunta\/#breadcrumb"},"inLanguage":"es","potentialAction":[{"@type":"ReadAction","target":["https:\/\/infoecos.com.ar\/index.php\/coronavirus-olavarria-retrocedio-a-fase-1-municipio-y-provincia-trabajan-en-forma-conjunta\/"]}]},{"@type":"ImageObject","inLanguage":"es","@id":"https:\/\/infoecos.com.ar\/index.php\/coronavirus-olavarria-retrocedio-a-fase-1-municipio-y-provincia-trabajan-en-forma-conjunta\/#primaryimage","url":"https:\/\/infoecos.com.ar\/wp-content\/uploads\/2.jpeg","contentUrl":"https:\/\/infoecos.com.ar\/wp-content\/uploads\/2.jpeg","width":1280,"height":606},{"@type":"BreadcrumbList","@id":"https:\/\/infoecos.com.ar\/index.php\/coronavirus-olavarria-retrocedio-a-fase-1-municipio-y-provincia-trabajan-en-forma-conjunta\/#breadcrumb","itemListElement":[{"@type":"ListItem","position":1,"name":"Portada","item":"https:\/\/infoecos.com.ar\/"},{"@type":"ListItem","position":2,"name":"Coronavirus: Olavarr\u00eda retrocedi\u00f3 a Fase 1. Municipio y Provincia trabajan en forma conjunta"}]},{"@type":"WebSite","@id":"https:\/\/infoecos.com.ar\/#website","url":"https:\/\/infoecos.com.ar\/","name":"Infoecos","description":"Noticias de trenque lauquen y la zona","publisher":{"@id":"https:\/\/infoecos.com.ar\/#organization"},"alternateName":"Noticias","potentialAction":[{"@type":"SearchAction","target":{"@type":"EntryPoint","urlTemplate":"https:\/\/infoecos.com.ar\/?s={search_term_string}"},"query-input":{"@type":"PropertyValueSpecification","valueRequired":true,"valueName":"search_term_string"}}],"inLanguage":"es"},{"@type":"Organization","@id":"https:\/\/infoecos.com.ar\/#organization","name":"Infoecos","alternateName":"Noticias","url":"https:\/\/infoecos.com.ar\/","logo":{"@type":"ImageObject","inLanguage":"es","@id":"https:\/\/infoecos.com.ar\/#\/schema\/logo\/image\/","url":"https:\/\/infoecos.com.ar\/wp-content\/uploads\/2024\/03\/cropped-logo.png","contentUrl":"https:\/\/infoecos.com.ar\/wp-content\/uploads\/2024\/03\/cropped-logo.png","width":374,"height":90,"caption":"Infoecos"},"image":{"@id":"https:\/\/infoecos.com.ar\/#\/schema\/logo\/image\/"},"sameAs":["https:\/\/www.facebook.com\/profile.php?id=100063200290284","https:\/\/x.com\/infoecos"]},{"@type":"Person","@id":"https:\/\/infoecos.com.ar\/#\/schema\/person\/8f5ace5ce73b4b4aac4b7245aee6f191","name":"Jorge Matheus","url":"https:\/\/infoecos.com.ar\/index.php\/author\/jomatheus\/"}]}},"featured_image_urls":{"full":["https:\/\/infoecos.com.ar\/wp-content\/uploads\/2.jpeg",1280,606,false],"thumbnail":["https:\/\/infoecos.com.ar\/wp-content\/uploads\/2-150x150.jpeg",150,150,true],"medium":["https:\/\/infoecos.com.ar\/wp-content\/uploads\/2-460x218.jpeg",460,218,true],"medium_large":["https:\/\/infoecos.com.ar\/wp-content\/uploads\/2-768x364.jpeg",640,303,true],"large":["https:\/\/infoecos.com.ar\/wp-content\/uploads\/2-920x436.jpeg",640,303,true],"1536x1536":["https:\/\/infoecos.com.ar\/wp-content\/uploads\/2.jpeg",1280,606,false],"2048x2048":["https:\/\/infoecos.com.ar\/wp-content\/uploads\/2.jpeg",1280,606,false],"covernews-slider-full":["https:\/\/infoecos.com.ar\/wp-content\/uploads\/2.jpeg",1115,528,false],"covernews-slider-center":["https:\/\/infoecos.com.ar\/wp-content\/uploads\/2-936x606.jpeg",772,500,true],"covernews-featured":["https:\/\/infoecos.com.ar\/wp-content\/uploads\/2-1024x485.jpeg",1024,485,true],"covernews-medium":["https:\/\/infoecos.com.ar\/wp-content\/uploads\/2-720x380.jpeg",540,285,true],"covernews-medium-square":["https:\/\/infoecos.com.ar\/wp-content\/uploads\/2-675x450.jpeg",375,250,true]},"author_info":{"info":["Jorge Matheus"]},"category_info":"<a href=\"https:\/\/infoecos.com.ar\/index.php\/category\/c1nota2\/\" rel=\"category tag\">C1 N2<\/a>","tag_info":"C1 N2","comment_count":"0","_links":{"self":[{"href":"https:\/\/infoecos.com.ar\/index.php\/wp-json\/wp\/v2\/posts\/63302"}],"collection":[{"href":"https:\/\/infoecos.com.ar\/index.php\/wp-json\/wp\/v2\/posts"}],"about":[{"href":"https:\/\/infoecos.com.ar\/index.php\/wp-json\/wp\/v2\/types\/post"}],"author":[{"embeddable":true,"href":"https:\/\/infoecos.com.ar\/index.php\/wp-json\/wp\/v2\/users\/2"}],"replies":[{"embeddable":true,"href":"https:\/\/infoecos.com.ar\/index.php\/wp-json\/wp\/v2\/comments?post=63302"}],"version-history":[{"count":1,"href":"https:\/\/infoecos.com.ar\/index.php\/wp-json\/wp\/v2\/posts\/63302\/revisions"}],"predecessor-version":[{"id":63306,"href":"https:\/\/infoecos.com.ar\/index.php\/wp-json\/wp\/v2\/posts\/63302\/revisions\/63306"}],"wp:featuredmedia":[{"embeddable":true,"href":"https:\/\/infoecos.com.ar\/index.php\/wp-json\/wp\/v2\/media\/63305"}],"wp:attachment":[{"href":"https:\/\/infoecos.com.ar\/index.php\/wp-json\/wp\/v2\/media?parent=63302"}],"wp:term":[{"taxonomy":"category","embeddable":true,"href":"https:\/\/infoecos.com.ar\/index.php\/wp-json\/wp\/v2\/categories?post=63302"},{"taxonomy":"post_tag","embeddable":true,"href":"https:\/\/infoecos.com.ar\/index.php\/wp-json\/wp\/v2\/tags?post=63302"}],"curies":[{"name":"wp","href":"https:\/\/api.w.org\/{rel}","templated":true}]}}