{"id":63515,"date":"2020-06-12T19:01:28","date_gmt":"2020-06-12T22:01:28","guid":{"rendered":"http:\/\/infoecos.com.ar\/?p=63515"},"modified":"2020-06-12T19:02:59","modified_gmt":"2020-06-12T22:02:59","slug":"6-nuevos-casos-de-coronovirus-en-olavarria-y-se-eleva-a-85-el-total-con-un-fallecido-el-jueves","status":"publish","type":"post","link":"https:\/\/infoecos.com.ar\/index.php\/6-nuevos-casos-de-coronovirus-en-olavarria-y-se-eleva-a-85-el-total-con-un-fallecido-el-jueves\/","title":{"rendered":"6 nuevos casos de coronovirus en Olavarr\u00eda y se eleva a 85 el total, con un fallecido el jueves"},"content":{"rendered":"\n<p>Este viernes, el municipio de Olavarr\u00eda confirm\u00f3 un nuevo caso de coronavirus. Se elev\u00f3 a 6 el n\u00famero de afectados. Suman 85 en total. El jueves a la noche, el intendente confirm\u00f3 el primer fallecido por COVID-19,\u00a0un hombre de 81 a\u00f1os.<\/p>\n\n\n\n<div class=\"wp-block-image\"><figure class=\"aligncenter size-medium\"><img loading=\"lazy\" decoding=\"async\" width=\"460\" height=\"307\" src=\"http:\/\/infoecos.com.ar\/wp-content\/uploads\/GALLI-460x307.jpg\" alt=\"\" class=\"wp-image-63516\" srcset=\"https:\/\/infoecos.com.ar\/wp-content\/uploads\/GALLI-460x307.jpg 460w, https:\/\/infoecos.com.ar\/wp-content\/uploads\/GALLI-920x613.jpg 920w, https:\/\/infoecos.com.ar\/wp-content\/uploads\/GALLI-768x512.jpg 768w, https:\/\/infoecos.com.ar\/wp-content\/uploads\/GALLI-1536x1024.jpg 1536w, https:\/\/infoecos.com.ar\/wp-content\/uploads\/GALLI-1024x683.jpg 1024w, https:\/\/infoecos.com.ar\/wp-content\/uploads\/GALLI-675x450.jpg 675w, https:\/\/infoecos.com.ar\/wp-content\/uploads\/GALLI.jpg 1968w\" sizes=\"(max-width: 460px) 100vw, 460px\" \/><\/figure><\/div>\n\n\n\n<p>Olavarr\u00eda se convirti\u00f3 en la localidad bonaerense con m\u00e1s casos en el interior de la provincia de Buenos Aires.\u00a0 Seg\u00fan relat\u00f3\u00a0<strong>Galli<\/strong>, 25 de los 26 testeos realizados el jueves en Olavarr\u00eda dieron positivos. De los 85 casos confirmados, 80 corresponden a olavarrienses y cinco a trabajadores esenciales provenientes de otras localidades.<\/p>\n\n\n\n<p>La primera v\u00edctima de COVID-19 en Olavarr\u00eda es un hombre de 81 a\u00f1os que ingres\u00f3 al Hospital en una situaci\u00f3n cr\u00edtica y falleci\u00f3 por un paro cardiorespiratorio. Este jueves se conoci\u00f3 que el testeo dio positivo.<\/p>\n\n\n\n<p>\u201cEste fallecimiento nos impacta, nos duele\u201d, asegur\u00f3 el jefe comunal, y agreg\u00f3:\u00a0\u201cDebemos afirmar y confirmar el aislamiento\u201d.<\/p>\n\n\n\n<p> <strong>Galli<\/strong>\u00a0revel\u00f3 que sobre el total de infectados, un 10% est\u00e1n internados y explic\u00f3 que la ocupaci\u00f3n de camas es lo que marcar\u00e1 la necesidad o no de endurecer las medidas de aislamiento de la ciudad. <\/p>\n","protected":false},"excerpt":{"rendered":"<p>Este viernes, el municipio de Olavarr\u00eda confirm\u00f3 un nuevo caso de coronavirus. Se elev\u00f3 a&#8230;<\/p>\n","protected":false},"author":2,"featured_media":63516,"comment_status":"closed","ping_status":"open","sticky":false,"template":"","format":"standard","meta":{"footnotes":""},"categories":[45],"tags":[84],"class_list":["post-63515","post","type-post","status-publish","format-standard","has-post-thumbnail","hentry","category-c1nota2","tag-olavarria"],"yoast_head":"<!-- This site is optimized with the Yoast SEO plugin v23.4 - https:\/\/yoast.com\/wordpress\/plugins\/seo\/ -->\n<title>6 nuevos casos de coronovirus en Olavarr\u00eda y se eleva a 85 el total, con un fallecido el jueves - Infoecos<\/title>\n<meta name=\"robots\" content=\"index, follow, max-snippet:-1, max-image-preview:large, max-video-preview:-1\" \/>\n<link rel=\"canonical\" href=\"https:\/\/infoecos.com.ar\/index.php\/6-nuevos-casos-de-coronovirus-en-olavarria-y-se-eleva-a-85-el-total-con-un-fallecido-el-jueves\/\" \/>\n<meta property=\"og:locale\" content=\"es_ES\" \/>\n<meta property=\"og:type\" content=\"article\" \/>\n<meta property=\"og:title\" content=\"6 nuevos casos de coronovirus en Olavarr\u00eda y se eleva a 85 el total, con un fallecido el jueves - Infoecos\" \/>\n<meta property=\"og:description\" content=\"Este viernes, el municipio de Olavarr\u00eda confirm\u00f3 un nuevo caso de coronavirus. Se elev\u00f3 a...\" \/>\n<meta property=\"og:url\" content=\"https:\/\/infoecos.com.ar\/index.php\/6-nuevos-casos-de-coronovirus-en-olavarria-y-se-eleva-a-85-el-total-con-un-fallecido-el-jueves\/\" \/>\n<meta property=\"og:site_name\" content=\"Infoecos\" \/>\n<meta property=\"article:publisher\" content=\"https:\/\/www.facebook.com\/profile.php?id=100063200290284\" \/>\n<meta property=\"article:published_time\" content=\"2020-06-12T22:01:28+00:00\" \/>\n<meta property=\"article:modified_time\" content=\"2020-06-12T22:02:59+00:00\" \/>\n<meta property=\"og:image\" content=\"https:\/\/infoecos.com.ar\/wp-content\/uploads\/GALLI.jpg\" \/>\n\t<meta property=\"og:image:width\" content=\"1968\" \/>\n\t<meta property=\"og:image:height\" content=\"1312\" \/>\n\t<meta property=\"og:image:type\" content=\"image\/jpeg\" \/>\n<meta name=\"author\" content=\"Jorge Matheus\" \/>\n<meta name=\"twitter:card\" content=\"summary_large_image\" \/>\n<meta name=\"twitter:creator\" content=\"@infoecos\" \/>\n<meta name=\"twitter:site\" content=\"@infoecos\" \/>\n<meta name=\"twitter:label1\" content=\"Escrito por\" \/>\n\t<meta name=\"twitter:data1\" content=\"Jorge Matheus\" \/>\n\t<meta name=\"twitter:label2\" content=\"Tiempo de lectura\" \/>\n\t<meta name=\"twitter:data2\" content=\"1 minuto\" \/>\n<script type=\"application\/ld+json\" class=\"yoast-schema-graph\">{\"@context\":\"https:\/\/schema.org\",\"@graph\":[{\"@type\":\"Article\",\"@id\":\"https:\/\/infoecos.com.ar\/index.php\/6-nuevos-casos-de-coronovirus-en-olavarria-y-se-eleva-a-85-el-total-con-un-fallecido-el-jueves\/#article\",\"isPartOf\":{\"@id\":\"https:\/\/infoecos.com.ar\/index.php\/6-nuevos-casos-de-coronovirus-en-olavarria-y-se-eleva-a-85-el-total-con-un-fallecido-el-jueves\/\"},\"author\":{\"name\":\"Jorge Matheus\",\"@id\":\"https:\/\/infoecos.com.ar\/#\/schema\/person\/8f5ace5ce73b4b4aac4b7245aee6f191\"},\"headline\":\"6 nuevos casos de coronovirus en Olavarr\u00eda y se eleva a 85 el total, con un fallecido el jueves\",\"datePublished\":\"2020-06-12T22:01:28+00:00\",\"dateModified\":\"2020-06-12T22:02:59+00:00\",\"mainEntityOfPage\":{\"@id\":\"https:\/\/infoecos.com.ar\/index.php\/6-nuevos-casos-de-coronovirus-en-olavarria-y-se-eleva-a-85-el-total-con-un-fallecido-el-jueves\/\"},\"wordCount\":207,\"publisher\":{\"@id\":\"https:\/\/infoecos.com.ar\/#organization\"},\"image\":{\"@id\":\"https:\/\/infoecos.com.ar\/index.php\/6-nuevos-casos-de-coronovirus-en-olavarria-y-se-eleva-a-85-el-total-con-un-fallecido-el-jueves\/#primaryimage\"},\"thumbnailUrl\":\"https:\/\/infoecos.com.ar\/wp-content\/uploads\/GALLI.jpg\",\"keywords\":[\"OLAVARR\u00cdA\"],\"articleSection\":[\"C1 N2\"],\"inLanguage\":\"es\"},{\"@type\":\"WebPage\",\"@id\":\"https:\/\/infoecos.com.ar\/index.php\/6-nuevos-casos-de-coronovirus-en-olavarria-y-se-eleva-a-85-el-total-con-un-fallecido-el-jueves\/\",\"url\":\"https:\/\/infoecos.com.ar\/index.php\/6-nuevos-casos-de-coronovirus-en-olavarria-y-se-eleva-a-85-el-total-con-un-fallecido-el-jueves\/\",\"name\":\"6 nuevos casos de coronovirus en Olavarr\u00eda y se eleva a 85 el total, con un fallecido el jueves - Infoecos\",\"isPartOf\":{\"@id\":\"https:\/\/infoecos.com.ar\/#website\"},\"primaryImageOfPage\":{\"@id\":\"https:\/\/infoecos.com.ar\/index.php\/6-nuevos-casos-de-coronovirus-en-olavarria-y-se-eleva-a-85-el-total-con-un-fallecido-el-jueves\/#primaryimage\"},\"image\":{\"@id\":\"https:\/\/infoecos.com.ar\/index.php\/6-nuevos-casos-de-coronovirus-en-olavarria-y-se-eleva-a-85-el-total-con-un-fallecido-el-jueves\/#primaryimage\"},\"thumbnailUrl\":\"https:\/\/infoecos.com.ar\/wp-content\/uploads\/GALLI.jpg\",\"datePublished\":\"2020-06-12T22:01:28+00:00\",\"dateModified\":\"2020-06-12T22:02:59+00:00\",\"breadcrumb\":{\"@id\":\"https:\/\/infoecos.com.ar\/index.php\/6-nuevos-casos-de-coronovirus-en-olavarria-y-se-eleva-a-85-el-total-con-un-fallecido-el-jueves\/#breadcrumb\"},\"inLanguage\":\"es\",\"potentialAction\":[{\"@type\":\"ReadAction\",\"target\":[\"https:\/\/infoecos.com.ar\/index.php\/6-nuevos-casos-de-coronovirus-en-olavarria-y-se-eleva-a-85-el-total-con-un-fallecido-el-jueves\/\"]}]},{\"@type\":\"ImageObject\",\"inLanguage\":\"es\",\"@id\":\"https:\/\/infoecos.com.ar\/index.php\/6-nuevos-casos-de-coronovirus-en-olavarria-y-se-eleva-a-85-el-total-con-un-fallecido-el-jueves\/#primaryimage\",\"url\":\"https:\/\/infoecos.com.ar\/wp-content\/uploads\/GALLI.jpg\",\"contentUrl\":\"https:\/\/infoecos.com.ar\/wp-content\/uploads\/GALLI.jpg\",\"width\":1968,\"height\":1312},{\"@type\":\"BreadcrumbList\",\"@id\":\"https:\/\/infoecos.com.ar\/index.php\/6-nuevos-casos-de-coronovirus-en-olavarria-y-se-eleva-a-85-el-total-con-un-fallecido-el-jueves\/#breadcrumb\",\"itemListElement\":[{\"@type\":\"ListItem\",\"position\":1,\"name\":\"Portada\",\"item\":\"https:\/\/infoecos.com.ar\/\"},{\"@type\":\"ListItem\",\"position\":2,\"name\":\"6 nuevos casos de coronovirus en Olavarr\u00eda y se eleva a 85 el total, con un fallecido el jueves\"}]},{\"@type\":\"WebSite\",\"@id\":\"https:\/\/infoecos.com.ar\/#website\",\"url\":\"https:\/\/infoecos.com.ar\/\",\"name\":\"Infoecos\",\"description\":\"Noticias de trenque lauquen y la zona\",\"publisher\":{\"@id\":\"https:\/\/infoecos.com.ar\/#organization\"},\"alternateName\":\"Noticias\",\"potentialAction\":[{\"@type\":\"SearchAction\",\"target\":{\"@type\":\"EntryPoint\",\"urlTemplate\":\"https:\/\/infoecos.com.ar\/?s={search_term_string}\"},\"query-input\":{\"@type\":\"PropertyValueSpecification\",\"valueRequired\":true,\"valueName\":\"search_term_string\"}}],\"inLanguage\":\"es\"},{\"@type\":\"Organization\",\"@id\":\"https:\/\/infoecos.com.ar\/#organization\",\"name\":\"Infoecos\",\"alternateName\":\"Noticias\",\"url\":\"https:\/\/infoecos.com.ar\/\",\"logo\":{\"@type\":\"ImageObject\",\"inLanguage\":\"es\",\"@id\":\"https:\/\/infoecos.com.ar\/#\/schema\/logo\/image\/\",\"url\":\"https:\/\/infoecos.com.ar\/wp-content\/uploads\/2024\/03\/cropped-logo.png\",\"contentUrl\":\"https:\/\/infoecos.com.ar\/wp-content\/uploads\/2024\/03\/cropped-logo.png\",\"width\":374,\"height\":90,\"caption\":\"Infoecos\"},\"image\":{\"@id\":\"https:\/\/infoecos.com.ar\/#\/schema\/logo\/image\/\"},\"sameAs\":[\"https:\/\/www.facebook.com\/profile.php?id=100063200290284\",\"https:\/\/x.com\/infoecos\"]},{\"@type\":\"Person\",\"@id\":\"https:\/\/infoecos.com.ar\/#\/schema\/person\/8f5ace5ce73b4b4aac4b7245aee6f191\",\"name\":\"Jorge Matheus\",\"url\":\"https:\/\/infoecos.com.ar\/index.php\/author\/jomatheus\/\"}]}<\/script>\n<!-- \/ Yoast SEO plugin. -->","yoast_head_json":{"title":"6 nuevos casos de coronovirus en Olavarr\u00eda y se eleva a 85 el total, con un fallecido el jueves - Infoecos","robots":{"index":"index","follow":"follow","max-snippet":"max-snippet:-1","max-image-preview":"max-image-preview:large","max-video-preview":"max-video-preview:-1"},"canonical":"https:\/\/infoecos.com.ar\/index.php\/6-nuevos-casos-de-coronovirus-en-olavarria-y-se-eleva-a-85-el-total-con-un-fallecido-el-jueves\/","og_locale":"es_ES","og_type":"article","og_title":"6 nuevos casos de coronovirus en Olavarr\u00eda y se eleva a 85 el total, con un fallecido el jueves - Infoecos","og_description":"Este viernes, el municipio de Olavarr\u00eda confirm\u00f3 un nuevo caso de coronavirus. Se elev\u00f3 a...","og_url":"https:\/\/infoecos.com.ar\/index.php\/6-nuevos-casos-de-coronovirus-en-olavarria-y-se-eleva-a-85-el-total-con-un-fallecido-el-jueves\/","og_site_name":"Infoecos","article_publisher":"https:\/\/www.facebook.com\/profile.php?id=100063200290284","article_published_time":"2020-06-12T22:01:28+00:00","article_modified_time":"2020-06-12T22:02:59+00:00","og_image":[{"width":1968,"height":1312,"url":"https:\/\/infoecos.com.ar\/wp-content\/uploads\/GALLI.jpg","type":"image\/jpeg"}],"author":"Jorge Matheus","twitter_card":"summary_large_image","twitter_creator":"@infoecos","twitter_site":"@infoecos","twitter_misc":{"Escrito por":"Jorge Matheus","Tiempo de lectura":"1 minuto"},"schema":{"@context":"https:\/\/schema.org","@graph":[{"@type":"Article","@id":"https:\/\/infoecos.com.ar\/index.php\/6-nuevos-casos-de-coronovirus-en-olavarria-y-se-eleva-a-85-el-total-con-un-fallecido-el-jueves\/#article","isPartOf":{"@id":"https:\/\/infoecos.com.ar\/index.php\/6-nuevos-casos-de-coronovirus-en-olavarria-y-se-eleva-a-85-el-total-con-un-fallecido-el-jueves\/"},"author":{"name":"Jorge Matheus","@id":"https:\/\/infoecos.com.ar\/#\/schema\/person\/8f5ace5ce73b4b4aac4b7245aee6f191"},"headline":"6 nuevos casos de coronovirus en Olavarr\u00eda y se eleva a 85 el total, con un fallecido el jueves","datePublished":"2020-06-12T22:01:28+00:00","dateModified":"2020-06-12T22:02:59+00:00","mainEntityOfPage":{"@id":"https:\/\/infoecos.com.ar\/index.php\/6-nuevos-casos-de-coronovirus-en-olavarria-y-se-eleva-a-85-el-total-con-un-fallecido-el-jueves\/"},"wordCount":207,"publisher":{"@id":"https:\/\/infoecos.com.ar\/#organization"},"image":{"@id":"https:\/\/infoecos.com.ar\/index.php\/6-nuevos-casos-de-coronovirus-en-olavarria-y-se-eleva-a-85-el-total-con-un-fallecido-el-jueves\/#primaryimage"},"thumbnailUrl":"https:\/\/infoecos.com.ar\/wp-content\/uploads\/GALLI.jpg","keywords":["OLAVARR\u00cdA"],"articleSection":["C1 N2"],"inLanguage":"es"},{"@type":"WebPage","@id":"https:\/\/infoecos.com.ar\/index.php\/6-nuevos-casos-de-coronovirus-en-olavarria-y-se-eleva-a-85-el-total-con-un-fallecido-el-jueves\/","url":"https:\/\/infoecos.com.ar\/index.php\/6-nuevos-casos-de-coronovirus-en-olavarria-y-se-eleva-a-85-el-total-con-un-fallecido-el-jueves\/","name":"6 nuevos casos de coronovirus en Olavarr\u00eda y se eleva a 85 el total, con un fallecido el jueves - Infoecos","isPartOf":{"@id":"https:\/\/infoecos.com.ar\/#website"},"primaryImageOfPage":{"@id":"https:\/\/infoecos.com.ar\/index.php\/6-nuevos-casos-de-coronovirus-en-olavarria-y-se-eleva-a-85-el-total-con-un-fallecido-el-jueves\/#primaryimage"},"image":{"@id":"https:\/\/infoecos.com.ar\/index.php\/6-nuevos-casos-de-coronovirus-en-olavarria-y-se-eleva-a-85-el-total-con-un-fallecido-el-jueves\/#primaryimage"},"thumbnailUrl":"https:\/\/infoecos.com.ar\/wp-content\/uploads\/GALLI.jpg","datePublished":"2020-06-12T22:01:28+00:00","dateModified":"2020-06-12T22:02:59+00:00","breadcrumb":{"@id":"https:\/\/infoecos.com.ar\/index.php\/6-nuevos-casos-de-coronovirus-en-olavarria-y-se-eleva-a-85-el-total-con-un-fallecido-el-jueves\/#breadcrumb"},"inLanguage":"es","potentialAction":[{"@type":"ReadAction","target":["https:\/\/infoecos.com.ar\/index.php\/6-nuevos-casos-de-coronovirus-en-olavarria-y-se-eleva-a-85-el-total-con-un-fallecido-el-jueves\/"]}]},{"@type":"ImageObject","inLanguage":"es","@id":"https:\/\/infoecos.com.ar\/index.php\/6-nuevos-casos-de-coronovirus-en-olavarria-y-se-eleva-a-85-el-total-con-un-fallecido-el-jueves\/#primaryimage","url":"https:\/\/infoecos.com.ar\/wp-content\/uploads\/GALLI.jpg","contentUrl":"https:\/\/infoecos.com.ar\/wp-content\/uploads\/GALLI.jpg","width":1968,"height":1312},{"@type":"BreadcrumbList","@id":"https:\/\/infoecos.com.ar\/index.php\/6-nuevos-casos-de-coronovirus-en-olavarria-y-se-eleva-a-85-el-total-con-un-fallecido-el-jueves\/#breadcrumb","itemListElement":[{"@type":"ListItem","position":1,"name":"Portada","item":"https:\/\/infoecos.com.ar\/"},{"@type":"ListItem","position":2,"name":"6 nuevos casos de coronovirus en Olavarr\u00eda y se eleva a 85 el total, con un fallecido el jueves"}]},{"@type":"WebSite","@id":"https:\/\/infoecos.com.ar\/#website","url":"https:\/\/infoecos.com.ar\/","name":"Infoecos","description":"Noticias de trenque lauquen y la zona","publisher":{"@id":"https:\/\/infoecos.com.ar\/#organization"},"alternateName":"Noticias","potentialAction":[{"@type":"SearchAction","target":{"@type":"EntryPoint","urlTemplate":"https:\/\/infoecos.com.ar\/?s={search_term_string}"},"query-input":{"@type":"PropertyValueSpecification","valueRequired":true,"valueName":"search_term_string"}}],"inLanguage":"es"},{"@type":"Organization","@id":"https:\/\/infoecos.com.ar\/#organization","name":"Infoecos","alternateName":"Noticias","url":"https:\/\/infoecos.com.ar\/","logo":{"@type":"ImageObject","inLanguage":"es","@id":"https:\/\/infoecos.com.ar\/#\/schema\/logo\/image\/","url":"https:\/\/infoecos.com.ar\/wp-content\/uploads\/2024\/03\/cropped-logo.png","contentUrl":"https:\/\/infoecos.com.ar\/wp-content\/uploads\/2024\/03\/cropped-logo.png","width":374,"height":90,"caption":"Infoecos"},"image":{"@id":"https:\/\/infoecos.com.ar\/#\/schema\/logo\/image\/"},"sameAs":["https:\/\/www.facebook.com\/profile.php?id=100063200290284","https:\/\/x.com\/infoecos"]},{"@type":"Person","@id":"https:\/\/infoecos.com.ar\/#\/schema\/person\/8f5ace5ce73b4b4aac4b7245aee6f191","name":"Jorge Matheus","url":"https:\/\/infoecos.com.ar\/index.php\/author\/jomatheus\/"}]}},"featured_image_urls":{"full":["https:\/\/infoecos.com.ar\/wp-content\/uploads\/GALLI.jpg",1968,1312,false],"thumbnail":["https:\/\/infoecos.com.ar\/wp-content\/uploads\/GALLI-150x150.jpg",150,150,true],"medium":["https:\/\/infoecos.com.ar\/wp-content\/uploads\/GALLI-460x307.jpg",460,307,true],"medium_large":["https:\/\/infoecos.com.ar\/wp-content\/uploads\/GALLI-768x512.jpg",640,427,true],"large":["https:\/\/infoecos.com.ar\/wp-content\/uploads\/GALLI-920x613.jpg",640,426,true],"1536x1536":["https:\/\/infoecos.com.ar\/wp-content\/uploads\/GALLI-1536x1024.jpg",1536,1024,true],"2048x2048":["https:\/\/infoecos.com.ar\/wp-content\/uploads\/GALLI.jpg",1968,1312,false],"covernews-slider-full":["https:\/\/infoecos.com.ar\/wp-content\/uploads\/GALLI-1536x1020.jpg",1077,715,true],"covernews-slider-center":["https:\/\/infoecos.com.ar\/wp-content\/uploads\/GALLI-936x897.jpg",522,500,true],"covernews-featured":["https:\/\/infoecos.com.ar\/wp-content\/uploads\/GALLI-1024x683.jpg",1024,683,true],"covernews-medium":["https:\/\/infoecos.com.ar\/wp-content\/uploads\/GALLI-720x380.jpg",540,285,true],"covernews-medium-square":["https:\/\/infoecos.com.ar\/wp-content\/uploads\/GALLI-675x450.jpg",375,250,true]},"author_info":{"info":["Jorge Matheus"]},"category_info":"<a href=\"https:\/\/infoecos.com.ar\/index.php\/category\/c1nota2\/\" rel=\"category tag\">C1 N2<\/a>","tag_info":"C1 N2","comment_count":"0","_links":{"self":[{"href":"https:\/\/infoecos.com.ar\/index.php\/wp-json\/wp\/v2\/posts\/63515"}],"collection":[{"href":"https:\/\/infoecos.com.ar\/index.php\/wp-json\/wp\/v2\/posts"}],"about":[{"href":"https:\/\/infoecos.com.ar\/index.php\/wp-json\/wp\/v2\/types\/post"}],"author":[{"embeddable":true,"href":"https:\/\/infoecos.com.ar\/index.php\/wp-json\/wp\/v2\/users\/2"}],"replies":[{"embeddable":true,"href":"https:\/\/infoecos.com.ar\/index.php\/wp-json\/wp\/v2\/comments?post=63515"}],"version-history":[{"count":2,"href":"https:\/\/infoecos.com.ar\/index.php\/wp-json\/wp\/v2\/posts\/63515\/revisions"}],"predecessor-version":[{"id":63518,"href":"https:\/\/infoecos.com.ar\/index.php\/wp-json\/wp\/v2\/posts\/63515\/revisions\/63518"}],"wp:featuredmedia":[{"embeddable":true,"href":"https:\/\/infoecos.com.ar\/index.php\/wp-json\/wp\/v2\/media\/63516"}],"wp:attachment":[{"href":"https:\/\/infoecos.com.ar\/index.php\/wp-json\/wp\/v2\/media?parent=63515"}],"wp:term":[{"taxonomy":"category","embeddable":true,"href":"https:\/\/infoecos.com.ar\/index.php\/wp-json\/wp\/v2\/categories?post=63515"},{"taxonomy":"post_tag","embeddable":true,"href":"https:\/\/infoecos.com.ar\/index.php\/wp-json\/wp\/v2\/tags?post=63515"}],"curies":[{"name":"wp","href":"https:\/\/api.w.org\/{rel}","templated":true}]}}